{"latest":[{"id":3665,"title":"Cali se prepara para celebrar el D\u00eda de Star Wars con un evento \u00fanico en el Centro YAWA","slug":"cali-se-prepara-para-celebrar-el-dia-de-star-wars-con-un-evento-unico-en-el-centro-yawa","title_original":"Cali celebrar\u00e1 el D\u00eda de Star Wars en el Centro YAWA: programaci\u00f3n con actividades culturales y art\u00edsticas sobre la saga - elpais.com.co","title_rewritten":"Cali se prepara para celebrar el D\u00eda de Star Wars con un evento \u00fanico en el Centro YAWA","excerpt":"Cali se une a la celebraci\u00f3n global del D\u00eda de Star Wars con un evento especial en el Centro YAWA. Habr\u00e1 actividades de inmersi\u00f3n, cosplayers y un concierto sinf\u00f3nico. El colectivo Star Wars Cali organiza la jornada para fans y familias.","body":"<h2 class='text-2xl font-bold mt-6 mb-3'>La fuerza llega a cali con una celebraci\u00f3n gal\u00e1ctica<\/h2><p class='mb-4 leading-relaxed'>El <strong>D\u00eda de Star Wars<\/strong> se celebra cada 4 de mayo, una fecha que, por su pronunciaci\u00f3n en ingl\u00e9s (<strong>may the fourth<\/strong>), evoca la ic\u00f3nica frase <strong>\u201cque la fuerza te acompa\u00f1e\u201d<\/strong>. Esta tradici\u00f3n, popularizada desde 2011, ha sido adoptada globalmente por fans y la propia productora Lucasfilm, llegando ahora a la capital vallecaucana.<\/p><h2 class='text-2xl font-bold mt-6 mb-3'>Un evento lleno de aventura y tecnolog\u00eda en el centro yawa<\/h2><p class='mb-4 leading-relaxed'>El <strong>colectivo Star Wars Cali<\/strong>, con 15 a\u00f1os de trayectoria fomentando la cultura geek, ha organizado el evento para este <strong>s\u00e1bado 2 de mayo<\/strong> en el <strong>Centro de Ciencia y Tecnolog\u00eda YAWA<\/strong>. Desde las <strong>10 de la ma\u00f1ana hasta las 8 de la noche<\/strong>, los asistentes podr\u00e1n sumergirse en el universo de George Lucas a trav\u00e9s de una programaci\u00f3n diversa y emocionante.<\/p><h2 class='text-2xl font-bold mt-6 mb-3'>Actividades para todas las edades y un concierto sinf\u00f3nico<\/h2><p class='mb-4 leading-relaxed'>La jornada incluir\u00e1 <strong>simuladores de vuelo<\/strong>, espacios de <strong>rob\u00f3tica para ni\u00f1os<\/strong>, y la presencia de <strong>cosplayers<\/strong> con trajes de alta fidelidad que recrear\u00e1n escenas ic\u00f3nicas. Uno de los puntos culminantes ser\u00e1 el <strong>concierto sinf\u00f3nico de FILMO<\/strong> en el domo de YAWA, una <strong>experiencia audiovisual inmersiva<\/strong> que promete ser inolvidable.<\/p><blockquote class='border-l-4 border-gray-300 pl-4 italic my-4'>Andr\u00e9s Villarreal, l\u00edder del colectivo Star Wars Cali, destac\u00f3 la importancia del evento: <strong>\u201cEste a\u00f1o decidimos crear una plataforma donde la creatividad, la ciencia y la cultura se encuentran para inspirar a las nuevas generaciones. Durante 15 a\u00f1os hemos demostrado que una iniciativa ciudadana puede crecer, impactar y aportar a la construcci\u00f3n de ciudad\u201d<\/strong>.<\/blockquote><p class='mb-4 leading-relaxed'>Los organizadores enfatizan que la participaci\u00f3n de los cosplayers va m\u00e1s all\u00e1 del disfraz, implicando <strong>horas de investigaci\u00f3n, dise\u00f1o y perfeccionamiento t\u00e9cnico<\/strong> para lograr la mayor fidelidad a los personajes. Algunos de estos trajes cuentan incluso con <strong>certificaci\u00f3n internacional de autenticidad<\/strong>. Adem\u00e1s, el colectivo Star Wars Cali es reconocido por su participaci\u00f3n en iniciativas culturales y comunitarias, como el <strong>Festival Cali Pop<\/strong>, campa\u00f1as de donaci\u00f3n de sangre y apoyo a fundaciones.<\/p><ul class='list-disc pl-5 mb-4 space-y-1'><li>La entrada al evento es <strong>libre con aforo controlado<\/strong>, invitando a toda la comunidad geek y a las familias cale\u00f1as a participar.<\/li><li>La \u00fanica actividad que requiere boleter\u00eda es el <strong>concierto en el domo YAWA<\/strong>.<\/li><\/ul>","body_original":"EntretenimientoCali celebrar\u00e1 el D\u00eda de Star Wars en el Centro YAWA: programaci\u00f3n con actividades culturales y art\u00edsticas sobre la sagaLa jornada incluir\u00e1 actividades de inmersi\u00f3n con realidad 3D en el domo, recreaci\u00f3n de escenas y presencia de cosplayers.Siga a EL PA\u00cdS en Google Discover y no se pierda las \u00faltimas noticiasEl Centro de Ciencia y tecnolog\u00eda YAWA ser\u00e1 el epicentro de la celebraci\u00f3n del D\u00eda de Star Wars en Cali. | Foto: Colectivo Star Wars CaliLuis Bermeo 29 de abr de 2026, 11:09 p. m.Actualizado el 29 de abr de 2026, 11:09 p. m.Sigue el canal de El Pa\u00eds Cali en WhatsAppNoticiasDestacadasNoticias Destacadas1.Anant Ambani, el multimillonario que propone trasladar los hipop\u00f3tamos a la India2.Paola D\u00edaz afirm\u00f3 que es \"bruja\" y se destap\u00f3 sobre su espiritualidad3.Lina Tejeiro reaparece tras semanas de ausencia y desata rumores de embarazo con mensaje4.Shannon Elizabeth recibi\u00f3 un millonario pago tras su primera semana en OnlyFans5.Fiona Horsey, actriz de \u2018Padres e hijos\u2019, revela el drama de su divorcio tras casi dos d\u00e9cadas de matrimonioEl D\u00eda de Star Wars se celebra cada a\u00f1o el 4 de mayo, puesto que en ingl\u00e9s esta fecha se pronuncia como \u201cmay the fourth\u201d, que suena igual a \u201cmay the force\u201d, como la famosa frase los Yedi: \u201cque la fuerza te acompa\u00f1e\u201d (\u201cmay the force be with you\u201d). Desde el a\u00f1o 2011, cuando el Toronto Underground Cinema celebr\u00f3 la primera convenci\u00f3n en esta fecha dedicada a Star Wars, se fue popularizando la idea entre el fandom, llegando a diferentes lugares del mundo y finalmente siendo adoptada por la misma productora de la saga Lucasfilm y por Disney.El colectivo Star Wars Cali viene fomentando la cultura geek en la ciudad desde hace 15 a\u00f1os. | Foto: Colectivo Star Wars CaliCali tambi\u00e9n hace parte de esta celebraci\u00f3n, pero como este a\u00f1o el 4 de mayo es un lunes, el colectivo Star Wars Cali, que viene liderando los eventos sobre esta reconocida saga de ciencia ficci\u00f3n en la ciudad desde hace 15 a\u00f1os, adelant\u00f3 el evento para este s\u00e1bado, 2 de mayo, con una programaci\u00f3n que combina cine, arte y ciencia en un espacio muy acorde a la tem\u00e1tica: el Centro YAWA.Desde las 10 de la ma\u00f1ana hasta las 8 de la noche, del s\u00e1bado 2 de mayo, los fans de Star Wars y p\u00fablico en general tendr\u00e1n la oportunidad vivir una experiencia muy divertida y estimulante a trav\u00e9s del universo cinematogr\u00e1fico creado por George Lucas.En el evento participar\u00e1n cosplayers que representar\u00e1n escenas de la saga. | Foto: Colectivo Star Wars CaliEntre las actividades programadas habr\u00e1 simuladores de vuelo, espacios de rob\u00f3tica para ni\u00f1os, cosplayers con trajes de alata fidelidad a las pale\u00edculas y recreaci\u00f3n de escenas ic\u00f3nicas que permitir\u00e1n a los visitantes sumergirse en la atm\u00f3sfera de la saga.De regreso a la Tierra Media: la trilog\u00eda de \u2018El se\u00f1or de los anillos\u2019 cumple 25 a\u00f1os y sus fans se toman los cinesUno de los momentos m\u00e1s destacados ser\u00e1 el concierto sinf\u00f3nico de FILMO, que se realizar\u00e1 en el domo de YAWA, \u201cuna experiencia audiovisual sin precedentes que combinar\u00e1 m\u00fasica, tecnolog\u00eda e inmersi\u00f3n para ofrecer a los asistentes una vivencia inolvidable\u201d, aseguran los organizadores.Andr\u00e9s Villarreal, l\u00edder del colectivo Star Wars Cali, coment\u00f3 que \u201ceste a\u00f1o decidimos crear una plataforma donde la creatividad, la ciencia y la cultura se encuentran para inspirar a las nuevas generaciones. Durante 15 a\u00f1os hemos demostrado que una iniciativa ciudadana puede crecer, impactar y aportar a la construcci\u00f3n de ciudad\u201d.Sobre la participaci\u00f3n de cosplayers en el evento, los organizadores destacaron que no se trata solo de disfraces, \u201cdetr\u00e1s de cada traje hay horas de investigaci\u00f3n, dise\u00f1o y perfeccionamiento t\u00e9cnico que buscan alcanzar la mayor fidelidad posible a los personajes originales\u201d.Algunos de los trajes que usar\u00e1n en la celebraci\u00f3n del May the Fourth tienen certificaci\u00f3n internacional de autenticidad, as\u00ed como los accesorios y detalles que los acompa\u00f1an en su representaci\u00f3n. View this post on Instagram \u201cLo que aqu\u00ed vemos es talento llevado al m\u00e1s alto nivel. Es la prueba de que la imaginaci\u00f3n, cuando se trabaja con rigor, puede convertirse en algo extraordinario\u201d, agreg\u00f3 Villarreal.\u00d3pera Queen: una banda de rock, la Filarm\u00f3nica de Cali y el Coro Desepaz, har\u00e1n un tributo a la leyenda brit\u00e1nicaEl colectivo Star Wars Cali tambi\u00e9n es reconocido por participar en diferente iniciativas culturales como el Festival Cali Pop, as\u00ed como en campa\u00f1as de donaci\u00f3n de sangre, apoyado grupos de rescate de mascotas y trabajado con diferentes fundaciones, integrando la cultura geek con acciones de impacto comunitario. View this post on Instagram El evento ser\u00e1 de entrada libre con aforo controlado, la invitaci\u00f3n es a toda la comunidad geek de Cali, as\u00ed como a las familias. La \u00fanica actividad con boleter\u00edas es el concierto en el domo YAWA.Luis BermeoReg\u00edstrate gratis al bolet\u00edn de noticias El Pa\u00edsPor favor ingresa un correo electr\u00f3nicoAcepto Pol\u00edtica de Tratamiento de Datos de El Pa\u00eds.Recuerda aceptar los t\u00e9rminos y condiciones para continuar.INSCR\u00cdBETE AQU\u00cdStar Warsprogramaci\u00f3n culturalEventos CaliDescarga la APP ElPa\u00eds.com.co:Convierta a El Pa\u00eds.com.co en su fuente de noticias aqu\u00edNoticiasDestacadasNoticias Destacadas1.Anant Ambani, el multimillonario que propone trasladar los hipop\u00f3tamos a la India2.Paola D\u00edaz afirm\u00f3 que es \"bruja\" y se destap\u00f3 sobre su espiritualidad3.Lina Tejeiro reaparece tras semanas de ausencia y desata rumores de embarazo con mensaje4.Shannon Elizabeth recibi\u00f3 un millonario pago tras su primera semana en OnlyFans5.Fiona Horsey, actriz de \u2018Padres e hijos\u2019, revela el drama de su divorcio tras casi dos d\u00e9cadas de matrimonio","body_rewritten":"<h2 class='text-2xl font-bold mt-6 mb-3'>La fuerza llega a cali con una celebraci\u00f3n gal\u00e1ctica<\/h2><p class='mb-4 leading-relaxed'>El <strong>D\u00eda de Star Wars<\/strong> se celebra cada 4 de mayo, una fecha que, por su pronunciaci\u00f3n en ingl\u00e9s (<strong>may the fourth<\/strong>), evoca la ic\u00f3nica frase <strong>\u201cque la fuerza te acompa\u00f1e\u201d<\/strong>. Esta tradici\u00f3n, popularizada desde 2011, ha sido adoptada globalmente por fans y la propia productora Lucasfilm, llegando ahora a la capital vallecaucana.<\/p><h2 class='text-2xl font-bold mt-6 mb-3'>Un evento lleno de aventura y tecnolog\u00eda en el centro yawa<\/h2><p class='mb-4 leading-relaxed'>El <strong>colectivo Star Wars Cali<\/strong>, con 15 a\u00f1os de trayectoria fomentando la cultura geek, ha organizado el evento para este <strong>s\u00e1bado 2 de mayo<\/strong> en el <strong>Centro de Ciencia y Tecnolog\u00eda YAWA<\/strong>. Desde las <strong>10 de la ma\u00f1ana hasta las 8 de la noche<\/strong>, los asistentes podr\u00e1n sumergirse en el universo de George Lucas a trav\u00e9s de una programaci\u00f3n diversa y emocionante.<\/p><h2 class='text-2xl font-bold mt-6 mb-3'>Actividades para todas las edades y un concierto sinf\u00f3nico<\/h2><p class='mb-4 leading-relaxed'>La jornada incluir\u00e1 <strong>simuladores de vuelo<\/strong>, espacios de <strong>rob\u00f3tica para ni\u00f1os<\/strong>, y la presencia de <strong>cosplayers<\/strong> con trajes de alta fidelidad que recrear\u00e1n escenas ic\u00f3nicas. Uno de los puntos culminantes ser\u00e1 el <strong>concierto sinf\u00f3nico de FILMO<\/strong> en el domo de YAWA, una <strong>experiencia audiovisual inmersiva<\/strong> que promete ser inolvidable.<\/p><blockquote class='border-l-4 border-gray-300 pl-4 italic my-4'>Andr\u00e9s Villarreal, l\u00edder del colectivo Star Wars Cali, destac\u00f3 la importancia del evento: <strong>\u201cEste a\u00f1o decidimos crear una plataforma donde la creatividad, la ciencia y la cultura se encuentran para inspirar a las nuevas generaciones. Durante 15 a\u00f1os hemos demostrado que una iniciativa ciudadana puede crecer, impactar y aportar a la construcci\u00f3n de ciudad\u201d<\/strong>.<\/blockquote><p class='mb-4 leading-relaxed'>Los organizadores enfatizan que la participaci\u00f3n de los cosplayers va m\u00e1s all\u00e1 del disfraz, implicando <strong>horas de investigaci\u00f3n, dise\u00f1o y perfeccionamiento t\u00e9cnico<\/strong> para lograr la mayor fidelidad a los personajes. Algunos de estos trajes cuentan incluso con <strong>certificaci\u00f3n internacional de autenticidad<\/strong>. Adem\u00e1s, el colectivo Star Wars Cali es reconocido por su participaci\u00f3n en iniciativas culturales y comunitarias, como el <strong>Festival Cali Pop<\/strong>, campa\u00f1as de donaci\u00f3n de sangre y apoyo a fundaciones.<\/p><ul class='list-disc pl-5 mb-4 space-y-1'><li>La entrada al evento es <strong>libre con aforo controlado<\/strong>, invitando a toda la comunidad geek y a las familias cale\u00f1as a participar.<\/li><li>La \u00fanica actividad que requiere boleter\u00eda es el <strong>concierto en el domo YAWA<\/strong>.<\/li><\/ul>","status":"published","author":null,"image_url":"https:\/\/colombiahoy.s3.us-east-2.amazonaws.com\/articles\/3665\/image-1e4a2bced01d84bf64114e3d935f586f0a79b0dcff0cd8e96e6b6a39b4ebeaef.webp","canonical_url":"https:\/\/www.elpais.com.co\/entretenimiento\/cali-celebrara-el-dia-de-star-wars-en-el-centro-yawa-programacion-con-actividades-culturales-y-artisticas-sobre-la-saga-2931.html","published_at":"2026-04-29 23:09","created_at":"2026-04-30 00:00","last_error":null,"topics":[{"id":2,"name":"Cali","slug":"cali"}],"source":"Cultura en Cali"},{"id":3663,"title":"Selecci\u00f3n Colombia Sub-17 Conoce Fecha Clave para Sorteo del Mundial en Qatar","slug":"seleccion-colombia-sub-17-conoce-fecha-clave-para-sorteo-del-mundial-en-qatar","title_original":"La selecci\u00f3n Colombia sub-17 ya tiene fecha para conocer sus rivales en el Mundial de Qatar: esta es la fecha del sorteo - Infobae","title_rewritten":"Selecci\u00f3n Colombia Sub-17 Conoce Fecha Clave para Sorteo del Mundial en Qatar","excerpt":"La Selecci\u00f3n Colombia Sub-17, campeona sudamericana, conocer\u00e1 el 21 de mayo sus rivales para el Mundial de Qatar 2026. El torneo, con nuevo formato anual y 48 equipos, representa un gran reto para la Tricolor que busca hacer historia.","body":"<h2 class='text-2xl font-bold mt-6 mb-3'>La tricolor se alista para un nuevo desaf\u00edo mundialista<\/h2><p class='mb-4 leading-relaxed'>La <strong>selecci\u00f3n Colombia Sub-17<\/strong>, flamante campeona del Sudamericano, se prepara para enfrentar el Mundial de la FIFA en Qatar, que se disputar\u00e1 entre el <strong>19 de noviembre y el 13 de diciembre<\/strong>. Tras una destacada actuaci\u00f3n en Paraguay, donde dej\u00f3 en el camino a potencias como Brasil y Argentina, el equipo dirigido por Freddy Hurtado ahora apunta a una buena presentaci\u00f3n en el certamen global. Este torneo, que desde 2025 se realiza anualmente y cuenta con <strong>48 participantes<\/strong>, representa una oportunidad \u00fanica para los j\u00f3venes talentos colombianos.<\/p><h2 class='text-2xl font-bold mt-6 mb-3'>Fecha y lugar del sorteo que definir\u00e1 el camino<\/h2><p class='mb-4 leading-relaxed'>La FIFA ha confirmado que el sorteo de la fase de grupos del Mundial Sub-17 de 2026 se llevar\u00e1 a cabo el <strong>jueves 21 de mayo<\/strong> en su sede de Z\u00farich, Suiza. En este mismo evento, tambi\u00e9n se definir\u00e1n los grupos para la Copa del Mundo Femenina de la misma categor\u00eda. Este sorteo es crucial para la Tricolor, ya que conocer\u00e1 a sus rivales en las <strong>12 zonas<\/strong> en las que se dividir\u00e1n los 48 equipos, marcando el inicio formal de su preparaci\u00f3n estrat\u00e9gica.<\/p><blockquote class='border-l-4 border-gray-300 pl-4 italic my-4'>La realizaci\u00f3n anual del torneo juvenil supuso un importante paso adelante en el aumento de las oportunidades de desarrollo juvenil a nivel mundial, y la competici\u00f3n volver\u00e1 a finales de este a\u00f1o para celebrar su segunda edici\u00f3n con este formato.<\/blockquote><h2 class='text-2xl font-bold mt-6 mb-3'>El reto de superar las mejores actuaciones hist\u00f3ricas<\/h2><p class='mb-4 leading-relaxed'>Colombia buscar\u00e1 igualar o superar sus mejores campa\u00f1as en un Mundial Sub-17, que fueron las semifinales en las ediciones de <strong>Finlandia 2003 y Nigeria 2009<\/strong>, donde en ambas ocasiones termin\u00f3 en el cuarto lugar. El objetivo es claro: alcanzar el podio y lograr la mejor actuaci\u00f3n hist\u00f3rica para una selecci\u00f3n Colombia masculina en un torneo de la FIFA. El t\u00e9cnico Freddy Hurtado y su equipo se enfocar\u00e1n en preparar a estos j\u00f3venes talentos para enfrentar a rivales de <strong>alto nivel<\/strong> y demostrar su potencial en la \u00e9lite del f\u00fatbol mundial.<\/p>","body_original":"29 Abr, 2026 06:43 p. m. ESTGuardarLa selecci\u00f3n Colombia sub-17 empezar\u00e1 pronto la preparaci\u00f3n para el Mundial Sub-17, que se realizar\u00e1 en Qatar - cr\u00e9dito FCFLa selecci\u00f3n Colombia sub-17 entrar\u00e1 en una nueva fase de preparaci\u00f3n para el Mundial de la FIFA en Qatar, pues luego de salir campeona en el Sudamericano de Paraguay, ahora le apunta a otra buena presentaci\u00f3n en el certamen en Medio Oriente, del 19 de noviembre al 13 de diciembre.El combinado nacional conoci\u00f3 la fecha para conocer sus rivales en la fase de grupos, que contar\u00e1 con 48 participantes divididos en 12 zonas, lo que hace que el torneo sea extenso y con varios compromisos el mismo d\u00eda, siendo una labor en log\u00edstica enorme para el pa\u00eds organizador.PUBLICIDADCabe recordar que el Mundial Sub-17 se realiza de manera anual desde 2025, por decisi\u00f3n de la FIFA para apoyar a las divisiones prejuveniles, tanto en su rama masculina como femenina, en una sola sede y se mantendr\u00e1 de esa manera hasta 2029, cuando se definir\u00e1 si se cambia el formato.Sorteo del Mundial Sub-17Desde 2025 que la FIFA cambi\u00f3 radicalmente el torneo juvenil, que hasta 2023 se realizaba cada dos a\u00f1os, con 24 participantes y rotando de sede, para que sea anual, 48 selecciones clasificadas y Qatar como \u00fanico organizador durante cinco a\u00f1os, un hecho que ha ganado cr\u00edticas y elogios.PUBLICIDADEl Mundial Sub-17 de 2026 tendr\u00e1 su sorteo de la fase de grupos el jueves 21 de mayo, el mismo d\u00eda en que la FIFA tambi\u00e9n definir\u00e1 la ronda inicial de la Copa del Mundo Femenina de la misma categor\u00eda, y se realizar\u00e1 en su sede de Zurich, Suiza, con horario por confirmar.El Mundial Sub-17 de Qatar 2026 se disputar\u00e1 del 19 de noviembre al 13 de diciembre - cr\u00e9dito FIFA\u201cLa noticia llega tras el \u00e9xito de la primera edici\u00f3n anual de la Copa Mundial Sub-17 de la FIFA, celebrada en Catar el a\u00f1o pasado. El torneo \u2014la vig\u00e9sima edici\u00f3n en total y la primera en contar con 48 equipos\u2014 sirvi\u00f3 de escaparate para los j\u00f3venes talentos m\u00e1s prometedores del f\u00fatbol y culmin\u00f3 con la conquista del trofeo por parte de Portugal tras una campa\u00f1a excepcional\", se\u00f1al\u00f3 la entidad en un comunicado.PUBLICIDADLa federaci\u00f3n a\u00f1adi\u00f3 que la realizaci\u00f3n anual del torneo juvenil \u201csupuso un importante paso adelante en el aumento de las oportunidades de desarrollo juvenil a nivel mundial, y la competici\u00f3n volver\u00e1 a finales de este a\u00f1o para celebrar su segunda edici\u00f3n con este formato\u201d.Doha ser\u00eda la sede para el sorteo del Mundial Sub-17 de 2026 en Qatar - cr\u00e9dito Ibraheem Al Omari\/REUTERS\u201cLos sorteos, que tendr\u00e1n lugar en la sede mundial de la FIFA en Z\u00farich, contar\u00e1n con la presencia de leyendas del f\u00fatbol, as\u00ed como de invitados de los pa\u00edses anfitriones, y se retransmitir\u00e1n en directo para los aficionados de todo el mundo\u201d, finaliz\u00f3 la FIFA en su documento.PUBLICIDADEl reto para la TricolorLos dirigidos por Freddy Hurtado quieren prepararse de la mejor manera para el certamen de la FIFA, pues m\u00e1s all\u00e1 de salir campeones del Sudamericano Sub-17, al dejar en el camino a Brasil y Argentina, se enfrentar\u00e1n a rivales de alto nivel y jugadores llamados a ser estrellas en el futuro.Colombia quiere igualar sus mejores campa\u00f1as en un Mundial Sub-17, que fue semifinales en las ediciones de Finlandia 2003 y Nigeria 2009, que tambi\u00e9n dej\u00f3 una base de jugadores que brillaron con el paso de los a\u00f1os en las categor\u00edas sub-20 y de mayores.PUBLICIDADEsta fue la selecci\u00f3n Colombia Sub-17 que represent\u00f3 al pa\u00eds en la Copa Mundial de Nigeria - cr\u00e9dito ColprensaUno de los detalles a resaltar de esas presentaciones de la Tricolor es que siempre termin\u00f3 en el cuarto lugar, as\u00ed que el otro reto del combinado nacional en 2026 es lograr el podio, que tambi\u00e9n ser\u00e1 lo m\u00e1s lejos que una selecci\u00f3n Colombia masculina haya llegado en un torneo de la FIFA.La \u00faltima actuaci\u00f3n de Colombia en el Mundial Sub-17 fue en 2025, lleg\u00f3 a los dieciseisavos de final y perdi\u00f3 contra Francia por 2-0 en la cancha 1 del complejo deportivo Aspire Zone, en Ray\u00e1n.PUBLICIDADCompartir nota:Temas RelacionadosSelecci\u00f3n Colombia sub-17Mundial Sub-17Sorteo Mundial Sub-17FIFAColombia-DeportesPUBLICIDADPUBLICIDADM\u00e1s NoticiasMinnesota Timberwolves vs. Denver Nuggets: hora y d\u00f3nde ver en Colombia el juego 6 de los playoffs de la NBADos de los equipos m\u00e1s potentes de la Conferencia Oeste protagonizan una aut\u00e9ntica batalla donde Nikola Jokic y Rudy Gobert son los protagonistas\u201cEl objetivo es ganar la Copa del Mundo\u201d: Freddy Hurtado, t\u00e9cnico de la Colombia sub-17, y c\u00f3mo est\u00e1 preparando el torneoEl estratega del equipo nacional explic\u00f3 el trabajo de la Federaci\u00f3n Colombiana de F\u00fatbol para mantener la cosecha ganadoraPlatense vs. Santa Fe EN VIVO Copa Libertadores: siga el minuto a minuto del Cardenal en Buenos AiresEl Le\u00f3n es \u00faltimo en su grupo, por lo que debe sumar las tres unidades para seguir con vida en la competencia de clubes m\u00e1s importante de Suram\u00e9ricaSebasti\u00e1n Montoya se prepara para su segunda carrera de la temporada 2026 de F\u00f3rmula 2 en Miami: \u201cDif\u00edcil no estar emocionado corriendo en casa\u201dInfobae Colombia habl\u00f3 con el piloto de Prema Racing en la previa de su segunda carrera de la temporada 2026, con la aspiraci\u00f3n de seguir sumando puntos en el campeonatoCarlos \u2018La Roca\u2019 S\u00e1nchez asegur\u00f3 que el partido con Portugal no ser\u00e1 el m\u00e1s importante para Colombia en el Mundial: es esteCarlos \u2018La Roca\u2019 S\u00e1nchez sacude el debate sobre el Mundial al cambiar la jerarqu\u00eda de los partidos de Colombia y encender la discusi\u00f3n sobre el nivel de sus figurasM\u00c1S NOTICIAS","body_rewritten":"<h2 class='text-2xl font-bold mt-6 mb-3'>La tricolor se alista para un nuevo desaf\u00edo mundialista<\/h2><p class='mb-4 leading-relaxed'>La <strong>selecci\u00f3n Colombia Sub-17<\/strong>, flamante campeona del Sudamericano, se prepara para enfrentar el Mundial de la FIFA en Qatar, que se disputar\u00e1 entre el <strong>19 de noviembre y el 13 de diciembre<\/strong>. Tras una destacada actuaci\u00f3n en Paraguay, donde dej\u00f3 en el camino a potencias como Brasil y Argentina, el equipo dirigido por Freddy Hurtado ahora apunta a una buena presentaci\u00f3n en el certamen global. Este torneo, que desde 2025 se realiza anualmente y cuenta con <strong>48 participantes<\/strong>, representa una oportunidad \u00fanica para los j\u00f3venes talentos colombianos.<\/p><h2 class='text-2xl font-bold mt-6 mb-3'>Fecha y lugar del sorteo que definir\u00e1 el camino<\/h2><p class='mb-4 leading-relaxed'>La FIFA ha confirmado que el sorteo de la fase de grupos del Mundial Sub-17 de 2026 se llevar\u00e1 a cabo el <strong>jueves 21 de mayo<\/strong> en su sede de Z\u00farich, Suiza. En este mismo evento, tambi\u00e9n se definir\u00e1n los grupos para la Copa del Mundo Femenina de la misma categor\u00eda. Este sorteo es crucial para la Tricolor, ya que conocer\u00e1 a sus rivales en las <strong>12 zonas<\/strong> en las que se dividir\u00e1n los 48 equipos, marcando el inicio formal de su preparaci\u00f3n estrat\u00e9gica.<\/p><blockquote class='border-l-4 border-gray-300 pl-4 italic my-4'>La realizaci\u00f3n anual del torneo juvenil supuso un importante paso adelante en el aumento de las oportunidades de desarrollo juvenil a nivel mundial, y la competici\u00f3n volver\u00e1 a finales de este a\u00f1o para celebrar su segunda edici\u00f3n con este formato.<\/blockquote><h2 class='text-2xl font-bold mt-6 mb-3'>El reto de superar las mejores actuaciones hist\u00f3ricas<\/h2><p class='mb-4 leading-relaxed'>Colombia buscar\u00e1 igualar o superar sus mejores campa\u00f1as en un Mundial Sub-17, que fueron las semifinales en las ediciones de <strong>Finlandia 2003 y Nigeria 2009<\/strong>, donde en ambas ocasiones termin\u00f3 en el cuarto lugar. El objetivo es claro: alcanzar el podio y lograr la mejor actuaci\u00f3n hist\u00f3rica para una selecci\u00f3n Colombia masculina en un torneo de la FIFA. El t\u00e9cnico Freddy Hurtado y su equipo se enfocar\u00e1n en preparar a estos j\u00f3venes talentos para enfrentar a rivales de <strong>alto nivel<\/strong> y demostrar su potencial en la \u00e9lite del f\u00fatbol mundial.<\/p>","status":"published","author":null,"image_url":"https:\/\/colombiahoy.s3.us-east-2.amazonaws.com\/articles\/3663\/image-b72da020b474008ba59da342164a4d7c8ed16f64a9ecd50d437dd14ecb817816.webp","canonical_url":"https:\/\/www.infobae.com\/colombia\/deportes\/2026\/04\/29\/la-seleccion-colombia-sub-17-ya-tiene-fecha-para-conocer-sus-rivales-en-el-mundial-de-qatar-esta-es-la-fecha-del-sorteo\/","published_at":"2026-04-29 22:47","created_at":"2026-04-30 00:00","last_error":null,"topics":[{"id":1,"name":"Deportes","slug":"deportes"}],"source":"Selecci\u00f3n Colombia"},{"id":3664,"title":"David Gonz\u00e1lez, t\u00e9cnico del Am\u00e9rica, estall\u00f3: \u201cNos expusieron\u201d tras agresi\u00f3n de hinchas del Cali","slug":"david-gonzalez-tecnico-del-america-estallo-nos-expusieron-tras-agresion-de-hinchas-del-cali","title_original":"David Gonz\u00e1lez, t\u00e9cnico del Am\u00e9rica, estall\u00f3: \u201cNos expusieron\u201d tras ser agredidos por hinchas del Cali - elpais.com.co","title_rewritten":"David Gonz\u00e1lez, t\u00e9cnico del Am\u00e9rica, estall\u00f3: \u201cNos expusieron\u201d tras agresi\u00f3n de hinchas del Cali","excerpt":"David Gonz\u00e1lez, t\u00e9cnico del Am\u00e9rica, arremeti\u00f3 contra la log\u00edstica y seguridad tras la agresi\u00f3n al bus del equipo por hinchas del Cali. Afirm\u00f3 que fueron \"expuestos\" y que la decisi\u00f3n de salir r\u00e1pido fue un error, generando heridas leves a un miembro de la delegaci\u00f3n.","body":"<h2 class='text-2xl font-bold mt-6 mb-3'>La agresi\u00f3n al bus del am\u00e9rica tras el cl\u00e1sico<\/h2><p class='mb-4 leading-relaxed'>El entrenador del Am\u00e9rica de Cali, David Gonz\u00e1lez, desde Argentina, se pronunci\u00f3 sobre el incidente ocurrido tras el cl\u00e1sico ante Deportivo Cali. El bus del equipo fue <strong>agredido por aficionados<\/strong> del cuadro verdiblanco, quienes lanzaron piedras, rompiendo varios vidrios y causando <strong>heridas leves<\/strong> a uno de los asistentes t\u00e9cnicos, afortunadamente sin consecuencias graves.<\/p><blockquote class='border-l-4 border-gray-300 pl-4 italic my-4'>Nos expusieron, fue una decisi\u00f3n equivocada sacarnos tan r\u00e1pido. Entendiendo el estadio y las pocas garant\u00edas de seguridad, nos tendr\u00edan que haber dejado al menos una hora m\u00e1s. Al sacarnos r\u00e1pido fuimos <strong>\u2018carne de ca\u00f1\u00f3n\u2019<\/strong>, pr\u00e1cticamente nos dejaron expuestos.<\/blockquote><h2 class='text-2xl font-bold mt-6 mb-3'>Cr\u00edticas a la log\u00edstica y un llamado a la conciencia<\/h2><p class='mb-4 leading-relaxed'>Gonz\u00e1lez critic\u00f3 duramente la log\u00edstica del evento, argumentando que la salida apresurada del estadio, dadas las <strong>pocas garant\u00edas de seguridad<\/strong>, expuso innecesariamente al equipo. Tambi\u00e9n hizo un llamado a la reflexi\u00f3n, se\u00f1alando que \u201cllevamos muchos a\u00f1os hablando de lo mismo y de generar conciencia de ser <strong>mejores personas y mejores ciudadanos<\/strong>\u201d, sin ver resultados.<\/p><h2 class='text-2xl font-bold mt-6 mb-3'>Enfoque en la sudamericana y el regreso a la \u00e9lite<\/h2><p class='mb-4 leading-relaxed'>A pesar del incidente, el t\u00e9cnico reafirm\u00f3 el compromiso del equipo de buscar siempre la victoria, enfoc\u00e1ndose ahora en el pr\u00f3ximo partido de Copa Sudamericana contra Tigre. La intenci\u00f3n es <strong>obtener los tres puntos<\/strong> y <strong>devolver al Am\u00e9rica de Cali<\/strong> a los puestos de honor a nivel continental, donde se hizo conocido.<\/p><ul class='list-disc pl-5 mb-4 space-y-1'><li>El partido contra Tigre, por la tercera fecha del Grupo A, est\u00e1 programado para las <strong>7:00 p.m.<\/strong> de este jueves 30 de abril.<\/li><li>El central Nicol\u00e1s Hern\u00e1ndez, quien regresa de una lesi\u00f3n de rodilla, fue convocado pero <strong>no ser\u00e1 inicialista<\/strong> en Argentina.<\/li><li>El objetivo principal del equipo es <strong>avanzar en el grupo<\/strong> de la Copa Sudamericana.<\/li><\/ul>","body_original":"DeportesDavid Gonz\u00e1lez, t\u00e9cnico del Am\u00e9rica, estall\u00f3: \u201cNos expusieron\u201d tras ser agredidos por hinchas del CaliPol\u00e9micas declaraciones del entrenador del Am\u00e9rica contra las autoridades y la log\u00edstica del partido.Siga a EL PA\u00cdS en Google Discover y no se pierda las \u00faltimas noticiasDavid Gonz\u00e1lez critic\u00f3 a la log\u00edstica por dejarlos a la deriva ante los hinchas del Cali que los agredieron en el cl\u00e1sico. | Foto: H\u00e9ctor MonteroAndr\u00e9s Felipe C\u00e1rdenas 29 de abr de 2026, 07:21 p. m.Actualizado el 29 de abr de 2026, 07:55 p. m.Sigue el canal de El Pa\u00eds Cali en WhatsAppEl entrenador del America de Cali, David Gonz\u00e1lez, desde territorio argentino se destap\u00f3 y, previo al juego de este jueves por la Copa Sudamericana 2026 ante Tigre, habl\u00f3 de lo sucedido tras el cl\u00e1sico ante Deportivo Cali, en donde el bus del equipo fue agredido por aficionados del cuadro verdiblanco.Tras el final del encuentro en Palmaseca, varios hinchas del Deportivo Cali se quedaron a las afueras del estadio esperando la salida del bus del Am\u00e9rica de Cali, el cual fue v\u00edctima de agresi\u00f3n.Bus de Am\u00e9rica de Cali fue atacado tras el cl\u00e1sico: el equipo confirm\u00f3 da\u00f1os y heridos \u201cleves\u201dLos aficionados le lanzaron piedras y gener\u00f3 que varios vidrios se quebraran y uno de los asistentes t\u00e9cnicos de David Gonz\u00e1lez en el Am\u00e9rica de Cali fue alcanzado por uno de ellos, pero por fortuna no pas\u00f3 a mayores.Ante ello, David Gonz\u00e1lez, desde Argentina, indic\u00f3 que \u201cnos expusieron, fue una decisi\u00f3n equivocada sacarnos tan r\u00e1pido\u201d.Adem\u00e1s, el estratega agreg\u00f3 que \u201centendiendo el estadio y las pocas garant\u00edas de seguridad, nos tendr\u00edan que haber dejado al menos una hora m\u00e1s. Al sacarnos r\u00e1pido fuimos \u2018carne de ca\u00f1\u00f3n\u2019, pr\u00e1cticamente nos dejaron expuestos\u201d.Individuos lanzaron piedras y otros objetos con los que rompieron los vidrios del veh\u00edculo y ocasionaron heridas leves a un miembro de la delegaci\u00f3n. | Foto: Montaje El Pa\u00eds: Im\u00e1genes de Afici\u00f3n Futbolera \/ AcolfutproIncluso, el estratega indic\u00f3 que \u201cllevamos muchos a\u00f1os hablando de lo mismo y de generar conciencia de ser mejores personas y mejores ciudadanos \u201c, pero no ha dado resultado.Incluso, se\u00f1al\u00f3 que \u201cel error fue haber salido en el momento que nos fuimos\u201d.Por otro lado, el estratega Gonz\u00e1lez afirm\u00f3 que jam\u00e1s salen con la intenci\u00f3n de empatar, como aparentemente se vio ante Deportivo Cali, por eso indic\u00f3 que van a jugar por obtener los tres puntos ante Tigre, en la tercera fecha de la Copa Sudamericana 2026.Tigre Vs. Am\u00e9rica de Cali: hora y por d\u00f3nde ver el partido de la fecha 3 de la fase de grupos de la Copa Sudamericana 2026\u201cNuestra intenci\u00f3n siempre va a ser ganar el partido, nunca salir a empatar. Ese es el objetivo cada vez que vamos a cualquier lugar y ante cualquier rival\u201d.Precisamente, Gonz\u00e1lez asever\u00f3 que la idea es regresar al Am\u00e9rica de Cali a los principales puestos en Sudam\u00e9rica.\u201cLo muy bueno que hizo Am\u00e9rica fue hace un tiempo, pero la responsabilidad es devolverlo a esos lugares donde se hizo conocido a nivel continental\u201d.Jan Lucum\u00ed, de destacada actuaci\u00f3n ante el Cali, ser\u00e1 titular frente a Tigre en la Sudamericana. | Foto: Ra\u00fal Palacios \/ El Pa\u00edsY afirm\u00f3 el adiestrador que ante Tigre, este jueves 30 de abril, en Argentina, \u201cel objetivo es avanzar en el grupo\u201d.El partido entre Am\u00e9rica de Cali y Tigre, por la tercera fecha del Grupo A est\u00e1 programado para las 7:00 p.m.Para este cotejo el profesor David Gonz\u00e1lez convoc\u00f3 al central Nicol\u00e1s Hern\u00e1ndez, quien desde hace mes y medio est\u00e1 por fuera de las canchas, por una lesi\u00f3n de rodilla, eso s\u00ed, no ser\u00e1 inicialista en territorio argentino.Andr\u00e9s Felipe C\u00e1rdenasComunicador Social. Periodista con una trayectoria 21 a\u00f1os trabajando en los programas radiales de mayor reconocimiento en Cali, tambi\u00e9n en medios televisivos y prensa escrita. Soy especialista en deportes. Ganador del premio Farallones de Cali, de la Alcald\u00eda de Cali, como Mejor Periodista Social Comunitario de Cali. Tres veces nominado al Premio Terraco de Oro, de la Gobernaci\u00f3n del Valle, como Mejor Periodista Deportivo del Valle. Soy amante a los deportes.Reg\u00edstrate gratis al bolet\u00edn de noticias El Pa\u00edsPor favor ingresa un correo electr\u00f3nicoAcepto Pol\u00edtica de Tratamiento de Datos de El Pa\u00eds.Recuerda aceptar los t\u00e9rminos y condiciones para continuar.INSCR\u00cdBETE AQU\u00cdDavid Gonz\u00e1lezClasico Cale\u00f1oDeportivo CaliDescarga la APP ElPa\u00eds.com.co:Convierta a El Pa\u00eds.com.co en su fuente de noticias aqu\u00ed","body_rewritten":"<h2 class='text-2xl font-bold mt-6 mb-3'>La agresi\u00f3n al bus del am\u00e9rica tras el cl\u00e1sico<\/h2><p class='mb-4 leading-relaxed'>El entrenador del Am\u00e9rica de Cali, David Gonz\u00e1lez, desde Argentina, se pronunci\u00f3 sobre el incidente ocurrido tras el cl\u00e1sico ante Deportivo Cali. El bus del equipo fue <strong>agredido por aficionados<\/strong> del cuadro verdiblanco, quienes lanzaron piedras, rompiendo varios vidrios y causando <strong>heridas leves<\/strong> a uno de los asistentes t\u00e9cnicos, afortunadamente sin consecuencias graves.<\/p><blockquote class='border-l-4 border-gray-300 pl-4 italic my-4'>Nos expusieron, fue una decisi\u00f3n equivocada sacarnos tan r\u00e1pido. Entendiendo el estadio y las pocas garant\u00edas de seguridad, nos tendr\u00edan que haber dejado al menos una hora m\u00e1s. Al sacarnos r\u00e1pido fuimos <strong>\u2018carne de ca\u00f1\u00f3n\u2019<\/strong>, pr\u00e1cticamente nos dejaron expuestos.<\/blockquote><h2 class='text-2xl font-bold mt-6 mb-3'>Cr\u00edticas a la log\u00edstica y un llamado a la conciencia<\/h2><p class='mb-4 leading-relaxed'>Gonz\u00e1lez critic\u00f3 duramente la log\u00edstica del evento, argumentando que la salida apresurada del estadio, dadas las <strong>pocas garant\u00edas de seguridad<\/strong>, expuso innecesariamente al equipo. Tambi\u00e9n hizo un llamado a la reflexi\u00f3n, se\u00f1alando que \u201cllevamos muchos a\u00f1os hablando de lo mismo y de generar conciencia de ser <strong>mejores personas y mejores ciudadanos<\/strong>\u201d, sin ver resultados.<\/p><h2 class='text-2xl font-bold mt-6 mb-3'>Enfoque en la sudamericana y el regreso a la \u00e9lite<\/h2><p class='mb-4 leading-relaxed'>A pesar del incidente, el t\u00e9cnico reafirm\u00f3 el compromiso del equipo de buscar siempre la victoria, enfoc\u00e1ndose ahora en el pr\u00f3ximo partido de Copa Sudamericana contra Tigre. La intenci\u00f3n es <strong>obtener los tres puntos<\/strong> y <strong>devolver al Am\u00e9rica de Cali<\/strong> a los puestos de honor a nivel continental, donde se hizo conocido.<\/p><ul class='list-disc pl-5 mb-4 space-y-1'><li>El partido contra Tigre, por la tercera fecha del Grupo A, est\u00e1 programado para las <strong>7:00 p.m.<\/strong> de este jueves 30 de abril.<\/li><li>El central Nicol\u00e1s Hern\u00e1ndez, quien regresa de una lesi\u00f3n de rodilla, fue convocado pero <strong>no ser\u00e1 inicialista<\/strong> en Argentina.<\/li><li>El objetivo principal del equipo es <strong>avanzar en el grupo<\/strong> de la Copa Sudamericana.<\/li><\/ul>","status":"published","author":null,"image_url":"https:\/\/colombiahoy.s3.us-east-2.amazonaws.com\/articles\/3664\/image-1055809dfc3c8e990947748b015cddf4341e213a8af903235e0b3cf25be781f2.webp","canonical_url":"https:\/\/www.elpais.com.co\/deportes\/david-gonzalez-tecnico-del-america-estallo-nos-expusieron-tras-ser-agredidos-por-hinchas-del-cali-2948.html","published_at":"2026-04-29 17:21","created_at":"2026-04-30 00:00","last_error":null,"topics":[{"id":1,"name":"Deportes","slug":"deportes"},{"id":2,"name":"Cali","slug":"cali"}],"source":"Deportes en Cali"},{"id":3662,"title":"Cali abre festival gratuito para debatir democracia, arte, cultura y ciencia","slug":"cali-abre-festival-gratuito-para-debatir-democracia-arte-cultura-y-ciencia","title_original":"Cali abre un festival gratuito para debatir democracia, arte, cultura y ciencia con m\u00e1s de 80 invitados - elpais.com.co","title_rewritten":"Cali abre festival gratuito para debatir democracia, arte, cultura y ciencia","excerpt":"Cali ser\u00e1 sede del festival gratuito \"Pensar en voz alta\", un espacio de cuatro d\u00edas para debatir sobre democracia, arte, cultura y ciencia con m\u00e1s de 80 invitados nacionales e internacionales. La Universidad Icesi organiza este evento abierto al p\u00fablico.","body":"<h2 class='text-2xl font-bold mt-6 mb-3'>Cali se prepara para un encuentro de ideas y creaci\u00f3n colectiva<\/h2><p class='mb-4 leading-relaxed'>La ciudad de Cali se convertir\u00e1 en un epicentro de debate y pensamiento con la primera edici\u00f3n del festival <strong>Pensar en voz alta<\/strong>, organizado por la Universidad Icesi. Del <strong>12 al 15 de mayo<\/strong>, este evento gratuito reunir\u00e1 a m\u00e1s de <strong>80 voces<\/strong> nacionales e internacionales en una programaci\u00f3n con m\u00e1s de <strong>40 actividades<\/strong> abiertas a toda la ciudadan\u00eda.<\/p><h2 class='text-2xl font-bold mt-6 mb-3'>Temas cruciales para el futuro en la agenda<\/h2><p class='mb-4 leading-relaxed'>El festival busca abrir conversaciones sobre <strong>temas clave<\/strong> como el futuro de la <strong>democracia<\/strong>, las <strong>desigualdades sociales<\/strong> y el impacto de la <strong>inteligencia artificial<\/strong>. La iniciativa transforma el campus de Icesi en un espacio de encuentro para dialogar y reflexionar sobre los retos actuales, llevando discusiones que suelen ser privadas al \u00e1mbito p\u00fablico.<\/p><blockquote class='border-l-4 border-gray-300 pl-4 italic my-4'>&quot;El Festival Pensar en Voz Alta es una invitaci\u00f3n a abrir la universidad a la ciudad y a asumir, desde el pensamiento cr\u00edtico y el di\u00e1logo plural, el desaf\u00edo de <strong>cuidar y fortalecer la democracia, el arte, la cultura y la ciencia<\/strong>.&quot;<\/blockquote><h2 class='text-2xl font-bold mt-6 mb-3'>Figuras destacadas y nuevas voces en el escenario<\/h2><p class='mb-4 leading-relaxed'>El evento contar\u00e1 con la participaci\u00f3n de reconocidas figuras del pensamiento contempor\u00e1neo como <strong>Alejandro Gaviria<\/strong>, <strong>Piedad Bonnett<\/strong>, <strong>Juan Esteban Consta\u00edn<\/strong> y <strong>Fidel Cano<\/strong>, quienes abordar\u00e1n temas de democracia, literatura, historia y el rol de los medios. Tambi\u00e9n se suman nuevas voces digitales como la ling\u00fcista <strong>Nicole S\u00e1nchez<\/strong> y proyectos de divulgaci\u00f3n cient\u00edfica como <strong>Shots de Ciencia<\/strong> y <strong>Entrespecies<\/strong>, acercando el conocimiento a audiencias j\u00f3venes.<\/p><ul class='list-disc pl-5 mb-4 space-y-1'><li><strong>Actividades variadas<\/strong>: Conversatorios, talleres, exposiciones de arte, conciertos, clases magistrales, proyecciones audiovisuales y p\u00f3dcast en vivo.<\/li><li><strong>Invitados adicionales<\/strong>: Aurora Vergara, Leopoldo Fergusson, Mauricio Archila, Antonio Celia, Xiomara Suesc\u00fan y Lucas Ospina, entre otros.<\/li><li><strong>Programaci\u00f3n art\u00edstica<\/strong>: Presentaciones de Mangle Sonoro, Gustavo Adolfo Renjifo, Mareh y el grupo Prinzmetal.<\/li><li><strong>Log\u00edstica<\/strong>: Todas las actividades son gratuitas, pero tienen aforo limitado y requieren inscripci\u00f3n previa en los canales oficiales del evento.<\/li><\/ul>","body_original":"CaliCali abre un festival gratuito para debatir democracia, arte, cultura y ciencia con m\u00e1s de 80 invitadosDurante cuatro d\u00edas, la ciudad ser\u00e1 escenario de m\u00e1s de 40 actividades abiertas al p\u00fablico para reflexionar sobre los grandes desaf\u00edos del presente.Siga a EL PA\u00cdS en Google Discover y no se pierda las \u00faltimas noticiasCali tendr\u00e1 festival gratuito sobre democracia, arte y ciencia en mayo | Foto: Suministrada Universidad IcesiRedacci\u00f3n El Pa\u00eds 29 de abr de 2026, 04:41 p. m.Actualizado el 29 de abr de 2026, 04:59 p. m.Sigue el canal de El Pa\u00eds Cali en WhatsAppNoticiasDestacadasNoticias Destacadas1.D\u00eda sin carro en Cali: esto dijo Movilidad sobre la circulaci\u00f3n de veh\u00edculos el\u00e9ctricos2.Nuevo caso de agresi\u00f3n contra agente de tr\u00e1nsito en el sur de Cali3.Plant\u00f3n de estudiantes de Univalle genera bloqueos en la Calle 5 en Cali; as\u00ed est\u00e1 la movilidad4.Marat\u00f3n de Cali 2026 confirma recorrido de 42 kil\u00f3metros por los cuatro puntos cardinales de la ciudad5.Consejo de Estado ordena elegir contralor de Cali en tiempo r\u00e9cord y fija plazos estrictosCali se prepara para convertirse en un gran escenario de ideas, debate y creaci\u00f3n colectiva.Del 12 al 15 de mayo, la Universidad Icesi realizar\u00e1 la primera edici\u00f3n del festival Pensar en voz alta, un evento gratuito que reunir\u00e1 a m\u00e1s de 80 voces nacionales e internacionales en una programaci\u00f3n con m\u00e1s de 40 actividades.El festival propone abrir conversaciones sobre temas clave como el futuro de la democracia, las desigualdades sociales y el impacto de la inteligencia artificial, en un formato accesible para toda la ciudadan\u00eda. Conversatorios, talleres, exposiciones de arte, conciertos, clases magistrales, proyecciones audiovisuales y p\u00f3dcast en vivo har\u00e1n parte de la agenda.La Universidad Icesi inici\u00f3 en 1979 con 45 estudiantes y dos carreras y hoy tiene 8.300 alumnos y 34 pregrados. | Foto: CORTESIA ICESIDurante estos cuatro d\u00edas, el campus de la Universidad Icesi se transformar\u00e1 en un espacio de encuentro donde estudiantes, docentes y ciudadanos podr\u00e1n dialogar y reflexionar sobre los retos actuales. La iniciativa busca llevar discusiones que suelen quedarse en lo privado hacia el \u00e1mbito p\u00fablico.\u201cEl Festival Pensar en Voz Alta es una invitaci\u00f3n a abrir la universidad a la ciudad y a asumir, desde el pensamiento cr\u00edtico y el di\u00e1logo plural, el desaf\u00edo de cuidar y fortalecer la democracia, el arte, la cultura y la ciencia\u201d, afirm\u00f3 Jer\u00f3nimo Botero, decano de la Facultad de Ciencias Humanas.E-Commerce League, el torneo que promueve la Universidad IcesiEl evento contar\u00e1 con la participaci\u00f3n de reconocidas figuras del pensamiento contempor\u00e1neo como Alejandro Gaviria, Piedad Bonnett, Juan Esteban Consta\u00edn y Fidel Cano, quienes abordar\u00e1n temas relacionados con la democracia, la literatura, la historia y el papel de los medios de comunicaci\u00f3n.A ellos se suman nuevas voces digitales como la ling\u00fcista Nicole S\u00e1nchez y proyectos de divulgaci\u00f3n cient\u00edfica como Shots de Ciencia y Entrespecies, que buscan acercar el conocimiento a audiencias j\u00f3venes.Tambi\u00e9n estar\u00e1n invitados Aurora Vergara, Leopoldo Fergusson, Mauricio Archila, Antonio Celia, Xiomara Suesc\u00fan y Lucas Ospina, entre otros, quienes aportar\u00e1n miradas desde distintos campos del conocimiento.La Universidad Icesi ofrece a los estudiantes la oportunidad de adquirir una perspectiva global, as\u00ed como una exposici\u00f3n internacional, con una creciente oferta de dobles titulaciones. | Foto: Cortes\u00eda de la Universidad Icesi.La programaci\u00f3n art\u00edstica y musical ser\u00e1 otro de los atractivos del festival, con presentaciones de Mangle Sonoro, Gustavo Adolfo Renjifo, Mareh y el grupo Prinzmetal.Aunque todas las actividades son gratuitas, tienen aforo limitado y requieren inscripci\u00f3n previa. La agenda completa y el registro est\u00e1n disponibles en los canales oficiales del evento.Aunque todas las actividades son gratuitas, cuentan con aforo limitado y requieren inscripci\u00f3n. La agenda completa puede consultarse en: https:\/\/www.icesi.edu.co\/wp-content\/uploads\/2026\/04\/Agenda-Pensar-en-Voz-Alta.pdfLas personas interesadas pueden registrarse en: https:\/\/events.peewah.co\/festival-pensar-en-voz-altaEl festival Pensar en voz alta cuenta con el apoyo de la Fundaci\u00f3n Sura, la Secretar\u00eda de Cultura de Santiago de Cali y la C\u00e1mara de Comercio de Cali. Universidad Icesi nombra su Facultad de Negocios y Econom\u00eda en honor a Isaac GilinskiRedacci\u00f3n El Pa\u00eds Reg\u00edstrate gratis al bolet\u00edn de noticias El Pa\u00edsPor favor ingresa un correo electr\u00f3nicoAcepto Pol\u00edtica de Tratamiento de Datos de El Pa\u00eds.Recuerda aceptar los t\u00e9rminos y condiciones para continuar.INSCR\u00cdBETE AQU\u00cdIcesiculturaDemocraciaDescarga la APP ElPa\u00eds.com.co:Convierta a El Pa\u00eds.com.co en su fuente de noticias aqu\u00edNoticiasDestacadasNoticias Destacadas1.D\u00eda sin carro en Cali: esto dijo Movilidad sobre la circulaci\u00f3n de veh\u00edculos el\u00e9ctricos2.Nuevo caso de agresi\u00f3n contra agente de tr\u00e1nsito en el sur de Cali3.Plant\u00f3n de estudiantes de Univalle genera bloqueos en la Calle 5 en Cali; as\u00ed est\u00e1 la movilidad4.Marat\u00f3n de Cali 2026 confirma recorrido de 42 kil\u00f3metros por los cuatro puntos cardinales de la ciudad5.Consejo de Estado ordena elegir contralor de Cali en tiempo r\u00e9cord y fija plazos estrictos","body_rewritten":"<h2 class='text-2xl font-bold mt-6 mb-3'>Cali se prepara para un encuentro de ideas y creaci\u00f3n colectiva<\/h2><p class='mb-4 leading-relaxed'>La ciudad de Cali se convertir\u00e1 en un epicentro de debate y pensamiento con la primera edici\u00f3n del festival <strong>Pensar en voz alta<\/strong>, organizado por la Universidad Icesi. Del <strong>12 al 15 de mayo<\/strong>, este evento gratuito reunir\u00e1 a m\u00e1s de <strong>80 voces<\/strong> nacionales e internacionales en una programaci\u00f3n con m\u00e1s de <strong>40 actividades<\/strong> abiertas a toda la ciudadan\u00eda.<\/p><h2 class='text-2xl font-bold mt-6 mb-3'>Temas cruciales para el futuro en la agenda<\/h2><p class='mb-4 leading-relaxed'>El festival busca abrir conversaciones sobre <strong>temas clave<\/strong> como el futuro de la <strong>democracia<\/strong>, las <strong>desigualdades sociales<\/strong> y el impacto de la <strong>inteligencia artificial<\/strong>. La iniciativa transforma el campus de Icesi en un espacio de encuentro para dialogar y reflexionar sobre los retos actuales, llevando discusiones que suelen ser privadas al \u00e1mbito p\u00fablico.<\/p><blockquote class='border-l-4 border-gray-300 pl-4 italic my-4'>&quot;El Festival Pensar en Voz Alta es una invitaci\u00f3n a abrir la universidad a la ciudad y a asumir, desde el pensamiento cr\u00edtico y el di\u00e1logo plural, el desaf\u00edo de <strong>cuidar y fortalecer la democracia, el arte, la cultura y la ciencia<\/strong>.&quot;<\/blockquote><h2 class='text-2xl font-bold mt-6 mb-3'>Figuras destacadas y nuevas voces en el escenario<\/h2><p class='mb-4 leading-relaxed'>El evento contar\u00e1 con la participaci\u00f3n de reconocidas figuras del pensamiento contempor\u00e1neo como <strong>Alejandro Gaviria<\/strong>, <strong>Piedad Bonnett<\/strong>, <strong>Juan Esteban Consta\u00edn<\/strong> y <strong>Fidel Cano<\/strong>, quienes abordar\u00e1n temas de democracia, literatura, historia y el rol de los medios. Tambi\u00e9n se suman nuevas voces digitales como la ling\u00fcista <strong>Nicole S\u00e1nchez<\/strong> y proyectos de divulgaci\u00f3n cient\u00edfica como <strong>Shots de Ciencia<\/strong> y <strong>Entrespecies<\/strong>, acercando el conocimiento a audiencias j\u00f3venes.<\/p><ul class='list-disc pl-5 mb-4 space-y-1'><li><strong>Actividades variadas<\/strong>: Conversatorios, talleres, exposiciones de arte, conciertos, clases magistrales, proyecciones audiovisuales y p\u00f3dcast en vivo.<\/li><li><strong>Invitados adicionales<\/strong>: Aurora Vergara, Leopoldo Fergusson, Mauricio Archila, Antonio Celia, Xiomara Suesc\u00fan y Lucas Ospina, entre otros.<\/li><li><strong>Programaci\u00f3n art\u00edstica<\/strong>: Presentaciones de Mangle Sonoro, Gustavo Adolfo Renjifo, Mareh y el grupo Prinzmetal.<\/li><li><strong>Log\u00edstica<\/strong>: Todas las actividades son gratuitas, pero tienen aforo limitado y requieren inscripci\u00f3n previa en los canales oficiales del evento.<\/li><\/ul>","status":"published","author":null,"image_url":"https:\/\/colombiahoy.s3.us-east-2.amazonaws.com\/articles\/3662\/image-2677ccc531eedf805bee7f92f4e671eeefe7f759767b190b91466b07afe034ac.webp","canonical_url":"https:\/\/www.elpais.com.co\/cali\/cali-abre-un-festival-gratuito-para-debatir-democracia-arte-cultura-y-ciencia-con-mas-de-80-invitados-2913.html","published_at":"2026-04-29 16:41","created_at":"2026-04-29 18:00","last_error":null,"topics":[{"id":2,"name":"Cali","slug":"cali"}],"source":"Cultura en Cali"},{"id":3660,"title":"Colombia recibir\u00e1 m\u00e1s fondos por Mundial 2026 y es favorita, seg\u00fan The Athletic","slug":"colombia-recibira-mas-fondos-por-mundial-2026-y-es-favorita-segun-the-athletic","title_original":"La selecci\u00f3n Colombia recibir\u00e1 m\u00e1s pl\u00e1ta por la participaci\u00f3n en la Copa Mundial de la FIFA 2026: este es el aumento aprobado - Infobae","title_rewritten":"Colombia recibir\u00e1 m\u00e1s fondos por Mundial 2026 y es favorita, seg\u00fan The Athletic","excerpt":"La FIFA aumenta los fondos para el Mundial 2026, beneficiando a Colombia con m\u00e1s dinero para preparaci\u00f3n y clasificaci\u00f3n. El equipo nacional tambi\u00e9n es destacado como favorito al t\u00edtulo por The Athletic, con James Rodr\u00edguez y Luis D\u00edaz como figuras clave.","body":"<h2 class='text-2xl font-bold mt-6 mb-3'>Aumento significativo en la financiaci\u00f3n de la FIFA<\/h2><p class='mb-4 leading-relaxed'>El Consejo de la FIFA aprob\u00f3 un <strong>incremento del 15%<\/strong> en los fondos destinados a las 48 selecciones que participar\u00e1n en la Copa Mundial de la FIFA 2026. Esta decisi\u00f3n eleva la cifra total a <strong>USD 871 millones<\/strong> para la distribuci\u00f3n, lo que representa un apoyo sin precedentes a las federaciones miembro. Cada federaci\u00f3n recibir\u00e1 <strong>USD 2,5 millones<\/strong> para la preparaci\u00f3n y <strong>USD 10 millones<\/strong> por la clasificaci\u00f3n, superando las cifras de la edici\u00f3n anterior.<\/p><blockquote class='border-l-4 border-gray-300 pl-4 italic my-4'>La FIFA se enorgullece de contar con la posici\u00f3n financiera m\u00e1s s\u00f3lida de su historia, lo que nos permite brindar apoyo sin precedentes a todas nuestras Asociaciones Miembro. Este es un ejemplo m\u00e1s de c\u00f3mo los recursos de la FIFA se reinvierten en el f\u00fatbol.<\/blockquote><h2 class='text-2xl font-bold mt-6 mb-3'>Colombia, entre las favoritas para el mundial 2026<\/h2><p class='mb-4 leading-relaxed'>Seg\u00fan el prestigioso medio brit\u00e1nico The Athletic, la selecci\u00f3n Colombia se posiciona en el <strong>noveno puesto<\/strong> del ranking de favoritos para ganar la Copa Mundial de la FIFA 2026. El informe destaca a <strong>James Rodr\u00edguez<\/strong> como l\u00edder en lo que podr\u00eda ser su \u00faltima participaci\u00f3n mundialista, y resalta el excelente momento de forma de <strong>Luis D\u00edaz<\/strong>, a quien describe como el jugador m\u00e1s peligroso del equipo.<\/p><ul class='list-disc pl-5 mb-4 space-y-1'><li>Colombia supera a selecciones como Croacia, Marruecos y Uruguay en el ranking.<\/li><li>Es la <strong>tercera selecci\u00f3n sudamericana<\/strong> mejor ubicada, solo detr\u00e1s de Argentina y Brasil.<\/li><li>Espa\u00f1a lidera la clasificaci\u00f3n, seguida por Argentina y Francia.<\/li><\/ul><h2 class='text-2xl font-bold mt-6 mb-3'>Calendario de partidos de Colombia en la fase de grupos<\/h2><p class='mb-4 leading-relaxed'>La selecci\u00f3n Colombia ya conoce sus primeros rivales y fechas para la Copa Mundial de la FIFA 2026. Enfrentar\u00e1 a Uzbekist\u00e1n en Ciudad de M\u00e9xico, a la Rep\u00fablica Democr\u00e1tica del Congo en Guadalajara y cerrar\u00e1 la fase de grupos contra Portugal en Miami. Estos encuentros ser\u00e1n cruciales para el avance del equipo en el torneo.<\/p>","body_original":"29 Abr, 2026 12:19 p. m. ESTGuardarLa selecci\u00f3n Colombia ser\u00e1 uno de los equipos que estrene las nuevas reglas para el Mundial 2026 - cr\u00e9dito FCFEl Consejo de la FIFA aprob\u00f3 en Vancouver un incremento del 15 % en los fondos destinados a las 48 selecciones que participar\u00e1n en la Copa Mundial de la FIFA 2026, alcanzando una cifra total de USD 871 millones para la distribuci\u00f3n entre los equipos, seg\u00fan inform\u00f3 la FIFA. Este aumento fue decidido a 44 d\u00edas del inicio del torneo, que se disputar\u00e1 entre el 11 de junio y el 19 de julio en Canad\u00e1, Estados Unidos y M\u00e9xico.Como resultado, cada federaci\u00f3n recibir\u00e1 USD 2,5 millones (9.050.625.000 pesos colombianos) para la preparaci\u00f3n, frente a los USD 1,5 millones de la edici\u00f3n anterior, y USD 10 millones (36.202.500.000 millones) por la clasificaci\u00f3n, por encima de los USD 9 millones previamente estipulados, seg\u00fan precis\u00f3 la FIFA. Tambi\u00e9n se incluyeron subsidios adicionales por m\u00e1s de USD 16 millones relacionados con gastos de delegaci\u00f3n y mayor n\u00famero de entradas para los equipos.PUBLICIDADEl presidente Gianni Infantino declar\u00f3: \u201cLa FIFA se enorgullece de contar con la posici\u00f3n financiera m\u00e1s s\u00f3lida de su historia, lo que nos permite brindar apoyo sin precedentes a todas nuestras Asociaciones Miembro. Este es un ejemplo m\u00e1s de c\u00f3mo los recursos de la FIFA se reinvierten en el f\u00fatbol\u201d.Gianni Infantino, presidente de la FIFA, asegur\u00f3 que la Asociaci\u00f3n est\u00e1 en el momento financiero m\u00e1s solido de su historia - cr\u00e9dito EFE\/Jose Jacome El excedente generado por el torneo continuar\u00e1 siendo redistribuido para beneficios de las 211 federaciones miembro. El organismo tambi\u00e9n anunci\u00f3 que, como medida contra el racismo, los futbolistas que se cubran la boca durante disputas en el campo podr\u00e1n ser sancionados con tarjeta roja.PUBLICIDADEl desglose establece que el campe\u00f3n recibir\u00e1 USD 50 millones, el subcampe\u00f3n USD 33 millones, el tercer lugar USD 29 millones y el cuarto puesto USD 27 millones. Los equipos ubicados entre el quinto y el octavo lugar obtendr\u00e1n USD 19 millones cada uno, mientras que quienes finalicen entre el noveno y el decimosexto puesto recibir\u00e1n USD 15 millones.Colombia entre las 10 favoritas en el Mundial, seg\u00fan The AthleticR\u00e1nking de selecciones candidatas a ganar la Copa Mundial de la FIFA 2026, dise\u00f1ado por el diario The Athletic - cr\u00e9dito The AthleticColombia figura en el noveno puesto del ranking de favoritos al t\u00edtulo de la Copa Mundial de la FIFA 2026 elaborado por el medio brit\u00e1nico The Athletic, seg\u00fan inform\u00f3 la publicaci\u00f3n pocas semanas antes del inicio del torneo en Estados Unidos, M\u00e9xico y Canad\u00e1, previsto para el 19 de julio de 2026.PUBLICIDADEl informe de The Athletic, parte del grupo The New York Times, identifica a James Rodr\u00edguez como l\u00edder de la selecci\u00f3n, en un ciclo que podr\u00eda ser su \u00faltima Copa del Mundo. Adem\u00e1s, destaca el rendimiento de Luis D\u00edaz, resaltando: \u201cJames Rodr\u00edguez los liderar\u00e1 en la que probablemente sea su \u00faltima Copa del Mundo, pero el jugador m\u00e1s peligroso es sin duda Luis D\u00edaz, el exextremo del Liverpool que atraviesa un excelente momento de forma en el Bayern M\u00fanich\u201d.Colombia supera en la clasificaci\u00f3n a selecciones como Croacia (d\u00e9cimo puesto), Marruecos (und\u00e9cimo) y Uruguay (duod\u00e9cimo), siendo la tercera selecci\u00f3n sudamericana mejor ubicada detr\u00e1s de Argentina (segunda posici\u00f3n global) y Brasil (cuarta). El listado, elaborado por The Athletic, sit\u00faa en primer lugar a Espa\u00f1a, campeona vigente de la Eurocopa y subcampeona de la Liga de Naciones, por delante de Argentina y de Francia, encabezada por Kylian Mbapp\u00e9.PUBLICIDADEn marzo, la selecci\u00f3n Colombia cay\u00f3 por 2-1 ante Croacia y por 3-1 frente a Francia en partidos amistosos donde ambos equipos europeos presentaron n\u00f3minas alternas. Pese a estas derrotas, el \u00faltimo listado FIFA registr\u00f3 el ascenso de Colombia del puesto 14 al 13.Los partidos de Colombia y sus rivales en la Copa Mundial de la FIFA 2026La selecci\u00f3n Colombia cierra sus partidos de preparaci\u00f3n en marzo con dos derrotas - cr\u00e9dito FCFFecha 117 de junio: Portugal vs. Rep\u00fablica Democr\u00e1tica del Congo - Houston - 12:00 p. m. (hora de Colombia).17 de junio: Uzbekist\u00e1n vs. Colombia - Ciudad de M\u00e9xico (Estadio Azteca) - 9:00 p. m. (hora de Colombia).Fecha 223 de junio: Portugal vs. Uzbekist\u00e1n - Houston - 12:00 p.m. (hora de Colombia).23 de junio: Colombia vs. Rep\u00fablica Democr\u00e1tica del Congo - Guadalajara (estadio Akron) - 9:00 p. m. (hora de Colombia).Fecha 327 de junio: Colombia vs. Portugal - Miami (Hard Rock Stadium) - 6:30 p. m. (hora de Colombia).27 de junio: Rep\u00fablica Democr\u00e1tica del Congo vs. Uzbekist\u00e1n - 6:30 p.m. (hora de Colombia).Compartir nota:Temas RelacionadosFederaci\u00f3n Colombiana de F\u00fatbolSelecci\u00f3n Colombia Mundial 2026Mundial 2026FIFAColombia-DeportesPUBLICIDADPUBLICIDADM\u00e1s NoticiasFigura del Junior sali\u00f3 expulsado y su compa\u00f1ero le ech\u00f3 la culpa por la derrota en la Copa Libertadores: \u201cNos arruin\u00f3\u201dEl arquero Mauro Silveira no dud\u00f3 en se\u00f1alar la expulsi\u00f3n de Jermein Zidane Pe\u00f1a como factor clave en la derrota del equipo barranquillero, exigiendo autocr\u00edtica y correcciones internas para los pr\u00f3ximos encuentrosPlatense vs. Independiente Santa Fe - EN VIVO: siga aqu\u00ed el partido de la fecha 3 del grupo E en la Copa LibertadoresEl Le\u00f3n es \u00faltimo en su grupo, por lo que debe sumar las tres unidades para seguir con vida en la competencia de clubes m\u00e1s importante de Suram\u00e9ricaLeyenda del f\u00fatbol ingl\u00e9s se rinde ante Luis D\u00edaz tras su gol con el Bayern M\u00fanich: \u201cAs\u00ed deber\u00edan ser los extremos de todo el mundo\u201dEl \u201cGuajiro\u201d fue protagonista con gol y desequilibrio en la victoria 5-4 del Paris Saint-Germain en las semifinales de la Champions LeagueLuka Modric fue operado con \u00e9xito: volver\u00e1 a los entrenamientos pensando en la Copa del Mundo con CroaciaEl capit\u00e1n de la subcampeona del mundo en Rusia 2018 se perder\u00eda los dos \u00faltimos partidos amistosos con su selecci\u00f3n, pero estar\u00eda disponible para el partido contra InglaterraFigura de la selecci\u00f3n Portugal podr\u00eda ir al Manchester United de Inglaterra: esto dice la prensa italianaLa directiva del Milan analiza la propuesta del Manchester United por Rafael Leao, que podr\u00eda incluir jugadores como Joshua Zirkzee y desencadenar una importante reconfiguraci\u00f3n en el ataque rossonero de cara a la pr\u00f3xima Champions LeagueM\u00c1S NOTICIAS","body_rewritten":"<h2 class='text-2xl font-bold mt-6 mb-3'>Aumento significativo en la financiaci\u00f3n de la FIFA<\/h2><p class='mb-4 leading-relaxed'>El Consejo de la FIFA aprob\u00f3 un <strong>incremento del 15%<\/strong> en los fondos destinados a las 48 selecciones que participar\u00e1n en la Copa Mundial de la FIFA 2026. Esta decisi\u00f3n eleva la cifra total a <strong>USD 871 millones<\/strong> para la distribuci\u00f3n, lo que representa un apoyo sin precedentes a las federaciones miembro. Cada federaci\u00f3n recibir\u00e1 <strong>USD 2,5 millones<\/strong> para la preparaci\u00f3n y <strong>USD 10 millones<\/strong> por la clasificaci\u00f3n, superando las cifras de la edici\u00f3n anterior.<\/p><blockquote class='border-l-4 border-gray-300 pl-4 italic my-4'>La FIFA se enorgullece de contar con la posici\u00f3n financiera m\u00e1s s\u00f3lida de su historia, lo que nos permite brindar apoyo sin precedentes a todas nuestras Asociaciones Miembro. Este es un ejemplo m\u00e1s de c\u00f3mo los recursos de la FIFA se reinvierten en el f\u00fatbol.<\/blockquote><h2 class='text-2xl font-bold mt-6 mb-3'>Colombia, entre las favoritas para el mundial 2026<\/h2><p class='mb-4 leading-relaxed'>Seg\u00fan el prestigioso medio brit\u00e1nico The Athletic, la selecci\u00f3n Colombia se posiciona en el <strong>noveno puesto<\/strong> del ranking de favoritos para ganar la Copa Mundial de la FIFA 2026. El informe destaca a <strong>James Rodr\u00edguez<\/strong> como l\u00edder en lo que podr\u00eda ser su \u00faltima participaci\u00f3n mundialista, y resalta el excelente momento de forma de <strong>Luis D\u00edaz<\/strong>, a quien describe como el jugador m\u00e1s peligroso del equipo.<\/p><ul class='list-disc pl-5 mb-4 space-y-1'><li>Colombia supera a selecciones como Croacia, Marruecos y Uruguay en el ranking.<\/li><li>Es la <strong>tercera selecci\u00f3n sudamericana<\/strong> mejor ubicada, solo detr\u00e1s de Argentina y Brasil.<\/li><li>Espa\u00f1a lidera la clasificaci\u00f3n, seguida por Argentina y Francia.<\/li><\/ul><h2 class='text-2xl font-bold mt-6 mb-3'>Calendario de partidos de Colombia en la fase de grupos<\/h2><p class='mb-4 leading-relaxed'>La selecci\u00f3n Colombia ya conoce sus primeros rivales y fechas para la Copa Mundial de la FIFA 2026. Enfrentar\u00e1 a Uzbekist\u00e1n en Ciudad de M\u00e9xico, a la Rep\u00fablica Democr\u00e1tica del Congo en Guadalajara y cerrar\u00e1 la fase de grupos contra Portugal en Miami. Estos encuentros ser\u00e1n cruciales para el avance del equipo en el torneo.<\/p>","status":"published","author":null,"image_url":"https:\/\/colombiahoy.s3.us-east-2.amazonaws.com\/articles\/3660\/image-97a5a957b268710b6e35c59be7de13e53fa13756b8bde9d7c7df395707bcffda.webp","canonical_url":"https:\/\/www.infobae.com\/colombia\/deportes\/2026\/04\/29\/la-seleccion-colombia-recibira-mas-plata-por-la-participacion-en-la-copa-mundial-de-la-fifa-2026-este-es-el-aumento-aprobado\/","published_at":"2026-04-29 16:24","created_at":"2026-04-29 18:00","last_error":null,"topics":[{"id":1,"name":"Deportes","slug":"deportes"}],"source":"Selecci\u00f3n Colombia"},{"id":3661,"title":"Noticiero 90 Minutos: Actualidad diaria de Cali y el Valle del Cauca","slug":"noticiero-90-minutos-actualidad-diaria-de-cali-y-el-valle-del-cauca","title_original":"21\u00a0\u0440\u0435\u0430\u043a\u0446\u0438\u044f | #Noti90 P\u00f3ngase al d\u00eda con las noticias de actualidad de Cali y el Valle del Cauca con 90 al d\u00eda.\n\n\ud83d\udcccConoce m\u00e1s en 90minutos.co | Noticiero 90 Minutos","title_rewritten":"Noticiero 90 Minutos: Actualidad diaria de Cali y el Valle del Cauca","excerpt":"Noticiero 90 Minutos ofrece las noticias m\u00e1s relevantes de Cali y el Valle del Cauca. Mant\u00e9ngase informado con la actualidad regional y los eventos que impactan la vida diaria de sus habitantes.","body":"<h2 class='text-2xl font-bold mt-6 mb-3'>Mant\u00e9ngase informado con 90 minutos<\/h2><p class='mb-4 leading-relaxed'>El <strong>Noticiero 90 Minutos<\/strong> se consolida como la fuente principal para conocer el pulso diario de <strong>Cali y el Valle del Cauca<\/strong>. Con una cobertura exhaustiva, el programa trae a sus hogares las noticias m\u00e1s relevantes, desde los acontecimientos que afectan la <strong>seguridad ciudadana<\/strong> hasta los sucesos que impactan la vida de la comunidad.<\/p><h2 class='text-2xl font-bold mt-6 mb-3'>Cobertura completa de la regi\u00f3n<\/h2><p class='mb-4 leading-relaxed'>Cada emisi\u00f3n de <strong>90 Minutos<\/strong> est\u00e1 dise\u00f1ada para mantener a los televidentes al tanto de la <strong>actualidad regional<\/strong>. Desde an\u00e1lisis de situaciones de <strong>orden p\u00fablico<\/strong> hasta reportajes sobre iniciativas comunitarias, el noticiero ofrece una visi\u00f3n integral de lo que ocurre en el departamento. Visite 90minutos.co para m\u00e1s detalles.<\/p>","body_original":"#Noti90 P\u00f3ngase al d\u00eda con las noticias de actualidad de Cali y el Valle del Cauca con 90 al d\u00eda. \ud83d\udcccConoce m\u00e1s en 90minutos.co | Noticiero 90 Minutos","body_rewritten":"<h2 class='text-2xl font-bold mt-6 mb-3'>Mant\u00e9ngase informado con 90 minutos<\/h2><p class='mb-4 leading-relaxed'>El <strong>Noticiero 90 Minutos<\/strong> se consolida como la fuente principal para conocer el pulso diario de <strong>Cali y el Valle del Cauca<\/strong>. Con una cobertura exhaustiva, el programa trae a sus hogares las noticias m\u00e1s relevantes, desde los acontecimientos que afectan la <strong>seguridad ciudadana<\/strong> hasta los sucesos que impactan la vida de la comunidad.<\/p><h2 class='text-2xl font-bold mt-6 mb-3'>Cobertura completa de la regi\u00f3n<\/h2><p class='mb-4 leading-relaxed'>Cada emisi\u00f3n de <strong>90 Minutos<\/strong> est\u00e1 dise\u00f1ada para mantener a los televidentes al tanto de la <strong>actualidad regional<\/strong>. Desde an\u00e1lisis de situaciones de <strong>orden p\u00fablico<\/strong> hasta reportajes sobre iniciativas comunitarias, el noticiero ofrece una visi\u00f3n integral de lo que ocurre en el departamento. Visite 90minutos.co para m\u00e1s detalles.<\/p>","status":"published","author":null,"image_url":"https:\/\/colombiahoy.s3.us-east-2.amazonaws.com\/articles\/3661\/image-5a4646ee7c52b6b126b747c3f0110eaa3612bb87cd559b192fe5c802f938c6d9.webp","canonical_url":"https:\/\/www.facebook.com\/noticiero90minutos\/videos\/noti90-p%C3%B3ngase-al-d%C3%ADa-con-las-noticias-de-actualidad-de-cali-y-el-valle-del-cauc\/1450687779574325\/","published_at":"2026-04-29 15:08","created_at":"2026-04-29 18:00","last_error":null,"topics":[{"id":2,"name":"Cali","slug":"cali"},{"id":3,"name":"Seguridad","slug":"seguridad"},{"id":5,"name":"Pol\u00edtica","slug":"politica"}],"source":"Actualidad Cali"},{"id":3656,"title":"Gir\u00f3n: Una Oportunidad de Inversi\u00f3n en Vivienda Moderna y Estrat\u00e9gica","slug":"giron-una-oportunidad-de-inversion-en-vivienda-moderna-y-estrategica","title_original":"Alquiler Apartamentos en Giron - 3 habitacion(es) - fincaraiz.elpais.com.co","title_rewritten":"Gir\u00f3n: Una Oportunidad de Inversi\u00f3n en Vivienda Moderna y Estrat\u00e9gica","excerpt":"Descubra un moderno apartamento de 50 m\u00b2 en el barrio Carrizal de Gir\u00f3n, estrato 3, ideal para vivir e invertir. Su ubicaci\u00f3n estrat\u00e9gica ofrece f\u00e1cil acceso a servicios y v\u00edas principales, garantizando una excelente calidad de vida y potencial de crecimiento.","body":"<h2 class='text-2xl font-bold mt-6 mb-3'>Un moderno apartamento en el coraz\u00f3n de carrizal<\/h2><p class='mb-4 leading-relaxed'>En el vibrante barrio Carrizal de Gir\u00f3n, se presenta una <strong>oportunidad \u00fanica<\/strong> para quienes buscan establecerse en una zona de <strong>crecimiento constante<\/strong>. Este moderno apartamento, con 50 m\u00b2 y construido en 2025, est\u00e1 dise\u00f1ado para ofrecer un ambiente funcional y acogedor, ideal para la vida contempor\u00e1nea.<\/p><h2 class='text-2xl font-bold mt-6 mb-3'>Inversi\u00f3n inteligente en una ubicaci\u00f3n privilegiada<\/h2><p class='mb-4 leading-relaxed'>Su ubicaci\u00f3n estrat\u00e9gica garantiza un <strong>f\u00e1cil acceso<\/strong> a v\u00edas principales y servicios esenciales, lo que lo convierte en un punto atractivo para residentes y emprendedores. La cercan\u00eda a comercios, escuelas y espacios recreativos refuerza su atractivo. El estrato 3 asegura una <strong>vivienda accesible<\/strong> sin comprometer la calidad, reforzando su atractivo como lugar ideal para vivir y trabajar.<\/p><blockquote class='border-l-4 border-gray-300 pl-4 italic my-4'>Este apartamento no solo es un espacio para habitar, sino una <strong>inversi\u00f3n en un futuro prometedor<\/strong> en una de las zonas con mayor proyecci\u00f3n de Gir\u00f3n.<\/blockquote>","body_original":"En el coraz\u00f3n del barrio Carrizal en Gir\u00f3n, se erige un moderno apartamento que representa una oportunidad \u00fanica para aquellos que buscan establecerse en una zona en crecimiento. Con un \u00e1rea de 50 m\u00b2, este inmueble, construido en 2025, est\u00e1 dise\u00f1ado para ofrecer un ambiente acogedor y funcional, ideal para la vida contempor\u00e1nea. Su ubicaci\u00f3n estrat\u00e9gica permite un f\u00e1cil acceso a v\u00edas principales y servicios esenciales, lo que garantiza un flujo constante de clientes potenciales para cualquier emprendimiento que se desee desarrollar en el \u00e1rea. El estrato 3 del apartamento lo convierte en una opci\u00f3n atractiva para quienes buscan una vivienda accesible sin sacrificar calidad. La cercan\u00eda a comercios, escuelas y espacios recreativos refuerza su atractivo, convirti\u00e9ndolo en un lugar ideal para vivir y trabajar. Este apartamento no solo es un espacio para habitar, sino una inversi\u00f3n en un futuro prometedor. C\u00f3digo interno: A125833","body_rewritten":"<h2 class='text-2xl font-bold mt-6 mb-3'>Un moderno apartamento en el coraz\u00f3n de carrizal<\/h2><p class='mb-4 leading-relaxed'>En el vibrante barrio Carrizal de Gir\u00f3n, se presenta una <strong>oportunidad \u00fanica<\/strong> para quienes buscan establecerse en una zona de <strong>crecimiento constante<\/strong>. Este moderno apartamento, con 50 m\u00b2 y construido en 2025, est\u00e1 dise\u00f1ado para ofrecer un ambiente funcional y acogedor, ideal para la vida contempor\u00e1nea.<\/p><h2 class='text-2xl font-bold mt-6 mb-3'>Inversi\u00f3n inteligente en una ubicaci\u00f3n privilegiada<\/h2><p class='mb-4 leading-relaxed'>Su ubicaci\u00f3n estrat\u00e9gica garantiza un <strong>f\u00e1cil acceso<\/strong> a v\u00edas principales y servicios esenciales, lo que lo convierte en un punto atractivo para residentes y emprendedores. La cercan\u00eda a comercios, escuelas y espacios recreativos refuerza su atractivo. El estrato 3 asegura una <strong>vivienda accesible<\/strong> sin comprometer la calidad, reforzando su atractivo como lugar ideal para vivir y trabajar.<\/p><blockquote class='border-l-4 border-gray-300 pl-4 italic my-4'>Este apartamento no solo es un espacio para habitar, sino una <strong>inversi\u00f3n en un futuro prometedor<\/strong> en una de las zonas con mayor proyecci\u00f3n de Gir\u00f3n.<\/blockquote>","status":"published","author":null,"image_url":"https:\/\/colombiahoy.s3.us-east-2.amazonaws.com\/articles\/3656\/image-20a7d57d9cfda43b8d548546278e4ab7c7f25f3e192e000140b382fbb47edc70.webp","canonical_url":"https:\/\/fincaraiz.elpais.com.co\/aviso\/apartamentos-alquiler-giron-vp2073953-bienco","published_at":"2026-04-29 04:45","created_at":"2026-04-29 06:00","last_error":null,"topics":[{"id":2,"name":"Cali","slug":"cali"},{"id":6,"name":"Econom\u00eda","slug":"economia"}],"source":"Noticias de El Pa\u00eds"},{"id":3658,"title":"Deportivo Cali se acerca a la clasificaci\u00f3n tras vencer al Am\u00e9rica en un cl\u00e1sico ag\u00f3nico","slug":"deportivo-cali-se-acerca-a-la-clasificacion-tras-vencer-al-america-en-un-clasico-agonico","title_original":"Deportivo Cali volvi\u00f3 a sumar y se enrut\u00f3 a la clasificaci\u00f3n; este ser\u00e1 su pr\u00f3ximo rival - elpais.com.co","title_rewritten":"Deportivo Cali se acerca a la clasificaci\u00f3n tras vencer al Am\u00e9rica en un cl\u00e1sico ag\u00f3nico","excerpt":"El Deportivo Cali logr\u00f3 una victoria ag\u00f3nica 1-0 ante el Am\u00e9rica en el cl\u00e1sico cale\u00f1o, alcanzando 26 puntos y la octava posici\u00f3n. Ahora, los 'azucareros' se preparan para una final contra Deportes Tolima en busca de la clasificaci\u00f3n a cuadrangulares.","body":"<h2 class='text-2xl font-bold mt-6 mb-3'>Victoria clave en el cl\u00e1sico vallecaucano<\/h2><p class='mb-4 leading-relaxed'>Los dirigidos por Rafael Dudamel consiguieron una <strong>victoria ag\u00f3nica de 1-0<\/strong> frente al Am\u00e9rica en el cl\u00e1sico cale\u00f1o. Este triunfo les permiti\u00f3 alcanzar los <strong>26 puntos<\/strong> y una diferencia de gol de +4, ubic\u00e1ndose en la octava posici\u00f3n y reavivando la ilusi\u00f3n de sus seguidores. Su pr\u00f3ximo y decisivo encuentro ser\u00e1 contra el <strong>Deportes Tolima<\/strong> el s\u00e1bado 2 de mayo en Ibagu\u00e9.<\/p><h2 class='text-2xl font-bold mt-6 mb-3'>Am\u00e9rica, ya clasificado, busca recomponerse<\/h2><p class='mb-4 leading-relaxed'>A pesar de la derrota ante los &#039;azucareros&#039;, el <strong>Am\u00e9rica de Cali<\/strong> ya tiene asegurado su cupo en los cuadrangulares, ocupando la quinta posici\u00f3n con <strong>30 puntos<\/strong>. Sin embargo, los &#039;diablos rojos&#039; deber\u00e1n superar este rev\u00e9s del cl\u00e1sico y enfocarse en su pr\u00f3ximo compromiso contra <strong>Tigre<\/strong> el jueves 30 de abril.<\/p><blockquote class='border-l-4 border-gray-300 pl-4 italic my-4'>Una <strong>desconcentraci\u00f3n<\/strong> nos cost\u00f3 el partido ante Deportivo Cali<\/blockquote><h2 class='text-2xl font-bold mt-6 mb-3'>La lucha por los \u00faltimos cupos<\/h2><ul class='list-disc pl-5 mb-4 space-y-1'><li><strong>Deportivo Cali<\/strong>: Octavo con <strong>26 puntos<\/strong> y 18 partidos jugados.<\/li><li><strong>Independiente Santa Fe<\/strong>: S\u00e9ptimo con <strong>26 puntos<\/strong> y 18 partidos jugados.<\/li><li><strong>Independiente Medell\u00edn<\/strong>: Noveno con <strong>26 puntos<\/strong> y 18 partidos jugados.<\/li><li><strong>Millonarios<\/strong>: D\u00e9cimo con <strong>25 puntos<\/strong> y 18 partidos jugados.<\/li><\/ul>","body_original":"DeportesDeportivo Cali volvi\u00f3 a sumar y se enrut\u00f3 a la clasificaci\u00f3n; este ser\u00e1 su pr\u00f3ximo rival A los \u2018azucareros\u2019 les queda una final para cumplir con su objetivo. Siga a EL PA\u00cdS en Google Discover y no se pierda las \u00faltimas noticiasDeportivo Cali vs, Am\u00e9rica de Cali, fecha 18 de la Liga BetPlay 2026 - I | Foto: Ra\u00fal Palacios \/ El Pa\u00edsAndr\u00e9s Felipe Pe\u00f1a Torres 26 de abr de 2026, 01:58 a. m.Actualizado el 26 de abr de 2026, 11:58 a. m.Wendy Yoana Mambuscay Giraldo 26 de abr de 2026, 01:58 a. m.Actualizado el 26 de abr de 2026, 11:58 a. m.Sigue el canal de El Pa\u00eds Cali en WhatsAppNoticiasDestacadasNoticias Destacadas1.Tulio G\u00f3mez confiesa motivos por el que perdi\u00f3 protagonismo Tilman Palacios2.Tigre Vs. Am\u00e9rica de Cali: as\u00ed puede ver el partido de la fecha 3 de la Copa Sudamericana3.En electrizante partido, Luis D\u00edaz revivi\u00f3 al Bayer M\u00fanich; la seria qued\u00f3 abierta4.FIFA anunci\u00f3 que aumentar\u00e1 los premios econ\u00f3micos para la Copa del Mundo 20265.Colombia vuelve a tener dificultades para sumar en la Copa Libertadores y SudamericanaLos dirigidos por Rafael Dudamel lograron una victoria ag\u00f3nica 1-0 ante el Am\u00e9rica por el cl\u00e1sico cale\u00f1o. Con este resultado, los \u2018verdiblancos\u2019 llegaron a 26 puntos con una diferencia de gol de +4 y se ubicaron en la octava posici\u00f3n, generando gran ilusi\u00f3n a todos sus hinchas. De esta manera, su \u00faltimo partido de la fase del todos contra todos ser\u00e1 ante el Deportes Tolima y est\u00e1 programado para el pr\u00f3ximo s\u00e1bado 2 de mayo en el estadio Manuel Murillo Toro, en la ciudad de Ibagu\u00e9.Deportivo Cali vs, Am\u00e9rica de Cali, fecha 18 de la Liga BetPlay 2026 - I | Foto: Ra\u00fal Palacios \/ El Pa\u00edsA pesar de que en este encuentro el Am\u00e9rica de Cali sali\u00f3 derrotado por los \u2018azucareros\u2019, el equipo escarlata ya est\u00e1 instalado en los cuadrangulares en la quinta posici\u00f3n, contando con 30 puntos, mientras avanza en los playoffs de la Liga BetPlay.No obstante, \u2018los diablos rojos\u2019 tendr\u00e1n que recomponerse de este rev\u00e9s en el cl\u00e1sico vallecaucano y prepararse para su pr\u00f3ximo encuentro deportivo del jueves 30 de abril, contra Tigre.David Gonz\u00e1lez, t\u00e9cnico de Am\u00e9rica, tras perder el cl\u00e1sico: \u201cUna desconcentraci\u00f3n nos cost\u00f3 el partido ante Deportivo Cali\u201dMientras tanto, hay que tener en cuenta que son varios equipos los que luchan por los \u00faltimos dos puestos de la tabla para entrar a los ocho equipos.Deportivo Cali le gan\u00f3 al Am\u00e9rica en la jornada 18 de la Liga BetPlay I-2026 | Foto: Jorge Orozco \/El Pa\u00edsTabla de posiciones actualAtl\u00e9tico Nacional \u2014 40 puntos: L\u00edder indiscutible del torneo con 18 partidos jugados.Deportivo Pasto \u2014 34 puntos: Segundo clasificado con 18 partidos jugados.Junior de Barranquilla \u2014 32 puntos: Tercero con 17 partidos jugados. Deportes Tolima \u2014 30 puntos: Cuarto con 18 partidos jugados.Am\u00e9rica de Cali \u2014 30 puntos: Quinto con 18 partidos jugados.Once Caldas \u2014 29 puntos: Sexto con 17 partidos jugados.Independiente Santa Fe \u2014 26 puntos: S\u00e9ptimo con 18 partidos jugados. Deportivo Cali \u2014 26 puntos: Octavo con 18 partidos jugados.Independiente Medell\u00edn \u2014 26 puntos: Noveno con partidos jugados.Millonarios \u2014 25 puntos: D\u00e9cimo con 18 partidos jugados.Internacional de Bogot\u00e1 \u2014 25 puntos: Con 17 partidos jugados.Atl\u00e9tico Bucaramanga \u2014 23 puntos: Con 18 partidos jugados.\u00c1guilas Doradas \u2014 22 puntos: Con 17 partidos jugados. Llaneros FC \u2014 21 puntos: Con 17 partidos jugados. Fortaleza CEIF \u2014 19 puntos: Con 18 partidos jugados. C\u00facuta Deportivo \u2014 16 puntos: Con 17 partidos jugados.Alianza FC \u2014 15 puntos: Con 17 partidos jugados.Jaguares de C\u00f3rdoba \u2014 14 puntos: Con 17 partidos jugados.Boyac\u00e1 Chic\u00f3 \u2014 14 puntos: Con 17 partidos jugados. Deportivo Pereira \u2014 10 puntos: \u00daltimo con 18 partidos jugados. Este equipo no tiene victorias en todo el torneo, por lo que est\u00e1 en el fondo de la tabla.Am\u00e9rica de Cali calienta el cl\u00e1sico vallecaucano con un mensaje en redes sociales que muchos creen que es una indirecta al Deportivo CaliAndr\u00e9s Felipe Pe\u00f1a TorresPeriodista web elpais.com.coWendy Yoana Mambuscay GiraldoComunicadora social con experiencia en comunicaci\u00f3n organizacional, creaci\u00f3n de contenido digital y redacci\u00f3n period\u00edstica y corporativa.Reg\u00edstrate gratis al bolet\u00edn de noticias El Pa\u00edsPor favor ingresa un correo electr\u00f3nicoAcepto Pol\u00edtica de Tratamiento de Datos de El Pa\u00eds.Recuerda aceptar los t\u00e9rminos y condiciones para continuar.INSCR\u00cdBETE AQU\u00cdDeportivo CaliLiga Betplayeliminaci\u00f3nDescarga la APP ElPa\u00eds.com.co:Convierta a El Pa\u00eds.com.co en su fuente de noticias aqu\u00edNoticiasDestacadasNoticias Destacadas1.Tulio G\u00f3mez confiesa motivos por el que perdi\u00f3 protagonismo Tilman Palacios2.Tigre Vs. Am\u00e9rica de Cali: as\u00ed puede ver el partido de la fecha 3 de la Copa Sudamericana3.En electrizante partido, Luis D\u00edaz revivi\u00f3 al Bayer M\u00fanich; la seria qued\u00f3 abierta4.FIFA anunci\u00f3 que aumentar\u00e1 los premios econ\u00f3micos para la Copa del Mundo 20265.Colombia vuelve a tener dificultades para sumar en la Copa Libertadores y Sudamericana","body_rewritten":"<h2 class='text-2xl font-bold mt-6 mb-3'>Victoria clave en el cl\u00e1sico vallecaucano<\/h2><p class='mb-4 leading-relaxed'>Los dirigidos por Rafael Dudamel consiguieron una <strong>victoria ag\u00f3nica de 1-0<\/strong> frente al Am\u00e9rica en el cl\u00e1sico cale\u00f1o. Este triunfo les permiti\u00f3 alcanzar los <strong>26 puntos<\/strong> y una diferencia de gol de +4, ubic\u00e1ndose en la octava posici\u00f3n y reavivando la ilusi\u00f3n de sus seguidores. Su pr\u00f3ximo y decisivo encuentro ser\u00e1 contra el <strong>Deportes Tolima<\/strong> el s\u00e1bado 2 de mayo en Ibagu\u00e9.<\/p><h2 class='text-2xl font-bold mt-6 mb-3'>Am\u00e9rica, ya clasificado, busca recomponerse<\/h2><p class='mb-4 leading-relaxed'>A pesar de la derrota ante los &#039;azucareros&#039;, el <strong>Am\u00e9rica de Cali<\/strong> ya tiene asegurado su cupo en los cuadrangulares, ocupando la quinta posici\u00f3n con <strong>30 puntos<\/strong>. Sin embargo, los &#039;diablos rojos&#039; deber\u00e1n superar este rev\u00e9s del cl\u00e1sico y enfocarse en su pr\u00f3ximo compromiso contra <strong>Tigre<\/strong> el jueves 30 de abril.<\/p><blockquote class='border-l-4 border-gray-300 pl-4 italic my-4'>Una <strong>desconcentraci\u00f3n<\/strong> nos cost\u00f3 el partido ante Deportivo Cali<\/blockquote><h2 class='text-2xl font-bold mt-6 mb-3'>La lucha por los \u00faltimos cupos<\/h2><ul class='list-disc pl-5 mb-4 space-y-1'><li><strong>Deportivo Cali<\/strong>: Octavo con <strong>26 puntos<\/strong> y 18 partidos jugados.<\/li><li><strong>Independiente Santa Fe<\/strong>: S\u00e9ptimo con <strong>26 puntos<\/strong> y 18 partidos jugados.<\/li><li><strong>Independiente Medell\u00edn<\/strong>: Noveno con <strong>26 puntos<\/strong> y 18 partidos jugados.<\/li><li><strong>Millonarios<\/strong>: D\u00e9cimo con <strong>25 puntos<\/strong> y 18 partidos jugados.<\/li><\/ul>","status":"published","author":null,"image_url":"https:\/\/colombiahoy.s3.us-east-2.amazonaws.com\/articles\/3658\/image-66eb5fc712682668a0be0cabeb9a2187b36ffead5d9d4df98d95466a7ffe4234.webp","canonical_url":"https:\/\/www.elpais.com.co\/deportes\/deportivo-cali-volvio-a-sumar-y-se-enruto-a-la-clasificacion-este-sera-su-proximo-rival-2541.html","published_at":"2026-04-29 00:42","created_at":"2026-04-29 06:00","last_error":null,"topics":[{"id":1,"name":"Deportes","slug":"deportes"},{"id":2,"name":"Cali","slug":"cali"}],"source":"Deportes en Cali"},{"id":3659,"title":"Captura de alias \"David\", cabecilla de las disidencias Dagoberto Ramos, en Palmira","slug":"captura-de-alias-david-cabecilla-de-las-disidencias-dagoberto-ramos-en-palmira","title_original":"Captura de alias \u201cDavid\u201d, cabecilla de \u2018Dagoberto Ramos\u2019, en Palmira - Radio Nacional de Colombia","title_rewritten":"Captura de alias \"David\", cabecilla de las disidencias Dagoberto Ramos, en Palmira","excerpt":"La Polic\u00eda Nacional captur\u00f3 en Palmira a alias \"David\", cabecilla de las disidencias \u2018Dagoberto Ramos\u2019. Acusado de terrorismo, narcotr\u00e1fico y m\u00e1s de 40 acciones violentas, incluyendo ataques que dejaron 20 muertos y 38 heridos. Llevaba m\u00e1s de 20 a\u00f1os en la criminalidad.","body":"<h2 class='text-2xl font-bold mt-6 mb-3'>Golpe contundente a las disidencias de las Farc<\/h2><p class='mb-4 leading-relaxed'>La <strong>Polic\u00eda Nacional<\/strong>, en una operaci\u00f3n conjunta con el <strong>Ej\u00e9rcito<\/strong> y la <strong>Fiscal\u00eda General de la Naci\u00f3n<\/strong>, anunci\u00f3 la captura de <strong>Jos\u00e9 Alex Vitonco<\/strong>, conocido con los alias de \u201cDavid\u201d o \u201cMi Pez\u201d. Este individuo, m\u00e1ximo cabecilla de la estructura criminal \u2018Dagoberto Ramos\u2019, fue aprehendido en una zona rural de <strong>Palmira, Valle del Cauca<\/strong>, mientras se movilizaba con su compa\u00f1era sentimental y su esquema de seguridad. Durante el procedimiento, se le incautaron una pistola calibre 9 mil\u00edmetros y siete equipos celulares, que ser\u00e1n clave para futuras investigaciones.<\/p><h2 class='text-2xl font-bold mt-6 mb-3'>Un historial criminal de m\u00e1s de dos d\u00e9cadas<\/h2><p class='mb-4 leading-relaxed'>Alias \u201cDavid\u201d acumulaba m\u00e1s de <strong>20 a\u00f1os de trayectoria criminal<\/strong>, siendo considerado uno de los cabecillas m\u00e1s violentos del pa\u00eds. Era hombre de confianza de alias \u201cMarlon\u201d y cercano al c\u00edrculo de alias \u201cIv\u00e1n Mordisco\u201d. El director de la Polic\u00eda Nacional, William Rinc\u00f3n, destac\u00f3 que este delincuente es requerido por <strong>terrorismo<\/strong> y deber\u00e1 responder por una escalada terrorista que, junto a alias \u201cMarlon\u201d y alias \u201cMax\u201d, dej\u00f3 un saldo mortal de <strong>20 v\u00edctimas y 38 heridos<\/strong>.<\/p><blockquote class='border-l-4 border-gray-300 pl-4 italic my-4'>Es importante se\u00f1alar que este delincuente es requerido por terrorismo, pero adem\u00e1s tendr\u00e1 que responder por la escalada terrorista que ejecut\u00f3 con alias \u201cMarlon\u201d y alias \u201cMax\u201d que dej\u00f3 un saldo mortal de <strong>20 v\u00edctimas y 38 heridos<\/strong><\/blockquote><h2 class='text-2xl font-bold mt-6 mb-3'>Liderazgo en narcotr\u00e1fico y acciones terroristas<\/h2><ul class='list-disc pl-5 mb-4 space-y-1'><li><strong>Direcci\u00f3n y coordinaci\u00f3n<\/strong> de m\u00e1s de 40 acciones terroristas recientes contra la poblaci\u00f3n civil y la Fuerza P\u00fablica.<\/li><li>Liderazgo de una de las estructuras criminales m\u00e1s peligrosas del pa\u00eds.<\/li><li>Principal dinamizador del <strong>narcotr\u00e1fico<\/strong> en el suroccidente, con rutas hacia Panam\u00e1 y Estados Unidos.<\/li><li>Financiaci\u00f3n de la adquisici\u00f3n de explosivos y drones para ejecutar acciones terroristas.<\/li><\/ul>","body_original":"Martes, 28 Abril , 2026 Desde Cali la Polic\u00eda Nacional anunci\u00f3 la captura del m\u00e1ximo cabecilla de la estructura criminal \u2018Dagoberto Ramos\u2019 Jos\u00e9 Alex Vitonco , alias \u201cDavid\u201d o \u201cMi Pez\u201d acumulaba m\u00e1s de 20 a\u00f1os de trayectoria criminal. Fue hombre de confianza de alias \u201cMarlon\u201d y cercano al c\u00edrculo de alias \u201cIv\u00e1n Mordisco. Judicial Radio Nacional Milton Fabian Henao El comandante de La Polic\u00eda Nacional William Rinc\u00f3n confirm\u00f3 la captura de Jos\u00e9 Alex Vitonco , alias \u201cDavid\u201d o \u201cMi Pez\u201d, m\u00e1ximo cabecilla de la estructura criminal \u2018Dagoberto Ramos\u2019, un trabajo realizado entre esta instituci\u00f3n, el ej\u00e9rcito y la Fiscal\u00eda General de la Naci\u00f3n.La captura se produjo en zona rural del municipio de Palmira, Valle del Cauca, cuando alias \u201cDavid\u201d se movilizaba con su compa\u00f1era sentimental y su esquema de seguridad armado para adelantar acciones criminales.\u201cEs importante se\u00f1alar que este delincuente es requerido por terrorismo, pero adem\u00e1s tendr\u00e1 que responder por la escalada terrorista que ejecut\u00f3 con alias \u201cMarlon\u201d y alias \u201cMax\u201d que dej\u00f3 un saldo mortal de 20 v\u00edctimas y 38 heridos\u201d, se\u00f1al\u00f3 el director de la Polic\u00eda Nacional William Rinc\u00f3n.Puedes leer: Ej\u00e9rcito frustra atentado con dron explosivo en Popay\u00e1n.Durante el procedimiento se le incaut\u00f3 una pistola calibre 9 mil\u00edmetros y siete equipos celulares, que ser\u00e1n sometidos a an\u00e1lisis forense para fortalecer las investigaciones en curso.De acuerdo con el director de la polic\u00eda, \u201cAlias \u201cDavid\u201d acumulaba m\u00e1s de 20 a\u00f1os de trayectoria criminal, siendo uno de los cabecillas m\u00e1s violentos del pa\u00eds, hombre de confianza de alias \u201cMarlon\u201d y cercano al c\u00edrculo de alias \u201cIv\u00e1n Mordisco\u201d.Entre sus principales antecedentes se destacan: Direcci\u00f3n y coordinaci\u00f3n de m\u00e1s de 40 acciones terroristas en los \u00faltimos d\u00edas contra la poblaci\u00f3n civil y la Fuerza P\u00fablica.El capturado lideraba una de las estructuras criminales m\u00e1s peligrosas del pa\u00eds y era uno de los principales dinamizadores del narcotr\u00e1fico en el suroccidente, con rutas hacia Panam\u00e1 y Estados Unidos, financiando la adquisici\u00f3n de explosivos y drones para acciones terroristas.Lee adem\u00e1s: Inseguridad en Bogot\u00e1: joven relata intento de robo con sustancia en Transmilenio.\ud83d\udce2 Ent\u00e9rate de lo que pasa en Colombia, sus regiones y el mundo a trav\u00e9s de las emisiones de RTVC Noticias: \ud83d\udcfa m\u00edranos en vivo en la pantalla de Se\u00f1al Colombia y esc\u00fachanos en las 74 frecuencias de Radio Nacional de Colombia. Art\u00edculos Player Sigue a Radionacional y mantente conectado ETIQUETAS Valle del Cauca Disidencias de las Farc Palmira Fiscal General de La Naci\u00f3n M\u00c1S COMPARTIDO Santa Marta acoge la primera conferencia internacional para acelerar la transici\u00f3n m\u00e1s all\u00e1 de los combustibles f\u00f3siles FAC confirma causas preliminares de tragedia a\u00e9rea en Putumayo Presidente Petro impulsa la Reforma Agraria con entrega de tierras en el Magdalena Medio M\u00c1S LE\u00cdDO Deportivo Cali vs. Junior: duelo clave por la clasificaci\u00f3n en la Liga Femenina Proyecto J\u00fapiter cap\u00edtulo 2: borrando evidencias El Pil\u00f3n: la danza que preserva la esencia y tradici\u00f3n del folclor vallenato NUEVAS HISTORIAS A 44 d\u00edas del Mundial 2026: Yerri Mina y un golazo que nos puso de cabeza Con oferta m\u00e9dica benefician a m\u00e1s de mil personas en Uribe, Meta Congresistas colombianos env\u00edan carta al Capitolio de EE. UU. exigiendo el fin del bloqueo a Cuba","body_rewritten":"<h2 class='text-2xl font-bold mt-6 mb-3'>Golpe contundente a las disidencias de las Farc<\/h2><p class='mb-4 leading-relaxed'>La <strong>Polic\u00eda Nacional<\/strong>, en una operaci\u00f3n conjunta con el <strong>Ej\u00e9rcito<\/strong> y la <strong>Fiscal\u00eda General de la Naci\u00f3n<\/strong>, anunci\u00f3 la captura de <strong>Jos\u00e9 Alex Vitonco<\/strong>, conocido con los alias de \u201cDavid\u201d o \u201cMi Pez\u201d. Este individuo, m\u00e1ximo cabecilla de la estructura criminal \u2018Dagoberto Ramos\u2019, fue aprehendido en una zona rural de <strong>Palmira, Valle del Cauca<\/strong>, mientras se movilizaba con su compa\u00f1era sentimental y su esquema de seguridad. Durante el procedimiento, se le incautaron una pistola calibre 9 mil\u00edmetros y siete equipos celulares, que ser\u00e1n clave para futuras investigaciones.<\/p><h2 class='text-2xl font-bold mt-6 mb-3'>Un historial criminal de m\u00e1s de dos d\u00e9cadas<\/h2><p class='mb-4 leading-relaxed'>Alias \u201cDavid\u201d acumulaba m\u00e1s de <strong>20 a\u00f1os de trayectoria criminal<\/strong>, siendo considerado uno de los cabecillas m\u00e1s violentos del pa\u00eds. Era hombre de confianza de alias \u201cMarlon\u201d y cercano al c\u00edrculo de alias \u201cIv\u00e1n Mordisco\u201d. El director de la Polic\u00eda Nacional, William Rinc\u00f3n, destac\u00f3 que este delincuente es requerido por <strong>terrorismo<\/strong> y deber\u00e1 responder por una escalada terrorista que, junto a alias \u201cMarlon\u201d y alias \u201cMax\u201d, dej\u00f3 un saldo mortal de <strong>20 v\u00edctimas y 38 heridos<\/strong>.<\/p><blockquote class='border-l-4 border-gray-300 pl-4 italic my-4'>Es importante se\u00f1alar que este delincuente es requerido por terrorismo, pero adem\u00e1s tendr\u00e1 que responder por la escalada terrorista que ejecut\u00f3 con alias \u201cMarlon\u201d y alias \u201cMax\u201d que dej\u00f3 un saldo mortal de <strong>20 v\u00edctimas y 38 heridos<\/strong><\/blockquote><h2 class='text-2xl font-bold mt-6 mb-3'>Liderazgo en narcotr\u00e1fico y acciones terroristas<\/h2><ul class='list-disc pl-5 mb-4 space-y-1'><li><strong>Direcci\u00f3n y coordinaci\u00f3n<\/strong> de m\u00e1s de 40 acciones terroristas recientes contra la poblaci\u00f3n civil y la Fuerza P\u00fablica.<\/li><li>Liderazgo de una de las estructuras criminales m\u00e1s peligrosas del pa\u00eds.<\/li><li>Principal dinamizador del <strong>narcotr\u00e1fico<\/strong> en el suroccidente, con rutas hacia Panam\u00e1 y Estados Unidos.<\/li><li>Financiaci\u00f3n de la adquisici\u00f3n de explosivos y drones para ejecutar acciones terroristas.<\/li><\/ul>","status":"published","author":null,"image_url":"https:\/\/radionacional-v3.s3.amazonaws.com\/s3fs-public\/node\/article\/field_image\/Desde%20Cali%20la%20Polic%C3%ADa%20Nacional%20anunci%C3%B3%20la%20captura%20del%20m%C3%A1ximo%20cabecilla%20de%20la%20estructura%20criminal%20%E2%80%98Dagoberto%20Ramos%E2%80%99.jpeg","canonical_url":"https:\/\/www.radionacional.co\/actualidad\/judicial\/captura-de-alias-david-cabecilla-de-dagoberto-ramos-en-palmira","published_at":"2026-04-28 20:03","created_at":"2026-04-29 06:00","last_error":null,"topics":[{"id":2,"name":"Cali","slug":"cali"},{"id":3,"name":"Seguridad","slug":"seguridad"}],"source":"Actualidad Cali"},{"id":3654,"title":"Colombia Sub-17 Femenina: Pr\u00f3ximo desaf\u00edo en el Sudamericano contra Chile","slug":"colombia-sub-17-femenina-proximo-desafio-en-el-sudamericano-contra-chile","title_original":"Horario del pr\u00f3ximo juego de la selecci\u00f3n Colombia Sub-17 en el Sudamericano - Win Sports","title_rewritten":"Colombia Sub-17 Femenina: Pr\u00f3ximo desaf\u00edo en el Sudamericano contra Chile","excerpt":"La Selecci\u00f3n Colombia Femenina Sub-17 se alista para enfrentar a Chile en su segundo partido del Sudamericano, el 28 de abril a las 6:00 p.m. en Ypan\u00e9, tras un empate inicial con Argentina. El equipo busca consolidar su prometedor desempe\u00f1o.","body":"<h2 class='text-2xl font-bold mt-6 mb-3'>El camino de la tricolor en el sudamericano<\/h2><p class='mb-4 leading-relaxed'>La <strong>selecci\u00f3n Colombia Femenina Sub-17<\/strong> ha generado gran expectativa con su nivel de juego en el Sudamericano. M\u00e1s all\u00e1 de los resultados, el grupo encarna una <strong>renovaci\u00f3n en estilo y ambici\u00f3n<\/strong> que promete transformar la escena juvenil femenina del pa\u00eds, mostrando un futuro brillante para el f\u00fatbol colombiano.<\/p><h2 class='text-2xl font-bold mt-6 mb-3'>Segundo desaf\u00edo: Enfrentando a chile<\/h2><p class='mb-4 leading-relaxed'>Despu\u00e9s de un valioso empate en su debut contra Argentina, la <strong>&#039;tricolor&#039;<\/strong> ya se alista para su nuevo desaf\u00edo. Colombia se medir\u00e1 ante la selecci\u00f3n de Chile este <strong>martes 28 de abril<\/strong> en un compromiso clave para sus aspiraciones en el torneo. Este importante partido se disputar\u00e1 en el estadio CARFEM de Ypan\u00e9 a las <strong>6:00 p.m., hora colombiana<\/strong>.<\/p><blockquote class='border-l-4 border-gray-300 pl-4 italic my-4'>El grupo encarna una <strong>renovaci\u00f3n en estilo y ambici\u00f3n<\/strong> que promete transformar la escena juvenil femenina.<\/blockquote><p class='mb-4 leading-relaxed'>Actualmente, Colombia ocupa la <strong>tercera posici\u00f3n<\/strong> en la tabla con un punto, mientras que Chile es segunda con tres unidades. Este encuentro ser\u00e1 fundamental para que la selecci\u00f3n nacional busque la victoria y se posicione mejor en la clasificaci\u00f3n del Sudamericano, consolidando su prometedor inicio.<\/p>","body_original":"Quiero unirme al canal de WhatsApp de Win Sports Si quieres disfrutar de la emoci\u00f3n del deporte, suscr\u00edbete a Win Play. Accede a partidos en vivo, contenido exclusivo y variedad de deportes, todo desde cualquier dispositivo. \u00bfQuieres ver los partidos del f\u00fatbol colombiano desde cualquier lugar? Suscr\u00edbete aqu\u00ed a Win Play La selecci\u00f3n Colombia Femenina Sub-17 exhibe un nivel de juego que est\u00e1 generando gran expectativa en el f\u00fatbol nacional.\ud83d\ude31 Mira la novedad que recibir\u00eda Millonarios sobre Santiago GiordanaM\u00e1s all\u00e1 de resultados, el grupo encarna una renovaci\u00f3n en estilo y ambici\u00f3n que promete transformar la escena juvenil femenina.La selecci\u00f3n Colombia se medir\u00e1 ante Chile en el Sudamericano Despu\u00e9s de su debut ante Argentina, donde consigui\u00f3 un valioso empate, la 'tricolor' ya se alista para su nuevo desaf\u00edo.Colombia tendr\u00e1 este martes 28 de abril su segunda salida en el Sudamericano ante la selecci\u00f3n de Chile.\ud83d\udc40 Mira el sue\u00f1o pendiente de Alejandro RestrepoEste importante compromiso, se disputar\u00e1 en el estadio CARFEM de Ypan\u00e9 a las 6:00 p.m., hora colombiana.Es as\u00ed como despu\u00e9s de la igualdad ante la 'albiceleste', Colombia tendr\u00e1 que que buscar la victoria ante Chile.Colombia va tercera en la tabla con un punto, mientras que Chile es segunda con 3. S\u00edguenos en Google News Temas Relacionados Selecci\u00f3n Colombia Femenina Sub 17 Sudamericano Selecci\u00f3n Chile M\u00e1s de Selecci\u00f3n Colombia \ud83d\udd34 EN VIVO: Colombia 0-0 Chile \u00a1Rueda el bal\u00f3n en Paraguay! Carlos Antonio V\u00e9lez lament\u00f3 dos ausencias en la selecci\u00f3n Colombia Colombia sum\u00f3 un empate ante Argentina en su debut del Sudamericano Videos M\u00e1s videos F\u00fatbol Colombiano Deportivo Cali se qued\u00f3 con el cl\u00e1sico en el \u00faltimo minuto ante Am\u00e9rica Deportivo Cali recibi\u00f3 en su casa a Am\u00e9rica por la fecha 18 de la Liga BetPlay. F\u00fatbol Colombiano Medell\u00edn venci\u00f3 con suspenso a Fortaleza y pelea por los playoffs F\u00fatbol Colombiano Pereira sorprendi\u00f3 a Nacional y logr\u00f3 su primera victoria en Liga F\u00fatbol Colombiano Bucaramanga y Jaguares empataron en un duelo parejo tambi\u00e9n en cifras Lo mejor de tu equipo Compartir HOY EN Copa Sudamericana Millonarios S\u00e3o Paulo Win + Win Sports Ver Online Todos los partidos Es noticia Liga BetPlay Millonarios Am\u00e9rica de Cali Atl\u00e9tico Nacional Conmebol Libertadores Conmebol Sudamericana","body_rewritten":"<h2 class='text-2xl font-bold mt-6 mb-3'>El camino de la tricolor en el sudamericano<\/h2><p class='mb-4 leading-relaxed'>La <strong>selecci\u00f3n Colombia Femenina Sub-17<\/strong> ha generado gran expectativa con su nivel de juego en el Sudamericano. M\u00e1s all\u00e1 de los resultados, el grupo encarna una <strong>renovaci\u00f3n en estilo y ambici\u00f3n<\/strong> que promete transformar la escena juvenil femenina del pa\u00eds, mostrando un futuro brillante para el f\u00fatbol colombiano.<\/p><h2 class='text-2xl font-bold mt-6 mb-3'>Segundo desaf\u00edo: Enfrentando a chile<\/h2><p class='mb-4 leading-relaxed'>Despu\u00e9s de un valioso empate en su debut contra Argentina, la <strong>&#039;tricolor&#039;<\/strong> ya se alista para su nuevo desaf\u00edo. Colombia se medir\u00e1 ante la selecci\u00f3n de Chile este <strong>martes 28 de abril<\/strong> en un compromiso clave para sus aspiraciones en el torneo. Este importante partido se disputar\u00e1 en el estadio CARFEM de Ypan\u00e9 a las <strong>6:00 p.m., hora colombiana<\/strong>.<\/p><blockquote class='border-l-4 border-gray-300 pl-4 italic my-4'>El grupo encarna una <strong>renovaci\u00f3n en estilo y ambici\u00f3n<\/strong> que promete transformar la escena juvenil femenina.<\/blockquote><p class='mb-4 leading-relaxed'>Actualmente, Colombia ocupa la <strong>tercera posici\u00f3n<\/strong> en la tabla con un punto, mientras que Chile es segunda con tres unidades. Este encuentro ser\u00e1 fundamental para que la selecci\u00f3n nacional busque la victoria y se posicione mejor en la clasificaci\u00f3n del Sudamericano, consolidando su prometedor inicio.<\/p>","status":"published","author":null,"image_url":"https:\/\/colombiahoy.s3.us-east-2.amazonaws.com\/articles\/3654\/image-b23bfc46e50276740a88d3ca14a6ad1b8c0d4e67e809c4a1020578bed9a5daf8.webp","canonical_url":"https:\/\/www.winsports.co\/seleccion-colombia\/noticias\/horario-del-proximo-juego-de-la-seleccion-colombia-sub-17-en-el-sudamericano-426653","published_at":"2026-04-28 16:56","created_at":"2026-04-29 00:00","last_error":null,"topics":[{"id":1,"name":"Deportes","slug":"deportes"}],"source":"Selecci\u00f3n Colombia"},{"id":3652,"title":"Colombia femenina Sub-17 enfrenta a Chile en crucial duelo sudamericano","slug":"colombia-femenina-sub-17-enfrenta-a-chile-en-crucial-duelo-sudamericano","title_original":"A qu\u00e9 hora juega HOY la Selecci\u00f3n Colombia femenina Sub-17 vs. Chile por el Sudamericano - Noticias Caracol","title_rewritten":"Colombia femenina Sub-17 enfrenta a Chile en crucial duelo sudamericano","excerpt":"La Selecci\u00f3n Colombia femenina Sub-17 se mide hoy a Chile en el Sudamericano. Un partido clave para las aspiraciones cafeteras en el torneo continental. Conozca los detalles del encuentro y la hora del pitazo inicial.","body":"<h2 class='text-2xl font-bold mt-6 mb-3'>Duelo clave por la clasificaci\u00f3n<\/h2><p class='mb-4 leading-relaxed'>La <strong>Selecci\u00f3n Colombia femenina Sub-17<\/strong> se alista para un enfrentamiento crucial este martes contra Chile en el marco del Sudamericano de la categor\u00eda. Este partido es vital para las aspiraciones de las <strong>j\u00f3venes cafeteras<\/strong> de avanzar a la siguiente fase del torneo, que otorga cupos al Mundial.<\/p><h2 class='text-2xl font-bold mt-6 mb-3'>El camino de las cafeteras en el torneo<\/h2><p class='mb-4 leading-relaxed'>Hasta el momento, el equipo colombiano ha mostrado un rendimiento destacado, con jugadoras que prometen ser el futuro del f\u00fatbol femenino nacional. La estrategia del cuerpo t\u00e9cnico ha sido fundamental para mantener la cohesi\u00f3n y el buen juego, enfrentando a rivales de alto nivel en la competencia continental. Cada partido es una <strong>final<\/strong> para estas talentosas deportistas.<\/p><blockquote class='border-l-4 border-gray-300 pl-4 italic my-4'>Estamos enfocadas en dar lo mejor de nosotras en cada minuto. Sabemos la importancia de este partido y saldremos a la cancha con el coraz\u00f3n y la garra que caracteriza a Colombia, afirm\u00f3 una de las <strong>jugadoras clave<\/strong> del equipo.<\/blockquote><h2 class='text-2xl font-bold mt-6 mb-3'>Expectativas y el apoyo de la afici\u00f3n<\/h2><p class='mb-4 leading-relaxed'>La afici\u00f3n colombiana sigue de cerca cada paso de la Selecci\u00f3n, brindando un apoyo incondicional que motiva a las jugadoras. La participaci\u00f3n en este Sudamericano no solo busca la clasificaci\u00f3n al Mundial, sino tambi\u00e9n consolidar el desarrollo del f\u00fatbol femenino en el pa\u00eds, inspirando a nuevas generaciones de deportistas. La <strong>pasi\u00f3n por el f\u00fatbol<\/strong> se siente en cada rinc\u00f3n.<\/p>","body_original":"Jugadoras de la Selecci\u00f3n Colombia femenina Sub-17.Foto oficial de la Federaci\u00f3n Colombia de F\u00fatbol","body_rewritten":"<h2 class='text-2xl font-bold mt-6 mb-3'>Duelo clave por la clasificaci\u00f3n<\/h2><p class='mb-4 leading-relaxed'>La <strong>Selecci\u00f3n Colombia femenina Sub-17<\/strong> se alista para un enfrentamiento crucial este martes contra Chile en el marco del Sudamericano de la categor\u00eda. Este partido es vital para las aspiraciones de las <strong>j\u00f3venes cafeteras<\/strong> de avanzar a la siguiente fase del torneo, que otorga cupos al Mundial.<\/p><h2 class='text-2xl font-bold mt-6 mb-3'>El camino de las cafeteras en el torneo<\/h2><p class='mb-4 leading-relaxed'>Hasta el momento, el equipo colombiano ha mostrado un rendimiento destacado, con jugadoras que prometen ser el futuro del f\u00fatbol femenino nacional. La estrategia del cuerpo t\u00e9cnico ha sido fundamental para mantener la cohesi\u00f3n y el buen juego, enfrentando a rivales de alto nivel en la competencia continental. Cada partido es una <strong>final<\/strong> para estas talentosas deportistas.<\/p><blockquote class='border-l-4 border-gray-300 pl-4 italic my-4'>Estamos enfocadas en dar lo mejor de nosotras en cada minuto. Sabemos la importancia de este partido y saldremos a la cancha con el coraz\u00f3n y la garra que caracteriza a Colombia, afirm\u00f3 una de las <strong>jugadoras clave<\/strong> del equipo.<\/blockquote><h2 class='text-2xl font-bold mt-6 mb-3'>Expectativas y el apoyo de la afici\u00f3n<\/h2><p class='mb-4 leading-relaxed'>La afici\u00f3n colombiana sigue de cerca cada paso de la Selecci\u00f3n, brindando un apoyo incondicional que motiva a las jugadoras. La participaci\u00f3n en este Sudamericano no solo busca la clasificaci\u00f3n al Mundial, sino tambi\u00e9n consolidar el desarrollo del f\u00fatbol femenino en el pa\u00eds, inspirando a nuevas generaciones de deportistas. La <strong>pasi\u00f3n por el f\u00fatbol<\/strong> se siente en cada rinc\u00f3n.<\/p>","status":"published","author":null,"image_url":"https:\/\/caracoltv.brightspotcdn.com\/dims4\/default\/2ab67a4\/2147483647\/strip\/true\/crop\/1280x720+0+0\/resize\/1280x720!\/format\/webp\/quality\/75\/?url=https%3A%2F%2Fcaracol-brightspot.s3.us-west-2.amazonaws.com%2Fc4%2F52%2F4828a5254f34ab09583e9f174e65%2Fninannacc.jpg","canonical_url":"https:\/\/www.noticiascaracol.com\/golcaracol\/seleccion-colombia\/a-que-hora-juega-hoy-la-seleccion-colombia-femenina-sub-17-vs-chile-por-el-sudamericano-so35","published_at":"2026-04-28 11:50","created_at":"2026-04-28 18:00","last_error":null,"topics":[{"id":1,"name":"Deportes","slug":"deportes"}],"source":"Selecci\u00f3n Colombia"},{"id":3640,"title":"Deportivo Cali calcula sus opciones para clasificar a los playoffs de la Liga BetPlay","slug":"deportivo-cali-calcula-sus-opciones-para-clasificar-a-los-playoffs-de-la-liga-betplay","title_original":"Estas son las cuentas que hace el Deportivo Cali para lograr su clasificaci\u00f3n a los playoffs de la Liga BetPlay - elpais.com.co","title_rewritten":"Deportivo Cali calcula sus opciones para clasificar a los playoffs de la Liga BetPlay","excerpt":"Deportivo Cali busca su clasificaci\u00f3n a los playoffs de la Liga BetPlay en la \u00faltima fecha. Tras salir del top 8, el equipo de Dudamel debe ganar o empatar contra Deportes Tolima, y esperar otros resultados para asegurar su cupo en las finales.","body":"<h2 class='text-2xl font-bold mt-6 mb-3'>La \u00faltima jornada define el futuro azucarero<\/h2><p class='mb-4 leading-relaxed'>La <strong>Liga Colombiana 2026<\/strong> llega a su jornada decisiva, la n\u00famero 19 de la fase de todos contra todos. El <strong>Deportivo Cali<\/strong> se juega su paso a la segunda fase, un objetivo que se le ha escapado en los \u00faltimos a\u00f1os. Aunque el equipo verdiblanco logr\u00f3 reingresar al grupo de los ocho tras su victoria en el cl\u00e1sico vallecaucano contra el Am\u00e9rica de Cali (1-0), la goleada 4-0 del Internacional de Bogot\u00e1 frente a Boyac\u00e1 Chic\u00f3 lo sac\u00f3 nuevamente de la zona de clasificaci\u00f3n.<\/p><h2 class='text-2xl font-bold mt-6 mb-3'>Situaci\u00f3n actual en la tabla de posiciones<\/h2><p class='mb-4 leading-relaxed'>Con la fecha 18 finalizada, el equipo dirigido por Rafael Dudamel se encuentra en la <strong>novena casilla<\/strong>, con 26 puntos, los mismos que el octavo (Independiente Santa Fe), pero con una menor diferencia de gol (+4 para Cali, +5 para Santa Fe). Esto obliga al <strong>Deportivo Cali<\/strong> a buscar un buen resultado en Ibagu\u00e9 contra el Deportes Tolima para alcanzar la anhelada clasificaci\u00f3n.<\/p><h2 class='text-2xl font-bold mt-6 mb-3'>Escenarios para la clasificaci\u00f3n verdiblanca<\/h2><ul class='list-disc pl-5 mb-4 space-y-1'><li><strong>Ganando<\/strong>: Si el Cali triunfa en Ibagu\u00e9, debe esperar que Independiente Medell\u00edn no gane su partido de local ante \u00c1guilas Doradas y que el Cali lo supere en la diferencia de gol.<\/li><li><strong>Empatando<\/strong>: Con un punto, el Cali necesita que Internacional de Bogot\u00e1 derrote por m\u00e1s de dos goles a Independiente Santa Fe, y que Medell\u00edn y Millonarios no ganen sus respectivos encuentros.<\/li><li><strong>Perdiendo<\/strong>: Incluso con una derrota, hay opciones, pero dependen de resultados muy espec\u00edficos: Santa Fe pierda por dos goles m\u00e1s que ellos, \u00c1guilas le gane a Medell\u00edn sin superarlo en la diferencia de gol, Millonarios pierda contra Alianza FC, y Atl\u00e9tico Bucaramanga no le gane a Fortaleza.<\/li><\/ul><blockquote class='border-l-4 border-gray-300 pl-4 italic my-4'>Rafael Dudamel asegur\u00f3 que el equipo est\u00e1 dispuesto a pelear por un cupo a las finales: <strong>\u201cLlegar y ganar\u201d<\/strong>.<\/blockquote>","body_original":"DeportesEstas son las cuentas que hace el Deportivo Cali para lograr su clasificaci\u00f3n a los playoffs de la Liga BetPlayEl elenco Verdiblanco puede alcanzar su gran objetivo con diferentes resultados contra el Deportes Tolima. Siga a EL PA\u00cdS en Google Discover y no se pierda las \u00faltimas noticiasDeportivo Cali espera volver a las finales despu\u00e9s de varios a\u00f1os sin clasificaci\u00f3n. | Foto: Jorge Orozco \/El Pa\u00edsJuan Andr\u00e9s Arias 27 de abr de 2026, 03:33 p. m.Actualizado el 28 de abr de 2026, 11:46 a. m.Sigue el canal de El Pa\u00eds Cali en WhatsAppNoticiasDestacadasNoticias Destacadas1.Futbolista colombiano denuncia estar amenazado, tiene muchas deudas y pide ayuda para su hijo2.Tigre Vs. Am\u00e9rica de Cali: as\u00ed puede ver el partido de la fecha 3 de la Copa Sudamericana3.Esto es lo que necesita el Deportivo Cali para clasificarse a los playoffs de la Liga BetPlay4.Dimayor revel\u00f3 la programaci\u00f3n la fecha 19 de la Liga BetPlay; Cali y Am\u00e9rica a la expectativa5.En electrizante partido, Luis D\u00edaz revivi\u00f3 al Bayer M\u00fanich; la seria qued\u00f3 abiertaEl pr\u00f3ximo fin de semana se estar\u00e1 desarrollando la \u00faltima jornada (19) de la fase del todos contra todos del primer semestre de la Liga Colombiana 2026, en la cual el Deportivo Cali buscar\u00e1 su clasificaci\u00f3n a la segunda fase despu\u00e9s de varios a\u00f1os.A pesar de que el Verdiblanco hab\u00eda vuelto a ingresar al grupo de los ocho mejores tras la victoria en el cl\u00e1sico vallecaucano contra el Am\u00e9rica de Cali (1-0), en la jornada del domingo volvi\u00f3 a salir producto de la goleada 4-0 de Internacional de Bogot\u00e1 frente a Boyac\u00e1 Chic\u00f3.Con la finalizaci\u00f3n de la fecha 18 el elenco que dirige Rafael Dudamel qued\u00f3 en la novena casilla, con los mismos puntos del octavo (26), pero con menos tantos en el gol diferencia.Avil\u00e9s Hurtado, el autor del gol de la victoria ante el Am\u00e9rica de Cali. | Foto: Ra\u00fal Palacios \/ El Pa\u00edsPor lo que en la \u00faltima fecha est\u00e1 obligado a sacar un buen resultado contra el Deportes Tolima, en Ibagu\u00e9, con el objetivo de poder alcanzar esa anhelada clasificaci\u00f3n.Pero primero hay que ver c\u00f3mo est\u00e1 la situaci\u00f3n en la tabla.Rafael Dudamel asegur\u00f3 que el equipo est\u00e1 dispuesto a pelear por un cupo a las finales: \u201cLlegar y ganar\u201dTabla de posiciones de la Liga Colombiana tras la fecha 18Atl\u00e9tico Nacional -\u00a040 puntos y una diferencia de gol de +21Deportivo Pasto - 34 pts. (DG. de + 5)Junior de Barranquilla - 32 pts. (DG. de + 6)Deportes Tolima - 30 pts. (DG. de + 10)Am\u00e9rica de Cali - 30 pts. (DG. de + 9)Once Caldas - 30 pts. (DG. de + 8)Internacional de Bogot\u00e1 - 28 pts. (DG. de + 2)Independiente Santa Fe - 26 pts. (DG. de +5)Deportivo Cali - 26 pts. (DG. de + 4)Independiente Medell\u00edn - 26 pts. (DG. de + 3)Millonarios - 25 pts. (DG. de + 8)Atl\u00e9tico Bucaramanga - 23 pts. (DG. de + 7)\u00c1guilas Doradas - 23 pts. (DG. de - 6)Llaneros de Villavicencio - 22 pts. (DG. de 0)Fortaleza CEIF - 19 pts. (DG. de - 6)C\u00facuta Deportivo - 16 pts. (DG. de - 11)Alianza FC - 16 pts. (DG. de - 14)Jaguares de C\u00f3rdoba - 15 pts. (DG. de - 15)Boyac\u00e1 Chic\u00f3 - 14 pts. (DG. de - 20)Deportivo Pereira - 10 pts. (DG. de - 16)Deportivo Cali tendr\u00e1 que buscar su clasificaci\u00f3n en condici\u00f3n de visitante. | Foto: Jorge Orozco \/ El Pa\u00eds\u00bfC\u00f3mo se puede clasificar el Deportivo Cali?Para esta \u00faltima fecha el \u2018Azucarero\u2019 tienen varios escenarios.Ganado: en el caso lograr el triunfo en Ibagu\u00e9, el verde solo debe esperar que Independiente Medell\u00edn no gane su partido de local ante \u00c1guilas Doradas y lo supere en el gol diferencia (Cali tiene + 4 y el DIM + 3).Empatando: con un punto en el Manuel Murillo Toro, el elenco cale\u00f1o deber\u00e1 esperar que Internacional de Bogot\u00e1 derrote por m\u00e1s de dos goles a Independiente Santa Fe, en El Camp\u00edn, y que Medell\u00edn y Millonarios (Vs. Alianza FC) no ganen.Perdiendo: incluso en el caso de una derrota los dirigidos por Dudamel tienen opciones, pero deben esperar resultados mucho m\u00e1s espec\u00edficos.Santa Fe pierda por dos goles m\u00e1s que ellos.\u00c1guilas le gane a Medell\u00edn por los mismo goles, pero sin superarlo en la diferencia de gol (Cali tiene + 4 y \u00c1guilas - 6).Millonarios pierda contra Alianza FC en Valledupar.Y que Atl\u00e9tico Bucaramanga no le gane a Fortaleza en Bogot\u00e1.Video | Hinchas protagonizaron desmanes en el cl\u00e1sico Deportivo Cali vs. Am\u00e9rica en el PalmasecaJuan Andr\u00e9s AriasComunicador social y periodista con m\u00e1s de ocho a\u00f1os de experiencia. He trabajado en canales digitales, radio y otros medios escritos de gran relevancia en Colombia. Soy un apasionado de los deportes y de cubrir sus grandes eventos a nivel nacional e internacional.Reg\u00edstrate gratis al bolet\u00edn de noticias El Pa\u00edsPor favor ingresa un correo electr\u00f3nicoAcepto Pol\u00edtica de Tratamiento de Datos de El Pa\u00eds.Recuerda aceptar los t\u00e9rminos y condiciones para continuar.INSCR\u00cdBETE AQU\u00cdliga colombianaDeportivo CaliplayoffsSanta FeIndependiente Medell\u00ednMillonariosDescarga la APP ElPa\u00eds.com.co:Convierta a El Pa\u00eds.com.co en su fuente de noticias aqu\u00edNoticiasDestacadasNoticias Destacadas1.Futbolista colombiano denuncia estar amenazado, tiene muchas deudas y pide ayuda para su hijo2.Tigre Vs. Am\u00e9rica de Cali: as\u00ed puede ver el partido de la fecha 3 de la Copa Sudamericana3.Esto es lo que necesita el Deportivo Cali para clasificarse a los playoffs de la Liga BetPlay4.Dimayor revel\u00f3 la programaci\u00f3n la fecha 19 de la Liga BetPlay; Cali y Am\u00e9rica a la expectativa5.En electrizante partido, Luis D\u00edaz revivi\u00f3 al Bayer M\u00fanich; la seria qued\u00f3 abierta","body_rewritten":"<h2 class='text-2xl font-bold mt-6 mb-3'>La \u00faltima jornada define el futuro azucarero<\/h2><p class='mb-4 leading-relaxed'>La <strong>Liga Colombiana 2026<\/strong> llega a su jornada decisiva, la n\u00famero 19 de la fase de todos contra todos. El <strong>Deportivo Cali<\/strong> se juega su paso a la segunda fase, un objetivo que se le ha escapado en los \u00faltimos a\u00f1os. Aunque el equipo verdiblanco logr\u00f3 reingresar al grupo de los ocho tras su victoria en el cl\u00e1sico vallecaucano contra el Am\u00e9rica de Cali (1-0), la goleada 4-0 del Internacional de Bogot\u00e1 frente a Boyac\u00e1 Chic\u00f3 lo sac\u00f3 nuevamente de la zona de clasificaci\u00f3n.<\/p><h2 class='text-2xl font-bold mt-6 mb-3'>Situaci\u00f3n actual en la tabla de posiciones<\/h2><p class='mb-4 leading-relaxed'>Con la fecha 18 finalizada, el equipo dirigido por Rafael Dudamel se encuentra en la <strong>novena casilla<\/strong>, con 26 puntos, los mismos que el octavo (Independiente Santa Fe), pero con una menor diferencia de gol (+4 para Cali, +5 para Santa Fe). Esto obliga al <strong>Deportivo Cali<\/strong> a buscar un buen resultado en Ibagu\u00e9 contra el Deportes Tolima para alcanzar la anhelada clasificaci\u00f3n.<\/p><h2 class='text-2xl font-bold mt-6 mb-3'>Escenarios para la clasificaci\u00f3n verdiblanca<\/h2><ul class='list-disc pl-5 mb-4 space-y-1'><li><strong>Ganando<\/strong>: Si el Cali triunfa en Ibagu\u00e9, debe esperar que Independiente Medell\u00edn no gane su partido de local ante \u00c1guilas Doradas y que el Cali lo supere en la diferencia de gol.<\/li><li><strong>Empatando<\/strong>: Con un punto, el Cali necesita que Internacional de Bogot\u00e1 derrote por m\u00e1s de dos goles a Independiente Santa Fe, y que Medell\u00edn y Millonarios no ganen sus respectivos encuentros.<\/li><li><strong>Perdiendo<\/strong>: Incluso con una derrota, hay opciones, pero dependen de resultados muy espec\u00edficos: Santa Fe pierda por dos goles m\u00e1s que ellos, \u00c1guilas le gane a Medell\u00edn sin superarlo en la diferencia de gol, Millonarios pierda contra Alianza FC, y Atl\u00e9tico Bucaramanga no le gane a Fortaleza.<\/li><\/ul><blockquote class='border-l-4 border-gray-300 pl-4 italic my-4'>Rafael Dudamel asegur\u00f3 que el equipo est\u00e1 dispuesto a pelear por un cupo a las finales: <strong>\u201cLlegar y ganar\u201d<\/strong>.<\/blockquote>","status":"published","author":null,"image_url":"https:\/\/colombiahoy.s3.us-east-2.amazonaws.com\/articles\/3640\/image-6d327f73c05cd8a837fe5283acac3620d9a4166236b4750425e365cd022586fd.webp","canonical_url":"https:\/\/www.elpais.com.co\/deportes\/estas-son-las-cuentas-que-hace-el-deportivo-cali-para-lograr-sus-clasificacion-a-los-playoffs-de-la-liga-betplay-2706.html","published_at":"2026-04-28 09:46","created_at":"2026-04-27 18:00","last_error":"La IA no devolvi\u00f3 un JSON v\u00e1lido.","topics":[{"id":1,"name":"Deportes","slug":"deportes"},{"id":2,"name":"Cali","slug":"cali"}],"source":"Deportivo Cali"},{"id":3598,"title":"Cl\u00e1sico Am\u00e9rica vs. Cali en vilo por atentados en el Valle; Dimayor se pronuncia","slug":"clasico-america-vs-cali-en-vilo-por-atentados-en-el-valle-dimayor-se-pronuncia","title_original":"\u00bfSe jugar\u00e1 el cl\u00e1sico Am\u00e9rica vs. Cali luego de los atentados en el Valle?; Dimayor se pronunci\u00f3 - elpais.com.co","title_rewritten":"Cl\u00e1sico Am\u00e9rica vs. Cali en vilo por atentados en el Valle; Dimayor se pronuncia","excerpt":"La Dimayor y los clubes ratifican la programaci\u00f3n del cl\u00e1sico Am\u00e9rica vs. Cali, a pesar de los recientes atentados en el Valle. La decisi\u00f3n final recae en un consejo de seguridad en Palmira que evaluar\u00e1 las garant\u00edas para el evento deportivo.","body":"<h2 class='text-2xl font-bold mt-6 mb-3'>Cl\u00e1sico vallecaucano en la cuerda floja<\/h2><p class='mb-4 leading-relaxed'>Pese a la <strong>preocupaci\u00f3n<\/strong> de algunos sectores de la hinchada tras los recientes hechos de orden p\u00fablico en el Valle, el cl\u00e1sico vallecaucano se mantiene en firme, seg\u00fan lo informado desde las instituciones deportivas. No obstante, todo depender\u00e1 de lo que se defina en un <strong>consejo de seguridad<\/strong> que tendr\u00e1 lugar en Palmira sobre el mediod\u00eda, en donde las autoridades tendr\u00e1n la \u00faltima palabra.<\/p><h2 class='text-2xl font-bold mt-6 mb-3'>Dimayor y alcaldes ratifican garant\u00edas<\/h2><p class='mb-4 leading-relaxed'>El presidente de la Dimayor, Carlos Mario Zuluaga, ratific\u00f3 que el cl\u00e1sico entre Deportivo Cali y Am\u00e9rica se mantiene en pie tras sostener di\u00e1logos directos con los mandatarios de la regi\u00f3n. Seg\u00fan Zuluaga, los alcaldes de Cali y Palmira dieron <strong>garant\u00edas de seguridad<\/strong> y manifestaron que &#039;no pueden dar su brazo a torcer&#039; ante la coyuntura de orden p\u00fablico. Los presidentes de ambos clubes confirmaron que las autoridades no han ordenado postergar el encuentro.<\/p><blockquote class='border-l-4 border-gray-300 pl-4 italic my-4'>Por lo pronto no hay ninguna novedad, sigue en pie la programaci\u00f3n oficial. De Dimayor no nos han notificado nada respecto a posibles cambios.<\/blockquote><h2 class='text-2xl font-bold mt-6 mb-3'>Trascendencia deportiva y despliegue de seguridad<\/h2><p class='mb-4 leading-relaxed'>Este cl\u00e1sico tiene una gran <strong>trascendencia<\/strong> para el Deportivo Cali, que necesita ganar sus dos partidos restantes para meterse entre los ocho mejores del campeonato. Am\u00e9rica, ya instalado en cuadrangulares, afronta el encuentro con mayor tranquilidad. Mientras tanto, la alcald\u00eda de Palmira despleg\u00f3 desde la noche del viernes toda la capacidad de la <strong>fuerza p\u00fablica<\/strong>, Ej\u00e9rcito y Polic\u00eda, con el fin de evitar nuevos ataques y garantizar la seguridad de los ciudadanos.<\/p><ul class='list-disc pl-5 mb-4 space-y-1'><li>Fortalecimiento del dispositivo de seguridad de la Tercera Divisi\u00f3n del Ej\u00e9rcito.<\/li><li>Implementaci\u00f3n de un <strong>plan candado<\/strong> e incremento de la presencia de soldados en las entradas y salidas de Cali y Palmira.<\/li><li>Verificaci\u00f3n del anillo de seguridad en las instalaciones militares atacadas por parte de altos mandos del Ej\u00e9rcito.<\/li><\/ul>","body_original":"Valle \u00bfSe jugar\u00e1 el cl\u00e1sico Am\u00e9rica vs. Cali luego de los atentados en el Valle?; Dimayor se pronunci\u00f3El cl\u00e1sico entre \u2018verdes\u2019 y \u2018escarlatas\u2019 est\u00e1 programado para jugarse en Palmira sobre las 6:10 p.m. Siga a EL PA\u00cdS en Google Discover y no se pierda las \u00faltimas noticias: Pese a la normalidad en la programaci\u00f3n informada por los clubes, el Cl\u00e1sico entre Cali y Am\u00e9rica est\u00e1 supeditado a las garant\u00edas de seguridad que definan las autoridades en el consejo de mediod\u00eda. | Foto: Jos\u00e9 Luis Guzm\u00e1n. El Pa\u00edsKevin Mauricio Mart\u00ednez 25 de abr de 2026, 03:06 p. m.Actualizado el 25 de abr de 2026, 06:24 p. m.Wendy Yoana Mambuscay Giraldo 25 de abr de 2026, 03:06 p. m.Actualizado el 25 de abr de 2026, 06:24 p. m.Sigue el canal de El Pa\u00eds Cali en WhatsAppNoticiasDestacadasNoticias Destacadas1.Alerta en Dagua: hombres armados quemaron tres veh\u00edculos en la v\u00eda al mar2.Huelga en Goodyear sigue sin acuerdo y crece la incertidumbre por versiones de cierre: trabajadores se pronuncian3.El 30 de abril de 2026 se vence el primer plazo para pagar el impuesto vehicular en el Valle4.Manifestaci\u00f3n a la altura del peaje en Rozo causa fuerte congesti\u00f3n vehicular5.Gobernadora Dilian Francisca Toro pide no estigmatizar al Valle del Cauca tras alerta de EEUU para no visitar el departamento Pese a la preocupaci\u00f3n de algunos sectores de la hinchada tras los recientes hechos de orden p\u00fablico en el Valle, el cl\u00e1sico vallecaucano se mantiene en firme, seg\u00fan lo informado desde las instituciones deportivas. No obstante, todo depender\u00e1 de lo que se defina en un consejo de seguridad que tendr\u00e1 lugar en Palmira sobre el mediod\u00eda de hoy, en donde las autoridades tendr\u00e1n la \u00faltima palabra. Desde el Deportivo Cali entregaron un parte de tranquilidad a El Pa\u00eds al confirmar que \u201cpor lo pronto no hay ninguna novedad, sigue en pie la programaci\u00f3n oficial\u201d, mientras que en el Am\u00e9rica de Cali se\u00f1alaron que, hasta el momento, \u201cde Dimayor no nos han notificado nada\u201d respecto a posibles cambios. Por su parte, el presidente de la Dimayor, Carlos Mario Zuluaga, ratific\u00f3 que el cl\u00e1sico entre Deportivo Cali y Am\u00e9rica se mantiene en pie tras sostener di\u00e1logos directos con los mandatarios de la regi\u00f3n. Seg\u00fan Zuluaga, los alcaldes de Cali y Palmira dieron garant\u00edas de seguridad y manifestaron que \u201cno pueden dar su brazo a torcer\u201d ante la coyuntura de orden p\u00fablico. Asimismo, el dirigente se\u00f1al\u00f3 que los presidentes de ambos clubes confirmaron que las autoridades no han ordenado postergar el encuentro.El juego hace parte de la jornada 18 de la Liga Betplay 2026-I. | Foto: Jos\u00e9 Luis Guzm\u00e1nCabe recordar que el encuentro deportivo entre el equipo \u2018escarlata\u2019 y los \u2018verdiblancos\u2019 est\u00e1 programado para realizarse este s\u00e1bado en Palmira, en el Estadio Palmaseca, a partir de las 6:10 de la tarde.Este cl\u00e1sico tiene una gran trascendencia para el Deportivo Cali, puesto que el equipo necesita ganar sus dos partidos restantes (Am\u00e9rica y Tolima) para alcanzar el puntaje que le permita meterse entre los ocho mejores del campeonato, ya que actualmente se encuentra por fuera de la zona de clasificaci\u00f3n, con 23 unidades, y cualquier resultado distinto a la victoria podr\u00eda dejarlo sin posibilidades.Am\u00e9rica de Cali calienta el cl\u00e1sico vallecaucano con un mensaje en redes sociales que muchos creen que es una indirecta al Deportivo CaliEn cambio, para el Am\u00e9rica de Cali el panorama es diferente, ya que este est\u00e1 instalado en los cuadrangulares con 30 puntos, as\u00ed que afronta el encuentro con mayor tranquilidad. Pero ahora que se presentaron los recientes ataques explosivos, la regi\u00f3n valleucana se encuentra sumida en el miedo y la incertidumbre.Mientras las autoridades locales definen si se llevar\u00e1 a cabo este esperado partido, la alcald\u00eda de Palmira despleg\u00f3 desde la noche del viernes 24 de abril toda la capacidad de la fuerza p\u00fablica, Ej\u00e9rcito y Polic\u00eda en la ciudad, con el fin de evitar nuevos ataques y garantizar la seguridad de los ciudadanos.As\u00ed qued\u00f3 el veh\u00edculo que fue utilizado para atacar la unidad militar en Palmira. | Foto: Im\u00e1genes tomadas de redes socialesDe igual forma, el Jefe de Operaciones del Ej\u00e9rcito de Colombia, Mayor General Walther Adri\u00e1n Giraldo Jim\u00e9nez, junto al comandante de la Tercera Brigada, el Brigadier General Juan Oduber Rend\u00f3n P\u00e9rez, estuvieron dentro de las instalaciones atacadas y verificaron el anillo de seguridad de la zona.Posterior a la inspecci\u00f3n, el Ej\u00e9rcito Nacional confirm\u00f3 que se fortaleci\u00f3 el dispositivo de seguridad de la Tercera Divisi\u00f3n de esta regi\u00f3n y tambi\u00e9n implementaron un plan candado e incremento de la presencia de soldados en la entrada y salida de Cali y Palmira.Autoridades entregan nuevos detalles del atentado terrorista en Palmira; usaron cilindrosKevin Mauricio Mart\u00ednezPeriodista de la Universidad Cat\u00f3lica de Cali con 7 a\u00f1os de experiencia en medios de comunicaci\u00f3n. Apasionado por la pol\u00edtica y amante del deporte, siempre en busca de nuevas historias que contar.Wendy Yoana Mambuscay GiraldoComunicadora social con experiencia en comunicaci\u00f3n organizacional, creaci\u00f3n de contenido digital y redacci\u00f3n period\u00edstica y corporativa.Reg\u00edstrate gratis al bolet\u00edn de noticias El Pa\u00edsPor favor ingresa un correo electr\u00f3nicoAcepto Pol\u00edtica de Tratamiento de Datos de El Pa\u00eds.Recuerda aceptar los t\u00e9rminos y condiciones para continuar.INSCR\u00cdBETE AQU\u00cdcl\u00e1sicoAm\u00e9ricaDeportivo CaliDescarga la APP ElPa\u00eds.com.co:Convierta a El Pa\u00eds.com.co en su fuente de noticias aqu\u00edNoticiasDestacadasNoticias Destacadas1.Alerta en Dagua: hombres armados quemaron tres veh\u00edculos en la v\u00eda al mar2.Huelga en Goodyear sigue sin acuerdo y crece la incertidumbre por versiones de cierre: trabajadores se pronuncian3.El 30 de abril de 2026 se vence el primer plazo para pagar el impuesto vehicular en el Valle4.Manifestaci\u00f3n a la altura del peaje en Rozo causa fuerte congesti\u00f3n vehicular5.Gobernadora Dilian Francisca Toro pide no estigmatizar al Valle del Cauca tras alerta de EEUU para no visitar el departamento","body_rewritten":"<h2 class='text-2xl font-bold mt-6 mb-3'>Cl\u00e1sico vallecaucano en la cuerda floja<\/h2><p class='mb-4 leading-relaxed'>Pese a la <strong>preocupaci\u00f3n<\/strong> de algunos sectores de la hinchada tras los recientes hechos de orden p\u00fablico en el Valle, el cl\u00e1sico vallecaucano se mantiene en firme, seg\u00fan lo informado desde las instituciones deportivas. No obstante, todo depender\u00e1 de lo que se defina en un <strong>consejo de seguridad<\/strong> que tendr\u00e1 lugar en Palmira sobre el mediod\u00eda, en donde las autoridades tendr\u00e1n la \u00faltima palabra.<\/p><h2 class='text-2xl font-bold mt-6 mb-3'>Dimayor y alcaldes ratifican garant\u00edas<\/h2><p class='mb-4 leading-relaxed'>El presidente de la Dimayor, Carlos Mario Zuluaga, ratific\u00f3 que el cl\u00e1sico entre Deportivo Cali y Am\u00e9rica se mantiene en pie tras sostener di\u00e1logos directos con los mandatarios de la regi\u00f3n. Seg\u00fan Zuluaga, los alcaldes de Cali y Palmira dieron <strong>garant\u00edas de seguridad<\/strong> y manifestaron que &#039;no pueden dar su brazo a torcer&#039; ante la coyuntura de orden p\u00fablico. Los presidentes de ambos clubes confirmaron que las autoridades no han ordenado postergar el encuentro.<\/p><blockquote class='border-l-4 border-gray-300 pl-4 italic my-4'>Por lo pronto no hay ninguna novedad, sigue en pie la programaci\u00f3n oficial. De Dimayor no nos han notificado nada respecto a posibles cambios.<\/blockquote><h2 class='text-2xl font-bold mt-6 mb-3'>Trascendencia deportiva y despliegue de seguridad<\/h2><p class='mb-4 leading-relaxed'>Este cl\u00e1sico tiene una gran <strong>trascendencia<\/strong> para el Deportivo Cali, que necesita ganar sus dos partidos restantes para meterse entre los ocho mejores del campeonato. Am\u00e9rica, ya instalado en cuadrangulares, afronta el encuentro con mayor tranquilidad. Mientras tanto, la alcald\u00eda de Palmira despleg\u00f3 desde la noche del viernes toda la capacidad de la <strong>fuerza p\u00fablica<\/strong>, Ej\u00e9rcito y Polic\u00eda, con el fin de evitar nuevos ataques y garantizar la seguridad de los ciudadanos.<\/p><ul class='list-disc pl-5 mb-4 space-y-1'><li>Fortalecimiento del dispositivo de seguridad de la Tercera Divisi\u00f3n del Ej\u00e9rcito.<\/li><li>Implementaci\u00f3n de un <strong>plan candado<\/strong> e incremento de la presencia de soldados en las entradas y salidas de Cali y Palmira.<\/li><li>Verificaci\u00f3n del anillo de seguridad en las instalaciones militares atacadas por parte de altos mandos del Ej\u00e9rcito.<\/li><\/ul>","status":"published","author":null,"image_url":"https:\/\/colombiahoy.s3.us-east-2.amazonaws.com\/articles\/3598\/image-00368c0df4b5d5c5edf3280adadca01cb0fe94363a1801689993b2ec2fb66cb7.webp","canonical_url":"https:\/\/www.elpais.com.co\/valle\/se-jugara-el-clasico-america-vs-cali-luego-de-los-atentados-en-el-valle-equipos-responden-2546.html","published_at":"2026-04-28 08:19","created_at":"2026-04-26 00:00","last_error":null,"topics":[{"id":1,"name":"Deportes","slug":"deportes"},{"id":2,"name":"Cali","slug":"cali"}],"source":"Deportivo Cali"},{"id":3646,"title":"Selecci\u00f3n Colombia Femenina Sub-17: Preparaci\u00f3n intensa para futuros desaf\u00edos en 2026","slug":"seleccion-colombia-femenina-sub-17-preparacion-intensa-para-futuros-desafios-en-2026","title_original":"Entrenamiento Selecci\u00f3n Colombia Femenina Sub-17 \u2013 27 de abril 2026 - Federaci\u00f3n Colombiana de Futbol","title_rewritten":"Selecci\u00f3n Colombia Femenina Sub-17: Preparaci\u00f3n intensa para futuros desaf\u00edos en 2026","excerpt":"La Selecci\u00f3n Colombia Femenina Sub-17 realiz\u00f3 un entrenamiento clave el 27 de abril de 2026, bajo la supervisi\u00f3n de la Federaci\u00f3n Colombiana de F\u00fatbol. Estas j\u00f3venes promesas se preparan intensamente para sus pr\u00f3ximos retos deportivos.","body":"<h2 class='text-2xl font-bold mt-6 mb-3'>Intensa jornada de preparaci\u00f3n para las futuras estrellas<\/h2><p class='mb-4 leading-relaxed'>La <strong>Selecci\u00f3n Colombia Femenina Sub-17<\/strong> llev\u00f3 a cabo una importante sesi\u00f3n de entrenamiento el pasado <strong>27 de abril de 2026<\/strong>, como parte de su riguroso calendario de preparaci\u00f3n. Estas j\u00f3venes atletas, consideradas el futuro del f\u00fatbol femenino colombiano, se reunieron bajo la supervisi\u00f3n de la <strong>Federaci\u00f3n Colombiana de F\u00fatbol (FCF)<\/strong>.<\/p><h2 class='text-2xl font-bold mt-6 mb-3'>El camino hacia la excelencia deportiva<\/h2><p class='mb-4 leading-relaxed'>El objetivo de estas concentraciones es fortalecer las habilidades t\u00e9cnicas y t\u00e1cticas de las jugadoras, as\u00ed como fomentar el esp\u00edritu de equipo. La FCF invierte en el desarrollo de estas categor\u00edas inferiores, buscando asegurar un relevo generacional competitivo para las selecciones mayores. Se espera que este grupo de talentos represente a Colombia en futuros torneos internacionales.<\/p><blockquote class='border-l-4 border-gray-300 pl-4 italic my-4'>Una fuente cercana a la Federaci\u00f3n Colombiana de F\u00fatbol coment\u00f3: \u201cCada entrenamiento es una oportunidad invaluable para nuestras j\u00f3venes. Estamos construyendo las bases para un futuro <strong>exitoso<\/strong> en el f\u00fatbol femenino colombiano.\u201d<\/blockquote><p class='mb-4 leading-relaxed'>La dedicaci\u00f3n mostrada por las jugadoras en cada jornada de entrenamiento es un claro indicio de su compromiso con el deporte y con el pa\u00eds. Con el apoyo de la FCF, la <strong>Selecci\u00f3n Colombia Femenina Sub-17<\/strong> contin\u00faa su camino hacia la consolidaci\u00f3n como una fuerza relevante en el \u00e1mbito futbol\u00edstico internacional.<\/p>","body_original":"Selecci\u00f3n Colombia Femenina Sub-17Entrenamiento Selecci\u00f3n Colombia Femenina Sub-17 \u2013 27 de abril 2026 \u00a0 \u00a0 abril 27, 2026Paula Abreu","body_rewritten":"<h2 class='text-2xl font-bold mt-6 mb-3'>Intensa jornada de preparaci\u00f3n para las futuras estrellas<\/h2><p class='mb-4 leading-relaxed'>La <strong>Selecci\u00f3n Colombia Femenina Sub-17<\/strong> llev\u00f3 a cabo una importante sesi\u00f3n de entrenamiento el pasado <strong>27 de abril de 2026<\/strong>, como parte de su riguroso calendario de preparaci\u00f3n. Estas j\u00f3venes atletas, consideradas el futuro del f\u00fatbol femenino colombiano, se reunieron bajo la supervisi\u00f3n de la <strong>Federaci\u00f3n Colombiana de F\u00fatbol (FCF)<\/strong>.<\/p><h2 class='text-2xl font-bold mt-6 mb-3'>El camino hacia la excelencia deportiva<\/h2><p class='mb-4 leading-relaxed'>El objetivo de estas concentraciones es fortalecer las habilidades t\u00e9cnicas y t\u00e1cticas de las jugadoras, as\u00ed como fomentar el esp\u00edritu de equipo. La FCF invierte en el desarrollo de estas categor\u00edas inferiores, buscando asegurar un relevo generacional competitivo para las selecciones mayores. Se espera que este grupo de talentos represente a Colombia en futuros torneos internacionales.<\/p><blockquote class='border-l-4 border-gray-300 pl-4 italic my-4'>Una fuente cercana a la Federaci\u00f3n Colombiana de F\u00fatbol coment\u00f3: \u201cCada entrenamiento es una oportunidad invaluable para nuestras j\u00f3venes. Estamos construyendo las bases para un futuro <strong>exitoso<\/strong> en el f\u00fatbol femenino colombiano.\u201d<\/blockquote><p class='mb-4 leading-relaxed'>La dedicaci\u00f3n mostrada por las jugadoras en cada jornada de entrenamiento es un claro indicio de su compromiso con el deporte y con el pa\u00eds. Con el apoyo de la FCF, la <strong>Selecci\u00f3n Colombia Femenina Sub-17<\/strong> contin\u00faa su camino hacia la consolidaci\u00f3n como una fuerza relevante en el \u00e1mbito futbol\u00edstico internacional.<\/p>","status":"published","author":null,"image_url":"https:\/\/colombiahoy.s3.us-east-2.amazonaws.com\/articles\/3646\/image-c837152c586ad7f1a2fe781e5c0e79154bb6bc779913743e918a34c0d6639396.webp","canonical_url":"https:\/\/fcf.com.co\/2026\/04\/27\/entrenamiento-seleccion-colombia-femenina-sub-17-27-de-abril-2026\/","published_at":"2026-04-28 02:51","created_at":"2026-04-28 06:00","last_error":null,"topics":[{"id":1,"name":"Deportes","slug":"deportes"}],"source":"Selecci\u00f3n Colombia"},{"id":3653,"title":"Karin Rybar Lanza Videoclip de 'Atracci\u00f3n', Un Homenaje Vibrante al Arte de Cali","slug":"karin-rybar-lanza-videoclip-de-atraccion-un-homenaje-vibrante-al-arte-de-cali","title_original":"Karin Rybar estrena el videoclip de \u201catracci\u00f3n\u201d tema inspirado en el arte de Cali, Colombia - Caracol Radio","title_rewritten":"Karin Rybar Lanza Videoclip de 'Atracci\u00f3n', Un Homenaje Vibrante al Arte de Cali","excerpt":"Karin Rybar estrena el videoclip de su sencillo 'Atracci\u00f3n', un tributo al arte y la vibrante energ\u00eda de Cali. Filmado en diversos puntos de la ciudad, el video explora la conexi\u00f3n emocional y la magia de los encuentros inesperados, con producci\u00f3n de Joe Dworniak.","body":"<h2 class='text-2xl font-bold mt-6 mb-3'>Un viaje visual por la capital de la salsa<\/h2><p class='mb-4 leading-relaxed'>La cantautora <strong>Karin Rybar<\/strong> ha lanzado el videoclip oficial de su sencillo \u201cAtracci\u00f3n\u201d, una producci\u00f3n visual que rinde homenaje a la vibrante ciudad de Cali. Filmado en diversos espacios de la capital vallecaucana, el video captura la atm\u00f3sfera c\u00e1lida y din\u00e1mica, sirviendo como escenario para una historia de magnetismo emocional y encuentros inesperados. La propuesta visual se distingue por su est\u00e9tica fresca y luminosa, resaltando la intensidad de ese instante en que dos miradas se cruzan y una conexi\u00f3n comienza a surgir.<\/p><h2 class='text-2xl font-bold mt-6 mb-3'>El arte urbano cale\u00f1o como protagonista<\/h2><p class='mb-4 leading-relaxed'>M\u00e1s all\u00e1 de la narrativa de la atracci\u00f3n entre dos personas, este videoclip es un <strong>tributo expl\u00edcito<\/strong> al arte de los murales y el grafiti que adornan la ciudad. El espectador es invitado a un viaje casi m\u00e1gico por Cali, donde la urbe se transforma y se envuelve en la misma energ\u00eda que conecta a los protagonistas. Es una celebraci\u00f3n de la creatividad y la expresi\u00f3n art\u00edstica que define a la ciudad, mostrando su alma cultural y su pulso vital.<\/p><blockquote class='border-l-4 border-gray-300 pl-4 italic my-4'>Atracci\u00f3n celebra el momento cuando se cruzan dos miradas y hay chispas instant\u00e1neas, es algo emocionante, es la emoci\u00f3n de la ilusi\u00f3n de que alguien nos hizo sentir as\u00ed.<\/blockquote><h2 class='text-2xl font-bold mt-6 mb-3'>Colaboraciones musicales de alto nivel<\/h2><p class='mb-4 leading-relaxed'>En el plano musical, \u201cAtracci\u00f3n\u201d cuenta con la producci\u00f3n del reconocido brit\u00e1nico <strong>Joe Dworniak<\/strong>, famoso por su trabajo con Jarabe de Palo y su trayectoria en el pop y rock latino. Dworniak no solo produjo el tema, sino que tambi\u00e9n interpret\u00f3 la base instrumental. La canci\u00f3n tambi\u00e9n re\u00fane a m\u00fasicos vinculados a la banda de Jarabe de Palo y a destacados int\u00e9rpretes de la escena espa\u00f1ola y europea, aportando una riqueza r\u00edtmica y una energ\u00eda sonora que refuerzan el car\u00e1cter bailable del sencillo, enmarcado en el lat\u00edn pop.<\/p><ul class='list-disc pl-5 mb-4 space-y-1'><li>Su pr\u00f3ximo sencillo, <strong>\u201cTarde o temprano\u201d<\/strong>, tambi\u00e9n fue grabado en Cali.<\/li><li>Este nuevo tema est\u00e1 <strong>inspirado en la m\u00fasica salsa<\/strong>, caracter\u00edstica de la ciudad.<\/li><li>Rybar reafirma su capacidad de transformar momentos cotidianos en historias musicales universales.<\/li><\/ul>","body_original":"Karin Rybar estrena el videoclip de \u201catracci\u00f3n\u201d tema inspirado en el arte de Cali, Colombia00:00:0008:33CopiarDescargarCompartirCerrarEl c\u00f3digo iframe se ha copiado en el portapapelesFacebookTwitterLinkedinWhatsAppCerrarFacebookTwitterLinkedInWhatsAppMarylin Le\u00f3n27\/04\/2026 - 20:00 -05:00La cantautora Karin Rybar presenta el videoclip oficial de su sencillo \u201cAtracci\u00f3n\u201d, una pieza visual filmada en Cali que apuesta por el color, el movimiento y la energ\u00eda de una de las ciudades m\u00e1s vibrantes de Latinoam\u00e9rica.Lea tambi\u00e9n: Micro TDH, el artista venezolano regresa a Colombia con tres shows muy emotivosEl video, grabado en distintos espacios de Cali, utiliza la atm\u00f3sfera c\u00e1lida y din\u00e1mica de la ciudad como escenario para narrar una historia de magnetismo emocional y encuentros inesperados. La propuesta visual acompa\u00f1a la esencia de la canci\u00f3n con una est\u00e9tica fresca y luminosa que resalta la intensidad del momento en que dos miradas se cruzan y algo empieza a suceder.Este videoclip es tambi\u00e9n un tributo al arte de los murales y el grafiti de la ciudad. A trav\u00e9s de una historia que celebra la atracci\u00f3n en su forma m\u00e1s pura entre dos personas, el espectador entra en un viaje que recorre Cali desde una mirada casi m\u00e1gica, donde la ciudad se transforma y se envuelve en esa misma energ\u00eda que conecta a los protagonistas.En el plano musical, \u201cAtracci\u00f3n\u201d cuenta con la producci\u00f3n del reconocido productor brit\u00e1nico Joe Dworniak, quien adem\u00e1s interpreta la base instrumental del tema. Dworniak es ampliamente conocido por su trabajo con Jarabe de Palo y por su trayectoria dentro del pop y rock latino.Le puede interesar: Lady Gaga estrena el video de la canci\u00f3n \u201cRunway\u201d, de la pel\u00edcula \u2018El diablo viste a la moda 2\u2032En entrevista con Caracol Radio, la artista indic\u00f3 que: \u201catracci\u00f3n celebra el momento cuando se cruzan dos miradas y hay chispas instant\u00e1neas, es algo emocionante, es la emoci\u00f3n de la ilusi\u00f3n de que alguien nos hizo sentir as\u00ed\u201d.La canci\u00f3n tambi\u00e9n re\u00fane a m\u00fasicos vinculados a la banda de Jarabe de Palo y a destacados int\u00e9rpretes de la escena espa\u00f1ola y europea, aportando una riqueza r\u00edtmica y una energ\u00eda sonora que refuerzan el car\u00e1cter bailable del sencillo. Musicalmente, \u201cAtracci\u00f3n\u201d se mueve dentro del lat\u00edn pop, con una producci\u00f3n din\u00e1mica y contagiosa pensada para conectar con el p\u00fablico desde el primer momento.\u201cAtracci\u00f3n\u201d captura ese instante irrepetible en el que aparece una conexi\u00f3n inesperada. No es una canci\u00f3n sobre lo f\u00edsico, sino sobre la energ\u00eda emocional y espiritual que surge cuando dos personas se encuentran y sienten c\u00f3mo la imaginaci\u00f3n y la emoci\u00f3n comienzan a entrelazarse.M\u00e1s informaci\u00f3n: Ryan Castro anuncia su primer concierto en el estadio El Camp\u00edn de Bogot\u00e1 para HalloweenEn Caracol Radio cont\u00f3 que su pr\u00f3ximo sencillo titulado \u201ctarde o temprano\u201d tambi\u00e9n es grabado en Cali, incluso es inspirado en la m\u00fasica salsa que caracteriza a la ciudad.Con este lanzamiento, Karin Rybar reafirma su capacidad de transformar momentos cotidianos en historias musicales universales, recordando que todos, alguna vez, hemos sentido esa chispa que aparece cuando menos lo esperamos.Escuche Caracol Radio EN VIVO:El c\u00f3digo iframe se ha copiado en el portapapelesDirectoEscucha el audio00:00:00CompartirCerrarFacebookTwitterLinkedinWhatsAppCerrarMarylin Le\u00f3n Comunicadora Social y Periodista egresada de la Universidad Santo Tom\u00e1s. Hace parte de Caracol Radio... Leer m\u00e1sArt\u00edculo anteriorAmnist\u00eda Internacional advierte de \u201calza de pr\u00e1cticas autoritarias\u201d en EcuadorEddy Mosquera | EFE28\/04\/2026Art\u00edculo siguiente\u201cMuy graves las amenazas contra Paloma Valencia\u201d: Defensora del PuebloCristina Navarro28\/04\/2026Lo m\u00e1s le\u00eddo\u00bfQu\u00e9 deudas prescriben en 3 a\u00f1os en Colombia? Expertos en insolvencia financiera explican 26\/04\/2026Fiscal\u00eda adelanta operativo en m\u00e1s de 300 tiendas Lili Pink: allanamientos y capturas27\/04\/2026Nueva encuesta presidencial: Cepeda sigue tomando ventaja ante Valencia y De La Espriella27\/04\/2026\u201cNos unimos o nos morimos\u201d: mensaje de Tom\u00e1s Uribe, hijo de \u00c1lvaro Uribe, a Abelardo de la Espriella27\/04\/2026Prensa de Ecuador revela presuntos detalles de visita del presidente Gustavo Petro a Manta en 202527\/04\/2026\u00daltimas NoticiasJEP llama a reconocer responsabilidad a 20 exfarc por 863 cr\u00edmenes asociados a reclutamiento\u201cNo es doctora y compr\u00f3 sus t\u00edtulos universitarios\u201d: Jennifer Pedraza sobre Juliana Guerrero Este es el perfil criminal de \u2018Mi Pez\u2019, capturado tras escalada terrorista en Cauca y Valle Recibo de luz m\u00e1s barato en Bogot\u00e1: Lanzan convocatoria con subsidio, \u00bfC\u00f3mo aplicar? PilasLink para consultar resultados concurso Contralor\u00eda 2026: \u00bfc\u00f3mo hacer una reclamaci\u00f3n?Ej\u00e9rcito destruy\u00f3 centro de producci\u00f3n de coca\u00edna perteneciente al ELN en el Cesar","body_rewritten":"<h2 class='text-2xl font-bold mt-6 mb-3'>Un viaje visual por la capital de la salsa<\/h2><p class='mb-4 leading-relaxed'>La cantautora <strong>Karin Rybar<\/strong> ha lanzado el videoclip oficial de su sencillo \u201cAtracci\u00f3n\u201d, una producci\u00f3n visual que rinde homenaje a la vibrante ciudad de Cali. Filmado en diversos espacios de la capital vallecaucana, el video captura la atm\u00f3sfera c\u00e1lida y din\u00e1mica, sirviendo como escenario para una historia de magnetismo emocional y encuentros inesperados. La propuesta visual se distingue por su est\u00e9tica fresca y luminosa, resaltando la intensidad de ese instante en que dos miradas se cruzan y una conexi\u00f3n comienza a surgir.<\/p><h2 class='text-2xl font-bold mt-6 mb-3'>El arte urbano cale\u00f1o como protagonista<\/h2><p class='mb-4 leading-relaxed'>M\u00e1s all\u00e1 de la narrativa de la atracci\u00f3n entre dos personas, este videoclip es un <strong>tributo expl\u00edcito<\/strong> al arte de los murales y el grafiti que adornan la ciudad. El espectador es invitado a un viaje casi m\u00e1gico por Cali, donde la urbe se transforma y se envuelve en la misma energ\u00eda que conecta a los protagonistas. Es una celebraci\u00f3n de la creatividad y la expresi\u00f3n art\u00edstica que define a la ciudad, mostrando su alma cultural y su pulso vital.<\/p><blockquote class='border-l-4 border-gray-300 pl-4 italic my-4'>Atracci\u00f3n celebra el momento cuando se cruzan dos miradas y hay chispas instant\u00e1neas, es algo emocionante, es la emoci\u00f3n de la ilusi\u00f3n de que alguien nos hizo sentir as\u00ed.<\/blockquote><h2 class='text-2xl font-bold mt-6 mb-3'>Colaboraciones musicales de alto nivel<\/h2><p class='mb-4 leading-relaxed'>En el plano musical, \u201cAtracci\u00f3n\u201d cuenta con la producci\u00f3n del reconocido brit\u00e1nico <strong>Joe Dworniak<\/strong>, famoso por su trabajo con Jarabe de Palo y su trayectoria en el pop y rock latino. Dworniak no solo produjo el tema, sino que tambi\u00e9n interpret\u00f3 la base instrumental. La canci\u00f3n tambi\u00e9n re\u00fane a m\u00fasicos vinculados a la banda de Jarabe de Palo y a destacados int\u00e9rpretes de la escena espa\u00f1ola y europea, aportando una riqueza r\u00edtmica y una energ\u00eda sonora que refuerzan el car\u00e1cter bailable del sencillo, enmarcado en el lat\u00edn pop.<\/p><ul class='list-disc pl-5 mb-4 space-y-1'><li>Su pr\u00f3ximo sencillo, <strong>\u201cTarde o temprano\u201d<\/strong>, tambi\u00e9n fue grabado en Cali.<\/li><li>Este nuevo tema est\u00e1 <strong>inspirado en la m\u00fasica salsa<\/strong>, caracter\u00edstica de la ciudad.<\/li><li>Rybar reafirma su capacidad de transformar momentos cotidianos en historias musicales universales.<\/li><\/ul>","status":"published","author":null,"image_url":"https:\/\/colombiahoy.s3.us-east-2.amazonaws.com\/articles\/3653\/image-2c518b9a899631d4993b56f9e3bf978d4d975f8cae62428e5ee53109f357bd0f.webp","canonical_url":"https:\/\/caracol.com.co\/2026\/04\/28\/karin-rybar-estrena-el-videoclip-de-atraccion-tema-inspirado-en-el-arte-de-cali-colombia\/","published_at":"2026-04-28 01:01","created_at":"2026-04-28 18:00","last_error":null,"topics":[{"id":2,"name":"Cali","slug":"cali"}],"source":"Actualidad Cali"}],"highlights":[{"id":3648,"title":"Colombia busca consolidar su camino en el Sudamericano femenino Sub-17 contra Chile","slug":"colombia-busca-consolidar-su-camino-en-el-sudamericano-femenino-sub-17-contra-chile","title_original":"Colombia vs Chile EN VIVO, hora y TV del partido del Sudamericano femenino Sub-17 - Noticias Caracol","title_rewritten":"Colombia busca consolidar su camino en el Sudamericano femenino Sub-17 contra Chile","excerpt":"Colombia se enfrenta a Chile en el Sudamericano femenino Sub-17. El partido es clave para las aspiraciones de la selecci\u00f3n en el torneo continental. Conozca la hora y d\u00f3nde verlo en vivo.","body":"<h2 class='text-2xl font-bold mt-6 mb-3'>Un duelo clave para las aspiraciones cafeteras<\/h2><p class='mb-4 leading-relaxed'>La <strong>Selecci\u00f3n Colombia femenina Sub-17<\/strong> se alista para un nuevo desaf\u00edo en el <strong>Sudamericano que se disputa en Paraguay<\/strong>. Este encuentro contra Chile es de vital importancia para las dirigidas por Carlos Paniagua, quienes buscan mantener el buen ritmo y sumar puntos que las acerquen a la fase final del certamen. El equipo ha mostrado un desempe\u00f1o prometedor hasta ahora, generando expectativas entre los aficionados.<\/p><h2 class='text-2xl font-bold mt-6 mb-3'>Preparaci\u00f3n y estrategia del equipo<\/h2><p class='mb-4 leading-relaxed'>Las jugadoras colombianas han trabajado intensamente en los entrenamientos, enfoc\u00e1ndose en la <strong>cohesi\u00f3n del equipo<\/strong> y en afinar la estrategia para contrarrestar el juego chileno. La mentalidad ganadora y el compromiso son pilares fundamentales para afrontar este tipo de encuentros en un torneo tan exigente como el Sudamericano.<\/p><ul class='list-disc pl-5 mb-4 space-y-1'><li>Hora del partido: <strong>17:00 (hora Colombia)<\/strong><\/li><li>Canal de transmisi\u00f3n: <strong>Se\u00f1al abierta y plataformas digitales<\/strong><\/li><li>Sede del encuentro: <strong>Estadio Ypan\u00e9, Paraguay<\/strong><\/li><\/ul>","body_original":"La Selecci\u00f3n Colombia femenina Sub-17 en el Sudamericano en Paraguay. Conmebol","body_rewritten":"<h2 class='text-2xl font-bold mt-6 mb-3'>Un duelo clave para las aspiraciones cafeteras<\/h2><p class='mb-4 leading-relaxed'>La <strong>Selecci\u00f3n Colombia femenina Sub-17<\/strong> se alista para un nuevo desaf\u00edo en el <strong>Sudamericano que se disputa en Paraguay<\/strong>. Este encuentro contra Chile es de vital importancia para las dirigidas por Carlos Paniagua, quienes buscan mantener el buen ritmo y sumar puntos que las acerquen a la fase final del certamen. El equipo ha mostrado un desempe\u00f1o prometedor hasta ahora, generando expectativas entre los aficionados.<\/p><h2 class='text-2xl font-bold mt-6 mb-3'>Preparaci\u00f3n y estrategia del equipo<\/h2><p class='mb-4 leading-relaxed'>Las jugadoras colombianas han trabajado intensamente en los entrenamientos, enfoc\u00e1ndose en la <strong>cohesi\u00f3n del equipo<\/strong> y en afinar la estrategia para contrarrestar el juego chileno. La mentalidad ganadora y el compromiso son pilares fundamentales para afrontar este tipo de encuentros en un torneo tan exigente como el Sudamericano.<\/p><ul class='list-disc pl-5 mb-4 space-y-1'><li>Hora del partido: <strong>17:00 (hora Colombia)<\/strong><\/li><li>Canal de transmisi\u00f3n: <strong>Se\u00f1al abierta y plataformas digitales<\/strong><\/li><li>Sede del encuentro: <strong>Estadio Ypan\u00e9, Paraguay<\/strong><\/li><\/ul>","status":"published","author":null,"image_url":"https:\/\/caracoltv.brightspotcdn.com\/dims4\/default\/3385f40\/2147483647\/strip\/true\/crop\/1280x720+0+0\/resize\/1280x720!\/format\/webp\/quality\/75\/?url=https%3A%2F%2Fcaracol-brightspot.s3.us-west-2.amazonaws.com%2F3e%2F32%2F295f511c48fa94bdb13787d4c34b%2Fdiseno-sin-titulo-2026-04-27t172847-948.jpg","canonical_url":"https:\/\/www.noticiascaracol.com\/golcaracol\/seleccion-colombia\/colombia-vs-chile-en-vivo-hora-y-tv-del-partido-del-sudamericano-femenino-sub-17-so35","published_at":"2026-04-27 22:48","created_at":"2026-04-28 12:00","last_error":null,"topics":[{"id":1,"name":"Deportes","slug":"deportes"}],"source":"Selecci\u00f3n Colombia"},{"id":3655,"title":"Noticiero 90 Minutos: Las noticias m\u00e1s relevantes de Cali y el Valle del Cauca.","slug":"noticiero-90-minutos-las-noticias-mas-relevantes-de-cali-y-el-valle-del-cauca","title_original":"3,1\u00a0\u0442\u044b\u0441.\u00a0\u043f\u0440\u043e\u0441\u043c\u043e\u0442\u0440\u043e\u0432 \u00b7 75\u00a0\u0440\u0435\u0430\u043a\u0446\u0438\u0439 | #Noti90 P\u00f3ngase al d\u00eda con las noticias de actualidad de Cali y el Valle del Cauca con 90 al d\u00eda.\n\n\ud83d\udcccConoce m\u00e1s en 90minutos.co | Noticiero 90 Minutos","title_rewritten":"Noticiero 90 Minutos: Las noticias m\u00e1s relevantes de Cali y el Valle del Cauca.","excerpt":"Mant\u00e9ngase al d\u00eda con las noticias de Cali y el Valle del Cauca. Noticiero 90 Minutos le trae la informaci\u00f3n m\u00e1s relevante y actual de la regi\u00f3n. Visite 90minutos.co para m\u00e1s detalles.","body":"<h2 class='text-2xl font-bold mt-6 mb-3'>Las noticias m\u00e1s relevantes de la regi\u00f3n<\/h2><p class='mb-4 leading-relaxed'>Noticiero 90 Minutos le ofrece un resumen <strong>completo y oportuno<\/strong> de los hechos que marcan la agenda diaria en Cali y el Valle del Cauca. Desde los avances en <strong>infraestructura<\/strong> hasta los desaf\u00edos en <strong>convivencia ciudadana<\/strong>, nuestro equipo de periodistas trabaja para mantenerlo informado sobre lo que realmente importa.<\/p><h2 class='text-2xl font-bold mt-6 mb-3'>Mant\u00e9ngase conectado con 90minutos.co<\/h2><p class='mb-4 leading-relaxed'>Para profundizar en cada historia, acceder a <strong>contenido exclusivo<\/strong> y consultar las \u00faltimas actualizaciones, lo invitamos a visitar nuestra plataforma digital <strong>90minutos.co<\/strong>. All\u00ed encontrar\u00e1 an\u00e1lisis, entrevistas y reportajes que complementan nuestra emisi\u00f3n televisiva, garantizando que siempre est\u00e9 un paso adelante en la informaci\u00f3n.<\/p>","body_original":"#Noti90 P\u00f3ngase al d\u00eda con las noticias de actualidad de Cali y el Valle del Cauca con 90 al d\u00eda. \ud83d\udcccConoce m\u00e1s en 90minutos.co | Noticiero 90 Minutos","body_rewritten":"<h2 class='text-2xl font-bold mt-6 mb-3'>Las noticias m\u00e1s relevantes de la regi\u00f3n<\/h2><p class='mb-4 leading-relaxed'>Noticiero 90 Minutos le ofrece un resumen <strong>completo y oportuno<\/strong> de los hechos que marcan la agenda diaria en Cali y el Valle del Cauca. Desde los avances en <strong>infraestructura<\/strong> hasta los desaf\u00edos en <strong>convivencia ciudadana<\/strong>, nuestro equipo de periodistas trabaja para mantenerlo informado sobre lo que realmente importa.<\/p><h2 class='text-2xl font-bold mt-6 mb-3'>Mant\u00e9ngase conectado con 90minutos.co<\/h2><p class='mb-4 leading-relaxed'>Para profundizar en cada historia, acceder a <strong>contenido exclusivo<\/strong> y consultar las \u00faltimas actualizaciones, lo invitamos a visitar nuestra plataforma digital <strong>90minutos.co<\/strong>. All\u00ed encontrar\u00e1 an\u00e1lisis, entrevistas y reportajes que complementan nuestra emisi\u00f3n televisiva, garantizando que siempre est\u00e9 un paso adelante en la informaci\u00f3n.<\/p>","status":"published","author":null,"image_url":"https:\/\/colombiahoy.s3.us-east-2.amazonaws.com\/articles\/3655\/image-c5b7e7b9cbe83a87d23562bf7f6dc685a2e65af179d0307cc264dcb8b50bf9e3.webp","canonical_url":"https:\/\/www.facebook.com\/noticiero90minutos\/videos\/noti90-p%C3%B3ngase-al-d%C3%ADa-con-las-noticias-de-actualidad-de-cali-y-el-valle-del-cauc\/2642559926145660\/","published_at":"2026-04-27 17:04","created_at":"2026-04-29 00:00","last_error":null,"topics":[{"id":2,"name":"Cali","slug":"cali"},{"id":3,"name":"Seguridad","slug":"seguridad"},{"id":5,"name":"Pol\u00edtica","slug":"politica"}],"source":"Actualidad Cali"},{"id":3641,"title":"Adidas lanza camiseta oficial de la Selecci\u00f3n Colombia para mascotas en v\u00edsperas del Mundial","slug":"adidas-lanza-camiseta-oficial-de-la-seleccion-colombia-para-mascotas-en-visperas-del-mundial","title_original":"\u00a1Fiebre mundialista! Adidas lanza camiseta oficial de la Selecci\u00f3n Colombia para mascotas - Telemedell\u00edn","title_rewritten":"Adidas lanza camiseta oficial de la Selecci\u00f3n Colombia para mascotas en v\u00edsperas del Mundial","excerpt":"Adidas presenta la camiseta oficial de la Selecci\u00f3n Colombia para mascotas, replicando el dise\u00f1o nacional. Disponible desde el 2 de mayo por $149.950, busca incluir a los animales de compa\u00f1\u00eda en la fiebre del Mundial FIFA 2026 y expandir la experiencia de los aficionados.","body":"<h2 class='text-2xl font-bold mt-6 mb-3'>La fiebre mundialista llega a los hogares colombianos con un toque especial<\/h2><p class='mb-4 leading-relaxed'>La pasi\u00f3n por la <strong>Selecci\u00f3n Colombia<\/strong> no tiene l\u00edmites, y ahora, gracias a <strong>Adidas<\/strong>, se extiende hasta los miembros m\u00e1s peludos de la familia. La reconocida marca deportiva ha anunciado el lanzamiento de una innovadora l\u00ednea de camisetas oficiales para mascotas, inspiradas en la tradicional indumentaria del combinado nacional. Bajo el emotivo lema <strong>\u201cFieles hasta el final\u201d<\/strong>, esta iniciativa busca que los aficionados compartan su amor por el f\u00fatbol con sus compa\u00f1eros de cuatro patas, en un a\u00f1o crucial marcado por el <strong>Mundial FIFA 2026<\/strong>.<\/p><h2 class='text-2xl font-bold mt-6 mb-3'>Dise\u00f1o aut\u00e9ntico y disponibilidad para todos los tama\u00f1os<\/h2><p class='mb-4 leading-relaxed'>Las nuevas prendas replican fielmente el dise\u00f1o de la camiseta oficial de la <strong>Selecci\u00f3n Colombia<\/strong>, conservando los colores vibrantes y los detalles caracter\u00edsticos que identifican al equipo. Seg\u00fan confirm\u00f3 la marca, estas camisetas estar\u00e1n disponibles para el p\u00fablico a partir del pr\u00f3ximo <strong>2 de mayo<\/strong>. Los precios iniciar\u00e1n desde los <strong>$149.950<\/strong>, variando seg\u00fan la talla para asegurar que mascotas de diferentes tama\u00f1os puedan lucir con orgullo los colores de la tricolor.<\/p><h2 class='text-2xl font-bold mt-6 mb-3'>Una apuesta por la integraci\u00f3n y la experiencia del aficionado<\/h2><p class='mb-4 leading-relaxed'>Con este lanzamiento, <strong>Adidas<\/strong> no solo ampl\u00eda su cat\u00e1logo de productos, sino que tambi\u00e9n apuesta por enriquecer la experiencia de los aficionados. La inclusi\u00f3n de los animales de compa\u00f1\u00eda en el ambiente previo a una de las citas m\u00e1s importantes del f\u00fatbol mundial subraya el profundo v\u00ednculo que existe entre los colombianos y su selecci\u00f3n, llevando la alegr\u00eda del deporte a cada rinc\u00f3n del hogar.<\/p>","body_original":"\u00a1Fiebre mundialista! Adidas lanza camiseta oficial de la Selecci\u00f3n Colombia para mascotas \u00a1Fiebre mundialista! Adidas lanza camiseta oficial de la Selecci\u00f3n Colombia para mascotas Explora m\u00e1s de 20,000 contenidos que tenemos para ti Medell\u00edn Antioquia Colombia Deportes M\u00e1s temas Colombiamoda + Federico Guti\u00e9rrez + Feria de las Flores + Valle de Aburr\u00e1 + Transparencia y acceso a informaci\u00f3n p\u00fablica Atenci\u00f3n y Servicio a la Ciudadan\u00eda Participa Transparencia y acceso a informaci\u00f3n p\u00fablica Atenci\u00f3n y Servicio a la Ciudadan\u00eda Participa English Se\u00f1al en vivo search 27 abril, 2026 Cultura Deportes \u00a1Fiebre mundialista! Adidas lanza camiseta oficial de la Selecci\u00f3n Colombia para mascotas Noticia por: Paula Garc\u00eda newspaper Noticias La fiebre por la Selecci\u00f3n Colombia tambi\u00e9n se vive en casa y ahora incluye a las mascotas. La marca Adidas anunci\u00f3 el lanzamiento de su nueva l\u00ednea oficial de camisetas para mascotas, inspiradas en la indumentaria local del combinado nacional. Bajo el mensaje \u201cFieles hasta el final\u201d, la compa\u00f1\u00eda present\u00f3 esta propuesta pensada para los hinchas que comparten su pasi\u00f3n futbolera con sus mascotas, en un a\u00f1o clave marcado por el Mundial FIFA 2026. Las prendas replican el dise\u00f1o de la camiseta oficial de la Selecci\u00f3n Colombia, manteniendo los colores y detalles caracter\u00edsticos que identifican al equipo. Visite: Presentan nueva camiseta de la Selecci\u00f3n Colombia para el mundial 2026 Seg\u00fan confirm\u00f3 la marca, la camiseta estar\u00e1 disponible a partir del 2 de mayo y tendr\u00e1 un precio desde $149.950, dependiendo de la talla. Con este lanzamiento, Adidas apuesta por ampliar la experiencia de los aficionados, integrando a los animales de compa\u00f1\u00eda en el ambiente previo a una de las citas m\u00e1s importantes del f\u00fatbol mundial. \u00a1Fiebre mundialista! Adidas lanza camiseta oficial de la Selecci\u00f3n Colombia para mascotas Ver esta publicaci\u00f3n en Instagram Una publicaci\u00f3n compartida por adidas Colombia (@adidasco) M\u00e1s noticias: Selecci\u00f3n Colombia se coron\u00f3 campeona del Mundial de Porrismo en Estados Unidos Deportes \u00a1Impresionante! Keniano se convierte en la primera persona en completar una marat\u00f3n en menos de dos horas Cultura Medell\u00edn se prepara para el Festival Nacional de la Trova y esta es la fecha l\u00edmite para inscribirse Deportes El DIM gan\u00f3 y hace cuentas para meterse en las finales del FPC en la \u00faltima fecha Deportes Esto dijeron los hinchas de Independiente Medell\u00edn en el sufrido 1-0 ante Fortaleza en Ditaires newspaper Deportes As\u00ed puede reservar las nuevas canchas de p\u00e1del p\u00fablicas de Medell\u00edn Deportes 26 abril, 2026 newspaper Noticias El concierto de Ryan Castro tambi\u00e9n se vivi\u00f3 en la Feria de Ganado Cultura 26 abril, 2026 Seguir Leyendo Cultura Deportes newspaper Noticias Estos fueron los 18 artistas invitados de Ryan Castro a su primer Atanasio ante 48 mil personas Cultura 26 abril, 2026 newspaper Noticias As\u00ed se vivi\u00f3 el primer Atanasio de Ryan Castro con un emocionante show de 5 horas Cultura 26 abril, 2026 sports_and_outdoors Deportes Nairo Quintana vuelve a la gloria: campe\u00f3n de la Vuelta a Asturias 2026 Deportes 26 abril, 2026 newspaper Noticias Antes de ser el 'Cantante del Ghetto', Ryan Castro trabaj\u00f3 de mesero y conductor en Curazao, esta es su historia Cultura 25 abril, 2026 newspaper Noticias Si no va a ver a Ryan en el atanasio, vaya a Provenza, all\u00e1 tambi\u00e9n va a estar Cultura 25 abril, 2026 newspaper Noticias Esta es toda la mercanc\u00eda de Ryan Castro que se puede comprar a las afueras del Atanasio Cultura 25 abril, 2026 newspaper Noticias Esta es la cuadra de Ryan Castro, las ra\u00edces del 'Cantante del Ghetto' en Medell\u00edn Cultura 25 abril, 2026 newspaper Noticias Habr\u00e1 sorpresa en la transmisi\u00f3n del concierto de Ryan Castro en la Feria de Ganado, pero se tiene que inscribir Cultura 25 abril, 2026","body_rewritten":"<h2 class='text-2xl font-bold mt-6 mb-3'>La fiebre mundialista llega a los hogares colombianos con un toque especial<\/h2><p class='mb-4 leading-relaxed'>La pasi\u00f3n por la <strong>Selecci\u00f3n Colombia<\/strong> no tiene l\u00edmites, y ahora, gracias a <strong>Adidas<\/strong>, se extiende hasta los miembros m\u00e1s peludos de la familia. La reconocida marca deportiva ha anunciado el lanzamiento de una innovadora l\u00ednea de camisetas oficiales para mascotas, inspiradas en la tradicional indumentaria del combinado nacional. Bajo el emotivo lema <strong>\u201cFieles hasta el final\u201d<\/strong>, esta iniciativa busca que los aficionados compartan su amor por el f\u00fatbol con sus compa\u00f1eros de cuatro patas, en un a\u00f1o crucial marcado por el <strong>Mundial FIFA 2026<\/strong>.<\/p><h2 class='text-2xl font-bold mt-6 mb-3'>Dise\u00f1o aut\u00e9ntico y disponibilidad para todos los tama\u00f1os<\/h2><p class='mb-4 leading-relaxed'>Las nuevas prendas replican fielmente el dise\u00f1o de la camiseta oficial de la <strong>Selecci\u00f3n Colombia<\/strong>, conservando los colores vibrantes y los detalles caracter\u00edsticos que identifican al equipo. Seg\u00fan confirm\u00f3 la marca, estas camisetas estar\u00e1n disponibles para el p\u00fablico a partir del pr\u00f3ximo <strong>2 de mayo<\/strong>. Los precios iniciar\u00e1n desde los <strong>$149.950<\/strong>, variando seg\u00fan la talla para asegurar que mascotas de diferentes tama\u00f1os puedan lucir con orgullo los colores de la tricolor.<\/p><h2 class='text-2xl font-bold mt-6 mb-3'>Una apuesta por la integraci\u00f3n y la experiencia del aficionado<\/h2><p class='mb-4 leading-relaxed'>Con este lanzamiento, <strong>Adidas<\/strong> no solo ampl\u00eda su cat\u00e1logo de productos, sino que tambi\u00e9n apuesta por enriquecer la experiencia de los aficionados. La inclusi\u00f3n de los animales de compa\u00f1\u00eda en el ambiente previo a una de las citas m\u00e1s importantes del f\u00fatbol mundial subraya el profundo v\u00ednculo que existe entre los colombianos y su selecci\u00f3n, llevando la alegr\u00eda del deporte a cada rinc\u00f3n del hogar.<\/p>","status":"published","author":null,"image_url":"https:\/\/colombiahoy.s3.us-east-2.amazonaws.com\/articles\/3641\/image-cde90ddd47a6233d589d34729efe06737f4e2395cc3db3aff51fce00878d6605.webp","canonical_url":"https:\/\/telemedellin.tv\/adidas-camiseta-seleccion-colombia-mascotas\/","published_at":"2026-04-27 15:03","created_at":"2026-04-27 18:00","last_error":null,"topics":[{"id":1,"name":"Deportes","slug":"deportes"}],"source":"Selecci\u00f3n Colombia"},{"id":3649,"title":"Noticias al D\u00eda: Cali y el Valle del Cauca se Actualizan con Hechos Relevantes","slug":"noticias-al-dia-cali-y-el-valle-del-cauca-se-actualizan-con-hechos-relevantes","title_original":"2\u00a0\u0442\u044b\u0441.\u00a0\u043f\u0440\u043e\u0441\u043c\u043e\u0442\u0440\u043e\u0432 \u00b7 62\u00a0\u0440\u0435\u0430\u043a\u0446\u0438\u0438 | #Noti90 P\u00f3ngase al d\u00eda con las noticias de actualidad de Cali y el Valle del Cauca con 90 al d\u00eda.\n\n\ud83d\udcccConoce m\u00e1s en 90minutos.co | Noticiero 90 Minutos","title_rewritten":"Noticias al D\u00eda: Cali y el Valle del Cauca se Actualizan con Hechos Relevantes","excerpt":"Conozca las noticias m\u00e1s recientes de Cali y el Valle del Cauca. 90 Minutos presenta un resumen de los hechos clave en seguridad, econom\u00eda y desarrollo regional para mantenerse al d\u00eda.","body":"<h2 class='text-2xl font-bold mt-6 mb-3'>Actualidad en cali y el valle del cauca<\/h2><p class='mb-4 leading-relaxed'>El Noticiero 90 Minutos contin\u00faa siendo la <strong>referencia informativa<\/strong> para los habitantes de Cali y el Valle del Cauca, ofreciendo un panorama completo de los sucesos que impactan la vida diaria. Desde la pol\u00edtica local hasta los desaf\u00edos sociales, la agenda regional se mantiene vibrante y en constante evoluci\u00f3n.<\/p><h2 class='text-2xl font-bold mt-6 mb-3'>Retos persistentes en seguridad ciudadana<\/h2><p class='mb-4 leading-relaxed'>La seguridad sigue siendo una de las principales preocupaciones en la capital vallecaucana. Recientes operativos han logrado desarticular bandas dedicadas al microtr\u00e1fico, pero la percepci\u00f3n de inseguridad persiste en varios sectores. Las autoridades hacen un llamado a la <strong>colaboraci\u00f3n ciudadana<\/strong> para fortalecer las estrategias de vigilancia y control.<\/p><h2 class='text-2xl font-bold mt-6 mb-3'>Impulso econ\u00f3mico y proyectos de desarrollo<\/h2><p class='mb-4 leading-relaxed'>En el \u00e1mbito econ\u00f3mico, la regi\u00f3n muestra signos de recuperaci\u00f3n con la reactivaci\u00f3n de varios sectores productivos. Se destacan proyectos de infraestructura que buscan mejorar la <strong>conectividad<\/strong> y fomentar la inversi\u00f3n, generando nuevas oportunidades de empleo para los vallecaucanos. La agenda de desarrollo se enfoca en la sostenibilidad y la inclusi\u00f3n.<\/p>","body_original":"#Noti90 P\u00f3ngase al d\u00eda con las noticias de actualidad de Cali y el Valle del Cauca con 90 al d\u00eda. \ud83d\udcccConoce m\u00e1s en 90minutos.co | Noticiero 90 Minutos","body_rewritten":"<h2 class='text-2xl font-bold mt-6 mb-3'>Actualidad en cali y el valle del cauca<\/h2><p class='mb-4 leading-relaxed'>El Noticiero 90 Minutos contin\u00faa siendo la <strong>referencia informativa<\/strong> para los habitantes de Cali y el Valle del Cauca, ofreciendo un panorama completo de los sucesos que impactan la vida diaria. Desde la pol\u00edtica local hasta los desaf\u00edos sociales, la agenda regional se mantiene vibrante y en constante evoluci\u00f3n.<\/p><h2 class='text-2xl font-bold mt-6 mb-3'>Retos persistentes en seguridad ciudadana<\/h2><p class='mb-4 leading-relaxed'>La seguridad sigue siendo una de las principales preocupaciones en la capital vallecaucana. Recientes operativos han logrado desarticular bandas dedicadas al microtr\u00e1fico, pero la percepci\u00f3n de inseguridad persiste en varios sectores. Las autoridades hacen un llamado a la <strong>colaboraci\u00f3n ciudadana<\/strong> para fortalecer las estrategias de vigilancia y control.<\/p><h2 class='text-2xl font-bold mt-6 mb-3'>Impulso econ\u00f3mico y proyectos de desarrollo<\/h2><p class='mb-4 leading-relaxed'>En el \u00e1mbito econ\u00f3mico, la regi\u00f3n muestra signos de recuperaci\u00f3n con la reactivaci\u00f3n de varios sectores productivos. Se destacan proyectos de infraestructura que buscan mejorar la <strong>conectividad<\/strong> y fomentar la inversi\u00f3n, generando nuevas oportunidades de empleo para los vallecaucanos. La agenda de desarrollo se enfoca en la sostenibilidad y la inclusi\u00f3n.<\/p>","status":"published","author":null,"image_url":"https:\/\/colombiahoy.s3.us-east-2.amazonaws.com\/articles\/3649\/image-f0c72572af67eb64b5fbe3d49616631341c28bd6020def89c774c93e742c59ee.webp","canonical_url":"https:\/\/www.facebook.com\/noticiero90minutos\/videos\/noti90-p%C3%B3ngase-al-d%C3%ADa-con-las-noticias-de-actualidad-de-cali-y-el-valle-del-cauc\/1549048563321207\/","published_at":"2026-04-27 14:43","created_at":"2026-04-28 12:00","last_error":null,"topics":[{"id":2,"name":"Cali","slug":"cali"},{"id":3,"name":"Seguridad","slug":"seguridad"}],"source":"Actualidad Cali"},{"id":3642,"title":"Liga BetPlay: Cali fuera de los ocho, solo dos cupos restantes tras fecha 18","slug":"liga-betplay-cali-fuera-de-los-ocho-solo-dos-cupos-restantes-tras-fecha-18","title_original":"As\u00ed qued\u00f3 la tabla de posiciones de la Liga BetPlay tras el final de la fecha 18; Cali sale de los ocho y solo quedan dos cupos - elpais.com.co","title_rewritten":"Liga BetPlay: Cali fuera de los ocho, solo dos cupos restantes tras fecha 18","excerpt":"La fecha 18 de la Liga BetPlay concluy\u00f3 con importantes cambios en la tabla. Deportivo Cali sali\u00f3 de los ocho clasificados, mientras Once Caldas asegur\u00f3 su cupo. Solo dos puestos quedan disponibles para los playoffs en la \u00faltima jornada.","body":"<h2 class='text-2xl font-bold mt-6 mb-3'>Movimientos clave en la tabla<\/h2><p class='mb-4 leading-relaxed'>La <strong>fecha 18<\/strong> de la Liga BetPlay I-2026 ha finalizado, dejando un panorama emocionante y lleno de incertidumbre de cara a la \u00faltima jornada. Los resultados del fin de semana generaron <strong>movimientos significativos<\/strong> en la tabla de posiciones, redefiniendo las aspiraciones de varios equipos por un cupo en los playoffs.<\/p><h2 class='text-2xl font-bold mt-6 mb-3'>El cali entra y sale de los ocho<\/h2><p class='mb-4 leading-relaxed'>El <strong>Deportivo Cali<\/strong> vivi\u00f3 una monta\u00f1a rusa de emociones. Tras una <strong>ag\u00f3nica victoria 1-0<\/strong> frente al Am\u00e9rica de Cali en el cl\u00e1sico vallecaucano, el cuadro Verdiblanco hab\u00eda logrado meterse moment\u00e1neamente en el grupo de los ocho. Sin embargo, los marcadores del domingo lo <strong>volvieron a sacar<\/strong> de la zona de privilegio, dej\u00e1ndolo con la obligaci\u00f3n de una buena actuaci\u00f3n en la \u00faltima fecha.<\/p><blockquote class='border-l-4 border-gray-300 pl-4 italic my-4'>Rafael Dudamel, t\u00e9cnico del Deportivo Cali, asegur\u00f3 que el equipo est\u00e1 dispuesto a pelear por un cupo a las finales: \u201c<strong>Llegar y ganar<\/strong>\u201d.<\/blockquote><h2 class='text-2xl font-bold mt-6 mb-3'>Once caldas asegura su clasificaci\u00f3n<\/h2><p class='mb-4 leading-relaxed'>Mientras el Cali lucha, otros equipos celebran. El <strong>Once Caldas<\/strong> logr\u00f3 un valioso empate 2-2 de visitante contra \u00c1guilas Doradas, alcanzando los 30 puntos y asegurando su lugar como el <strong>sexto clasificado<\/strong> para los playoffs. Con esto, ya son seis los equipos con el boleto asegurado para la siguiente instancia.<\/p><h2 class='text-2xl font-bold mt-6 mb-3'>Panorama de clasificaci\u00f3n y tabla<\/h2><ul class='list-disc pl-5 mb-4 space-y-1'><li><strong>Seis equipos ya aseguraron su cupo<\/strong> a los playoffs: Atl\u00e9tico Nacional, Deportivo Pasto, Junior de Barranquilla, Deportes Tolima, Am\u00e9rica de Cali y Once Caldas.<\/li><li><strong>Solo dos puestos restantes<\/strong> se definir\u00e1n en la \u00faltima jornada (fecha 19) de la fase regular.<\/li><li><strong>Atl\u00e9tico Nacional<\/strong>: 40 puntos (+21 DG)<\/li><li><strong>Deportivo Pasto<\/strong>: 34 pts. (+5 DG)<\/li><li><strong>Junior de Barranquilla<\/strong>: 32 pts. (+6 DG)<\/li><li><strong>Deportes Tolima<\/strong>: 30 pts. (+10 DG)<\/li><li><strong>Am\u00e9rica de Cali<\/strong>: 30 pts. (+9 DG)<\/li><li><strong>Once Caldas<\/strong>: 30 pts. (+8 DG)<\/li><li><strong>Internacional de Bogot\u00e1<\/strong>: 28 pts. (+2 DG)<\/li><li><strong>Independiente Santa Fe<\/strong>: 26 pts. (+5 DG)<\/li><li><strong>Deportivo Cali<\/strong>: 26 pts. (+4 DG)<\/li><li><strong>Independiente Medell\u00edn<\/strong>: 26 pts. (+3 DG)<\/li><\/ul>","body_original":"DeportesAs\u00ed qued\u00f3 la tabla de posiciones de la Liga BetPlay tras el final de la fecha 18; Cali sale de los ocho y solo quedan dos cuposLos resultados del domingo volvieron a sacar al cuadro Verdiblanco de la zona de privilegio.Siga a EL PA\u00cdS en Google Discover y no se pierda las \u00faltimas noticiasImagen del partido entre Deportivo Cali y Am\u00e9rica por la fecha 18 de la Liga Colombiana. | Foto: Ra\u00fal Palacios \/ El Pa\u00edsJuan Andr\u00e9s Arias 27 de abr de 2026, 11:22 a. m.Actualizado el 27 de abr de 2026, 11:22 a. m.Sigue el canal de El Pa\u00eds Cali en WhatsAppNoticiasDestacadasNoticias Destacadas1.Futbolista colombiano denuncia estar amenazado, tiene muchas deudas y pide ayuda para su hijo2.Dimayor revel\u00f3 la programaci\u00f3n la fecha 19 de la Liga BetPlay; Cali y Am\u00e9rica a la expectativa3.Esto es lo que necesita el Deportivo Cali para clasificarse a los playoffs de la Liga BetPlay4.La Congresista Cathy Juvinao destapa un l\u00edo de la Liga Femenina y la Dimayor aclara5.Am\u00e9rica de Cali se alista para su pr\u00f3ximo reto en la Copa Sudamericana 2026Concluy\u00f3 la pen\u00faltima jornada (18) de la fase del todos contra todos del primer semestre de la Liga Colombiana 2026, en la cual se presentaron varios resultados importantes que generaron movimientos en la tabla de posiciones.Uno de ellos tuvo que ver con el Deportivo Cali, que en la tarde-noche del s\u00e1bado pudo volver moment\u00e1neamente al grupo de los ocho mejores tras conseguir una ag\u00f3nica victoria 1-0 frente al Am\u00e9rica de Cali, en Palmaseca, pero los marcadores que se dieron este domingo lo volvieron a sacar.Otra de las novedades importantes se dio en el Estadio Cincuentenario de la ciudad de Medell\u00edn, donde Once Caldas igual\u00f3 2-2 de visitante contra \u00c1guilas Doradas, alcanzando los 30 puntos y convirti\u00e9ndose en el sexto clasificado para los playoffs.Deportivo Cali deber\u00e1 hacer una buena actuaci\u00f3n en la \u00faltima fecha de la Liga para lograr su clasificaci\u00f3n. | Foto: Ra\u00fal Palacios \/ El Pa\u00edsAhora solo quedan dos puestos en juego, los cuales se definir\u00e1n en el pr\u00f3ximo fin de semana con el desarrollo de la \u00faltima fecha (19) de la Liga I-2026, para luego darle paso a los playoffs.Rafael Dudamel asegur\u00f3 que el equipo est\u00e1 dispuesto a pelear por un cupo a las finales: \u201cLlegar y ganar\u201dTabla de posiciones de la Liga BetPlya tras la fecha 18Atl\u00e9tico Nacional -\u00a040 puntos y una diferencia de gol de +21Deportivo Pasto - 34 pts. (DG. de + 5)Junior de Barranquilla - 32 pts. (DG. de + 6)Deportes Tolima - 30 pts. (DG. de + 10)Am\u00e9rica de Cali - 30 pts. (DG. de + 9)Once Caldas - 30 pts. (DG. de + 8)Internacional de Bogot\u00e1 - 28 pts. (DG. de + 2)Independiente Santa Fe - 26 pts. (DG. de +5)Deportivo Cali - 26 pts. (DG. de + 4)Independiente Medell\u00edn - 26 pts. (DG. de + 3)Millonarios - 25 pts. (DG. de + 8)Atl\u00e9tico Bucaramanga - 23 pts. (DG. de + 7)\u00c1guilas Doradas - 23 pts. (DG. de - 6)Llaneros de Villavicencio - 22 pts. (DG. de 0)Fortaleza CEIF - 19 pts. (DG. de - 6)C\u00facuta Deportivo - 16 pts. (DG. de - 11)Alianza FC - 16 pts. (DG. de - 14)Jaguares de C\u00f3rdoba - 15 pts. (DG. de - 15)Boyac\u00e1 Chic\u00f3 - 14 pts. (DG. de - 20)Deportivo Pereira - 10 pts. (DG. de - 16)Am\u00e9rica de Cali ya est\u00e1 clasificado para la siguiente instancia de la Liga. | Foto: Ra\u00fal Palacios \/ El Pa\u00edsPara los playoffs se clasifican los ocho mejores, aunque en este momento ya hay seis equipos con el boleto asegurado a la siguiente instancia, que son: Nacional, Pasto, Junior, Tolima, Am\u00e9rica y Caldas.A comparaci\u00f3n de campa\u00f1as anteriores, en este torneo solo se disputan un total de 19 fechas en la fase regular y se cambian los cuadrangulares por playoffs.David Gonz\u00e1lez, t\u00e9cnico de Am\u00e9rica, tras perder el cl\u00e1sico: \u201cUna desconcentraci\u00f3n nos cost\u00f3 el partido ante Deportivo Cali\u201dJuan Andr\u00e9s AriasComunicador social y periodista con m\u00e1s de ocho a\u00f1os de experiencia. He trabajado en canales digitales, radio y otros medios escritos de gran relevancia en Colombia. Soy un apasionado de los deportes y de cubrir sus grandes eventos a nivel nacional e internacional.Reg\u00edstrate gratis al bolet\u00edn de noticias El Pa\u00edsPor favor ingresa un correo electr\u00f3nicoAcepto Pol\u00edtica de Tratamiento de Datos de El Pa\u00eds.Recuerda aceptar los t\u00e9rminos y condiciones para continuar.INSCR\u00cdBETE AQU\u00cdliga colombianaDeportivo CaliAm\u00e9rica de CaliTabla de posicionesDescarga la APP ElPa\u00eds.com.co:Convierta a El Pa\u00eds.com.co en su fuente de noticias aqu\u00edNoticiasDestacadasNoticias Destacadas1.Futbolista colombiano denuncia estar amenazado, tiene muchas deudas y pide ayuda para su hijo2.Dimayor revel\u00f3 la programaci\u00f3n la fecha 19 de la Liga BetPlay; Cali y Am\u00e9rica a la expectativa3.Esto es lo que necesita el Deportivo Cali para clasificarse a los playoffs de la Liga BetPlay4.La Congresista Cathy Juvinao destapa un l\u00edo de la Liga Femenina y la Dimayor aclara5.Am\u00e9rica de Cali se alista para su pr\u00f3ximo reto en la Copa Sudamericana 2026","body_rewritten":"<h2 class='text-2xl font-bold mt-6 mb-3'>Movimientos clave en la tabla<\/h2><p class='mb-4 leading-relaxed'>La <strong>fecha 18<\/strong> de la Liga BetPlay I-2026 ha finalizado, dejando un panorama emocionante y lleno de incertidumbre de cara a la \u00faltima jornada. Los resultados del fin de semana generaron <strong>movimientos significativos<\/strong> en la tabla de posiciones, redefiniendo las aspiraciones de varios equipos por un cupo en los playoffs.<\/p><h2 class='text-2xl font-bold mt-6 mb-3'>El cali entra y sale de los ocho<\/h2><p class='mb-4 leading-relaxed'>El <strong>Deportivo Cali<\/strong> vivi\u00f3 una monta\u00f1a rusa de emociones. Tras una <strong>ag\u00f3nica victoria 1-0<\/strong> frente al Am\u00e9rica de Cali en el cl\u00e1sico vallecaucano, el cuadro Verdiblanco hab\u00eda logrado meterse moment\u00e1neamente en el grupo de los ocho. Sin embargo, los marcadores del domingo lo <strong>volvieron a sacar<\/strong> de la zona de privilegio, dej\u00e1ndolo con la obligaci\u00f3n de una buena actuaci\u00f3n en la \u00faltima fecha.<\/p><blockquote class='border-l-4 border-gray-300 pl-4 italic my-4'>Rafael Dudamel, t\u00e9cnico del Deportivo Cali, asegur\u00f3 que el equipo est\u00e1 dispuesto a pelear por un cupo a las finales: \u201c<strong>Llegar y ganar<\/strong>\u201d.<\/blockquote><h2 class='text-2xl font-bold mt-6 mb-3'>Once caldas asegura su clasificaci\u00f3n<\/h2><p class='mb-4 leading-relaxed'>Mientras el Cali lucha, otros equipos celebran. El <strong>Once Caldas<\/strong> logr\u00f3 un valioso empate 2-2 de visitante contra \u00c1guilas Doradas, alcanzando los 30 puntos y asegurando su lugar como el <strong>sexto clasificado<\/strong> para los playoffs. Con esto, ya son seis los equipos con el boleto asegurado para la siguiente instancia.<\/p><h2 class='text-2xl font-bold mt-6 mb-3'>Panorama de clasificaci\u00f3n y tabla<\/h2><ul class='list-disc pl-5 mb-4 space-y-1'><li><strong>Seis equipos ya aseguraron su cupo<\/strong> a los playoffs: Atl\u00e9tico Nacional, Deportivo Pasto, Junior de Barranquilla, Deportes Tolima, Am\u00e9rica de Cali y Once Caldas.<\/li><li><strong>Solo dos puestos restantes<\/strong> se definir\u00e1n en la \u00faltima jornada (fecha 19) de la fase regular.<\/li><li><strong>Atl\u00e9tico Nacional<\/strong>: 40 puntos (+21 DG)<\/li><li><strong>Deportivo Pasto<\/strong>: 34 pts. (+5 DG)<\/li><li><strong>Junior de Barranquilla<\/strong>: 32 pts. (+6 DG)<\/li><li><strong>Deportes Tolima<\/strong>: 30 pts. (+10 DG)<\/li><li><strong>Am\u00e9rica de Cali<\/strong>: 30 pts. (+9 DG)<\/li><li><strong>Once Caldas<\/strong>: 30 pts. (+8 DG)<\/li><li><strong>Internacional de Bogot\u00e1<\/strong>: 28 pts. (+2 DG)<\/li><li><strong>Independiente Santa Fe<\/strong>: 26 pts. (+5 DG)<\/li><li><strong>Deportivo Cali<\/strong>: 26 pts. (+4 DG)<\/li><li><strong>Independiente Medell\u00edn<\/strong>: 26 pts. (+3 DG)<\/li><\/ul>","status":"published","author":null,"image_url":"https:\/\/colombiahoy.s3.us-east-2.amazonaws.com\/articles\/3642\/image-4710d38ea909f20bf698bb25c1a86dc0084bbfd2aa0fc0bd8fb828fc5a280ea5.webp","canonical_url":"https:\/\/www.elpais.com.co\/deportes\/asi-quedo-la-tabla-de-posiciones-de-la-liga-betplay-tras-el-final-de-la-fecha-18-cali-sale-de-los-ocho-y-solo-quedan-dos-cupos-2728.html","published_at":"2026-04-27 11:22","created_at":"2026-04-27 18:00","last_error":"La IA no devolvi\u00f3 un JSON v\u00e1lido.","topics":[{"id":1,"name":"Deportes","slug":"deportes"},{"id":2,"name":"Cali","slug":"cali"}],"source":"Deportes en Cali"}],"seguridad":[{"id":3636,"title":"Ministro del interior se solidariza con Cali tras atentado con explosivos en batall\u00f3n","slug":"ministro-del-interior-se-solidariza-con-cali-tras-atentado-con-explosivos-en-batallon","title_original":"Ministro del Interior se solidariza con la poblaci\u00f3n de Cali - lanacion.com.co","title_rewritten":"Ministro del interior se solidariza con Cali tras atentado con explosivos en batall\u00f3n","excerpt":"El ministro del Interior, Armando Benedetti, se solidariz\u00f3 con la poblaci\u00f3n de Cali tras el atentado con explosivos en el Batall\u00f3n Pichincha y anunci\u00f3 medidas como inteligencia y m\u00e1s pie de fuerza.","body":"<h2 class='text-2xl font-bold mt-6 mb-3'>Pronunciamiento del ministro tras el ataque<\/h2><p class='mb-4 leading-relaxed'>El ministro del Interior, <strong>Armando Benedetti<\/strong>, se pronunci\u00f3 luego del atentado con explosivos que se registr\u00f3 junto al batall\u00f3n militar de la tercera brigada en Cali, Valle del Cauca. El jefe de la cartera no solo se solidariz\u00f3 con el pueblo cale\u00f1o, sino que anunci\u00f3 tomar medidas para solucionar la situaci\u00f3n.<\/p><blockquote class='border-l-4 border-gray-300 pl-4 italic my-4'>Despu\u00e9s de los hechos acaecidos en la ciudad de Cali, me solidarizo con el pueblo cale\u00f1o y vallecaucano; lo que ha pasado es otra vez una atrocidad contra la vida, la democracia y el pa\u00eds; es un problema para todos. He hablado con el alcalde de Cali, Alejandro Eder; vamos a tomar medidas con inteligencia, m\u00e1s pie de fuerza y vamos a convocar las reuniones necesarias junto al Consejo de Seguridad Nacional<\/blockquote><p class='mb-4 leading-relaxed'>Cabe anotar que sobre las 10:40 de la ma\u00f1ana del pasado viernes un veh\u00edculo cargado con explosivos estall\u00f3 en inmediaciones del <strong>Batall\u00f3n Militar Pichincha<\/strong> en Cali. Las autoridades investigan el hecho y refuerzan la seguridad en la zona.<\/p><ul class='list-disc pl-5 mb-4 space-y-1'><li>Medidas anunciadas: inteligencia y m\u00e1s pie de fuerza<\/li><li>Reuniones del Consejo de Seguridad Nacional<\/li><li>Comunicaci\u00f3n con el alcalde Alejandro Eder<\/li><\/ul>","body_original":"ACTUALIDAD 26 abril, 2026 Ministro del Interior se solidariza con la poblaci\u00f3n de Cali\u00a0 Compartir FacebookTwitterWhatsAppLinkedinCopy URL El ministro del Interior, Armando Benedetti, se pronunci\u00f3 luego del atentado con explosivos que se registr\u00f3 junto al batall\u00f3n militar de la tercera brigada en Cali, Valle del Cauca. El jefe de la cartera no solo se solidariz\u00f3 con el pueblo cale\u00f1o, sino que anunci\u00f3 tomar medidas para solucionar la situaci\u00f3n.\u201cDespu\u00e9s de los hechos acaecidos en la ciudad de Cali, me solidarizo con el pueblo cale\u00f1o y vallecaucano; lo que ha pasado es otra vez una atrocidad contra la vida, la democracia y el pa\u00eds; es un problema para todos. He hablado con el alcalde de Cali, Alejandro Eder; vamos a tomar medidas con inteligencia, m\u00e1s pie de fuerza y vamos a convocar las reuniones necesarias junto al Consejo de Seguridad Nacional\u201d, dijo el jefe de la cartera pol\u00edtica.Cabe anotar que sobre las 10:40 de la ma\u00f1ana del pasado viernes un veh\u00edculo cargado con explosivos estall\u00f3 en inmediaciones del Batall\u00f3n Militar Pichincha en Cali. Cristian David Normalidad en elecci\u00f3n de nuevos l\u00edderes comunales Maria Alejandra Ruiz Mallungo - 04\/27\/2026 Tras una jornada de votaci\u00f3n en barrios y veredas, el departamento del Huila renov\u00f3 la mayor\u00eda de sus liderazgos... Accidente en la v\u00eda Neiva\u2013Campoalegre deja tres lesionados Cristian David - 04\/26\/2026 Una aparente falla mec\u00e1nica habr\u00eda desencadenado en el aparatoso accidente de tr\u00e1nsito registrado en la tarde de este domingo... Huila en la FiLB0 2026 Brayan Smith S\u00e1nchez - 04\/26\/2026 Con m\u00e1s de 40 eventos literarios, el departamento ratifica su liderazgo cultural en la 38.\u00aa Feria Internacional del Libro... S\u00edguenos en: Instagram: @PrensaLaNacion Facebook: La Naci\u00f3n Digital Google News: Periodico La Naci\u00f3n Canal WhatsApp: Periodico La Naci\u00f3n Art\u00edculo Relacionado ACTUALIDAD Violencia sin freno: atentado en v\u00eda Panamericana deja m\u00e1s de 10 muertos Redacci\u00f3n \/ Web - 04\/26\/2026 Una oleada de ataques terroristas se han registrado en las \u00faltimas 48 horas en los departamentos del Valle... ACTUALIDAD Atentado con explosivos deja al menos siete muertos en la v\u00eda Panamericana, en Cauca Brayan Smith S\u00e1nchez - 04\/25\/2026 Un grave atentado terrorista sacudi\u00f3 la tarde de este s\u00e1bado 25 de abril la\u00a0V\u00eda Panamericana, en el tramo... ACTUALIDAD Gobiernos de Colombia y Venezuela acuerdan cooperaci\u00f3n en seguridad, comercio e integraci\u00f3n Brayan Smith S\u00e1nchez - 04\/25\/2026 Tras una serie de reuniones bilaterales que duraron tres horas aproximadamente, el presidente Gustavo Petro y la presidenta... ACTUALIDAD Nuevo atentado en Cali: activaron bus cargado de explosivos Redacci\u00f3n \/ Web - 04\/25\/2026 El Ej\u00e9rcito Nacional ha identificado a la estructura \u2018Jaime Mart\u00ednez\u2019, perteneciente a las disidencias de las Farc, como...","body_rewritten":"<h2 class='text-2xl font-bold mt-6 mb-3'>Pronunciamiento del ministro tras el ataque<\/h2><p class='mb-4 leading-relaxed'>El ministro del Interior, <strong>Armando Benedetti<\/strong>, se pronunci\u00f3 luego del atentado con explosivos que se registr\u00f3 junto al batall\u00f3n militar de la tercera brigada en Cali, Valle del Cauca. El jefe de la cartera no solo se solidariz\u00f3 con el pueblo cale\u00f1o, sino que anunci\u00f3 tomar medidas para solucionar la situaci\u00f3n.<\/p><blockquote class='border-l-4 border-gray-300 pl-4 italic my-4'>Despu\u00e9s de los hechos acaecidos en la ciudad de Cali, me solidarizo con el pueblo cale\u00f1o y vallecaucano; lo que ha pasado es otra vez una atrocidad contra la vida, la democracia y el pa\u00eds; es un problema para todos. He hablado con el alcalde de Cali, Alejandro Eder; vamos a tomar medidas con inteligencia, m\u00e1s pie de fuerza y vamos a convocar las reuniones necesarias junto al Consejo de Seguridad Nacional<\/blockquote><p class='mb-4 leading-relaxed'>Cabe anotar que sobre las 10:40 de la ma\u00f1ana del pasado viernes un veh\u00edculo cargado con explosivos estall\u00f3 en inmediaciones del <strong>Batall\u00f3n Militar Pichincha<\/strong> en Cali. Las autoridades investigan el hecho y refuerzan la seguridad en la zona.<\/p><ul class='list-disc pl-5 mb-4 space-y-1'><li>Medidas anunciadas: inteligencia y m\u00e1s pie de fuerza<\/li><li>Reuniones del Consejo de Seguridad Nacional<\/li><li>Comunicaci\u00f3n con el alcalde Alejandro Eder<\/li><\/ul>","status":"published","author":null,"image_url":"https:\/\/colombiahoy.s3.us-east-2.amazonaws.com\/articles\/3636\/image-ea194205eb6c3ea74a4aac356f1f6d2cba95c600cce07470c92423d2b4af5df6.webp","canonical_url":"https:\/\/www.lanacion.com.co\/ministro-del-interior-se-solidariza-con-la-poblacion-de-cali\/","published_at":"2026-04-26 22:23","created_at":"2026-04-27 00:00","last_error":null,"topics":[{"id":2,"name":"Cali","slug":"cali"},{"id":3,"name":"Seguridad","slug":"seguridad"}],"source":"Actualidad Cali"},{"id":3638,"title":"Alcalde de Cali pide al gobierno de Petro priorizar la seguridad en el suroccidente","slug":"alcalde-de-cali-pide-al-gobierno-de-petro-priorizar-la-seguridad-en-el-suroccidente","title_original":"Alcalde de Cali hace un llamado al Gobierno de Petro de \u201cpriorizar la seguridad\u201d en el suroccidente de Colombia | NTN24.COM","title_rewritten":"Alcalde de Cali pide al gobierno de Petro priorizar la seguridad en el suroccidente","excerpt":"El alcalde de Cali, Alejandro Eder, hizo un llamado urgente al gobierno nacional para que priorice la seguridad en el suroccidente de Colombia, tras una escalada de ataques terroristas que dejaron 14 muertos y 38 heridos en Cajib\u00edo, Cauca.","body":"<h2 class='text-2xl font-bold mt-6 mb-3'>Llamado urgente desde Cali ante la escalada violenta<\/h2><p class='mb-4 leading-relaxed'>El suroccidente colombiano est\u00e1 bajo el terror de los criminales de la disidencia de las FARC. En los departamentos de Cauca y Valle del Cauca, en las \u00faltimas 48 horas han sido registradas m\u00e1s de 20 acciones terroristas, principalmente dirigidas contra la fuerza p\u00fablica. El \u00faltimo hecho siniestro fue un brutal ataque en el municipio de Cajib\u00edo, Cauca, donde la cifra de muertes ascendi\u00f3 a 14 personas y otras 38 resultaron heridas tras la activaci\u00f3n de un cilindro explosivo en la v\u00eda panamericana.<\/p><blockquote class='border-l-4 border-gray-300 pl-4 italic my-4'>Hemos hecho un llamado desde que soy alcalde al gobierno nacional de <strong>priorizar la seguridad<\/strong> y no disminuir m\u00e1s el presupuesto de seguridad nacional.<\/blockquote><p class='mb-4 leading-relaxed'>En medio de esta escalada terrorista, en Palmira tuvo lugar un consejo de seguridad sin la presencia del presidente Gustavo Petro, quien el viernes visit\u00f3 Venezuela y guard\u00f3 silencio durante m\u00e1s de 18 horas sobre la cr\u00edtica situaci\u00f3n en el suroccidente del pa\u00eds. Alejandro Eder, alcalde de Cali, calific\u00f3 la jornada como <strong>una hora negra para todos los ciudadanos del suroccidente<\/strong>.<\/p><ul class='list-disc pl-5 mb-4 space-y-1'><li>M\u00e1s de 20 ataques en 48 horas en Cauca y Valle del Cauca<\/li><li>14 muertos y 38 heridos en ataque con cilindro explosivo en Cajib\u00edo<\/li><li>Alcalde Eder pide no reducir el presupuesto de seguridad nacional<\/li><\/ul>","body_original":"Colombia Alcalde de Cali hace un llamado al Gobierno de Petro de \u201cpriorizar la seguridad\u201d en el suroccidente de Colombia abril 26, 2026 Por: Redacci\u00f3n NTN24 Programa: El Informativo Alejandro Eder asever\u00f3 en NTN24 que es muy grave que vuelva una oleada terrorista a esta zona del pa\u00eds. Compartir en: El suroccidente colombiano est\u00e1 bajo el terror de los criminales de la disidencia de las FARC, en los departamentos de Cauca y Valle del Cauca, en las \u00faltimas 48 horas han sido registradas m\u00e1s de 20 acciones terroristas principalmente dirigidas contra la fuerza p\u00fablica.El \u00faltimo hecho siniestro fue un brutal ataque en el municipio de Cajib\u00edo, Cauca, donde la cifra de muertes ascendi\u00f3 a 14 personas, otras 38 personas resultaron heridas tras la activaci\u00f3n de un cilindro explosivo en la v\u00eda panamericana que conecta el interior del pa\u00eds con el suroccidente y ecuador. El estallido impact\u00f3 a varios veh\u00edculos de transporte p\u00fablico.VEA TAMBI\u00c9NEn video: este es el momento de fuerte explosi\u00f3n en atentado cerca de un batall\u00f3n de Infanter\u00eda en Cali, ColombiaoY en medio de esta escalada terrorista en Palmira tuvo lugar un consejo de seguridad, sin la presencia del presidente Gustavo Petro, quien el viernes visit\u00f3 Venezuela y guard\u00f3 silencio durante m\u00e1s de 18 horas sobre la cr\u00edtica situaci\u00f3n en el suroccidente del pa\u00eds.Alejandro Eder, alcalde de Cali, habl\u00f3 con NTN24 y dijo: \u201cHemos hecho un llamado desde que soy alcalde al gobierno nacional de priorizar la seguridad y no disminuir m\u00e1s el presupuesto de seguridad nacional\u201d.\u201cLo m\u00e1s grave es que vuelve haber una oleada terrorista en esta zona del pa\u00eds. Lo de ayer fue muy complejo porque fue una bomba en Cali en la ma\u00f1ana, luego en Palmira en la noche y despu\u00e9s las dem\u00e1s que se han reportado. Es una hora negra para todos los ciudadanos del suroccidente del pa\u00eds\u201d, a\u00f1adi\u00f3 el alcalde. Temas relacionados: Colombia Violencia Alcalde Cali Gustavo Petro Seguridad","body_rewritten":"<h2 class='text-2xl font-bold mt-6 mb-3'>Llamado urgente desde Cali ante la escalada violenta<\/h2><p class='mb-4 leading-relaxed'>El suroccidente colombiano est\u00e1 bajo el terror de los criminales de la disidencia de las FARC. En los departamentos de Cauca y Valle del Cauca, en las \u00faltimas 48 horas han sido registradas m\u00e1s de 20 acciones terroristas, principalmente dirigidas contra la fuerza p\u00fablica. El \u00faltimo hecho siniestro fue un brutal ataque en el municipio de Cajib\u00edo, Cauca, donde la cifra de muertes ascendi\u00f3 a 14 personas y otras 38 resultaron heridas tras la activaci\u00f3n de un cilindro explosivo en la v\u00eda panamericana.<\/p><blockquote class='border-l-4 border-gray-300 pl-4 italic my-4'>Hemos hecho un llamado desde que soy alcalde al gobierno nacional de <strong>priorizar la seguridad<\/strong> y no disminuir m\u00e1s el presupuesto de seguridad nacional.<\/blockquote><p class='mb-4 leading-relaxed'>En medio de esta escalada terrorista, en Palmira tuvo lugar un consejo de seguridad sin la presencia del presidente Gustavo Petro, quien el viernes visit\u00f3 Venezuela y guard\u00f3 silencio durante m\u00e1s de 18 horas sobre la cr\u00edtica situaci\u00f3n en el suroccidente del pa\u00eds. Alejandro Eder, alcalde de Cali, calific\u00f3 la jornada como <strong>una hora negra para todos los ciudadanos del suroccidente<\/strong>.<\/p><ul class='list-disc pl-5 mb-4 space-y-1'><li>M\u00e1s de 20 ataques en 48 horas en Cauca y Valle del Cauca<\/li><li>14 muertos y 38 heridos en ataque con cilindro explosivo en Cajib\u00edo<\/li><li>Alcalde Eder pide no reducir el presupuesto de seguridad nacional<\/li><\/ul>","status":"published","author":null,"image_url":"https:\/\/colombiahoy.s3.us-east-2.amazonaws.com\/articles\/3638\/image-64b3362242db93ef4a514cbae91a4f7083861540db9eef7dcef8f2bc3e74cb8b.webp","canonical_url":"https:\/\/www.ntn24.com\/noticias-actualidad\/alcalde-de-cali-hace-un-llamado-al-gobierno-de-petro-de-priorizar-la-seguridad-en-el-suroccidente-de-colombia-619070","published_at":"2026-04-26 19:37","created_at":"2026-04-27 12:00","last_error":null,"topics":[{"id":2,"name":"Cali","slug":"cali"},{"id":3,"name":"Seguridad","slug":"seguridad"}],"source":"Actualidad Cali"},{"id":3608,"title":"Revelan los cerebros detr\u00e1s de los atentados en Cali y Palmira","slug":"revelan-los-cerebros-detras-de-los-atentados-en-cali-y-palmira","title_original":"Caen en la mira: revelan cerebros detr\u00e1s de atentados en Cali y Palmira","title_rewritten":"Revelan los cerebros detr\u00e1s de los atentados en Cali y Palmira","excerpt":"Las autoridades revelaron los nombres de los presuntos autores intelectuales de los atentados en Cali y Palmira. Ofrecen recompensas de hasta 5.000 millones de pesos por informaci\u00f3n que lleve a su captura.","body":"<h2 class=\"text-2xl font-bold mt-6 mb-3\">Investigaciones avanzan y autoridades aseguran que ya siguen el rastro de los implicados<\/h2><p class=\"mb-4 leading-relaxed\">La tensi\u00f3n no baja en el Valle. Luego de los atentados que sembraron miedo en Cali y Palmira, las autoridades soltaron nombres clave de quienes estar\u00edan moviendo los hilos detr\u00e1s de estos hechos violentos.<\/p><p class=\"mb-4 leading-relaxed\">La informaci\u00f3n sali\u00f3 a la luz tras un consejo de seguridad extraordinario realizado en Palmira, donde se sentaron en la misma mesa el ministro de Defensa, <strong>Pedro S\u00e1nchez<\/strong>; la gobernadora <strong>Dilian Francisca Toro<\/strong>; y los alcaldes <strong>Alejandro Eder<\/strong> y <strong>V\u00edctor Ramos<\/strong>.<\/p><blockquote class=\"border-l-4 border-gray-300 pl-4 italic my-4\">Hemos desplegado todas las acciones para proteger a la poblaci\u00f3n. Los atentados terroristas son una muestra de debilidad de una estructura criminal cuyo cabecilla principal es un peligroso delincuente: alias <strong>Marlon<\/strong><\/blockquote><ul class=\"list-disc pl-5 mb-4 space-y-1\"><li>Alias Marlon: recompensa de hasta <strong>5.000 millones de pesos<\/strong><\/li><li>Alias Max Max: recompensa de hasta <strong>5.000 millones de pesos<\/strong><\/li><li>Alias Oso Yogui: recompensa de <strong>200 millones de pesos<\/strong><\/li><\/ul><p class=\"mb-4 leading-relaxed\">Las autoridades ya tienen pistas sobre los veh\u00edculos usados en los atentados y aseguran que identificaron a sus propietarios. Con esos datos, los operativos est\u00e1n en marcha para dar con los responsables.<\/p><img src=\"data:image\/svg+xml,%3Csvg%20xmlns='http:\/\/www.w3.org\/2000\/svg'%20viewBox='0%200%201024%20576'%3E%3C\/svg%3E\" style=\"max-width:100%; height:auto; margin:20px 0; display:block;\" loading=\"lazy\" alt=\"\">","body_original":"<div class=\"entry-content\">\n\t\t\n<h2>Investigaciones avanzan y autoridades aseguran que ya siguen el rastro de los implicados.<\/h2>\n\n\n\n<p>La tensi\u00f3n no baja en el Valle. Luego de los atentados que sembraron miedo en Cali y Palmira, las autoridades soltaron nombres clave de quienes estar\u00edan moviendo los hilos detr\u00e1s de estos hechos violentos.<\/p>\n\n\n\n<p>La informaci\u00f3n sali\u00f3 a la luz tras un consejo de seguridad extraordinario realizado en Palmira, donde se sentaron en la misma mesa el ministro de Defensa, Pedro S\u00e1nchez; la gobernadora Dilian Francisca Toro; y los alcaldes Alejandro Eder y V\u00edctor Ramos.<\/p>\n\n\n\n<h2>Puedes leer: <a href=\"https:\/\/www.qhubocali.com\/asi-paso\/explosion-y-susto-en-el-sur-de-cali-atentado-cerca-al-batallon-pichincha-dejo-bus-en-llamas-y-zona-acordonada\/\">\u00a1Explosi\u00f3n y susto en el sur de Cali! Atentado cerca al Batall\u00f3n Pichincha dej\u00f3 bus en llamas y zona acordonada<\/a><\/h2>\n\n\n\n<p>Seg\u00fan lo revelado, los presuntos autores intelectuales ser\u00edan alias Marlon, alias Max Max y alias Oso Yogui. Por los dos primeros ofrecen una recompensa de hasta 5.000 millones de pesos, mientras que por el tercero la suma llega a 200 millones. El objetivo es  capturarlos cuanto antes.<\/p>\n\n\n\n<p><em>\u201cHemos desplegado todas las acciones para proteger a la poblaci\u00f3n. Los atentados terroristas son una muestra de debilidad de una estructura criminal cuyo cabecilla principal es un peligroso delincuente: alias Marlon\u201d<\/em>, indic\u00f3 el Ministro de Defensa.<\/p>\n\n\n\n<blockquote class=\"twitter-tweet\" data-media-max-width=\"560\"><p dir=\"ltr\" lang=\"es\">\ud83d\udccc En la Cumbre de Seguridad en Palmira, el ministro de Defensa, Pedro S\u00e1nchez, tambi\u00e9n habl\u00f3 de las medidas de refuerzo que se tomar\u00e1n en la regi\u00f3n para proteger a los ciudadanos.<\/p><p>Al tiempo, revel\u00f3 la suma de hasta $ 5000 millones de recompensa por informaci\u00f3n que permita\u2026 <a href=\"https:\/\/t.co\/2hfrG6wBKy\">pic.twitter.com\/2hfrG6wBKy<\/a><\/p>\u2014 El Pa\u00eds Cali \ud83d\udcf0 (@elpaiscali) <a href=\"https:\/\/twitter.com\/elpaiscali\/status\/2048118726273151367?ref_src=twsrc%5Etfw\">April 25, 2026<\/a><\/blockquote> \n\n\n\n<p>Y es que la cosa va en serio. Las autoridades ya tienen pistas sobre los veh\u00edculos usados en los atentados y aseguran que identificaron a sus propietarios. Con esos datos, los operativos est\u00e1n en marcha para dar con los responsables.<\/p>\n\n\n\n<p>Desde la Gobernaci\u00f3n destacaron el trabajo articulado con la Fuerza P\u00fablica, mientras que el Gobierno Nacional reiter\u00f3 que la prioridad es proteger a la ciudadan\u00eda y evitar que se repitan estos hechos.<\/p>\n\n\n\n<p>El mensaje tambi\u00e9n va para la gente: cualquier informaci\u00f3n puede ser clave. En medio de la zozobra, la colaboraci\u00f3n ciudadana se vuelve fundamental para cerrarles el paso a los violentos y devolver la tranquilidad a la regi\u00f3n.<\/p>\n\n\n\n<h2>Te puede interesar: <a href=\"http:\/\/%C2%A1La%20explosi%C3%B3n%20s%C3%AD%20dej%C3%B3%20v%C3%ADctimas!%20Mujer%20result%C3%B3%20herida%20tras%20atentado%20cerca%20al%20Batall%C3%B3n%20Pichincha%20en%20Cali\">\u00a1La explosi\u00f3n s\u00ed dej\u00f3 v\u00edctimas! Mujer result\u00f3 herida tras atentado cerca al Batall\u00f3n Pichincha en Cali<\/a><\/h2>\n\n\n\n<figure class=\"wp-block-image size-large\"><img alt=\"\" class=\"wp-image-748959\" data-lazy-sizes=\"(max-width: 1024px) 100vw, 1024px\" data-lazy-src=\"https:\/\/www.qhubocali.com\/wp-content\/uploads\/2026\/04\/image-125-1024x576.png\" data-lazy-srcset=\"https:\/\/www.qhubocali.com\/wp-content\/uploads\/2026\/04\/image-125-1024x576.png 1024w, https:\/\/www.qhubocali.com\/wp-content\/uploads\/2026\/04\/image-125-300x169.png 300w, https:\/\/www.qhubocali.com\/wp-content\/uploads\/2026\/04\/image-125-768x432.png 768w, https:\/\/www.qhubocali.com\/wp-content\/uploads\/2026\/04\/image-125.png 1280w\" height=\"576\" loading=\"lazy\" src=\"data:image\/svg+xml,%3Csvg%20xmlns='http:\/\/www.w3.org\/2000\/svg'%20viewBox='0%200%201024%20576'%3E%3C\/svg%3E\" width=\"1024\"><figcaption>Atentado en inmediaciones del Cant\u00f3n Militar Pichincha<\/figcaption><\/figure>\n\t<\/div>","body_rewritten":"<h2 class=\"text-2xl font-bold mt-6 mb-3\">Investigaciones avanzan y autoridades aseguran que ya siguen el rastro de los implicados<\/h2><p class=\"mb-4 leading-relaxed\">La tensi\u00f3n no baja en el Valle. Luego de los atentados que sembraron miedo en Cali y Palmira, las autoridades soltaron nombres clave de quienes estar\u00edan moviendo los hilos detr\u00e1s de estos hechos violentos.<\/p><p class=\"mb-4 leading-relaxed\">La informaci\u00f3n sali\u00f3 a la luz tras un consejo de seguridad extraordinario realizado en Palmira, donde se sentaron en la misma mesa el ministro de Defensa, <strong>Pedro S\u00e1nchez<\/strong>; la gobernadora <strong>Dilian Francisca Toro<\/strong>; y los alcaldes <strong>Alejandro Eder<\/strong> y <strong>V\u00edctor Ramos<\/strong>.<\/p><blockquote class=\"border-l-4 border-gray-300 pl-4 italic my-4\">Hemos desplegado todas las acciones para proteger a la poblaci\u00f3n. Los atentados terroristas son una muestra de debilidad de una estructura criminal cuyo cabecilla principal es un peligroso delincuente: alias <strong>Marlon<\/strong><\/blockquote><ul class=\"list-disc pl-5 mb-4 space-y-1\"><li>Alias Marlon: recompensa de hasta <strong>5.000 millones de pesos<\/strong><\/li><li>Alias Max Max: recompensa de hasta <strong>5.000 millones de pesos<\/strong><\/li><li>Alias Oso Yogui: recompensa de <strong>200 millones de pesos<\/strong><\/li><\/ul><p class=\"mb-4 leading-relaxed\">Las autoridades ya tienen pistas sobre los veh\u00edculos usados en los atentados y aseguran que identificaron a sus propietarios. Con esos datos, los operativos est\u00e1n en marcha para dar con los responsables.<\/p><img src=\"data:image\/svg+xml,%3Csvg%20xmlns='http:\/\/www.w3.org\/2000\/svg'%20viewBox='0%200%201024%20576'%3E%3C\/svg%3E\" style=\"max-width:100%; height:auto; margin:20px 0; display:block;\" loading=\"lazy\" alt=\"\">","status":"published","author":null,"image_url":"https:\/\/colombiahoy.s3.us-east-2.amazonaws.com\/articles\/3608\/image-882a5a3526447a563f5163a80ea674ccd93832de9b507f86b1a1e8cd15e371a0.webp","canonical_url":"https:\/\/www.qhubocali.com\/asi-paso\/caen-en-la-mira-revelan-cerebros-detras-de-atentados-en-cali-y-palmira\/","published_at":"2026-04-25 21:48","created_at":"2026-04-26 19:17","last_error":null,"topics":[{"id":2,"name":"Cali","slug":"cali"},{"id":3,"name":"Seguridad","slug":"seguridad"}],"source":"N\/A"},{"id":3609,"title":"Terror en la v\u00eda Cali-Popay\u00e1n: cilindrobomba cae sobre bus y deja siete muertos","slug":"terror-en-la-via-cali-popayan-cilindrobomba-cae-sobre-bus-y-deja-siete-muertos","title_original":"\u00a1Terror en la v\u00eda Cali\u2013Popay\u00e1n! Cilindrobomba cae sobre bus y deja siete muertos","title_rewritten":"Terror en la v\u00eda Cali-Popay\u00e1n: cilindrobomba cae sobre bus y deja siete muertos","excerpt":"Un ataque con cilindrobomba en la v\u00eda Panamericana, entre Cali y Popay\u00e1n, dej\u00f3 siete muertos y m\u00e1s de 20 heridos. Presuntos disidentes de las Farc instalaron un ret\u00e9n ilegal y activaron el explosivo sobre un bus de transporte p\u00fablico.","body":"<h2 class=\"text-2xl font-bold mt-6 mb-3\">Civiles quedaron en medio del atentado que hoy tiene colapsada la v\u00eda<\/h2><p class=\"mb-4 leading-relaxed\">Lo que deb\u00eda ser un recorrido normal por la v\u00eda Panamericana termin\u00f3 en una escena de guerra. En el tramo entre Cali y Popay\u00e1n, espec\u00edficamente en el sector de El T\u00fanel, municipio de Cajib\u00edo, un ataque con explosivos dej\u00f3 al menos siete personas muertas y m\u00e1s de 20 heridas, generando p\u00e1nico y dolor en toda la regi\u00f3n.<\/p><p class=\"mb-4 leading-relaxed\">De acuerdo con la informaci\u00f3n conocida, presuntos disidentes de las Farc instalaron un ret\u00e9n ilegal en plena carretera. Con veh\u00edculos atravesados, entre ellos volquetas y un bus, obligaron a los conductores a detenerse. Lo que vino despu\u00e9s fue puro terror: en medio del pare forzado, los delincuentes habr\u00edan activado un <strong>cilindrobomba<\/strong> que cay\u00f3 directamente sobre un bus de transporte p\u00fablico lleno de pasajeros.<\/p><blockquote class=\"border-l-4 border-gray-300 pl-4 italic my-4\">Es una tragedia que nos desgarra como departamento y enluta profundamente a nuestras familias<\/blockquote><p class=\"mb-4 leading-relaxed\">El gobernador del Cauca, Octavio Guzm\u00e1n, no ocult\u00f3 su dolor ante lo ocurrido. Adem\u00e1s, confirm\u00f3 que se convoc\u00f3 un consejo de seguridad urgente y pidi\u00f3 mayor presencia del Gobierno Nacional para hacerle frente a la escalada de violencia.<\/p><img src=\"data:image\/svg+xml,%3Csvg%20xmlns='http:\/\/www.w3.org\/2000\/svg'%20viewBox='0%200%201024%20576'%3E%3C\/svg%3E\" style=\"max-width:100%; height:auto; margin:20px 0; display:block;\" loading=\"lazy\" alt=\"\"><ul class=\"list-disc pl-5 mb-4 space-y-1\"><li>La explosi\u00f3n fue devastadora: la onda expansiva destruy\u00f3 veh\u00edculos y dej\u00f3 varias personas sin vida en cuesti\u00f3n de segundos.<\/li><li>Testigos aseguran que se escucharon gritos desesperados y que el panorama era de caos total, con heridos tendidos sobre la v\u00eda.<\/li><li>La v\u00eda Panamericana qued\u00f3 completamente bloqueada y bajo estricta vigilancia de la Fuerza P\u00fablica.<\/li><\/ul><img src=\"data:image\/svg+xml,%3Csvg%20xmlns='http:\/\/www.w3.org\/2000\/svg'%20viewBox='0%200%20576%201024'%3E%3C\/svg%3E\" style=\"max-width:100%; height:auto; margin:20px 0; display:block;\" loading=\"lazy\" alt=\"\">","body_original":"<div class=\"entry-content\">\n\t\t\n<h2>Civiles quedaron en medio del atentado que hoy tiene colapsada la v\u00eda.<\/h2>\n\n\n\n<p>Lo que deb\u00eda ser un recorrido normal por la v\u00eda Panamericana termin\u00f3 en una escena de guerra. En el tramo entre Cali y Popay\u00e1n, espec\u00edficamente en el sector de El T\u00fanel, municipio de Cajib\u00edo, un ataque con explosivos dej\u00f3 al menos siete personas muertas y m\u00e1s de 20 heridas, generando p\u00e1nico y dolor en toda la regi\u00f3n.<\/p>\n\n\n\n<p>De acuerdo con la informaci\u00f3n conocida, presuntos disidentes de las Farc instalaron un ret\u00e9n ilegal en plena carretera. Con veh\u00edculos atravesados, entre ellos volquetas y un bus, obligaron a los conductores a detenerse. <\/p>\n\n\n\n<figure class=\"wp-block-image size-large\"><img alt=\"\" class=\"wp-image-748954\" data-lazy-sizes=\"(max-width: 1024px) 100vw, 1024px\" data-lazy-src=\"https:\/\/www.qhubocali.com\/wp-content\/uploads\/2026\/04\/image-122-1024x576.png\" data-lazy-srcset=\"https:\/\/www.qhubocali.com\/wp-content\/uploads\/2026\/04\/image-122-1024x576.png 1024w, https:\/\/www.qhubocali.com\/wp-content\/uploads\/2026\/04\/image-122-300x169.png 300w, https:\/\/www.qhubocali.com\/wp-content\/uploads\/2026\/04\/image-122-768x432.png 768w, https:\/\/www.qhubocali.com\/wp-content\/uploads\/2026\/04\/image-122.png 1280w\" height=\"576\" loading=\"lazy\" src=\"data:image\/svg+xml,%3Csvg%20xmlns='http:\/\/www.w3.org\/2000\/svg'%20viewBox='0%200%201024%20576'%3E%3C\/svg%3E\" width=\"1024\"><figcaption>A<em>tentado con explosivos en el Cauca dej\u00f3 v\u00edctimas y mantiene en alerta a las autoridades en la regi\u00f3n.\u00a0| Foto:\u00a0Fotos videos redes sociales<\/em><\/figcaption><\/figure>\n\n\n\n<p>Lo que vino despu\u00e9s fue puro terror: en medio del pare forzado, los delincuentes habr\u00edan activado un cilindrobomba que cay\u00f3 directamente sobre un bus de transporte p\u00fablico lleno de pasajeros.<\/p>\n\n\n\n<h2>Puedes leer: <a href=\"https:\/\/www.qhubocali.com\/asi-paso\/explosion-y-susto-en-el-sur-de-cali-atentado-cerca-al-batallon-pichincha-dejo-bus-en-llamas-y-zona-acordonada\/\">\u00a1Explosi\u00f3n y susto en el sur de Cali! Atentado cerca al Batall\u00f3n Pichincha dej\u00f3 bus en llamas y zona acordonada<\/a><\/h2>\n\n\n\n<p>La explosi\u00f3n fue devastadora. La onda expansiva sacudi\u00f3 todo a su paso, destruyendo veh\u00edculos y dejando a varias personas sin vida en cuesti\u00f3n de segundos. <\/p>\n\n\n\n<p>Testigos aseguran que se escucharon gritos desesperados y que el panorama era de caos total, con heridos tendidos sobre la v\u00eda y otros intentando huir como pod\u00edan.<\/p>\n\n\n\n<p>Varias de las v\u00edctimas fallecieron dentro del bus, atrapadas por la magnitud del estallido. Otras resultaron con heridas de gravedad y fueron auxiliadas por ambulancias que llegaron desde Popay\u00e1n. Los organismos de socorro trabajaron contrarreloj para trasladar a los lesionados a centros asistenciales, donde la red hospitalaria colaps\u00f3 ante la cantidad de pacientes.<\/p>\n\n\n\n<figure class=\"wp-block-image size-large\"><img alt=\"\" class=\"wp-image-748955\" data-lazy-sizes=\"(max-width: 576px) 100vw, 576px\" data-lazy-src=\"https:\/\/www.qhubocali.com\/wp-content\/uploads\/2026\/04\/image-123-576x1024.png\" data-lazy-srcset=\"https:\/\/www.qhubocali.com\/wp-content\/uploads\/2026\/04\/image-123-576x1024.png 576w, https:\/\/www.qhubocali.com\/wp-content\/uploads\/2026\/04\/image-123-169x300.png 169w, https:\/\/www.qhubocali.com\/wp-content\/uploads\/2026\/04\/image-123-768x1366.png 768w, https:\/\/www.qhubocali.com\/wp-content\/uploads\/2026\/04\/image-123-864x1536.png 864w, https:\/\/www.qhubocali.com\/wp-content\/uploads\/2026\/04\/image-123-1152x2048.png 1152w, https:\/\/www.qhubocali.com\/wp-content\/uploads\/2026\/04\/image-123.png 1280w\" height=\"1024\" loading=\"lazy\" src=\"data:image\/svg+xml,%3Csvg%20xmlns='http:\/\/www.w3.org\/2000\/svg'%20viewBox='0%200%20576%201024'%3E%3C\/svg%3E\" width=\"576\"><figcaption>Explosi<em>\u00f3n en la v\u00eda Panamericana, en el sector de El T\u00fanel (Cajib\u00edo), dej\u00f3 varias v\u00edctimas y bloque\u00f3 la conexi\u00f3n entre Popay\u00e1n y Cali.\u00a0| Foto:\u00a0Fotos videos redes sociales<\/em><\/figcaption><\/figure>\n\n\n\n<p>El gobernador del Cauca, Octavio Guzm\u00e1n, no ocult\u00f3 su dolor ante lo ocurrido. \u201cEs una tragedia que nos desgarra como departamento y enluta profundamente a nuestras familias\u201d, expres\u00f3.<\/p>\n\n\n\n<p>Adem\u00e1s, confirm\u00f3 que se convoc\u00f3 un consejo de seguridad urgente y pidi\u00f3 mayor presencia del Gobierno Nacional para hacerle frente a la escalada de violencia.<\/p>\n\n\n\n<p>La v\u00eda Panamericana, uno de los corredores m\u00e1s importantes del suroccidente colombiano, qued\u00f3 completamente bloqueada y bajo estricta vigilancia de la Fuerza P\u00fablica. El miedo se apoder\u00f3 de los viajeros y transportadores que dependen de este paso para movilizarse entre el Valle y el Cauca.<\/p>\n\n\n\n<blockquote class=\"twitter-tweet\" data-media-max-width=\"560\"><p dir=\"ltr\" lang=\"es\">\ud83d\udcccUna fuerte explosi\u00f3n se registr\u00f3 en El T\u00fanel, Cajib\u00edo; disidencias de las Farc detonaron explosivos, afectando la movilidad de la v\u00eda. Autoridades informan que el hecho dej\u00f3 varios heridos. M\u00e1s informaci\u00f3n en <a href=\"https:\/\/t.co\/piwyO0urSS\">https:\/\/t.co\/piwyO0urSS<\/a> <a href=\"https:\/\/t.co\/C0zU1IMBPn\">pic.twitter.com\/C0zU1IMBPn<\/a><\/p>\u2014 El Pa\u00eds Cali \ud83d\udcf0 (@elpaiscali) <a href=\"https:\/\/twitter.com\/elpaiscali\/status\/2048103500211532241?ref_src=twsrc%5Etfw\">April 25, 2026<\/a><\/blockquote> \n\n\n\n<p>Este atentado no ser\u00eda un hecho aislado. En las \u00faltimas horas se han reportado acciones violentas en varios municipios del Cauca, lo que prende las alarmas sobre una posible ofensiva de grupos armados ilegales en la zona. <\/p>\n\n\n\n<p>Localidades como El Tambo, Caloto, Guachen\u00e9, Mercaderes y Miranda tambi\u00e9n han registrado situaciones de orden p\u00fablico.<\/p>\n\n\n\n<p>Las autoridades avanzan en las investigaciones para esclarecer lo ocurrido y dar con los responsables de este ataque que hoy enluta a todo un pa\u00eds. Entre tanto, las familias de las v\u00edctimas enfrentan un dolor inmenso, mientras los heridos luchan por recuperarse.<\/p>\n\n\n\n<h2>No olvides leer: <a href=\"https:\/\/www.qhubocali.com\/judiciales\/cayo-fito-en-cali-narco-pesado-con-nexos-internacionales\/\">Cay\u00f3 \u2018Fito\u2019 en Cali: narco pesado con nexos internacionales<\/a><\/h2>\n\t<\/div>","body_rewritten":"<h2 class=\"text-2xl font-bold mt-6 mb-3\">Civiles quedaron en medio del atentado que hoy tiene colapsada la v\u00eda<\/h2><p class=\"mb-4 leading-relaxed\">Lo que deb\u00eda ser un recorrido normal por la v\u00eda Panamericana termin\u00f3 en una escena de guerra. En el tramo entre Cali y Popay\u00e1n, espec\u00edficamente en el sector de El T\u00fanel, municipio de Cajib\u00edo, un ataque con explosivos dej\u00f3 al menos siete personas muertas y m\u00e1s de 20 heridas, generando p\u00e1nico y dolor en toda la regi\u00f3n.<\/p><p class=\"mb-4 leading-relaxed\">De acuerdo con la informaci\u00f3n conocida, presuntos disidentes de las Farc instalaron un ret\u00e9n ilegal en plena carretera. Con veh\u00edculos atravesados, entre ellos volquetas y un bus, obligaron a los conductores a detenerse. Lo que vino despu\u00e9s fue puro terror: en medio del pare forzado, los delincuentes habr\u00edan activado un <strong>cilindrobomba<\/strong> que cay\u00f3 directamente sobre un bus de transporte p\u00fablico lleno de pasajeros.<\/p><blockquote class=\"border-l-4 border-gray-300 pl-4 italic my-4\">Es una tragedia que nos desgarra como departamento y enluta profundamente a nuestras familias<\/blockquote><p class=\"mb-4 leading-relaxed\">El gobernador del Cauca, Octavio Guzm\u00e1n, no ocult\u00f3 su dolor ante lo ocurrido. Adem\u00e1s, confirm\u00f3 que se convoc\u00f3 un consejo de seguridad urgente y pidi\u00f3 mayor presencia del Gobierno Nacional para hacerle frente a la escalada de violencia.<\/p><img src=\"data:image\/svg+xml,%3Csvg%20xmlns='http:\/\/www.w3.org\/2000\/svg'%20viewBox='0%200%201024%20576'%3E%3C\/svg%3E\" style=\"max-width:100%; height:auto; margin:20px 0; display:block;\" loading=\"lazy\" alt=\"\"><ul class=\"list-disc pl-5 mb-4 space-y-1\"><li>La explosi\u00f3n fue devastadora: la onda expansiva destruy\u00f3 veh\u00edculos y dej\u00f3 varias personas sin vida en cuesti\u00f3n de segundos.<\/li><li>Testigos aseguran que se escucharon gritos desesperados y que el panorama era de caos total, con heridos tendidos sobre la v\u00eda.<\/li><li>La v\u00eda Panamericana qued\u00f3 completamente bloqueada y bajo estricta vigilancia de la Fuerza P\u00fablica.<\/li><\/ul><img src=\"data:image\/svg+xml,%3Csvg%20xmlns='http:\/\/www.w3.org\/2000\/svg'%20viewBox='0%200%20576%201024'%3E%3C\/svg%3E\" style=\"max-width:100%; height:auto; margin:20px 0; display:block;\" loading=\"lazy\" alt=\"\">","status":"published","author":null,"image_url":"https:\/\/colombiahoy.s3.us-east-2.amazonaws.com\/articles\/3609\/image-c1a279b2a4fc4e251e4b9afe2b52e4bcfe7a0b55e072bee9098fd7eb4dbc292c.webp","canonical_url":"https:\/\/www.qhubocali.com\/judiciales\/terror-en-la-via-cali-popayan-cilindrobomba-cae-sobre-bus-y-deja-siete-muertos\/","published_at":"2026-04-25 21:12","created_at":"2026-04-26 19:17","last_error":null,"topics":[{"id":2,"name":"Cali","slug":"cali"},{"id":3,"name":"Seguridad","slug":"seguridad"}],"source":"N\/A"},{"id":3592,"title":"Dilian Francisca Toro exige apoyo nacional para erradicar la econom\u00eda ilegal tras atentado","slug":"dilian-francisca-toro-exige-apoyo-nacional-para-erradicar-la-economia-ilegal-tras-atentado","title_original":"'Erradicar de una vez por todas la econom\u00eda ilegal': la exigencia de la gobernadora Dilian Francisca Toro, al pedir apoyo del Gobierno Nacional - ELTIEMPO.COM","title_rewritten":"Dilian Francisca Toro exige apoyo nacional para erradicar la econom\u00eda ilegal tras atentado","excerpt":"Dilian Francisca Toro, gobernadora del Valle, exige al Gobierno Nacional una operaci\u00f3n de gran escala para erradicar la econom\u00eda ilegal y desarticular el narcotr\u00e1fico y la miner\u00eda ilegal en el suroccidente del pa\u00eds, tras el atentado en Cali.","body":"<h2 class='text-2xl font-bold mt-6 mb-3'>Un llamado urgente por la seguridad<\/h2><p class='mb-4 leading-relaxed'>La gobernadora del Valle del Cauca, Dilian Francisca Toro, realiz\u00f3 un <strong>llamado urgente<\/strong> al Gobierno Nacional para implementar una intervenci\u00f3n militar y social profunda. El objetivo es desarticular el narcotr\u00e1fico y la miner\u00eda ilegal en el suroccidente del pa\u00eds, especialmente tras el reciente <strong>ataque terrorista en el sur de Cali<\/strong> con una buseta cargada de explosivos que dej\u00f3 una persona herida.<\/p><h2 class='text-2xl font-bold mt-6 mb-3'>Enfoque en la ra\u00edz del conflicto<\/h2><p class='mb-4 leading-relaxed'>La mandataria departamental <strong>subray\u00f3<\/strong> que la inseguridad en Cali es una consecuencia directa del control territorial ejercido por grupos armados en zonas rurales. Seg\u00fan Toro, la soluci\u00f3n definitiva requiere <strong>erradicar las fuentes de financiamiento<\/strong> de las disidencias de las Farc, que operan en la regi\u00f3n.<\/p><blockquote class='border-l-4 border-gray-300 pl-4 italic my-4'>Esperamos que el Gobierno nacional venga y nos apoye en una operaci\u00f3n que realmente nos d\u00e9 la posibilidad de poder lograr <strong>erradicar de una vez por todas la econom\u00eda ilegal<\/strong>, que es la coca y la miner\u00eda ilegal.<\/blockquote>","body_original":"Contenido automatizado'Erradicar de una vez por todas la econom\u00eda ilegal': la exigencia de la gobernadora Dilian Francisca Toro, al pedir apoyo del Gobierno NacionalTras atentado en Cali, la mandataria solicita operaci\u00f3n de gran escala en Jamund\u00ed similar a la ejecutada en El Plateado, Cauca.Una vez m\u00e1s, Cali volvi\u00f3 a ser blanco de los terroristas con una buseta cargada de explosivos que dej\u00f3 a una persona herida.\u00a0 Foto: Juan Pablo RuedaLinkJos\u00e9 Antonio Minota HurtadoPERIODISTA24.04.2026 21:09 Actualizado: 24.04.2026 21:09 Compartir Guardar Ingrese o reg\u00edstrese ac\u00e1 para guardar los art\u00edculos en su zona de usuario y leerlos cuando quiera Reportar Resumen Cerrar Este resumen fue construido con ayuda de IA. Escuchar 00:0000:001X Comentar La url ha sido copiada en el portapapeles La gobernadora del Valle del Cauca, Dilian Francisca Toro, realiz\u00f3 un llamado urgente al Gobierno Nacional para implementar una intervenci\u00f3n militar y social profunda que permita desarticular el narcotr\u00e1fico y la miner\u00eda ilegal en el suroccidente del pa\u00eds.\u00a0El pronunciamiento se produjo tras el reciente ataque terrorista en el sur de Cali, donde se utiliz\u00f3 una buseta cargada con explosivos para atentar contra la fuerza p\u00fablica.Se espera que con el apoyo del Gobierno Nacional, se reduzcan los atentados. Foto:Juan Pablo Rueda \/ EL TIEMPOEnfoque en la ra\u00edz del conflictoLa mandataria departamental subray\u00f3 que la inseguridad en Cali es una consecuencia directa del control territorial que ejercen grupos armados en zonas rurales.\u00a0Seg\u00fan Toro, la soluci\u00f3n definitiva requiere erradicar las fuentes de financiamiento de las disidencias de las Farc.\"Esperamos que el Gobierno nacional venga y nos apoye en una operaci\u00f3n que realmente nos d\u00e9 la posibilidad de poder lograr erradicar de una vez por todas la econom\u00eda ilegal, que es la coca y la miner\u00eda ilegal\", afirm\u00f3 la gobernadora.\u00a0 LEA TAMBI\u00c9N Autoridades de Cali desmienten toque de queda y pico y placa tras atentado con explosivos en el Batall\u00f3n PichinchaJos\u00e9 Minota Hurtado","body_rewritten":"<h2 class='text-2xl font-bold mt-6 mb-3'>Un llamado urgente por la seguridad<\/h2><p class='mb-4 leading-relaxed'>La gobernadora del Valle del Cauca, Dilian Francisca Toro, realiz\u00f3 un <strong>llamado urgente<\/strong> al Gobierno Nacional para implementar una intervenci\u00f3n militar y social profunda. El objetivo es desarticular el narcotr\u00e1fico y la miner\u00eda ilegal en el suroccidente del pa\u00eds, especialmente tras el reciente <strong>ataque terrorista en el sur de Cali<\/strong> con una buseta cargada de explosivos que dej\u00f3 una persona herida.<\/p><h2 class='text-2xl font-bold mt-6 mb-3'>Enfoque en la ra\u00edz del conflicto<\/h2><p class='mb-4 leading-relaxed'>La mandataria departamental <strong>subray\u00f3<\/strong> que la inseguridad en Cali es una consecuencia directa del control territorial ejercido por grupos armados en zonas rurales. Seg\u00fan Toro, la soluci\u00f3n definitiva requiere <strong>erradicar las fuentes de financiamiento<\/strong> de las disidencias de las Farc, que operan en la regi\u00f3n.<\/p><blockquote class='border-l-4 border-gray-300 pl-4 italic my-4'>Esperamos que el Gobierno nacional venga y nos apoye en una operaci\u00f3n que realmente nos d\u00e9 la posibilidad de poder lograr <strong>erradicar de una vez por todas la econom\u00eda ilegal<\/strong>, que es la coca y la miner\u00eda ilegal.<\/blockquote>","status":"published","author":null,"image_url":"https:\/\/colombiahoy.s3.us-east-2.amazonaws.com\/articles\/3592\/image-7bec5aaac166b93d873acca571ec48c6d0bc86dc533a9f7653ef6a82461663bf.webp","canonical_url":"https:\/\/www.eltiempo.com\/colombia\/cali\/erradicar-de-una-vez-por-todas-la-economia-ilegal-la-exigencia-de-la-gobernadora-dilian-francisca-toro-al-pedir-apoyo-del-gobierno-nacional-3550760","published_at":"2026-04-25 02:09","created_at":"2026-04-25 06:00","last_error":null,"topics":[{"id":3,"name":"Seguridad","slug":"seguridad"},{"id":6,"name":"Econom\u00eda","slug":"economia"}],"source":"Econom\u00eda y Negocios"},{"id":3588,"title":"Autoridades de Cali desmienten toque de queda y pico y placa tras atentado con explosivos","slug":"autoridades-de-cali-desmienten-toque-de-queda-y-pico-y-placa-tras-atentado-con-explosivos","title_original":"Autoridades de Cali desmienten toque de queda y pico y placa tras atentado con explosivos en el Batall\u00f3n Pichincha - ELTIEMPO.com","title_rewritten":"Autoridades de Cali desmienten toque de queda y pico y placa tras atentado con explosivos","excerpt":"La Alcald\u00eda de Cali y la Gobernaci\u00f3n del Valle del Cauca desmienten medidas restrictivas como toque de queda o ley seca tras el atentado terrorista contra el Batall\u00f3n Pichincha. Ofrecen recompensa de 200 millones de pesos por informaci\u00f3n sobre los responsables.","body":"<h2 class='text-2xl font-bold mt-6 mb-3'>Desmentido oficial sobre restricciones de movilidad<\/h2><p class='mb-4 leading-relaxed'>La Alcald\u00eda de Cali y la Gobernaci\u00f3n del Valle del Cauca confirmaron que, hasta el momento, no se han decretado medidas de restricci\u00f3n a la movilidad, como <strong>toque de queda<\/strong> o <strong>ley seca<\/strong>, tras el atentado terrorista perpetrado contra el Batall\u00f3n Pichincha en las \u00faltimas horas. Las administraciones locales desmintieron informaciones falsas que circulan en redes sociales y anunciaron una recompensa de hasta <strong>200 millones de pesos<\/strong> por informaci\u00f3n que conduzca a la captura de los autores materiales e intelectuales del hecho.<\/p><h2 class='text-2xl font-bold mt-6 mb-3'>Detalles del ataque terrorista<\/h2><p class='mb-4 leading-relaxed'>La gobernadora del Valle del Cauca, Dilian Francisca Toro, inform\u00f3 que las investigaciones preliminares permitieron identificar un veh\u00edculo con placas de Puerto Tejada, el cual fue adaptado con rampas para el lanzamiento de artefactos explosivos. En el automotor se hallaron cinco cilindros; uno de ellos deton\u00f3, mientras que los cuatro restantes cayeron en el interior de la unidad militar sin explotar, siendo desactivados posteriormente de manera controlada por t\u00e9cnicos antiexplosivos.<\/p><blockquote class='border-l-4 border-gray-300 pl-4 italic my-4'>Algunos cilindros no alcanzaron a explotar, solo se inciner\u00f3 el automotor. Foto: Juan Pablo Rueda Bustamante @juanfotosadn. EL TIEMPO<\/blockquote><h2 class='text-2xl font-bold mt-6 mb-3'>Llamado al gobierno nacional<\/h2><p class='mb-4 leading-relaxed'>El alcalde de Cali, Alejandro Eder, manifest\u00f3 su rechazo rotundo al ataque y solicit\u00f3 una mayor contundencia en la pol\u00edtica de seguridad nacional. LEA TAMBI\u00c9N: Ya hab\u00eda alertas por fallas en la seguridad del Batall\u00f3n Pichincha en Cali: atentado en el sur de la ciudad reabre debate y cuestionamientos internos.<\/p>","body_original":"Contenido automatizadoAutoridades de Cali desmienten toque de queda y pico y placa tras atentado con explosivos en el Batall\u00f3n PichinchaAlcald\u00eda y Gobernaci\u00f3n ofrecen recompensa de 200 millones de pesos para capturar a los responsables del ataque con cilindros bomba.La Alcald\u00eda de Cali desmiente medidas restrictivas tras atentado en el cant\u00f3n militar de la Tercera Brigada. Foto: ParticularLinkJos\u00e9 Antonio Minota HurtadoPERIODISTA24.04.2026 17:40 Actualizado: 24.04.2026 17:40 Compartir Guardar Ingrese o reg\u00edstrese ac\u00e1 para guardar los art\u00edculos en su zona de usuario y leerlos cuando quiera Reportar Resumen Cerrar Este resumen fue construido con ayuda de IA. Escuchar 00:0000:001X Comentar La url ha sido copiada en el portapapeles La Alcald\u00eda de Cali y la Gobernaci\u00f3n del Valle del Cauca confirmaron que, hasta el momento, no se han decretado medidas de restricci\u00f3n a la movilidad, como toque de queda o ley seca, tras el atentado terrorista perpetrado contra el Batall\u00f3n Pichincha en las \u00faltimas horas.\u00a0Las administraciones locales desmintieron informaciones falsas que circulan en redes sociales y anunciaron una recompensa de hasta 200 millones de pesos por informaci\u00f3n que conduzca a la captura de los autores materiales e intelectuales del hecho.Momento del incendio del bus escolar que estaba cargado con cilindros bomba. Foto:Juan Pablo RuedaDetalles del ataque terroristaLa gobernadora del Valle del Cauca, Dilian Francisca Toro, inform\u00f3 que las investigaciones preliminares permitieron identificar un veh\u00edculo con placas de Puerto Tejada, el cual fue adaptado con rampas para el lanzamiento de artefactos explosivos.\u00a0En el automotor se hallaron cinco cilindros; uno de ellos deton\u00f3, mientras que los cuatro restantes cayeron en el interior de la unidad militar sin explotar, siendo desactivados posteriormente de manera controlada por t\u00e9cnicos antiexplosivos.Algunos cilindros no alcanzaron a explotar, solo se inciner\u00f3 el automotor. Foto:Juan Pablo Rueda Bustamante @juanfotosadn. EL TIEMPOLlamado al Gobierno NacionalEl alcalde de Cali, Alejandro Eder, manifest\u00f3 su rechazo rotundo al ataque y solicit\u00f3 una mayor contundencia en la pol\u00edtica de seguridad nacional.\u00a0 LEA TAMBI\u00c9N Ya hab\u00eda alertas por fallas en la seguridad del Batall\u00f3n Pichincha en Cali: atentado en el sur de la ciudad reabre debate y cuestionamientos internosJos\u00e9 Minota Hurtado","body_rewritten":"<h2 class='text-2xl font-bold mt-6 mb-3'>Desmentido oficial sobre restricciones de movilidad<\/h2><p class='mb-4 leading-relaxed'>La Alcald\u00eda de Cali y la Gobernaci\u00f3n del Valle del Cauca confirmaron que, hasta el momento, no se han decretado medidas de restricci\u00f3n a la movilidad, como <strong>toque de queda<\/strong> o <strong>ley seca<\/strong>, tras el atentado terrorista perpetrado contra el Batall\u00f3n Pichincha en las \u00faltimas horas. Las administraciones locales desmintieron informaciones falsas que circulan en redes sociales y anunciaron una recompensa de hasta <strong>200 millones de pesos<\/strong> por informaci\u00f3n que conduzca a la captura de los autores materiales e intelectuales del hecho.<\/p><h2 class='text-2xl font-bold mt-6 mb-3'>Detalles del ataque terrorista<\/h2><p class='mb-4 leading-relaxed'>La gobernadora del Valle del Cauca, Dilian Francisca Toro, inform\u00f3 que las investigaciones preliminares permitieron identificar un veh\u00edculo con placas de Puerto Tejada, el cual fue adaptado con rampas para el lanzamiento de artefactos explosivos. En el automotor se hallaron cinco cilindros; uno de ellos deton\u00f3, mientras que los cuatro restantes cayeron en el interior de la unidad militar sin explotar, siendo desactivados posteriormente de manera controlada por t\u00e9cnicos antiexplosivos.<\/p><blockquote class='border-l-4 border-gray-300 pl-4 italic my-4'>Algunos cilindros no alcanzaron a explotar, solo se inciner\u00f3 el automotor. Foto: Juan Pablo Rueda Bustamante @juanfotosadn. EL TIEMPO<\/blockquote><h2 class='text-2xl font-bold mt-6 mb-3'>Llamado al gobierno nacional<\/h2><p class='mb-4 leading-relaxed'>El alcalde de Cali, Alejandro Eder, manifest\u00f3 su rechazo rotundo al ataque y solicit\u00f3 una mayor contundencia en la pol\u00edtica de seguridad nacional. LEA TAMBI\u00c9N: Ya hab\u00eda alertas por fallas en la seguridad del Batall\u00f3n Pichincha en Cali: atentado en el sur de la ciudad reabre debate y cuestionamientos internos.<\/p>","status":"published","author":null,"image_url":"https:\/\/colombiahoy.s3.us-east-2.amazonaws.com\/articles\/3588\/image-ebf9583390c052e4b09691cf8d5e9702bde26cabb975a0c8a898d24092170065.webp","canonical_url":"https:\/\/www.eltiempo.com\/colombia\/cali\/autoridades-de-cali-desmienten-toque-de-queda-y-pico-y-placa-tras-atentado-con-explosivos-en-el-batallon-pichincha-3550720","published_at":"2026-04-24 22:40","created_at":"2026-04-25 00:00","last_error":null,"topics":[{"id":2,"name":"Cali","slug":"cali"},{"id":3,"name":"Seguridad","slug":"seguridad"}],"source":"Actualidad Cali"}],"deportes":[{"id":3635,"title":"Deportivo Cali se impuso 1-0 en el Cl\u00e1sico y consolid\u00f3 Palmaseca como un fort\u00edn","slug":"deportivo-cali-se-impuso-1-0-en-el-clasico-y-consolido-palmaseca-como-un-fortin","title_original":"El Cl\u00e1sico se ti\u00f1\u00f3 de verde: Deportivo Cali se impuso 1-0 e hizo de Palmaseca un fort\u00edn - Deportivo Cali \u2013 Oficial","title_rewritten":"Deportivo Cali se impuso 1-0 en el Cl\u00e1sico y consolid\u00f3 Palmaseca como un fort\u00edn","excerpt":"Deportivo Cali venci\u00f3 1-0 a su rival en el Cl\u00e1sico Vallecaucano con gol de Avil\u00e9s Hurtado, consolidando su fort\u00edn en Palmaseca y sumando puntos vitales para la clasificaci\u00f3n a los playoffs. La afici\u00f3n celebr\u00f3 con euforia esta importante victoria.","body":"<h2 class='text-2xl font-bold mt-6 mb-3'>Avil\u00e9s hurtado, el h\u00e9roe de la noche<\/h2><p class='mb-4 leading-relaxed'>En una tarde-noche de <strong>j\u00fabilo, pasi\u00f3n y alegr\u00eda<\/strong>, m\u00e1s de 24 mil espectadores presenciaron la victoria <strong>#127<\/strong> del Verdiblanco en el Cl\u00e1sico Vallecaucano. Los dirigidos por Rafael Dudamel salieron con \u00edmpetu y coraje, generando las opciones m\u00e1s claras del primer tiempo.<\/p><h2 class='text-2xl font-bold mt-6 mb-3'>Un segundo tiempo de infarto y la genialidad de hurtado<\/h2><p class='mb-4 leading-relaxed'>El segundo tiempo fue m\u00e1s friccionado y luchado, pero la alegr\u00eda estall\u00f3 en Palmaseca a solo tres minutos del final. <strong>Avil\u00e9s Hurtado<\/strong> se invent\u00f3 una genialidad, eludiendo al defensa central rival y enviando la pelota con la pierna zurda al fondo de la red. Con este tanto, Avil\u00e9s se consolida como el <strong>goleador del Deportivo Cali<\/strong> en este campeonato con seis anotaciones.<\/p><h2 class='text-2xl font-bold mt-6 mb-3'>Puntos de oro para la clasificaci\u00f3n<\/h2><p class='mb-4 leading-relaxed'>El Glorioso fue superior a su rival y se qued\u00f3 en casa con <strong>tres puntos m\u00e1s que justos<\/strong>, fundamentales para la clasificaci\u00f3n a los playoffs. Con 26 puntos y una diferencia de gol de +4, el Verde visitar\u00e1 al Deportes Tolima en Ibagu\u00e9 con la victoria como \u00fanico objetivo para asegurar su lugar en la fiesta de mitad de a\u00f1o.<\/p>","body_original":"El Cl\u00e1sico se ti\u00f1\u00f3 de verde: Deportivo Cali se impuso 1-0 e hizo de Palmaseca un fort\u00edn Noticias Primer Equipo 3 d\u00edas ago Avil\u00e9s Hurtado marc\u00f3 el \u00fanico tanto de la noche en el tramo final del compromiso Una tarde-noche de j\u00fabilo, pasi\u00f3n y alegr\u00eda se vivi\u00f3 el d\u00eda de ayer en nuestra casa, donde m\u00e1s de 24 mil espectadores presenciaron la victoria #127 del Verdiblanco en el Cl\u00e1sico Vallecaucano.Los dirigidos por Rafael Dudamel atendieron al llamado de sus hinchas, saliendo con \u00edmpetu y coraje a batirse por los tres puntos, generando as\u00ed las opciones m\u00e1s claras del primer tiempo para ponerse por delante en el marcador. El segundo tiempo fue m\u00e1s friccionado y luchado, pero fue donde lleg\u00f3 la alegr\u00eda que hizo estallar de emoci\u00f3n a Palmaseca: faltando tres minutos para el final del tiempo reglamentario, Avil\u00e9s Hurtado se invent\u00f3 una genialidad tras eludir al defensa central rival y mandar la pelota con la pierna zurda a la mano derecha del portero. Avil\u00e9s es el goleador del Deportivo Cali en este campeonato con seis tantos, al igual que Steven Rodr\u00edguez.El Glorioso fue m\u00e1s que su rival y se qued\u00f3 en casa con tres puntos m\u00e1s que justos que son fundamentales para la clasificaci\u00f3n a los playoffs, ganando otra vez un Cl\u00e1sico en casa, como lo dicta su historia.Con 26 puntos y una diferencia de gol de +4, el Verde visitar\u00e1 al Deportes Tolima en Ibagu\u00e9 con la victoria como \u00fanico objetivo en mente para poder estar en la fiesta de mitad de a\u00f1o. Tags: DEPORTIVO CALIshare:","body_rewritten":"<h2 class='text-2xl font-bold mt-6 mb-3'>Avil\u00e9s hurtado, el h\u00e9roe de la noche<\/h2><p class='mb-4 leading-relaxed'>En una tarde-noche de <strong>j\u00fabilo, pasi\u00f3n y alegr\u00eda<\/strong>, m\u00e1s de 24 mil espectadores presenciaron la victoria <strong>#127<\/strong> del Verdiblanco en el Cl\u00e1sico Vallecaucano. Los dirigidos por Rafael Dudamel salieron con \u00edmpetu y coraje, generando las opciones m\u00e1s claras del primer tiempo.<\/p><h2 class='text-2xl font-bold mt-6 mb-3'>Un segundo tiempo de infarto y la genialidad de hurtado<\/h2><p class='mb-4 leading-relaxed'>El segundo tiempo fue m\u00e1s friccionado y luchado, pero la alegr\u00eda estall\u00f3 en Palmaseca a solo tres minutos del final. <strong>Avil\u00e9s Hurtado<\/strong> se invent\u00f3 una genialidad, eludiendo al defensa central rival y enviando la pelota con la pierna zurda al fondo de la red. Con este tanto, Avil\u00e9s se consolida como el <strong>goleador del Deportivo Cali<\/strong> en este campeonato con seis anotaciones.<\/p><h2 class='text-2xl font-bold mt-6 mb-3'>Puntos de oro para la clasificaci\u00f3n<\/h2><p class='mb-4 leading-relaxed'>El Glorioso fue superior a su rival y se qued\u00f3 en casa con <strong>tres puntos m\u00e1s que justos<\/strong>, fundamentales para la clasificaci\u00f3n a los playoffs. Con 26 puntos y una diferencia de gol de +4, el Verde visitar\u00e1 al Deportes Tolima en Ibagu\u00e9 con la victoria como \u00fanico objetivo para asegurar su lugar en la fiesta de mitad de a\u00f1o.<\/p>","status":"published","author":null,"image_url":"https:\/\/colombiahoy.s3.us-east-2.amazonaws.com\/articles\/3635\/image-c577e57a50a7e0900f98551da4ef0aa8f5907c2bffb52d99a572b1af0b1462b3.webp","canonical_url":"https:\/\/www.deportivocali.com.co\/el-clasico-se-tino-de-verde-deportivo-cali-se-impuso-1-0-e-hizo-de-palmaseca-un-fortin\/","published_at":"2026-04-26 16:58","created_at":"2026-04-27 00:00","last_error":null,"topics":[{"id":1,"name":"Deportes","slug":"deportes"},{"id":2,"name":"Cali","slug":"cali"}],"source":"Deportivo Cali"},{"id":3607,"title":"Hoy juega Colombia: selecci\u00f3n femenina sub-17 debuta ante argentina en el conmebol 2026","slug":"hoy-juega-colombia-seleccion-femenina-sub-17-debuta-ante-argentina-en-el-conmebol-2026","title_original":"\u00a1Hoy juega Colombia! - Federaci\u00f3n Colombiana de Futbol","title_rewritten":"Hoy juega Colombia: selecci\u00f3n femenina sub-17 debuta ante argentina en el conmebol 2026","excerpt":"La Selecci\u00f3n Colombia Femenina Sub-17 inicia su participaci\u00f3n en la CONMEBOL Sub17 2026 con un partido clave frente a Argentina. Conoce los detalles del debut, la transmisi\u00f3n y el horario.","body":"<h2 class='text-2xl font-bold mt-6 mb-3'>Debut so\u00f1ado en el defensor del chaco<\/h2><p class='mb-4 leading-relaxed'>La <strong>Selecci\u00f3n Colombia Femenina Sub-17<\/strong>, dirigida por <strong>Carlos Paniagua<\/strong>, comienza su camino en la CONMEBOL Sub17 2026. Este domingo, 26 de abril, la Femenina tendr\u00e1 su partido de debut frente a <strong>Argentina<\/strong> en el Estadio Defensores del Chaco, Asunci\u00f3n, Paraguay, a las 3:00 p.m. (HORA COL).<\/p><blockquote class='border-l-4 border-gray-300 pl-4 italic my-4'>Hoy juega Colombia y todo el pa\u00eds est\u00e1 listo para apoyar a nuestras j\u00f3venes promesas del f\u00fatbol femenino.<\/blockquote><ul class='list-disc pl-5 mb-4 space-y-1'><li>Transmisi\u00f3n en vivo por <strong>Gol Caracol<\/strong>, <strong>F\u00fatbol RCN HD2<\/strong> y <strong>APP Canal RCN<\/strong>.<\/li><li>El partido se juega en el <strong>Estadio Defensores del Chaco<\/strong> en Asunci\u00f3n, Paraguay.<\/li><li>La cita es a las <strong>3:00 p.m. hora Colombia<\/strong>.<\/li><\/ul><p class='mb-4 leading-relaxed'>Las jugadoras colombianas llegan con gran motivaci\u00f3n tras una intensa preparaci\u00f3n. El cuerpo t\u00e9cnico conf\u00eda en el talento y la entrega del equipo para lograr un buen resultado en este torneo sudamericano.<\/p>","body_original":"Selecci\u00f3n Colombia Femenina Sub-17 vs Argentina 2026\u00a1Hoy juega Colombia!La Selecci\u00f3n Colombia Femenina, dirigida por Carlos Paniagua, comienza su camino en la CONMEBOL Sub17 2026. Este domingo, 26 de abril,\u00a0la Femenina tendr\u00e1 su partido de debut frente a Argentina en el Estadio Defensores del Chaco, Asunci\u00f3n, Paraguay, a las 3:00 p.m. (HORA COL). Transmisi\u00f3n: Gol Caracol F\u00fatbol RCN HD2 APP Canal RCN TV DITU \u00a0 \u00a0 abril 26, 2026Paula Abreu","body_rewritten":"<h2 class='text-2xl font-bold mt-6 mb-3'>Debut so\u00f1ado en el defensor del chaco<\/h2><p class='mb-4 leading-relaxed'>La <strong>Selecci\u00f3n Colombia Femenina Sub-17<\/strong>, dirigida por <strong>Carlos Paniagua<\/strong>, comienza su camino en la CONMEBOL Sub17 2026. Este domingo, 26 de abril, la Femenina tendr\u00e1 su partido de debut frente a <strong>Argentina<\/strong> en el Estadio Defensores del Chaco, Asunci\u00f3n, Paraguay, a las 3:00 p.m. (HORA COL).<\/p><blockquote class='border-l-4 border-gray-300 pl-4 italic my-4'>Hoy juega Colombia y todo el pa\u00eds est\u00e1 listo para apoyar a nuestras j\u00f3venes promesas del f\u00fatbol femenino.<\/blockquote><ul class='list-disc pl-5 mb-4 space-y-1'><li>Transmisi\u00f3n en vivo por <strong>Gol Caracol<\/strong>, <strong>F\u00fatbol RCN HD2<\/strong> y <strong>APP Canal RCN<\/strong>.<\/li><li>El partido se juega en el <strong>Estadio Defensores del Chaco<\/strong> en Asunci\u00f3n, Paraguay.<\/li><li>La cita es a las <strong>3:00 p.m. hora Colombia<\/strong>.<\/li><\/ul><p class='mb-4 leading-relaxed'>Las jugadoras colombianas llegan con gran motivaci\u00f3n tras una intensa preparaci\u00f3n. El cuerpo t\u00e9cnico conf\u00eda en el talento y la entrega del equipo para lograr un buen resultado en este torneo sudamericano.<\/p>","status":"published","author":null,"image_url":"https:\/\/colombiahoy.s3.us-east-2.amazonaws.com\/articles\/3607\/image-881bb52d3b9d05f4defd63e620e55edb057602fcaa969249d76244c67db19961.webp","canonical_url":"https:\/\/fcf.com.co\/2026\/04\/26\/hoy-juega-colombia-263\/","published_at":"2026-04-26 14:34","created_at":"2026-04-26 18:00","last_error":null,"topics":[{"id":1,"name":"Deportes","slug":"deportes"}],"source":"Selecci\u00f3n Colombia"},{"id":3632,"title":"Michelle V\u00e1squez brill\u00f3 con doblete y Deportivo Cali venci\u00f3 a Junior","slug":"michelle-vasquez-brillo-con-doblete-y-deportivo-cali-vencio-a-junior","title_original":"Con doblete de Michelle V\u00e1squez, Deportivo Cali venci\u00f3 a Junior","title_rewritten":"Michelle V\u00e1squez brill\u00f3 con doblete y Deportivo Cali venci\u00f3 a Junior","excerpt":"Con un doblete de Michelle V\u00e1squez, Deportivo Cali venci\u00f3 2-0 a Junior en la octava fecha de la Liga Femenina BetPlay Dimayor. La delantera anot\u00f3 de penal al minuto 47 y sentenci\u00f3 en el 90'+2.","body":"<h2 class='text-2xl font-bold mt-6 mb-3'>Victoria clave para las &#039;Azucareras&#039;<\/h2><p class='mb-4 leading-relaxed'>Deportivo Cali sum\u00f3 una victoria clave en la octava fecha de la Liga Femenina BetPlay Dimayor al vencer 2-0 a Junior de Barranquilla. En un duelo que se defini\u00f3 por la efectividad en las \u00e1reas, el conjunto &#039;Azucarero&#039; logr\u00f3 quebrar la resistencia barranquillera en el segundo tiempo.<\/p><h2 class='text-2xl font-bold mt-6 mb-3'>Michelle V\u00e1squez, la figura del encuentro<\/h2><p class='mb-4 leading-relaxed'>Tras un primer tiempo sin goles, la balanza se inclin\u00f3 para las locales apenas iniciando el complemento. Al minuto 47, <strong>Michelle V\u00e1squez<\/strong> transform\u00f3 un penal en gol para poner en ventaja a Cali. Junior busc\u00f3 la igualdad con insistencia, pero el equipo verdiblanco supo administrar la ventaja y sentenci\u00f3 la historia en el cierre. Al minuto 90&#039;+2, nuevamente <strong>Michelle V\u00e1squez<\/strong> apareci\u00f3 para sellar su doblete y asegurar los tres puntos definitivos.<\/p><blockquote class='border-l-4 border-gray-300 pl-4 italic my-4'>Con este triunfo, Cali se afianza en la parte alta de la tabla, mientras que Junior cede terreno en su lucha por la clasificaci\u00f3n.<\/blockquote><h2 class='text-2xl font-bold mt-6 mb-3'>Panorama actual en la Liga Femenina BetPlay Dimayor<\/h2><p class='mb-4 leading-relaxed'>En la pr\u00f3xima jornada, las cale\u00f1as buscar\u00e1n mantener el ritmo ganador, mientras que las &#039;Tiburonas&#039; tendr\u00e1n la obligaci\u00f3n de sumar para no perder el paso en la competencia.<\/p>","body_original":"<div class=\"fc\">\n        <div class=\"post-content\">\n    <a class=\"btn-whatssap\" href=\"https:\/\/whatsapp.com\/channel\/0029Va4HxmL4tRroa0ibiR0D\" target=\"_blank\" rel=\"nofollow\">\n        <svg class=\"icon-whatsapp\" width=\"1024\" height=\"1024\" viewbox=\"0 0 1024 1024\" preserveaspectratio=\"xMinYMin\" aria-hidden=\"true\" focusable=\"false\"><use href=\"\/ui\/v1\/icons.svg#icon-whatsapp\"><\/use><\/svg> Quiero unirme al canal de WhatsApp de Win Sports\n    <\/a>\n                <p>\n                    Si quieres disfrutar de la emoci\u00f3n del deporte, suscr\u00edbete a Win Play. Accede a partidos en vivo,\n                    contenido exclusivo y variedad de deportes, todo desde cualquier dispositivo.<br>\n                    <em><strong><a href=\"https:\/\/winplay.co\/plans\" target=\"_blank\" rel=\"nofollow\"> \u00bfQuieres ver los partidos del f\u00fatbol colombiano desde cualquier lugar? Suscr\u00edbete aqu\u00ed a Win Play <\/a><\/strong><\/em>\n\n                <\/p>\n            \n<p><a href=\"\/futbol-colombiano\/equipos\/deportivo-cali-femenino\" target=\"_blank\">Deportivo Cali<\/a> <strong>sum\u00f3 una victoria clave en la octava<\/strong> fecha de la Liga Femenina BetPlay Dimayor <strong>al vencer 2-0<\/strong> a J<a href=\"\/futbol-colombiano\/equipos\/junior\" target=\"_blank\">unior de Barranquilla<\/a>.<\/p><p><a href=\"\/?p=425424\" target=\"_blank\">\ud83d\udd25\ud83d\ude08 A puro coraz\u00f3n: Am\u00e9rica Femenino no baj\u00f3 los brazos y gan\u00f3 al minuto 94<\/a><\/p><p>En un duelo que se defini\u00f3 por la efectividad en las \u00e1reas, el conjunto<a href=\"\/futbol-colombiano\/equipos\/deportivo-cali-femenino\" target=\"_blank\"> \"Azucarero\"<\/a> <strong>logr\u00f3 quebrar la resistencia barranquillera en el segundo tiempo<\/strong>.<\/p><h2>Michelle V\u00e1squez, la figura del encuentro<\/h2><p>Tras un primer tiempo sin goles, <strong>la balanza se inclin\u00f3 para las locales apenas iniciando el complemento<\/strong>.<\/p><p>Al minuto 47,<strong> Michelle V\u00e1squez transform\u00f3 un penal en gol<\/strong> para poner en ventaja a <a href=\"\/futbol-colombiano\/equipos\/deportivo-cali-femenino\" target=\"_blank\">Cali<\/a>.<\/p><p><a href=\"\/?p=425383\" target=\"_blank\">\ud83d\ude2d \u00a1Duras palabras! Lamine Yamal rompe el silencio: con un mensaje cargado de tristeza y compromiso<\/a><\/p><p>Junior busc\u00f3 la igualdad con insistencia, pero el equipo verdiblanco<strong> supo administrar la ventaja<\/strong> y sentenci\u00f3 la historia en el cierre.<\/p><p><strong> Al minuto 90'+2, nuevamente Michelle V\u00e1squez apareci\u00f3 para sellar su doblete<\/strong> y asegurar los tres puntos definitivos.<\/p><p><a href=\"\/futbol-colombiano\/noticias\/santa-fe-remonto-y-se-quedo-con-los-tres-puntos-ante-inter-bogota-424519\" target=\"_blank\">\ud83d\ude31 As\u00ed fue como Santa Fe remont\u00f3 y se qued\u00f3 con los tres puntos ante Inter Bogot\u00e1<\/a><\/p><h3>Panorama actual en la Liga Femenina BetPlay Dimayor<\/h3><p>Con este triunfo, <a href=\"\/futbol-colombiano\/equipos\/deportivo-cali-femenino\" target=\"_blank\">Cal<\/a><strong><a href=\"\/futbol-colombiano\/equipos\/deportivo-cali-femenino\" target=\"_blank\">i<\/a> se afianza en la parte alta de la tabla<\/strong>, mientras que<a href=\"\/futbol-colombiano\/equipos\/junior\" target=\"_blank\"> Junior<\/a> <strong>cede terreno en su lucha por la clasificaci\u00f3n<\/strong>.<\/p><p>En la pr\u00f3xima jornada,<a href=\"\/futbol-colombiano\/equipos\/deportivo-cali-femenino\" target=\"_blank\"> las cale\u00f1as<\/a><strong> buscar\u00e1n mantener el ritmo ganador<\/strong>, mientras que las <a href=\"\/futbol-colombiano\/equipos\/junior\" target=\"_blank\">\"Tiburonas\"<\/a><strong> tendr\u00e1n la obligaci\u00f3n de sumar<\/strong>.<\/p>            \n            \n\n\n                <a class=\"btn-googlenews\" href=\"https:\/\/news.google.com\/publications\/CAAqBwgKMKeMyQsw56fgAw?hl=es-419&amp;gl=CO&amp;ceid=CO%3Aes-419\" target=\"_blank\" rel=\"nofollow\">\n         S\u00edguenos en Google News\n    <\/a>\n\n        <\/div>\n        \n    \n\n\n        \n        \n    \n\n        \n        \n    \n\n        \n        \n    <section class=\"colombian-teams\">\n        <div class=\"win-title\">\n            <h2 class=\"title\">Lo mejor de tu equipo<\/h2>\n            <hr>\n        <\/div>\n        <carousel class=\"list\" :autoplay=\"3000\" :items-to-show=\"7\" :transition=\"1500\" :items-to-scroll=\"7\" :touch-drag=\"false\" snap-align=\"center-even\" :wrap-around=\"true\">\n                <slide class=\"slide\">\n                        <a class=\"team\" href=\"\/futbol-colombiano\/equipos\/internacional-palmira\">\n                            \n    \n\n                        <\/a>\n                        <a class=\"team\" href=\"\/futbol-colombiano\/equipos\/union-magdalena\">\n                            \n    \n\n                        <\/a>\n                <\/slide>\n                <slide class=\"slide\">\n                        <a class=\"team\" href=\"\/futbol-colombiano\/equipos\/deportes-quindio\">\n                            \n    \n\n                        <\/a>\n                        <a class=\"team\" href=\"\/futbol-colombiano\/equipos\/envigado\">\n                            \n    \n\n                        <\/a>\n                <\/slide>\n                <slide class=\"slide\">\n                        <a class=\"team\" href=\"\/futbol-colombiano\/equipos\/real-cartagena\">\n                            \n    \n\n                        <\/a>\n                        <a class=\"team\" href=\"\/futbol-colombiano\/equipos\/bogota\">\n                            \n    \n\n                        <\/a>\n                <\/slide>\n                <slide class=\"slide\">\n                        <a class=\"team\" href=\"\/futbol-colombiano\/equipos\/barranquilla\">\n                            \n    \n\n                        <\/a>\n                        <a class=\"team\" href=\"\/futbol-colombiano\/equipos\/tigres\">\n                            \n    \n\n                        <\/a>\n                <\/slide>\n                <slide class=\"slide\">\n                        <a class=\"team\" href=\"\/futbol-colombiano\/equipos\/independiente-yumbo\">\n                            \n    \n\n                        <\/a>\n                        <a class=\"team\" href=\"\/futbol-colombiano\/equipos\/orsomarso\">\n                            \n    \n\n                        <\/a>\n                <\/slide>\n                <slide class=\"slide\">\n                        <a class=\"team\" href=\"\/futbol-colombiano\/equipos\/patriotas-boyaca\">\n                            \n    \n\n                        <\/a>\n                        <a class=\"team\" href=\"\/futbol-colombiano\/equipos\/boca-juniors-de-cali\">\n                            \n    \n\n                        <\/a>\n                <\/slide>\n                <slide class=\"slide\">\n                        <a class=\"team\" href=\"\/futbol-colombiano\/equipos\/real-cundinamarca\">\n                            \n    \n\n                        <\/a>\n                        <a class=\"team\" href=\"\/futbol-colombiano\/equipos\/leones\">\n                            \n    \n\n                        <\/a>\n                <\/slide>\n                <slide class=\"slide\">\n                        <a class=\"team\" href=\"\/futbol-colombiano\/equipos\/atletico\">\n                            \n    \n\n                        <\/a>\n                        <a class=\"team\" href=\"\/futbol-colombiano\/equipos\/real-santander\">\n                            \n    \n\n                        <\/a>\n                <\/slide>\n                <slide class=\"slide\">\n                        <a class=\"team\" href=\"\/futbol-colombiano\/equipos\/atletico-nacional\">\n                            \n    \n\n                        <\/a>\n                        <a class=\"team\" href=\"\/futbol-colombiano\/equipos\/deportivo-pasto\">\n                            \n    \n\n                        <\/a>\n                <\/slide>\n                <slide class=\"slide\">\n                        <a class=\"team\" href=\"\/futbol-colombiano\/equipos\/junior\">\n                            \n    \n\n                        <\/a>\n                        <a class=\"team\" href=\"\/futbol-colombiano\/equipos\/deportes-tolima\">\n                            \n    \n\n                        <\/a>\n                <\/slide>\n                <slide class=\"slide\">\n                        <a class=\"team\" href=\"\/futbol-colombiano\/equipos\/america-de-cali\">\n                            \n    \n\n                        <\/a>\n                        <a class=\"team\" href=\"\/futbol-colombiano\/equipos\/once-caldas\">\n                            \n    \n\n                        <\/a>\n                <\/slide>\n                <slide class=\"slide\">\n                        <a class=\"team\" href=\"\/futbol-colombiano\/equipos\/independiente-santa-fe\">\n                            \n    \n\n                        <\/a>\n                        <a class=\"team\" href=\"\/futbol-colombiano\/equipos\/deportivo-cali\">\n                            \n    \n\n                        <\/a>\n                <\/slide>\n                <slide class=\"slide\">\n                        <a class=\"team\" href=\"\/futbol-colombiano\/equipos\/independiente-medellin\">\n                            \n    \n\n                        <\/a>\n                        <a class=\"team\" href=\"\/futbol-colombiano\/equipos\/millonarios\">\n                            \n    \n\n                        <\/a>\n                <\/slide>\n                <slide class=\"slide\">\n                        <a class=\"team\" href=\"\/futbol-colombiano\/equipos\/inter-bogota\">\n                            \n    \n\n                        <\/a>\n                        <a class=\"team\" href=\"\/futbol-colombiano\/equipos\/atletico-bucaramanga\">\n                            \n    \n\n                        <\/a>\n                <\/slide>\n                <slide class=\"slide\">\n                        <a class=\"team\" href=\"\/futbol-colombiano\/equipos\/aguilas-doradas\">\n                            \n    \n\n                        <\/a>\n                        <a class=\"team\" href=\"\/futbol-colombiano\/equipos\/llaneros\">\n                            \n    \n\n                        <\/a>\n                <\/slide>\n                <slide class=\"slide\">\n                        <a class=\"team\" href=\"\/futbol-colombiano\/equipos\/fortaleza\">\n                            \n    \n\n                        <\/a>\n                        <a class=\"team\" href=\"\/futbol-colombiano\/equipos\/cucuta-deportivo\">\n                            \n    \n\n                        <\/a>\n                <\/slide>\n                <slide class=\"slide\">\n                        <a class=\"team\" href=\"\/futbol-colombiano\/equipos\/alianza\">\n                            \n    \n\n                        <\/a>\n                        <a class=\"team\" href=\"\/futbol-colombiano\/equipos\/jaguares-de-cordoba\">\n                            \n    \n\n                        <\/a>\n                <\/slide>\n                <slide class=\"slide\">\n                        <a class=\"team\" href=\"\/futbol-colombiano\/equipos\/boyaca-chico\">\n                            \n    \n\n                        <\/a>\n                        <a class=\"team\" href=\"\/futbol-colombiano\/equipos\/deportivo-pereira\">\n                            \n    \n\n                        <\/a>\n                <\/slide>\n            <template>\n                <navigation><\/navigation>\n            <\/template>\n        <\/carousel>\n    <\/section>\n\n        \n    <\/div>\n    \n<div class=\"sc\">\n    \n<\/div>","body_rewritten":"<h2 class='text-2xl font-bold mt-6 mb-3'>Victoria clave para las &#039;Azucareras&#039;<\/h2><p class='mb-4 leading-relaxed'>Deportivo Cali sum\u00f3 una victoria clave en la octava fecha de la Liga Femenina BetPlay Dimayor al vencer 2-0 a Junior de Barranquilla. En un duelo que se defini\u00f3 por la efectividad en las \u00e1reas, el conjunto &#039;Azucarero&#039; logr\u00f3 quebrar la resistencia barranquillera en el segundo tiempo.<\/p><h2 class='text-2xl font-bold mt-6 mb-3'>Michelle V\u00e1squez, la figura del encuentro<\/h2><p class='mb-4 leading-relaxed'>Tras un primer tiempo sin goles, la balanza se inclin\u00f3 para las locales apenas iniciando el complemento. Al minuto 47, <strong>Michelle V\u00e1squez<\/strong> transform\u00f3 un penal en gol para poner en ventaja a Cali. Junior busc\u00f3 la igualdad con insistencia, pero el equipo verdiblanco supo administrar la ventaja y sentenci\u00f3 la historia en el cierre. Al minuto 90&#039;+2, nuevamente <strong>Michelle V\u00e1squez<\/strong> apareci\u00f3 para sellar su doblete y asegurar los tres puntos definitivos.<\/p><blockquote class='border-l-4 border-gray-300 pl-4 italic my-4'>Con este triunfo, Cali se afianza en la parte alta de la tabla, mientras que Junior cede terreno en su lucha por la clasificaci\u00f3n.<\/blockquote><h2 class='text-2xl font-bold mt-6 mb-3'>Panorama actual en la Liga Femenina BetPlay Dimayor<\/h2><p class='mb-4 leading-relaxed'>En la pr\u00f3xima jornada, las cale\u00f1as buscar\u00e1n mantener el ritmo ganador, mientras que las &#039;Tiburonas&#039; tendr\u00e1n la obligaci\u00f3n de sumar para no perder el paso en la competencia.<\/p>","status":"published","author":null,"image_url":"https:\/\/colombiahoy.s3.us-east-2.amazonaws.com\/articles\/3632\/image-6cef9acc93fef78d8ce8387b516de0a6b266edc9b02d5ef58a502f7f050db298.webp","canonical_url":"https:\/\/www.winsports.co\/futbol-colombiano\/noticias\/con-doblete-de-michelle-vasquez-deportivo-cali-vencio-a-junior-425448","published_at":"2026-04-26 14:26","created_at":"2026-04-26 19:25","last_error":null,"topics":[{"id":1,"name":"Deportes","slug":"deportes"},{"id":2,"name":"Cali","slug":"cali"}],"source":"N\/A"},{"id":3630,"title":"Deportivo Cali y Am\u00e9rica sufren bajas: as\u00ed formar\u00edan en el cl\u00e1sico vallecaucano","slug":"deportivo-cali-y-america-sufren-bajas-asi-formarian-en-el-clasico-vallecaucano","title_original":"Deportivo Cali y Am\u00e9rica sufren bajas: as\u00ed formar\u00edan en el cl\u00e1sico","title_rewritten":"Deportivo Cali y Am\u00e9rica sufren bajas: as\u00ed formar\u00edan en el cl\u00e1sico vallecaucano","excerpt":"Conoce las posibles formaciones de Deportivo Cali y Am\u00e9rica de Cali para el cl\u00e1sico vallecaucano, con bajas importantes y regresos clave en ambos equipos.","body":"<h2 class=\"text-2xl font-bold mt-6 mb-3\">Deportivo Cali y Am\u00e9rica de Cali mueven piezas para el cl\u00e1sico<\/h2><p class=\"mb-4 leading-relaxed\">Deportivo Cali tendr\u00e1 novedades importantes. <strong>Rafael Dudamel<\/strong> deber\u00e1 reorganizar su idea ante las posibles ausencias de Avil\u00e9s Hurtado y Johan Mart\u00ednez, pero tambi\u00e9n contar\u00eda con regresos que pueden darle equilibrio. <strong>Pedro Gallese<\/strong> ser\u00eda el encargado del arco, acompa\u00f1ado por una defensa con <strong>Fabi\u00e1n Vi\u00e1fara<\/strong>, <strong>Juli\u00e1n Qui\u00f1ones<\/strong>, <strong>Felipe Aguilar y Keimer Sandoval<\/strong>. En el medio, <strong>Mat\u00edas Orozco<\/strong> aparece como una de las cartas para darle manejo al equipo, junto a <strong>Ronaldo P\u00e1jaro y Emanuel 'Bebelo' Reynoso<\/strong>. Y en ataque, el \u2018azucarero\u2019 apostar\u00eda por <strong>la dupla de Steven 'Titi' Rodr\u00edguez y Juan Ignacio Dinenno<\/strong>.<\/p><h2 class=\"text-2xl font-bold mt-6 mb-3\">Los 'diablos rojos' tendr\u00e1n bajas, pero no regalar nada en el cl\u00e1sico<\/h2><p class=\"mb-4 leading-relaxed\">Del otro lado, Am\u00e9rica de Cali llega con un panorama distinto. Ya clasificado, <strong>el equipo de David Gonz\u00e1lez podr\u00eda administrar cargas<\/strong>, aunque la idea ser\u00eda mantener una n\u00f3mina competitiva para afrontar el cl\u00e1sico. <strong>Jorge Soto<\/strong> volver\u00eda a estar en el arco, con <strong>Luis Miguel Mina, Marlon Torres, Cristian Tovar y Omar Bertel<\/strong> en la l\u00ednea defensiva. En la mitad, <strong>Josen Escobar y Rafael Carrascal<\/strong> aportar\u00edan equilibrio, mientras que <strong>Tom\u00e1s \u00c1ngel, Yeison Guzm\u00e1n y Jhon Murillo<\/strong> ser\u00edan alternativas ofensivas. <strong>La gran novedad pasar\u00eda por Adri\u00e1n Ramos<\/strong>, quien podr\u00eda regresar a la titular y darle jerarqu\u00eda al ataque 'escarlata'.<\/p><blockquote class=\"border-l-4 border-gray-300 pl-4 italic my-4\">El cl\u00e1sico nunca se juega a medias. Para Cali, el resultado puede ser determinante en sus aspiraciones.<\/blockquote><img src=\"data:image\/svg+xml,%3Csvg%20xmlns='http:\/\/www.w3.org\/2000\/svg'%20viewBox='0%200%201920%201080'%3E%3C\/svg%3E\" style=\"max-width:100%; height:auto; margin:20px 0; display:block;\" loading=\"lazy\" alt=\"\">","body_original":"<div class=\"fc\">\n        <div class=\"post-content\">\n    <a class=\"btn-whatssap\" href=\"https:\/\/whatsapp.com\/channel\/0029Va4HxmL4tRroa0ibiR0D\" target=\"_blank\" rel=\"nofollow\">\n        <svg class=\"icon-whatsapp\" width=\"1024\" height=\"1024\" viewbox=\"0 0 1024 1024\" preserveaspectratio=\"xMinYMin\" aria-hidden=\"true\" focusable=\"false\"><use href=\"\/ui\/v1\/icons.svg#icon-whatsapp\"><\/use><\/svg> Quiero unirme al canal de WhatsApp de Win Sports\n    <\/a>\n                <p>\n                    Si quieres disfrutar de la emoci\u00f3n del deporte, suscr\u00edbete a Win Play. Accede a partidos en vivo,\n                    contenido exclusivo y variedad de deportes, todo desde cualquier dispositivo.<br>\n                    <em><strong><a href=\"https:\/\/winplay.co\/plans\" target=\"_blank\" rel=\"nofollow\"> \u00bfQuieres ver los partidos del f\u00fatbol colombiano desde cualquier lugar? Suscr\u00edbete aqu\u00ed a Win Play <\/a><\/strong><\/em>\n\n                <\/p>\n            \n<p>La previa del cl\u00e1sico vallecaucano ya se vive con intensidad. A menos de un d\u00eda para el duelo en Palmaseca, <a href=\"\/futbol-colombiano\/equipos\/deportivo-cali\" target=\"_blank\"><strong>Deportivo Cali<\/strong><\/a> y <a href=\"\/futbol-colombiano\/equipos\/america-de-cali\" target=\"_blank\"><strong>Am\u00e9rica de Cali<\/strong><\/a> <strong>ajustan detalles para un partido que no solo carga con historia<\/strong>.<\/p><p><a href=\"\/?p=425584\" target=\"_blank\"><em><strong>\ud83d\ude33\ud83d\udca5 \u00a1No se qued\u00f3 callado! El DT Risue\u00f1o le envi\u00f3 picante mensaje a Rodallega tras triunfo de Santa Fe<\/strong><\/em><\/a><\/p><p>Sino que tambi\u00e9n ser\u00e1 <strong>un derbi cale\u00f1o con puntos clave en disputa por la recta final<\/strong> de la fase de todos contra todos de la <a href=\"\/futbol-colombiano\/liga-dimayor\" target=\"_blank\"><strong>Liga BetPlay 2026-1<\/strong><\/a>.<\/p><p>El ambiente est\u00e1 servido: <strong>un local obligado a hacerse fuerte<\/strong> en casa y un Am\u00e9rica que llega con <strong>el impulso de haber asegurado su clasificaci\u00f3n<\/strong>, pero sin intenci\u00f3n de bajar la guardia.<\/p><p><strong>Este s\u00e1bado 25 de abril, a partir de las 6:10 de la tarde<\/strong>, rodar\u00e1 el bal\u00f3n en un nuevo cl\u00e1sico vallecaucano en casa del conjunto 'azucarero'.<\/p><h2>\u265f\ufe0f Deportivo Cali y Am\u00e9rica de Cali mueven piezas para el cl\u00e1sico<\/h2><figure class=\"alignnone\"><img loading=\"lazy\" alt=\"Deportivo Cali vs. Am\u00e9rica_ conoce las posibles formaciones - VizzorImage\" width=\"1920\" height=\"1080\" data-src=\"https:\/\/files.winsports.co\/cms\/2026\/04\/24090157\/Deportivo-Cali-vs.-America_-conoce-las-posibles-formaciones-VizzorImage.jpg\" src=\"data:image\/svg+xml,%3Csvg%20xmlns='http:\/\/www.w3.org\/2000\/svg'%20viewBox='0%200%201920%201080'%3E%3C\/svg%3E\" class=\"lazyload\"><figcaption><strong>Deportivo Cali vs. Am\u00e9rica: conoce las posibles sorpresas en las formaciones<\/strong> - VizzorImage<\/figcaption><\/figure><p>Deportivo Cali tendr\u00e1 novedades importantes. <a href=\"\/etiquetas\/dudamel\" target=\"_blank\"><strong>Rafael Dudamel<\/strong><\/a> deber\u00e1 reorganizar su idea <strong>ante las posibles ausencias de Avil\u00e9s Hurtado y Johan Mart\u00ednez<\/strong>, pero tambi\u00e9n contar\u00eda con regresos que pueden darle equilibrio.<\/p><p><a href=\"\/?p=425601\" target=\"_blank\"><em><strong>\ud83d\udd25\ud83d\ude20 \u00a1Sigue la pol\u00e9mica! Argentino que insult\u00f3 a la selecci\u00f3n Colombia reapareci\u00f3 con nuevo mensaje<\/strong><\/em><\/a><\/p><p><strong>Pedro Gallese<\/strong> ser\u00eda el encargado del arco, acompa\u00f1ado por una defensa con <strong>Fabi\u00e1n Vi\u00e1fara<\/strong>, <strong>Juli\u00e1n Qui\u00f1ones<\/strong>, <strong>Felipe Aguilar y Keimer Sandoval<\/strong>.<\/p><p>En el medio, <strong>Mat\u00edas Orozco<\/strong> aparece como una de las cartas para darle manejo al equipo, junto a <strong>Ronaldo P\u00e1jaro y Emanuel 'Bebelo' Reynoso.<\/strong><\/p><p>Y en ataque, el \u2018azucarero\u2019 apostar\u00eda por <strong>la dupla de Steven 'Titi' Rodr\u00edguez y Juan Ignacio Dinenno<\/strong>, dos nombres llamados a cargar con el peso ofensivo en una noche de alta tensi\u00f3n.<\/p><h3>Los 'diablos rojos' tendr\u00e1n bajas, pero no regalar nada en el cl\u00e1sico<\/h3><p>Del otro lado, Am\u00e9rica de Cali llega con un panorama distinto. Ya clasificado, <strong>el equipo de David Gonz\u00e1lez podr\u00eda administrar cargas<\/strong>, aunque la idea ser\u00eda mantener una n\u00f3mina competitiva para afrontar el cl\u00e1sico.<\/p><p><a href=\"\/?p=425585\" target=\"_blank\"><em><strong>\ud83d\udea8\ud83e\udd75 \u00a1No necesitan favores! Mira los clubes que dependen de s\u00ed mismos para entrar a playoffs de Liga<\/strong><\/em><\/a><\/p><p><strong>Jorge Soto<\/strong> volver\u00eda a estar en el arco, con <strong>Luis Miguel Mina, Marlon Torres, Cristian Tovar y Omar Bertel<\/strong> en la l\u00ednea defensiva de los 'diablos rojos'.<\/p><p>En la mitad, <strong>Josen Escobar y Rafael Carrascal<\/strong> aportar\u00edan equilibrio, mientras que <strong>Tom\u00e1s \u00c1ngel, Yeison Guzm\u00e1n y Jhon Murillo<\/strong> ser\u00edan alternativas ofensivas.<\/p><p><strong>La gran novedad pasar\u00eda por Adri\u00e1n Ramos<\/strong>, quien podr\u00eda regresar a la titular y darle jerarqu\u00eda al frente de ataque 'escarlata' ante la ausencia por sanci\u00f3n de Daniel Valencia.<\/p><p><a href=\"\/?p=425547\" target=\"_blank\"><em><strong>\ud83d\udcca\ud83d\udc40 \u00a1Se movi\u00f3 la tabla! As\u00ed qued\u00f3 la clasificaci\u00f3n del FPC tras los triunfos de Millonarios y Santa Fe<\/strong><\/em><\/a><\/p><p>Aunque Am\u00e9rica llega con menos presi\u00f3n en la tabla de posiciones, <strong>el cl\u00e1sico nunca se juega a medias.<\/strong> Para Cali, en cambio, <strong>el resultado puede ser determinant<\/strong>e en sus aspiraciones.<\/p><p>Palmaseca ser\u00e1 escenario de un duelo cargado de estrategia, tensi\u00f3n y detalles. Porque en este tipo de partidos, <strong>una ausencia, un regreso o una decisi\u00f3n t\u00e1ctica<\/strong> puede cambiarlo todo.<\/p>            \n            \n\n\n                <a class=\"btn-googlenews\" href=\"https:\/\/news.google.com\/publications\/CAAqBwgKMKeMyQsw56fgAw?hl=es-419&amp;gl=CO&amp;ceid=CO%3Aes-419\" target=\"_blank\" rel=\"nofollow\">\n         S\u00edguenos en Google News\n    <\/a>\n\n        <\/div>\n        \n    \n\n\n        \n        \n    \n\n        \n        \n    \n\n        \n        \n    <section class=\"colombian-teams\">\n        <div class=\"win-title\">\n            <h2 class=\"title\">Lo mejor de tu equipo<\/h2>\n            <hr>\n        <\/div>\n        <carousel class=\"list\" :autoplay=\"3000\" :items-to-show=\"7\" :transition=\"1500\" :items-to-scroll=\"7\" :touch-drag=\"false\" snap-align=\"center-even\" :wrap-around=\"true\">\n                <slide class=\"slide\">\n                        <a class=\"team\" href=\"\/futbol-colombiano\/equipos\/internacional-palmira\">\n                            \n    \n\n                        <\/a>\n                        <a class=\"team\" href=\"\/futbol-colombiano\/equipos\/union-magdalena\">\n                            \n    \n\n                        <\/a>\n                <\/slide>\n                <slide class=\"slide\">\n                        <a class=\"team\" href=\"\/futbol-colombiano\/equipos\/deportes-quindio\">\n                            \n    \n\n                        <\/a>\n                        <a class=\"team\" href=\"\/futbol-colombiano\/equipos\/envigado\">\n                            \n    \n\n                        <\/a>\n                <\/slide>\n                <slide class=\"slide\">\n                        <a class=\"team\" href=\"\/futbol-colombiano\/equipos\/real-cartagena\">\n                            \n    \n\n                        <\/a>\n                        <a class=\"team\" href=\"\/futbol-colombiano\/equipos\/bogota\">\n                            \n    \n\n                        <\/a>\n                <\/slide>\n                <slide class=\"slide\">\n                        <a class=\"team\" href=\"\/futbol-colombiano\/equipos\/barranquilla\">\n                            \n    \n\n                        <\/a>\n                        <a class=\"team\" href=\"\/futbol-colombiano\/equipos\/tigres\">\n                            \n    \n\n                        <\/a>\n                <\/slide>\n                <slide class=\"slide\">\n                        <a class=\"team\" href=\"\/futbol-colombiano\/equipos\/independiente-yumbo\">\n                            \n    \n\n                        <\/a>\n                        <a class=\"team\" href=\"\/futbol-colombiano\/equipos\/orsomarso\">\n                            \n    \n\n                        <\/a>\n                <\/slide>\n                <slide class=\"slide\">\n                        <a class=\"team\" href=\"\/futbol-colombiano\/equipos\/patriotas-boyaca\">\n                            \n    \n\n                        <\/a>\n                        <a class=\"team\" href=\"\/futbol-colombiano\/equipos\/boca-juniors-de-cali\">\n                            \n    \n\n                        <\/a>\n                <\/slide>\n                <slide class=\"slide\">\n                        <a class=\"team\" href=\"\/futbol-colombiano\/equipos\/real-cundinamarca\">\n                            \n    \n\n                        <\/a>\n                        <a class=\"team\" href=\"\/futbol-colombiano\/equipos\/leones\">\n                            \n    \n\n                        <\/a>\n                <\/slide>\n                <slide class=\"slide\">\n                        <a class=\"team\" href=\"\/futbol-colombiano\/equipos\/atletico\">\n                            \n    \n\n                        <\/a>\n                        <a class=\"team\" href=\"\/futbol-colombiano\/equipos\/real-santander\">\n                            \n    \n\n                        <\/a>\n                <\/slide>\n                <slide class=\"slide\">\n                        <a class=\"team\" href=\"\/futbol-colombiano\/equipos\/atletico-nacional\">\n                            \n    \n\n                        <\/a>\n                        <a class=\"team\" href=\"\/futbol-colombiano\/equipos\/deportivo-pasto\">\n                            \n    \n\n                        <\/a>\n                <\/slide>\n                <slide class=\"slide\">\n                        <a class=\"team\" href=\"\/futbol-colombiano\/equipos\/junior\">\n                            \n    \n\n                        <\/a>\n                        <a class=\"team\" href=\"\/futbol-colombiano\/equipos\/deportes-tolima\">\n                            \n    \n\n                        <\/a>\n                <\/slide>\n                <slide class=\"slide\">\n                        <a class=\"team\" href=\"\/futbol-colombiano\/equipos\/america-de-cali\">\n                            \n    \n\n                        <\/a>\n                        <a class=\"team\" href=\"\/futbol-colombiano\/equipos\/once-caldas\">\n                            \n    \n\n                        <\/a>\n                <\/slide>\n                <slide class=\"slide\">\n                        <a class=\"team\" href=\"\/futbol-colombiano\/equipos\/independiente-santa-fe\">\n                            \n    \n\n                        <\/a>\n                        <a class=\"team\" href=\"\/futbol-colombiano\/equipos\/deportivo-cali\">\n                            \n    \n\n                        <\/a>\n                <\/slide>\n                <slide class=\"slide\">\n                        <a class=\"team\" href=\"\/futbol-colombiano\/equipos\/independiente-medellin\">\n                            \n    \n\n                        <\/a>\n                        <a class=\"team\" href=\"\/futbol-colombiano\/equipos\/millonarios\">\n                            \n    \n\n                        <\/a>\n                <\/slide>\n                <slide class=\"slide\">\n                        <a class=\"team\" href=\"\/futbol-colombiano\/equipos\/inter-bogota\">\n                            \n    \n\n                        <\/a>\n                        <a class=\"team\" href=\"\/futbol-colombiano\/equipos\/atletico-bucaramanga\">\n                            \n    \n\n                        <\/a>\n                <\/slide>\n                <slide class=\"slide\">\n                        <a class=\"team\" href=\"\/futbol-colombiano\/equipos\/aguilas-doradas\">\n                            \n    \n\n                        <\/a>\n                        <a class=\"team\" href=\"\/futbol-colombiano\/equipos\/llaneros\">\n                            \n    \n\n                        <\/a>\n                <\/slide>\n                <slide class=\"slide\">\n                        <a class=\"team\" href=\"\/futbol-colombiano\/equipos\/fortaleza\">\n                            \n    \n\n                        <\/a>\n                        <a class=\"team\" href=\"\/futbol-colombiano\/equipos\/cucuta-deportivo\">\n                            \n    \n\n                        <\/a>\n                <\/slide>\n                <slide class=\"slide\">\n                        <a class=\"team\" href=\"\/futbol-colombiano\/equipos\/alianza\">\n                            \n    \n\n                        <\/a>\n                        <a class=\"team\" href=\"\/futbol-colombiano\/equipos\/jaguares-de-cordoba\">\n                            \n    \n\n                        <\/a>\n                <\/slide>\n                <slide class=\"slide\">\n                        <a class=\"team\" href=\"\/futbol-colombiano\/equipos\/boyaca-chico\">\n                            \n    \n\n                        <\/a>\n                        <a class=\"team\" href=\"\/futbol-colombiano\/equipos\/deportivo-pereira\">\n                            \n    \n\n                        <\/a>\n                <\/slide>\n            <template>\n                <navigation><\/navigation>\n            <\/template>\n        <\/carousel>\n    <\/section>\n\n        \n    <\/div>\n    \n<div class=\"sc\">\n    \n<\/div>","body_rewritten":"<h2 class=\"text-2xl font-bold mt-6 mb-3\">Deportivo Cali y Am\u00e9rica de Cali mueven piezas para el cl\u00e1sico<\/h2><p class=\"mb-4 leading-relaxed\">Deportivo Cali tendr\u00e1 novedades importantes. <strong>Rafael Dudamel<\/strong> deber\u00e1 reorganizar su idea ante las posibles ausencias de Avil\u00e9s Hurtado y Johan Mart\u00ednez, pero tambi\u00e9n contar\u00eda con regresos que pueden darle equilibrio. <strong>Pedro Gallese<\/strong> ser\u00eda el encargado del arco, acompa\u00f1ado por una defensa con <strong>Fabi\u00e1n Vi\u00e1fara<\/strong>, <strong>Juli\u00e1n Qui\u00f1ones<\/strong>, <strong>Felipe Aguilar y Keimer Sandoval<\/strong>. En el medio, <strong>Mat\u00edas Orozco<\/strong> aparece como una de las cartas para darle manejo al equipo, junto a <strong>Ronaldo P\u00e1jaro y Emanuel 'Bebelo' Reynoso<\/strong>. Y en ataque, el \u2018azucarero\u2019 apostar\u00eda por <strong>la dupla de Steven 'Titi' Rodr\u00edguez y Juan Ignacio Dinenno<\/strong>.<\/p><h2 class=\"text-2xl font-bold mt-6 mb-3\">Los 'diablos rojos' tendr\u00e1n bajas, pero no regalar nada en el cl\u00e1sico<\/h2><p class=\"mb-4 leading-relaxed\">Del otro lado, Am\u00e9rica de Cali llega con un panorama distinto. Ya clasificado, <strong>el equipo de David Gonz\u00e1lez podr\u00eda administrar cargas<\/strong>, aunque la idea ser\u00eda mantener una n\u00f3mina competitiva para afrontar el cl\u00e1sico. <strong>Jorge Soto<\/strong> volver\u00eda a estar en el arco, con <strong>Luis Miguel Mina, Marlon Torres, Cristian Tovar y Omar Bertel<\/strong> en la l\u00ednea defensiva. En la mitad, <strong>Josen Escobar y Rafael Carrascal<\/strong> aportar\u00edan equilibrio, mientras que <strong>Tom\u00e1s \u00c1ngel, Yeison Guzm\u00e1n y Jhon Murillo<\/strong> ser\u00edan alternativas ofensivas. <strong>La gran novedad pasar\u00eda por Adri\u00e1n Ramos<\/strong>, quien podr\u00eda regresar a la titular y darle jerarqu\u00eda al ataque 'escarlata'.<\/p><blockquote class=\"border-l-4 border-gray-300 pl-4 italic my-4\">El cl\u00e1sico nunca se juega a medias. Para Cali, el resultado puede ser determinante en sus aspiraciones.<\/blockquote><img src=\"data:image\/svg+xml,%3Csvg%20xmlns='http:\/\/www.w3.org\/2000\/svg'%20viewBox='0%200%201920%201080'%3E%3C\/svg%3E\" style=\"max-width:100%; height:auto; margin:20px 0; display:block;\" loading=\"lazy\" alt=\"\">","status":"published","author":null,"image_url":"https:\/\/colombiahoy.s3.us-east-2.amazonaws.com\/articles\/3630\/image-82c9e74c1dbdead7ba80707a35d2d52cf46d0e08d0de10f174dd48e61a8fdbeb.webp","canonical_url":"https:\/\/www.winsports.co\/futbol-colombiano\/noticias\/deportivo-cali-y-america-sufren-bajas-asi-formarian-en-el-clasico-425608","published_at":"2026-04-26 14:26","created_at":"2026-04-26 19:25","last_error":null,"topics":[{"id":1,"name":"Deportes","slug":"deportes"},{"id":2,"name":"Cali","slug":"cali"}],"source":"N\/A"}],"interes":[{"id":3583,"title":"Universidad Libre en Cali busca empresas para mantenimiento de fachadas en campus Valle del Lili","slug":"universidad-libre-en-cali-busca-empresas-para-mantenimiento-de-fachadas-en-campus-valle-del-lili","title_original":"Universidad Libre seccional Cali invita a empresas del sector construcci\u00f3n a participar en proceso para mantenimiento de fachadas en el campus Valle del Lili - elpais.com.co","title_rewritten":"Universidad Libre en Cali busca empresas para mantenimiento de fachadas en campus Valle del Lili","excerpt":"La Universidad Libre seccional Cali abre convocatoria para empresas constructoras interesadas en el mantenimiento de fachadas de los bloques 10 y 12 en el campus Valle del Lili, con requisitos de certificaci\u00f3n en trabajos en altura y aplicaci\u00f3n de graniplast.","body":"<h2 class='text-2xl font-bold mt-6 mb-3'>Convocatoria abierta para empresas del Valle del Cauca<\/h2><p class='mb-4 leading-relaxed'>La <strong>Universidad Libre seccional Cali<\/strong> invita a empresas del sector construcci\u00f3n localizadas en el Valle del Cauca a participar en el proceso de cotizaci\u00f3n para el mantenimiento de las fachadas de los bloques 10 y 12, ubicados en el campus Valle del Lili. Este proceso busca proveedores que garanticen altos est\u00e1ndares de <strong>calidad, seguridad y cumplimiento<\/strong>.<\/p><h2 class='text-2xl font-bold mt-6 mb-3'>Requisitos y trabajos especializados<\/h2><p class='mb-4 leading-relaxed'>Las empresas interesadas deber\u00e1n acreditar experiencia espec\u00edfica en ejecuci\u00f3n de trabajos en alturas mediante t\u00e9cnicas de acceso por cuerdas debidamente certificadas, as\u00ed como en mantenimiento de fachadas con aplicaci\u00f3n de recubrimientos tipo <strong>graniplast<\/strong>. La Universidad resalta la importancia de contar con personal calificado y certificado.<\/p><blockquote class='border-l-4 border-gray-300 pl-4 italic my-4'>Con esta iniciativa, la Universidad Libre reafirma su compromiso con el mantenimiento adecuado de su infraestructura y la generaci\u00f3n de oportunidades para empresas del sector, promoviendo procesos <strong>transparentes y competitivos<\/strong>.<\/blockquote><ul class='list-disc pl-5 mb-4 space-y-1'><li>Las propuestas deben presentarse conforme al cronograma oficial de la convocatoria.<\/li><li>Los pliegos de condiciones est\u00e1n disponibles en la p\u00e1gina web de la Universidad: https:\/\/www.unilibre.edu.co\/cali\/<\/li><li>Se requiere certificaci\u00f3n en trabajos en altura y experiencia en graniplast.<\/li><\/ul>","body_original":"Informaci\u00f3n institucionalUniversidad Libre seccional Cali invita a empresas del sector construcci\u00f3n a participar en proceso para mantenimiento de fachadas en el campus Valle del LiliInformaci\u00f3n institucionalSiga a EL PA\u00cdS en Google Discover y no se pierda las \u00faltimas noticiasUniversidad Libre seccional Cali invita a empresas del sector construcci\u00f3n a participar en proceso para mantenimiento de fachadas en el campus Valle del Lili | Foto: Cortes\u00eda \/ Suministrada a El Pa\u00eds.Redacci\u00f3n El Pa\u00eds 24 de abr de 2026, 11:00 a. m.Actualizado el 24 de abr de 2026, 11:00 a. m.Sigue el canal de El Pa\u00eds Cali en WhatsAppLa Universidad Libre seccional Cali abre invitaci\u00f3n a empresas del sector de la construcci\u00f3n localizadas en el Valle del Cauca interesadas en participar en el proceso de cotizaci\u00f3n para el mantenimiento de las fachadas de los bloques 10 y 12, ubicados en el campus Valle del Lili.Este proceso busca contar con proveedores que garanticen altos est\u00e1ndares de calidad, seguridad y cumplimiento, en una intervenci\u00f3n que incluye trabajos especializados en altura y aplicaci\u00f3n de recubrimientos en graniplast.Las empresas interesadas deber\u00e1n acreditar experiencia espec\u00edfica en:Ejecuci\u00f3n de trabajos en alturas mediante t\u00e9cnicas de acceso por cuerdas debidamente certificadas.Mantenimiento de fachadas con aplicaci\u00f3n de recubrimientos tipo graniplast.La Universidad resalta la importancia de contar con personal calificado y certificado, as\u00ed como con la capacidad t\u00e9cnica y operativa para desarrollar este tipo de actividades bajo condiciones seguras y eficientes.Las propuestas deber\u00e1n presentarse conforme a los lineamientos establecidos en el cronograma oficial de la convocatoria, el cual, junto con los pliegos de condiciones, podr\u00e1 ser consultado en la p\u00e1gina web de la Universidad: https:\/\/www.unilibre.edu.co\/cali\/Con esta iniciativa, la Universidad Libre reafirma su compromiso con el mantenimiento adecuado de su infraestructura y la generaci\u00f3n de oportunidades para empresas del sector, promoviendo procesos transparentes y competitivosRedacci\u00f3n El Pa\u00eds Reg\u00edstrate gratis al bolet\u00edn de noticias El Pa\u00edsPor favor ingresa un correo electr\u00f3nicoAcepto Pol\u00edtica de Tratamiento de Datos de El Pa\u00eds.Recuerda aceptar los t\u00e9rminos y condiciones para continuar.INSCR\u00cdBETE AQU\u00cdUniversidad Librevalle del lilicotizaci\u00f3nProveedoresCompetencias ciudadanastransparenciaDescarga la APP ElPa\u00eds.com.co:Convierta a El Pa\u00eds.com.co en su fuente de noticias aqu\u00ed","body_rewritten":"<h2 class='text-2xl font-bold mt-6 mb-3'>Convocatoria abierta para empresas del Valle del Cauca<\/h2><p class='mb-4 leading-relaxed'>La <strong>Universidad Libre seccional Cali<\/strong> invita a empresas del sector construcci\u00f3n localizadas en el Valle del Cauca a participar en el proceso de cotizaci\u00f3n para el mantenimiento de las fachadas de los bloques 10 y 12, ubicados en el campus Valle del Lili. Este proceso busca proveedores que garanticen altos est\u00e1ndares de <strong>calidad, seguridad y cumplimiento<\/strong>.<\/p><h2 class='text-2xl font-bold mt-6 mb-3'>Requisitos y trabajos especializados<\/h2><p class='mb-4 leading-relaxed'>Las empresas interesadas deber\u00e1n acreditar experiencia espec\u00edfica en ejecuci\u00f3n de trabajos en alturas mediante t\u00e9cnicas de acceso por cuerdas debidamente certificadas, as\u00ed como en mantenimiento de fachadas con aplicaci\u00f3n de recubrimientos tipo <strong>graniplast<\/strong>. La Universidad resalta la importancia de contar con personal calificado y certificado.<\/p><blockquote class='border-l-4 border-gray-300 pl-4 italic my-4'>Con esta iniciativa, la Universidad Libre reafirma su compromiso con el mantenimiento adecuado de su infraestructura y la generaci\u00f3n de oportunidades para empresas del sector, promoviendo procesos <strong>transparentes y competitivos<\/strong>.<\/blockquote><ul class='list-disc pl-5 mb-4 space-y-1'><li>Las propuestas deben presentarse conforme al cronograma oficial de la convocatoria.<\/li><li>Los pliegos de condiciones est\u00e1n disponibles en la p\u00e1gina web de la Universidad: https:\/\/www.unilibre.edu.co\/cali\/<\/li><li>Se requiere certificaci\u00f3n en trabajos en altura y experiencia en graniplast.<\/li><\/ul>","status":"published","author":null,"image_url":"https:\/\/colombiahoy.s3.us-east-2.amazonaws.com\/articles\/3583\/image-ba453a673748fab6a4d8efa213e74e730344d5c8b584fd08b12e8d699b18aa4f.webp","canonical_url":"https:\/\/www.elpais.com.co\/informacion-comercial\/universidad-libre-seccional-cali-invita-a-empresas-del-sector-construccion-a-participar-en-proceso-para-mantenimiento-de-fachadas-en-el-campus-valle-del-lili-2400.html","published_at":"2026-04-24 11:00","created_at":"2026-04-24 12:00","last_error":null,"topics":[{"id":2,"name":"Cali","slug":"cali"},{"id":6,"name":"Econom\u00eda","slug":"economia"}],"source":"Econom\u00eda y Negocios"},{"id":3535,"title":"Emsirva ser\u00e1 devuelta a Cali luego de 20 a\u00f1os de intervenci\u00f3n","slug":"emsirva-sera-devuelta-a-cali-luego-de-20-anos-de-intervencion","title_original":"Confirmado: Emsirva ser\u00e1 devuelta a Cali luego de 20 a\u00f1os de estar intervenida - elpais.com.co","title_rewritten":"Emsirva ser\u00e1 devuelta a Cali luego de 20 a\u00f1os de intervenci\u00f3n","excerpt":"La empresa Emsirva, que prest\u00f3 servicio de aseo en Cali por m\u00e1s de 40 a\u00f1os, ser\u00e1 devuelta a la ciudad tras dos d\u00e9cadas de intervenci\u00f3n. La agente liquidadora Adriana Betancourt confirm\u00f3 la noticia y explic\u00f3 que se busca un modelo sostenible.","body":"<h2 class='text-2xl font-bold mt-6 mb-3'>Confirmaci\u00f3n oficial de la devoluci\u00f3n de Emsirva<\/h2><p class='mb-4 leading-relaxed'>La agente liquidadora de Emsirva, <strong>Adriana Betancourt<\/strong>, confirm\u00f3 a El Pa\u00eds que la empresa de aseo ser\u00e1 devuelta a la ciudad de Cali despu\u00e9s de aproximadamente 20 a\u00f1os de intervenci\u00f3n. &quot;La noticia es que Emsirva se devuelve a los cale\u00f1os. La empresa se entregar\u00e1 con todos los usuarios para el servicio&quot;, indic\u00f3 Betancourt.<\/p><h2 class='text-2xl font-bold mt-6 mb-3'>Detalles del proceso de entrega<\/h2><p class='mb-4 leading-relaxed'>Betancourt explic\u00f3 que se han elaborado t\u00e9rminos de referencia para que operadores se presenten a participar en las zonas que Emsirva ten\u00eda. &quot;Sacamos unos t\u00e9rminos de referencia para que los operadores se presenten a participar y sean los operadores en las zonas o \u00e1reas que nosotros tenemos&quot;, a\u00f1adi\u00f3. La funcionaria destac\u00f3 que la devoluci\u00f3n no es inmediata, sino que busca un modelo sostenible en el tiempo.<\/p><blockquote class='border-l-4 border-gray-300 pl-4 italic my-4'>&quot;No tenemos una fecha precisa, pero es un tema que se est\u00e1 trabajando en la empresa debido a que estamos iniciando acciones contra los antiguos operadores que no quieren devolver los usuarios que en alg\u00fan momento Emsirva se los entreg\u00f3&quot; - <strong>Adriana Betancourt<\/strong>, agente liquidadora de Emsirva<\/blockquote><h2 class='text-2xl font-bold mt-6 mb-3'>Reacciones pol\u00edticas y sociales<\/h2><p class='mb-4 leading-relaxed'>El congresista del Pacto Hist\u00f3rico, <strong>Alfredo Mondrag\u00f3n<\/strong>, celebr\u00f3 la noticia en redes sociales: &quot;Quiero dar una excelente noticia a los cale\u00f1os y es que logramos que el Gobierno del presidente Gustavo Petro anuncie, a trav\u00e9s del Superintendente de Servicios P\u00fablicos, la devoluci\u00f3n de nuestra empresa Emsirva. Se la hab\u00edan tomado hace m\u00e1s de 20 a\u00f1os los monopolios privados, que se quedaban con decenas de miles de millones de pesos de utilidades&quot;. Mondrag\u00f3n tambi\u00e9n mencion\u00f3 que el anuncio se dio en medio de un debate en la Comisi\u00f3n Sexta.<\/p><ul class='list-disc pl-5 mb-4 space-y-1'><li>Emsirva recogi\u00f3 residuos y barri\u00f3 calles de Cali por m\u00e1s de 40 a\u00f1os.<\/li><li>La empresa ser\u00e1 devuelta con todos los usuarios para el servicio de aseo.<\/li><li>Se busca un modelo sostenible que garantice la eficiencia del servicio p\u00fablico.<\/li><\/ul>","body_original":"Cali Confirmado: Emsirva ser\u00e1 devuelta a Cali luego de 20 a\u00f1os de estar intervenidaLa noticia fue dada a El Pa\u00eds por la Agente liquidadora quien brind\u00f3 algunos detalles de c\u00f3mo se logr\u00f3 esta devoluci\u00f3n. Siga a EL PA\u00cdS en Google Discover y no se pierda las \u00faltimas noticiasEmsirva recogi\u00f3 los residuos de los cale\u00f1os y barri\u00f3 las calles de la ciudad por m\u00e1s de 40 a\u00f1os. | Foto: Archivo - Alcald\u00eda de CaliAnderson Zapata 22 de abr de 2026, 07:29 p. m.Actualizado el 23 de abr de 2026, 12:47 a. m.Sigue el canal de El Pa\u00eds Cali en WhatsAppNoticiasDestacadasNoticias Destacadas1.Video | El estremecedor momento de la explosi\u00f3n del bus bomba frente al Batall\u00f3n Pichincha2.Tras atentados en el Valle, Gobierno Petro reforzar\u00e1 pie de fuerza e inteligencia en la regi\u00f3n3.Video: Prolongaci\u00f3n de la Avenida Ciudad de Cali, a punto de ser entregada; estos son los detalles4.Reportan atentado al Batall\u00f3n Pichincha con un bus acondicionado con explosivos5.Prolongaci\u00f3n de la Avenida Ciudad de Cali se entregar\u00e1 el 26 de abril: Estos son los detallesEl Pa\u00eds habl\u00f3 con la gerente liquidadora de Emsirva, Adriana Betancourt, quien confirm\u00f3 que la empresa, despu\u00e9s de estar intervenida durante aproximadamente 20 a\u00f1os, ser\u00e1 devuelta a la ciudad. \u201cLa noticia es que Emsirva se devuelve a los cale\u00f1os. La empresa se entregar\u00e1 con todos los usuarios para el servicio\u201d, indic\u00f3 Adriana Betancourt.\u201cSacamos unos t\u00e9rminos de referencia para que los operadores se presenten a participar y sean los operadores en las zonas o \u00e1reas que nosotros tenemos\u201d, a\u00f1adi\u00f3 Adriana. Al preguntarle sobre c\u00f3mo se logr\u00f3 que esta tradicional empresa de aseo sea regresada a la ciudad, indic\u00f3 que es una determinaci\u00f3n que \u201cse ha venido trabajando hace alg\u00fan tiempo. Sin embargo, no es entregar una empresa por entregarla, sino que tambi\u00e9n se debe entregar un modelo que sea sostenible en el tiempo\u201d.Sobre la fecha en la que Emsirva volver\u00eda a ser administrada por la Alcald\u00eda de Cali, la Gerente Liquidadora dijo: \u201cNo tenemos una fecha precisa, pero es un tema que se est\u00e1 trabajando en la empresa debido a que estamos iniciando acciones contra los antiguos operadores que no quieren devolver los usuarios que en alg\u00fan momento Emsirva se los entreg\u00f3 para que pudieran acompa\u00f1arnos en este proceso y que prestaran el servicio p\u00fablico de aseo\u201d.Diego Hau, director de la UAESP, habla de devoluci\u00f3n de Emsirva a Cali: \u201cEstamos listos para recibirla\u201dAdriana Betancourt, agente liquidadora de Emsirva. | Foto: Aymer Andr\u00e9s \u00c1lvarezLa Agente liquidaroda explic\u00f3 que esta ser\u00e1 una medida en la que se organizar\u00e1 Emsirva para que se preste un servicio p\u00fablico de aseo eficiente. Minutos despu\u00e9s, el congresista del Pacto Hist\u00f3rico, Alfredo Mondrag\u00f3n, public\u00f3 en sus redes sociales el anuncio. \u201cQuiero dar una excelente noticia a los cale\u00f1os y es que logramos que el Gobierno del presidente Gustavo Petro anuncie, a trav\u00e9s del Superintendente de Servicios P\u00fablicos, la devoluci\u00f3n de nuestra empresa Emsirva. Se la hab\u00edan tomado hace m\u00e1s de 20 a\u00f1os los monopolios privados, que se quedaban con decenas de miles de millones de pesos de utilidades porque es un negocio muy lucrativo. Recuerden hasta los hijos de expresidentes terminan qued\u00e1ndose con el tema de la disposici\u00f3n final de basuras y dejaban a un lado los recicladores\u201d, indic\u00f3 Alfredo Mondrag\u00f3n. En el Concejo de Cali plantean que Enruta reemplace a la Secretar\u00eda de Movilidad en la administraci\u00f3n de los sem\u00e1foros inteligentesEl servicio de aseo en Cali lo prestan varias empresas. | Foto: Prensa Alcald\u00eda de Santiago de CaliAlfredo Mondrag\u00f3n termin\u00f3 su intervenci\u00f3n diciendo: \u201cEste logro se hace en medio de un debate en la Comisi\u00f3n Sexta. Estamos atentos para conocer c\u00f3mo se dar\u00e1 el proceso de devoluci\u00f3n de la empresa\u201d.Anderson ZapataComunicador social y periodista de la Universidad Aut\u00f3noma de Occidente. Especialista en comunicaci\u00f3n y periodismo digital. Periodista del Diario El Pa\u00eds desde el 2017 y docente universitario. Reg\u00edstrate gratis al bolet\u00edn de noticias El Pa\u00edsPor favor ingresa un correo electr\u00f3nicoAcepto Pol\u00edtica de Tratamiento de Datos de El Pa\u00eds.Recuerda aceptar los t\u00e9rminos y condiciones para continuar.INSCR\u00cdBETE AQU\u00cdCaliAlejandro EderColombiaDescarga la APP ElPa\u00eds.com.co:Convierta a El Pa\u00eds.com.co en su fuente de noticias aqu\u00edNoticiasDestacadasNoticias Destacadas1.Video | El estremecedor momento de la explosi\u00f3n del bus bomba frente al Batall\u00f3n Pichincha2.Tras atentados en el Valle, Gobierno Petro reforzar\u00e1 pie de fuerza e inteligencia en la regi\u00f3n3.Video: Prolongaci\u00f3n de la Avenida Ciudad de Cali, a punto de ser entregada; estos son los detalles4.Reportan atentado al Batall\u00f3n Pichincha con un bus acondicionado con explosivos5.Prolongaci\u00f3n de la Avenida Ciudad de Cali se entregar\u00e1 el 26 de abril: Estos son los detalles","body_rewritten":"<h2 class='text-2xl font-bold mt-6 mb-3'>Confirmaci\u00f3n oficial de la devoluci\u00f3n de Emsirva<\/h2><p class='mb-4 leading-relaxed'>La agente liquidadora de Emsirva, <strong>Adriana Betancourt<\/strong>, confirm\u00f3 a El Pa\u00eds que la empresa de aseo ser\u00e1 devuelta a la ciudad de Cali despu\u00e9s de aproximadamente 20 a\u00f1os de intervenci\u00f3n. &quot;La noticia es que Emsirva se devuelve a los cale\u00f1os. La empresa se entregar\u00e1 con todos los usuarios para el servicio&quot;, indic\u00f3 Betancourt.<\/p><h2 class='text-2xl font-bold mt-6 mb-3'>Detalles del proceso de entrega<\/h2><p class='mb-4 leading-relaxed'>Betancourt explic\u00f3 que se han elaborado t\u00e9rminos de referencia para que operadores se presenten a participar en las zonas que Emsirva ten\u00eda. &quot;Sacamos unos t\u00e9rminos de referencia para que los operadores se presenten a participar y sean los operadores en las zonas o \u00e1reas que nosotros tenemos&quot;, a\u00f1adi\u00f3. La funcionaria destac\u00f3 que la devoluci\u00f3n no es inmediata, sino que busca un modelo sostenible en el tiempo.<\/p><blockquote class='border-l-4 border-gray-300 pl-4 italic my-4'>&quot;No tenemos una fecha precisa, pero es un tema que se est\u00e1 trabajando en la empresa debido a que estamos iniciando acciones contra los antiguos operadores que no quieren devolver los usuarios que en alg\u00fan momento Emsirva se los entreg\u00f3&quot; - <strong>Adriana Betancourt<\/strong>, agente liquidadora de Emsirva<\/blockquote><h2 class='text-2xl font-bold mt-6 mb-3'>Reacciones pol\u00edticas y sociales<\/h2><p class='mb-4 leading-relaxed'>El congresista del Pacto Hist\u00f3rico, <strong>Alfredo Mondrag\u00f3n<\/strong>, celebr\u00f3 la noticia en redes sociales: &quot;Quiero dar una excelente noticia a los cale\u00f1os y es que logramos que el Gobierno del presidente Gustavo Petro anuncie, a trav\u00e9s del Superintendente de Servicios P\u00fablicos, la devoluci\u00f3n de nuestra empresa Emsirva. Se la hab\u00edan tomado hace m\u00e1s de 20 a\u00f1os los monopolios privados, que se quedaban con decenas de miles de millones de pesos de utilidades&quot;. Mondrag\u00f3n tambi\u00e9n mencion\u00f3 que el anuncio se dio en medio de un debate en la Comisi\u00f3n Sexta.<\/p><ul class='list-disc pl-5 mb-4 space-y-1'><li>Emsirva recogi\u00f3 residuos y barri\u00f3 calles de Cali por m\u00e1s de 40 a\u00f1os.<\/li><li>La empresa ser\u00e1 devuelta con todos los usuarios para el servicio de aseo.<\/li><li>Se busca un modelo sostenible que garantice la eficiencia del servicio p\u00fablico.<\/li><\/ul>","status":"published","author":null,"image_url":"https:\/\/colombiahoy.s3.us-east-2.amazonaws.com\/articles\/3535\/image-8c5f39ca374030f7778ae01cf81b89c5bab49841d097244b7ca2610000acc9e3.webp","canonical_url":"https:\/\/www.elpais.com.co\/cali\/confirmado-emsirva-sera-devuelta-a-cali-2240.html","published_at":"2026-04-22 22:47","created_at":"2026-04-23 00:00","last_error":"La IA no devolvi\u00f3 un JSON v\u00e1lido.","topics":[{"id":2,"name":"Cali","slug":"cali"},{"id":5,"name":"Pol\u00edtica","slug":"politica"},{"id":11,"name":"Actualidad","slug":"actualidad"}],"source":"Noticias de El Pa\u00eds"},{"id":3546,"title":"Cali lista para recibir a Emsirva: UAESP detalla el proceso de devoluci\u00f3n tras 20 a\u00f1os","slug":"cali-lista-para-recibir-a-emsirva-uaesp-detalla-el-proceso-de-devolucion-tras-20-anos","title_original":"Diego Hau, director de la UAESP, habla de devoluci\u00f3n de Emsirva a Cali","title_rewritten":"Cali lista para recibir a Emsirva: UAESP detalla el proceso de devoluci\u00f3n tras 20 a\u00f1os","excerpt":"Diego Hau, director de la UAESP, confirma que Cali est\u00e1 lista para la devoluci\u00f3n de Emsirva tras 20 a\u00f1os de intervenci\u00f3n. El proceso busca garantizar la titularidad de los usuarios y condiciones \u00f3ptimas en la prestaci\u00f3n del servicio de aseo.","body":"<p class='mb-4 leading-relaxed'>Tras confirmarse que la empresa de aseo Emsirva <strong>ser\u00e1 devuelta a Cali luego de m\u00e1s de 20 a\u00f1os de intervenci\u00f3n<\/strong>, el director de la Unidad Administrativa Especial de Servicios P\u00fablicos (UAESP), Diego Hau, explic\u00f3 a El Pa\u00eds c\u00f3mo se logr\u00f3 este proceso y qu\u00e9 viene para la ciudad.<\/p><h2 class='text-2xl font-bold mt-6 mb-3'>El camino para la devoluci\u00f3n de emsirva<\/h2><p class='mb-4 leading-relaxed'>Desde la no renovaci\u00f3n de los contratos entre Emsirva y los cuatro operadores privados el pasado 28 de enero, <strong>iniciamos reuniones en febrero y marzo con la Superintendencia de Servicios P\u00fablicos<\/strong> y la agente liquidadora.<\/p><p class='mb-4 leading-relaxed'>Empezamos a adelantar las gestiones, primero, para garantizar la continuidad del servicio de aseo y, segundo, para definir la ruta para la devoluci\u00f3n de la empresa. Despu\u00e9s, desde la Alcald\u00eda convocamos una mesa de trabajo, donde le pedimos a Emsirva que nos definiera la hoja de ruta y estamos trabajando en eso.<\/p><h2 class='text-2xl font-bold mt-6 mb-3'>Pr\u00f3ximos pasos y acompa\u00f1amiento<\/h2><p class='mb-4 leading-relaxed'>El anuncio de hoy es la continuaci\u00f3n del trabajo que ven\u00edamos haciendo en febrero, marzo y abril. Ahora estamos acompa\u00f1ando a la agente liquidadora para que levante la medida de intervenci\u00f3n junto con la medida de liquidaci\u00f3n de la empresa.<\/p>","body_original":"<div class=\"mx-auto max-w-(--breakpoint-xl) px-2 lg:pt-8\"><div class=\"mb-2 flex items-center text-primary\"><div class=\"mr-1.5\"><svg xmlns=\"http:\/\/www.w3.org\/2000\/svg\" fill=\"none\" viewbox=\"0 0 24 24\" stroke-width=\"2\" stroke=\"currentColor\" class=\"h-4 w-4\"><path stroke-linecap=\"round\" stroke-linejoin=\"round\" d=\"M8.25 4.5l7.5 7.5-7.5 7.5\"><\/path><\/svg><\/div><p class=\"text-xs uppercase\">Cali<\/p><\/div><h1 class=\"text-smoke-700 mb-2 text-2xl font-black leading-7 lg:text-5xl lg:leading-none\">Diego Hau, director de la UAESP, habla de devoluci\u00f3n de Emsirva a Cali: \u201cEstamos listos para recibirla\u201d<\/h1><p class=\"lead mb-2\">El director de la UAESP asegur\u00f3 que la ciudad est\u00e1 preparada para recibir a Emsirva, pero insisti\u00f3 en que el proceso debe garantizar la titularidad de los usuarios y condiciones claras en la prestaci\u00f3n del servicio.<\/p><p class=\"mb-4 text-base\"><span class=\"mr-1 inline-block align-middle\"><img src=\"https:\/\/multimedia.elpais.com.co\/2025\/15-Octubre\/discover.png\" alt=\"Google\" width=\"16\" height=\"16\"><\/span><a href=\"https:\/\/profile.google.com\/cp\/CgkvbS8wY2YwaDQ\" target=\"_blank\" id=\"google-discover\" class=\"hover:text-primary hover:bg-slate-300 text-secondary\">Siga a EL PA\u00cdS en Google Discover y no se pierda las \u00faltimas noticias<\/a><\/p><div class=\"my-4\"><\/div><div class=\"mx-auto max-w-[968px]\"><figure><picture><source srcset=\"https:\/\/www.elpais.com.co\/resizer\/v2\/IG43ATRPJJHGZI4OQX3PCXKIHA.jpg?auth=5b81017e961db661cdc51df1d81441ecab71d233b745477dd28eb668aabd9603&amp;smart=true&amp;quality=75&amp;width=480&amp;height=270\" media=\"(max-width: 480px)\"><\/source><source srcset=\"https:\/\/www.elpais.com.co\/resizer\/v2\/IG43ATRPJJHGZI4OQX3PCXKIHA.jpg?auth=5b81017e961db661cdc51df1d81441ecab71d233b745477dd28eb668aabd9603&amp;smart=true&amp;quality=75&amp;width=768&amp;height=432\" media=\"(max-width: 768px)\"><\/source><img src=\"https:\/\/www.elpais.com.co\/resizer\/v2\/IG43ATRPJJHGZI4OQX3PCXKIHA.jpg?auth=5b81017e961db661cdc51df1d81441ecab71d233b745477dd28eb668aabd9603&amp;smart=true&amp;quality=75&amp;width=1280&amp;height=720\" alt=\"Diego Hau director de la UAESP en debate ante el concejo de Cali.\" height=\"9\" width=\"16\" fetchpriority=\"high\" decoding=\"async\" loading=\"eager\" class=\"h-full w-full object-cover object-center\"><\/picture><\/figure><figcaption class=\"text-bluelish-400 font-lato mt-0 max-w-none py-2 text-xs italic\">Diego Hau, director de la UAESP.<!-- --> <span> | Foto: <!-- -->Bernardo Pe\u00f1a<\/span><\/figcaption><\/div><\/div><div class=\"prose mx-auto max-w-[1210px] px-4 leading-tight md:prose-lg md:leading-tight\"><\/div><main class=\"mb-4 px-2\"><div class=\"mx-auto max-w-[968px] gap-4 lg:flex\"><div class=\"hidden md:block relative flex-none lg:w-20\"><div class=\"sticky top-16 md:pt-5\"><div class=\"inline-flex gap-4 lg:flex-col\"><\/div><\/div><\/div><div class=\"prose mb-4 max-w-none flex-auto\"><div class=\"not-prose grid grid-cols-1 gap-px py-4\"><div class=\"flex w-full py-2 rounded-xl bg-smoke-100\"><div class=\"flex gap-x-2.5 mx-2\"><div class=\"h-11 w-11 items-center overflow-hidden rounded-full text-primary\"><svg xmlns=\"http:\/\/www.w3.org\/2000\/svg\" viewbox=\"0 0 100 100\"><path d=\"M90,100H10A10.011,10.011,0,0,1,0,90V10A10.011,10.011,0,0,1,10,0H90a10.011,10.011,0,0,1,10,10V90A10.011,10.011,0,0,1,90,100ZM50.654,23.563,13.808,81.342,19.3,84.4l68.82-57.5V23.563H50.654Z\" transform=\"translate(0 0)\" fill=\"currentColor\"><\/path><\/svg><\/div><\/div><div class=\"flex w-full flex-col px-2 border-l border-primary\"><div class=\"inline-flex gap-1 flex-row\"><a href=\"\/autor\/redaccion_elpais\/\"><h2 class=\"font-bold font-black text-base mr-2 hover:text-primary\">Redacci\u00f3n El Pa\u00eds <\/h2><\/a><div> <div class=\"flex w-8 justify-start rounded-md py-1.5 hover:text-disco\"><a href=\"mailto:redaccion@elpais.com.co\" target=\"_blank\"><svg style=\"width:1em;height:1em;vertical-align:middle;fill:currentColor;overflow:hidden\" viewbox=\"0 0 1024 1024\" version=\"1.1\" xmlns=\"http:\/\/www.w3.org\/2000\/svg\"><path d=\"M1024 146.285714v731.428572H0V146.285714h1024z m-149.942857 94.573715L512 602.88l-362.057143-362.057143L98.267429 292.571429 512 706.340571 925.769143 292.571429l-51.748572-51.712z\" fill=\"#474747\"><\/path><\/svg><\/a><\/div><\/div><\/div><div class=\"mt-2\"><p class=\"text-xs text-smoke-500\">22 de abr de 2026, 09:42 p. m.<\/p><p class=\"text-xs text-smoke-500\">Actualizado el <!-- -->22 de abr de 2026, 09:42 p. m.<\/p><\/div><div class=\"inline-flex gap-1 flex-row mt-2\"><\/div><\/div><\/div><\/div><div class=\"not-prose my-4 text-center lg:my-6\"><\/div><div class=\"block md:hidden text-center border-t border-b py-2\"><div class=\"sticky top-16 md:pt-5\"><div class=\"inline-flex gap-4 lg:flex-col\"><\/div><\/div><\/div><div class=\"not-prose block md:hidden text-center border-t border-b py-2\"><div class=\"my-2 border border-t-4 border-t-primary px-3\"><div class=\"p-4 text-center hidden lg:block\"><h2 class=\"text-primary text-xl\">Noticias<\/h2><h2 class=\"text-2xl font-lato font-bold\">Destacadas<\/h2><\/div><div class=\"flex flex-column justify-between items-center p-4 text-center block lg:hidden\"><h2 class=\"text-xl font-lato font-bold\">Noticias Destacadas<\/h2><svg xmlns=\"http:\/\/www.w3.org\/2000\/svg\" fill=\"none\" viewbox=\"0 0 24 24\" stroke-width=\"1.5\" stroke=\"currentColor\" class=\"h-6 w-6\"><path stroke-linecap=\"round\" stroke-linejoin=\"round\" d=\"M19.5 8.25l-7.5 7.5-7.5-7.5\"><\/path><\/svg><\/div><div class=\"hidden lg:block\"><div class=\"py-2 border-t\"><a class=\"flex flex-row\" href=\"https:\/\/www.elpais.com.co\/cali\/menores-protagonizan-nuevo-caso-de-guireo-en-plena-via-principal-de-cali-2248.html\"><span class=\"text-primary text-xl md:text-2xl mr-2\">1<!-- -->.<\/span><p class=\"text-left text-sm\">Video: Menores se enfrentan en nuevo caso de \u2018g\u00fcireo\u2019 en Cali<\/p><\/a><\/div><\/div><div class=\"hidden lg:block\"><div class=\"py-2 border-t\"><a class=\"flex flex-row\" href=\"https:\/\/www.elpais.com.co\/cali\/alcaldia-de-cali-investigara-la-muerte-del-joven-patinador-en-la-unidad-deportiva-alberto-galindo-es-inconcebible-2242.html\"><span class=\"text-primary text-xl md:text-2xl mr-2\">2<!-- -->.<\/span><p class=\"text-left text-sm\">Alcald\u00eda de Cali anuncia acciones ante la muerte del joven patinador en la Unidad Deportiva Alberto Galindo<\/p><\/a><\/div><\/div><div class=\"hidden lg:block\"><div class=\"py-2 border-t\"><a class=\"flex flex-row\" href=\"https:\/\/www.elpais.com.co\/cali\/atracan-a-comerciante-de-tulua-en-el-sur-de-cali-delincuentes-le-robaron-un-arma-de-fuego-2252.html\"><span class=\"text-primary text-xl md:text-2xl mr-2\">3<!-- -->.<\/span><p class=\"text-left text-sm\">Comerciante de Tulu\u00e1 fue v\u00edctima de atraco en el sur de Cali; delincuentes se llevaron su arma<\/p><\/a><\/div><\/div><div class=\"hidden lg:block\"><div class=\"py-2 border-t\"><a class=\"flex flex-row\" href=\"https:\/\/www.elpais.com.co\/cali\/confirmado-emsirva-sera-devuelta-a-cali-2240.html\"><span class=\"text-primary text-xl md:text-2xl mr-2\">4<!-- -->.<\/span><p class=\"text-left text-sm\">Confirmado: Emsirva ser\u00e1 devuelta a Cali<\/p><\/a><\/div><\/div><div class=\"hidden lg:block\"><div class=\"py-2 border-t\"><a class=\"flex flex-row\" href=\"https:\/\/www.elpais.com.co\/cali\/diana-rojas-habla-sobre-su-relacion-con-el-alcalde-de-cali-me-entere-de-que-para-alejandro-eder-mi-apoyo-no-habia-sido-fundamental-2026.html\"><span class=\"text-primary text-xl md:text-2xl mr-2\">5<!-- -->.<\/span><p class=\"text-left text-sm\">Diana Rojas habla sobre su relaci\u00f3n con el Alcalde de Cali: \u201cMe enter\u00e9 de que para Alejandro Eder mi apoyo no hab\u00eda sido fundamental\u201d<\/p><\/a><\/div><\/div><\/div><\/div><div class=\"paywall\"><div data-index=\"0\"><p data-type=\"text\">Tras confirmarse que la empresa de aseo Emsirva <b>ser\u00e1 devuelta a Cali luego de m\u00e1s de 20 a\u00f1os de intervenci\u00f3n<\/b>, el director de la Unidad Administrativa Especial de Servicios P\u00fablicos (UAESP), Diego Hau, explic\u00f3 a El Pa\u00eds c\u00f3mo se logr\u00f3 este proceso y qu\u00e9 viene para la ciudad.<\/p><\/div><div data-index=\"1\"><p data-type=\"text\"><b>\u00bfC\u00f3mo se logr\u00f3 la devoluci\u00f3n de Emsirva a Cali?<\/b><\/p><\/div><div data-index=\"2\"><p data-type=\"text\">Desde<a href=\"https:\/\/www.elpais.com.co\/cali\/confirmado-emsirva-sera-devuelta-a-cali-2240.html\" target=\"_blank\" rel=\"nofollow sponsored\" title=\"https:\/\/www.elpais.com.co\/cali\/confirmado-emsirva-sera-devuelta-a-cali-2240.html\"> la no renovaci\u00f3n de los contratos entre Emsirva<\/a> y los cuatro operadores privados el pasado 28 de enero,<b> iniciamos reuniones en febrero y marzo con la Superintendencia de Servicios P\u00fablicos <\/b>y la agente liquidadora.<\/p><\/div><div data-index=\"3\"><div id=\"taboola-mid-article-recoreel\" class=\"mb-24\"><\/div><\/div><div data-index=\"4\"><p data-type=\"text\">Empezamos a adelantar las gestiones, primero, para garantizar la continuidad del servicio de aseo y, segundo, para definir la ruta para la devoluci\u00f3n de la empresa. Despu\u00e9s, desde la Alcald\u00eda convocamos una mesa de trabajo, donde le pedimos a Emsirva que nos definiera la hoja de ruta y estamos trabajando en eso.<\/p><\/div><div data-index=\"5\"><p data-type=\"text\">El anuncio de hoy es la continuaci\u00f3n del trabajo que ven\u00edamos haciendo en febrero, marzo y abril. Ahora estamos acompa\u00f1ando a la agente liquidadora para que levante la medida de intervenci\u00f3n junto con la medida de liquidaci\u00f3n de la empresa.<\/p><\/div><div data-index=\"6\"><div data-type=\"image\"><picture><source srcset=\"https:\/\/www.elpais.com.co\/resizer\/v2\/3HFWYEVP5ZEC3JPXY3NV7I6V5E.jpg?auth=4dc1faa9dc3aff74866a4df1383efbc12f57ee2911895ed2aac9f94d8f16e9ef&amp;smart=true&amp;quality=75&amp;width=480&amp;fitfill=false\" media=\"(max-width: 480px)\"><\/source><source srcset=\"https:\/\/www.elpais.com.co\/resizer\/v2\/3HFWYEVP5ZEC3JPXY3NV7I6V5E.jpg?auth=4dc1faa9dc3aff74866a4df1383efbc12f57ee2911895ed2aac9f94d8f16e9ef&amp;smart=true&amp;quality=75&amp;width=768&amp;fitfill=false\" media=\"(max-width: 768px)\"><\/source><img src=\"https:\/\/www.elpais.com.co\/resizer\/v2\/3HFWYEVP5ZEC3JPXY3NV7I6V5E.jpg?auth=4dc1faa9dc3aff74866a4df1383efbc12f57ee2911895ed2aac9f94d8f16e9ef&amp;smart=true&amp;quality=75&amp;width=1280&amp;fitfill=false\" alt=\"Diego Hau secretario de gobierno de Cali.\" height=\"9\" width=\"16\" fetchpriority=\"low\" decoding=\"async\" loading=\"lazy\" class=\"mx-auto mb-0 w-full max-w-[1440px]\"><\/picture><figcaption class=\"text-bluelish-400 font-lato mt-0 max-w-none py-2 text-xs italic\">Diego Hau, director de la UAESP. <!-- --> <span> | Foto: <!-- -->Bernardo Pe\u00f1a\/El Pa\u00eds<\/span><\/figcaption><\/div><\/div><div data-index=\"7\"><p data-type=\"text\">Estamos pidiendo certeza jur\u00eddica sobre la titularidad de los usuarios, teniendo en cuenta que la agente liquidadora de la empresa intervenida <b>est\u00e1 en este momento en un pleito con los cuatro operadores <\/b>por qui\u00e9n tiene la titularidad de los usuarios. La empresa existe para prestar un servicio y, por lo tanto, debe regresar con claridad sobre qui\u00e9nes son sus usuarios.<\/p><\/div><div data-index=\"8\"><div class=\"EPA_VIDEO mb-5\" data-membrana=\"true\"><\/div><\/div><div data-index=\"9\"><p data-type=\"text\">Asimismo, hemos solicitado que, a ra\u00edz de la convocatoria p\u00fablica que se abri\u00f3 ayer para contratar nuevos operadores de servicio de aseo, ese proceso de contrataci\u00f3n se haga con toda la diligencia y con la transparencia, para que los ciudadanos sepan qu\u00e9 operador est\u00e1 recogiendo sus residuos.<\/p><\/div><div data-index=\"10\"><p data-type=\"text\"><b>\u00bfPor qu\u00e9 no se contin\u00faa con los operadores actuales? \u00bfSe busca que entren otros operadores a trabajar con Emsirva?<\/b><\/p><\/div><div data-index=\"11\"><div id=\"Boton_2_M\" class=\" hidden-tablet hidden-desktop flex items-center justify-center mb-4  text-center ads-iframe\"><\/div><\/div><div data-index=\"12\"><p data-type=\"text\">Esa es una decisi\u00f3n de la Superintendencia y de Emsirva. <b>Lo que sabemos es que los contratos terminaron el 28 de enero <\/b>y actualmente est\u00e1n en proceso de liquidaci\u00f3n, que va hasta el 28 de mayo. Durante ese periodo, los operadores han seguido prestando el servicio.<\/p><\/div><div data-index=\"13\"><p data-type=\"text\">La Superintendencia abri\u00f3 una convocatoria p\u00fablica, por lo que cualquier prestador puede participar, incluidos los actuales operadores.<\/p><\/div><div data-index=\"14\"><p data-type=\"text\"><b>La agente liquidadora inform\u00f3 que los antiguos operadores no quieren devolver los usuarios que en alg\u00fan momento Emsirva les entreg\u00f3, \u00bfsabe algo al respecto?<\/b><\/p><\/div><div data-index=\"15\"><p data-type=\"text\">Seg\u00fan lo informado en las mesas de trabajo, han tenido una serie de reuniones para liquidar los contratos y en esa liquidaci\u00f3n de contratos no han podido recibir los usuarios anteriores. Por eso, van a levantar medidas p\u00fablicas para resolver esa situaci\u00f3n.<\/p><\/div><div data-index=\"16\"><div data-type=\"image\"><picture><source srcset=\"https:\/\/www.elpais.com.co\/resizer\/v2\/WCJUDKQP75ELBJELBNENPENZLI.png?auth=ace1113fac78653c89f08ddf71e5b7a4fe7764a17733d5ea2cdb4edc87499dd3&amp;smart=true&amp;quality=75&amp;width=480&amp;fitfill=false\" media=\"(max-width: 480px)\"><\/source><source srcset=\"https:\/\/www.elpais.com.co\/resizer\/v2\/WCJUDKQP75ELBJELBNENPENZLI.png?auth=ace1113fac78653c89f08ddf71e5b7a4fe7764a17733d5ea2cdb4edc87499dd3&amp;smart=true&amp;quality=75&amp;width=768&amp;fitfill=false\" media=\"(max-width: 768px)\"><\/source><img src=\"https:\/\/www.elpais.com.co\/resizer\/v2\/WCJUDKQP75ELBJELBNENPENZLI.png?auth=ace1113fac78653c89f08ddf71e5b7a4fe7764a17733d5ea2cdb4edc87499dd3&amp;smart=true&amp;quality=75&amp;width=1280&amp;fitfill=false\" alt=\"Emsirva recogi\u00f3 los residuos de los cale\u00f1os y barri\u00f3 las calles de la ciudad por m\u00e1s de 40 a\u00f1os.\" height=\"9\" width=\"16\" fetchpriority=\"low\" decoding=\"async\" loading=\"lazy\" class=\"mx-auto mb-0 w-full max-w-[1440px]\"><\/picture><figcaption class=\"text-bluelish-400 font-lato mt-0 max-w-none py-2 text-xs italic\">Emsirva recogi\u00f3 los residuos de los cale\u00f1os y barri\u00f3 las calles de la ciudad por m\u00e1s de 40 a\u00f1os.<!-- --> <span> | Foto: <!-- -->Archivo - Alcald\u00eda de Cali<\/span><\/figcaption><\/div><\/div><div data-index=\"17\"><p data-type=\"text\"><b>\u00bfSe sabe cu\u00e1ndo se firmar\u00eda esa devoluci\u00f3n?<\/b><\/p><\/div><div data-index=\"18\"><p data-type=\"text\">El periodo de liquidaci\u00f3n de Emsirva est\u00e1 fijado hasta el 30 de junio de 2026. Si hay voluntad, la devoluci\u00f3n podr\u00eda darse antes de esa fecha, aunque la Superintendencia tiene la facultad de prorrogar el proceso, como ha ocurrido en a\u00f1os anteriores.<\/p><\/div><div data-index=\"19\"><p data-type=\"text\">Desde la Alcald\u00eda de Cali, podemos decir que estamos listos para recibir la empresa y recibirla con clientes. Ese es el punto central para nosotros.<\/p><\/div><div data-index=\"20\"><p data-type=\"text\">Tambi\u00e9n queremos decir que se interpusieron dos acciones jur\u00eddicas importantes. Una ante la Corte Constitucional para proteger a los recicladores y prevenir una crisis sanitaria y ambiental.<\/p><\/div><div data-index=\"21\"><p data-type=\"text\">Y la segunda, ante el Tribunal del Valle del Cauca, mediante una acci\u00f3n popular, solicitando que la empresa sea devuelta a Cali con su patrimonio p\u00fablico, incluidos los usuarios.<\/p><\/div><\/div><div class=\"not-prose grid grid-cols-1 gap-px py-4\"><div class=\"flex w-full py-2 rounded-xl bg-smoke-100\"><div class=\"flex gap-x-2.5 mx-2\"><div class=\"h-11 w-11 items-center overflow-hidden rounded-full text-primary\"><svg xmlns=\"http:\/\/www.w3.org\/2000\/svg\" viewbox=\"0 0 100 100\"><path d=\"M90,100H10A10.011,10.011,0,0,1,0,90V10A10.011,10.011,0,0,1,10,0H90a10.011,10.011,0,0,1,10,10V90A10.011,10.011,0,0,1,90,100ZM50.654,23.563,13.808,81.342,19.3,84.4l68.82-57.5V23.563H50.654Z\" transform=\"translate(0 0)\" fill=\"currentColor\"><\/path><\/svg><\/div><\/div><div class=\"flex w-full flex-col px-2 border-l border-primary\"><div class=\"inline-flex gap-1 flex-row\"><a href=\"\/autor\/redaccion_elpais\/\"><h2 class=\"font-bold font-black text-base mr-2 hover:text-primary\">Redacci\u00f3n El Pa\u00eds <\/h2><\/a><\/div><p class=\"text-xs text-smoke-500\"><\/p><div class=\"inline-flex gap-1 flex-row mt-2\"><div class=\"flex w-8 justify-start rounded-md py-1.5 hover:text-disco\"><a href=\"mailto:redaccion@elpais.com.co\" target=\"_blank\"><svg style=\"width:1em;height:1em;vertical-align:middle;fill:currentColor;overflow:hidden\" viewbox=\"0 0 1024 1024\" version=\"1.1\" xmlns=\"http:\/\/www.w3.org\/2000\/svg\"><path d=\"M1024 146.285714v731.428572H0V146.285714h1024z m-149.942857 94.573715L512 602.88l-362.057143-362.057143L98.267429 292.571429 512 706.340571 925.769143 292.571429l-51.748572-51.712z\" fill=\"#474747\"><\/path><\/svg><\/a><\/div><\/div><\/div><\/div><\/div><div class=\"not-prose my-4 rounded-xl border-2 border-primary px-4 py-1 md:px-10 md:py-2\"><h2 class=\"mb-1 text-center text-lg font-bold leading-none text-primary\" style=\"letter-spacing:-0.03em\">Reg\u00edstrate gratis al bolet\u00edn de noticias El Pa\u00eds<\/h2><\/div><div class=\"my-6 flex items-center\"><div class=\"mr-3 self-start text-black\"><svg xmlns=\"http:\/\/www.w3.org\/2000\/svg\" fill=\"none\" viewbox=\"0 0 24 24\" stroke-width=\"1.5\" stroke=\"currentColor\" class=\"h-4 w-4\"><path stroke-linecap=\"round\" stroke-linejoin=\"round\" d=\"M9.568 3H5.25A2.25 2.25 0 003 5.25v4.318c0 .597.237 1.17.659 1.591l9.581 9.581c.699.699 1.78.872 2.607.33a18.095 18.095 0 005.223-5.223c.542-.827.369-1.908-.33-2.607L11.16 3.66A2.25 2.25 0 009.568 3z\"><\/path><path stroke-linecap=\"round\" stroke-linejoin=\"round\" d=\"M6 6h.008v.008H6V6z\"><\/path><\/svg><\/div><div class=\"flex flex-wrap gap-1\"><a href=\"\/noticias\/alcaldia-de-cali\/\" class=\"inline-block rounded-md bg-smoke-100 px-4 py-1 text-center text-xs leading-none text-black no-underline\">Alcald\u00eda de Cali<\/a><a href=\"\/noticias\/superintendencia-de-servicios-publicos\/\" class=\"inline-block rounded-md bg-smoke-100 px-4 py-1 text-center text-xs leading-none text-black no-underline\">Superintendencia de Servicios P\u00fablicos<\/a><a href=\"\/noticias\/recoleccion-de-basuras\/\" class=\"inline-block rounded-md bg-smoke-100 px-4 py-1 text-center text-xs leading-none text-black no-underline\">recolecci\u00f3n de basuras<\/a><\/div><\/div><div><div class=\"not-prose border-y border-smoke-300 p-3 mt-2\"><div class=\"flex flex-col  md:justify-between items-center gap-4 md:flex-row\"><div class=\"flex items-center gap-4\"><div class=\"w-9\"><img src=\"\/pf\/resources\/images\/el-pais\/logo-simbolo.svg?d=8062\" class=\"h-10 w-auto\"><\/div><div class=\"text-left text-xs leading-tight text-black\">Descarga la APP <b>ElPa\u00eds.com.co<\/b>:<\/div><\/div><div class=\"flex items-center justify-center gap-4\"><\/div><\/div><\/div><\/div><div class=\"px-3 py-3 leading-none rounded-lg border border-smoke-100 bg-smoke-200 not-prose\"><a href=\"https:\/\/news.google.com\/publications\/CAAqBwgKMLGakQswx9-lAw\"><div class=\"font-lato text-base flex items-center\"><h3 class=\"text-bluelish-400 px-4\">Convierta a<!-- --> <strong><span class=\"text-black\">El Pa\u00eds<\/span><span class=\"text-primary\">.com.co<\/span><\/strong> <!-- -->en su fuente de noticias aqu\u00ed<\/h3><\/div><\/a><\/div><\/div><div class=\"mx-auto w-[280px] flex-none\"><div class=\"relative h-full\"><div class=\"left-0 right-0\"><div class=\"mb-4 hidden pt-4 lg:block\"><div style=\"height:250px;display:block\" id=\"Boton_1_D\" class=\"hidden-mobile   relative mx-auto max-w-7xl flex items-center justify-center bg-smoke-100 text-center ads-iframe\"><\/div><\/div><\/div><div class=\"sticky left-0 right-0 top-16\"><div class=\"mb-4 hidden pt-4 lg:block\"><div class=\"my-2 border border-t-4 border-t-primary px-3\"><div class=\"p-4 text-center hidden lg:block\"><h2 class=\"text-primary text-xl\">Noticias<\/h2><h2 class=\"text-2xl font-lato font-bold\">Destacadas<\/h2><\/div><div class=\"flex flex-column justify-between items-center p-4 text-center block lg:hidden\"><h2 class=\"text-xl font-lato font-bold\">Noticias Destacadas<\/h2><svg xmlns=\"http:\/\/www.w3.org\/2000\/svg\" fill=\"none\" viewbox=\"0 0 24 24\" stroke-width=\"1.5\" stroke=\"currentColor\" class=\"h-6 w-6\"><path stroke-linecap=\"round\" stroke-linejoin=\"round\" d=\"M4.5 15.75l7.5-7.5 7.5 7.5\"><\/path><\/svg><\/div><div class=\" lg:block\"><div class=\"py-2 border-t\"><a class=\"flex flex-row\" href=\"https:\/\/www.elpais.com.co\/cali\/menores-protagonizan-nuevo-caso-de-guireo-en-plena-via-principal-de-cali-2248.html\"><span class=\"text-primary text-xl md:text-2xl mr-2\">1<!-- -->.<\/span><p class=\"text-left text-sm\">Video: Menores se enfrentan en nuevo caso de \u2018g\u00fcireo\u2019 en Cali<\/p><\/a><\/div><\/div><div class=\" lg:block\"><div class=\"py-2 border-t\"><a class=\"flex flex-row\" href=\"https:\/\/www.elpais.com.co\/cali\/alcaldia-de-cali-investigara-la-muerte-del-joven-patinador-en-la-unidad-deportiva-alberto-galindo-es-inconcebible-2242.html\"><span class=\"text-primary text-xl md:text-2xl mr-2\">2<!-- -->.<\/span><p class=\"text-left text-sm\">Alcald\u00eda de Cali anuncia acciones ante la muerte del joven patinador en la Unidad Deportiva Alberto Galindo<\/p><\/a><\/div><\/div><div class=\" lg:block\"><div class=\"py-2 border-t\"><a class=\"flex flex-row\" href=\"https:\/\/www.elpais.com.co\/cali\/atracan-a-comerciante-de-tulua-en-el-sur-de-cali-delincuentes-le-robaron-un-arma-de-fuego-2252.html\"><span class=\"text-primary text-xl md:text-2xl mr-2\">3<!-- -->.<\/span><p class=\"text-left text-sm\">Comerciante de Tulu\u00e1 fue v\u00edctima de atraco en el sur de Cali; delincuentes se llevaron su arma<\/p><\/a><\/div><\/div><div class=\" lg:block\"><div class=\"py-2 border-t\"><a class=\"flex flex-row\" href=\"https:\/\/www.elpais.com.co\/cali\/confirmado-emsirva-sera-devuelta-a-cali-2240.html\"><span class=\"text-primary text-xl md:text-2xl mr-2\">4<!-- -->.<\/span><p class=\"text-left text-sm\">Confirmado: Emsirva ser\u00e1 devuelta a Cali<\/p><\/a><\/div><\/div><div class=\" lg:block\"><div class=\"py-2 border-t\"><a class=\"flex flex-row\" href=\"https:\/\/www.elpais.com.co\/cali\/diana-rojas-habla-sobre-su-relacion-con-el-alcalde-de-cali-me-entere-de-que-para-alejandro-eder-mi-apoyo-no-habia-sido-fundamental-2026.html\"><span class=\"text-primary text-xl md:text-2xl mr-2\">5<!-- -->.<\/span><p class=\"text-left text-sm\">Diana Rojas habla sobre su relaci\u00f3n con el Alcalde de Cali: \u201cMe enter\u00e9 de que para Alejandro Eder mi apoyo no hab\u00eda sido fundamental\u201d<\/p><\/a><\/div><\/div><\/div><\/div><\/div><\/div><\/div><\/div><\/main>","body_rewritten":"<p class='mb-4 leading-relaxed'>Tras confirmarse que la empresa de aseo Emsirva <strong>ser\u00e1 devuelta a Cali luego de m\u00e1s de 20 a\u00f1os de intervenci\u00f3n<\/strong>, el director de la Unidad Administrativa Especial de Servicios P\u00fablicos (UAESP), Diego Hau, explic\u00f3 a El Pa\u00eds c\u00f3mo se logr\u00f3 este proceso y qu\u00e9 viene para la ciudad.<\/p><h2 class='text-2xl font-bold mt-6 mb-3'>El camino para la devoluci\u00f3n de emsirva<\/h2><p class='mb-4 leading-relaxed'>Desde la no renovaci\u00f3n de los contratos entre Emsirva y los cuatro operadores privados el pasado 28 de enero, <strong>iniciamos reuniones en febrero y marzo con la Superintendencia de Servicios P\u00fablicos<\/strong> y la agente liquidadora.<\/p><p class='mb-4 leading-relaxed'>Empezamos a adelantar las gestiones, primero, para garantizar la continuidad del servicio de aseo y, segundo, para definir la ruta para la devoluci\u00f3n de la empresa. Despu\u00e9s, desde la Alcald\u00eda convocamos una mesa de trabajo, donde le pedimos a Emsirva que nos definiera la hoja de ruta y estamos trabajando en eso.<\/p><h2 class='text-2xl font-bold mt-6 mb-3'>Pr\u00f3ximos pasos y acompa\u00f1amiento<\/h2><p class='mb-4 leading-relaxed'>El anuncio de hoy es la continuaci\u00f3n del trabajo que ven\u00edamos haciendo en febrero, marzo y abril. Ahora estamos acompa\u00f1ando a la agente liquidadora para que levante la medida de intervenci\u00f3n junto con la medida de liquidaci\u00f3n de la empresa.<\/p>","status":"published","author":null,"image_url":"https:\/\/colombiahoy.s3.us-east-2.amazonaws.com\/articles\/3546\/image-88a84cebdb13b8e2fb8b50fb67bddbf99a6a1d35ec7f1338bd2a01dd0ac7d11b.webp","canonical_url":"https:\/\/www.elpais.com.co\/cali\/diego-hau-director-de-la-uaesp-habla-de-devolucion-de-emsirva-a-cali-estamos-listos-para-recibirla-2243.html","published_at":"2026-04-22 16:42","created_at":"2026-04-23 15:03","last_error":null,"topics":[{"id":2,"name":"Cali","slug":"cali"},{"id":5,"name":"Pol\u00edtica","slug":"politica"},{"id":11,"name":"Actualidad","slug":"actualidad"}],"source":"N\/A"},{"id":3547,"title":"Cali se alista para elecciones de Juntas de Acci\u00f3n Comunal: autoridades garantizan seguridad","slug":"cali-se-alista-para-elecciones-de-juntas-de-accion-comunal-autoridades-garantizan-seguridad","title_original":"As\u00ed trabajar\u00e1n las autoridades para elecciones de Juntas de Acci\u00f3n Comunal en Cali","title_rewritten":"Cali se alista para elecciones de Juntas de Acci\u00f3n Comunal: autoridades garantizan seguridad","excerpt":"Cali se prepara para las elecciones de Juntas de Acci\u00f3n Comunal (JAC) el 26 de abril. Autoridades instalan un Puesto de Mando Unificado (PMU) con Fuerza P\u00fablica y organismos de socorro para garantizar un proceso transparente y seguro.","body":"<h2 class='text-2xl font-bold mt-6 mb-3'>Jornada electoral de las JAC en cali<\/h2><p class='mb-4 leading-relaxed'>El pr\u00f3ximo domingo <strong>26 de abril de 2026<\/strong>, todo el pa\u00eds ser\u00e1 testigo de las elecciones de dignatarios de las Juntas de Acci\u00f3n Comunal (JAC). En Cali, la Alcald\u00eda Municipal ha confirmado que <strong>m\u00e1s de 100.000 afiliados<\/strong> est\u00e1n habilitados para ejercer su derecho al voto en esta importante jornada democr\u00e1tica.<\/p><h2 class='text-2xl font-bold mt-6 mb-3'>Preparaci\u00f3n de las autoridades para garantizar la transparencia<\/h2><p class='mb-4 leading-relaxed'>Las autoridades de la capital vallecaucana han intensificado sus esfuerzos para asegurar que el proceso electoral sea <strong>transparente, seguro y se desarrolle en condiciones de total tranquilidad<\/strong>. Este compromiso busca fortalecer la participaci\u00f3n ciudadana y la legitimidad de los resultados.<\/p><h2 class='text-2xl font-bold mt-6 mb-3'>Puesto de mando unificado para la coordinaci\u00f3n<\/h2><p class='mb-4 leading-relaxed'>Para lograr este objetivo, se ha instalado un <strong>Puesto de Mando Unificado (PMU)<\/strong>, que operar\u00e1 en articulaci\u00f3n con la <strong>Fuerza P\u00fablica<\/strong>, organismos de socorro, entidades de protecci\u00f3n infantil y diversas dependencias distritales. Este PMU ser\u00e1 clave en la preparaci\u00f3n log\u00edstica y operativa de la jornada.<\/p><blockquote class='border-l-4 border-gray-300 pl-4 italic my-4'>Este esfuerzo permitir\u00e1 acompa\u00f1ar de manera integral el desarrollo de las elecciones, garantizando la <strong>seguridad y la participaci\u00f3n<\/strong> de todos los ciudadanos.<\/blockquote>","body_original":"<div class=\"mx-auto max-w-(--breakpoint-xl) px-2 lg:pt-8\"><div class=\"mb-2 flex items-center text-primary\"><div class=\"mr-1.5\"><svg xmlns=\"http:\/\/www.w3.org\/2000\/svg\" fill=\"none\" viewbox=\"0 0 24 24\" stroke-width=\"2\" stroke=\"currentColor\" class=\"h-4 w-4\"><path stroke-linecap=\"round\" stroke-linejoin=\"round\" d=\"M8.25 4.5l7.5 7.5-7.5 7.5\"><\/path><\/svg><\/div><p class=\"text-xs uppercase\">Pol\u00edtica<\/p><\/div><h1 class=\"text-smoke-700 mb-2 text-2xl font-black leading-7 lg:text-5xl lg:leading-none\">Elecciones de Juntas de Acci\u00f3n Comunal en Cali este 26 de abril: \u00bfC\u00f3mo trabajar\u00e1n las autoridades?<\/h1><p class=\"lead mb-2\">Las autoridades de la capital vallecaucana se preparan para garantizar un proceso transparente, seguro y en condiciones de tranquilidad.<\/p><p class=\"mb-4 text-base\"><span class=\"mr-1 inline-block align-middle\"><img src=\"https:\/\/multimedia.elpais.com.co\/2025\/15-Octubre\/discover.png\" alt=\"Google\" width=\"16\" height=\"16\"><\/span><a href=\"https:\/\/profile.google.com\/cp\/CgkvbS8wY2YwaDQ\" target=\"_blank\" id=\"google-discover\" class=\"hover:text-primary hover:bg-slate-300 text-secondary\">Siga a EL PA\u00cdS en Google Discover y no se pierda las \u00faltimas noticias<\/a><\/p><div class=\"my-4\"><\/div><div class=\"mx-auto max-w-[968px]\"><figure><picture><source srcset=\"https:\/\/www.elpais.com.co\/resizer\/v2\/GW3GRDUP5NBJJEB4NDZCGSR76M.jpg?auth=5784e4f8d2da84e7569c6b6e75140f4e534674a5cbce6ac55ab48e0fa71a56a4&amp;smart=true&amp;quality=75&amp;width=480&amp;height=270\" media=\"(max-width: 480px)\"><\/source><source srcset=\"https:\/\/www.elpais.com.co\/resizer\/v2\/GW3GRDUP5NBJJEB4NDZCGSR76M.jpg?auth=5784e4f8d2da84e7569c6b6e75140f4e534674a5cbce6ac55ab48e0fa71a56a4&amp;smart=true&amp;quality=75&amp;width=768&amp;height=432\" media=\"(max-width: 768px)\"><\/source><img src=\"https:\/\/www.elpais.com.co\/resizer\/v2\/GW3GRDUP5NBJJEB4NDZCGSR76M.jpg?auth=5784e4f8d2da84e7569c6b6e75140f4e534674a5cbce6ac55ab48e0fa71a56a4&amp;smart=true&amp;quality=75&amp;width=1280&amp;height=720\" alt=\"M\u00e1s de 100.000 cale\u00f1os est\u00e1n habilitados para votar durante esta jornada.\" height=\"9\" width=\"16\" fetchpriority=\"high\" decoding=\"async\" loading=\"eager\" class=\"h-full w-full object-cover object-center\"><\/picture><\/figure><figcaption class=\"text-bluelish-400 font-lato mt-0 max-w-none py-2 text-xs italic\">M\u00e1s de 100.000 cale\u00f1os est\u00e1n habilitados para votar durante esta jornada.<!-- --> <span> | Foto: <!-- -->Alcald\u00eda de Cali<\/span><\/figcaption><\/div><\/div><div class=\"prose mx-auto max-w-[1210px] px-4 leading-tight md:prose-lg md:leading-tight\"><\/div><main class=\"mb-4 px-2\"><div class=\"mx-auto max-w-[968px] gap-4 lg:flex\"><div class=\"hidden md:block relative flex-none lg:w-20\"><div class=\"sticky top-16 md:pt-5\"><div class=\"inline-flex gap-4 lg:flex-col\"><\/div><\/div><\/div><div class=\"prose mb-4 max-w-none flex-auto\"><div class=\"not-prose grid grid-cols-1 gap-px py-4\"><div class=\"flex w-full py-2 rounded-xl bg-smoke-100\"><div class=\"flex gap-x-2.5 mx-2\"><div class=\"h-11 w-11 items-center overflow-hidden rounded-full text-primary\"><picture><source srcset=\"https:\/\/author-service-images-prod-us-east-1.publishing.aws.arc.pub\/semana\/4427b0ae-264f-46ad-9e8c-6df24d0ecba8.JPG\" media=\"(max-width: 768px)\"><\/source><img srcset=\"https:\/\/author-service-images-prod-us-east-1.publishing.aws.arc.pub\/semana\/4427b0ae-264f-46ad-9e8c-6df24d0ecba8.JPG\" alt=\"\" height=\"9\" width=\"16\" loading=\"lazy\" class=\"h-full w-full object-cover object-center\"><\/picture><\/div><\/div><div class=\"flex w-full flex-col px-2 border-l border-primary\"><div class=\"inline-flex gap-1 flex-row\"><a href=\"\/autor\/fbejaranoz\/\"><h2 class=\"font-bold font-black text-base mr-2 hover:text-primary\">Fernando Jos\u00e9 Bejarano Zorrilla<\/h2><\/a><div> <\/div><\/div><div class=\"mt-2\"><p class=\"text-xs text-smoke-500\">22 de abr de 2026, 08:57 p. m.<\/p><p class=\"text-xs text-smoke-500\">Actualizado el <!-- -->22 de abr de 2026, 08:58 p. m.<\/p><\/div><div class=\"inline-flex gap-1 flex-row mt-2\"><\/div><\/div><\/div><\/div><div class=\"not-prose my-4 text-center lg:my-6\"><\/div><div class=\"block md:hidden text-center border-t border-b py-2\"><div class=\"sticky top-16 md:pt-5\"><div class=\"inline-flex gap-4 lg:flex-col\"><\/div><\/div><\/div><div class=\"not-prose block md:hidden text-center border-t border-b py-2\"><div class=\"my-2 border border-t-4 border-t-primary px-3\"><div class=\"p-4 text-center hidden lg:block\"><h2 class=\"text-primary text-xl\">Noticias<\/h2><h2 class=\"text-2xl font-lato font-bold\">Destacadas<\/h2><\/div><div class=\"flex flex-column justify-between items-center p-4 text-center block lg:hidden\"><h2 class=\"text-xl font-lato font-bold\">Noticias Destacadas<\/h2><svg xmlns=\"http:\/\/www.w3.org\/2000\/svg\" fill=\"none\" viewbox=\"0 0 24 24\" stroke-width=\"1.5\" stroke=\"currentColor\" class=\"h-6 w-6\"><path stroke-linecap=\"round\" stroke-linejoin=\"round\" d=\"M19.5 8.25l-7.5 7.5-7.5-7.5\"><\/path><\/svg><\/div><div class=\"hidden lg:block\"><div class=\"py-2 border-t\"><a class=\"flex flex-row\" href=\"https:\/\/www.elpais.com.co\/politica\/ivan-cepeda-se-pronuncia-por-denuncias-de-angie-rodriguez-contra-gobierno-petro-deben-ser-investigadas-a-fondo-2248.html\"><span class=\"text-primary text-xl md:text-2xl mr-2\">1<!-- -->.<\/span><p class=\"text-left text-sm\">Rompe silencio Iv\u00e1n Cepeda por denuncias de Angie Rodr\u00edguez contra Gobierno Petro<\/p><\/a><\/div><\/div><div class=\"hidden lg:block\"><div class=\"py-2 border-t\"><a class=\"flex flex-row\" href=\"https:\/\/www.elpais.com.co\/politica\/agarron-entre-petro-y-de-la-espriella-por-fotos-con-boliche-encendio-las-redes-sociales-2218.html\"><span class=\"text-primary text-xl md:text-2xl mr-2\">2<!-- -->.<\/span><p class=\"text-left text-sm\">De La Espriella y Petro se agarraron en redes sociales por foto con alias Boliche<\/p><\/a><\/div><\/div><div class=\"hidden lg:block\"><div class=\"py-2 border-t\"><a class=\"flex flex-row\" href=\"https:\/\/www.elpais.com.co\/politica\/angie-rodriguez-se-destapa-y-hace-denuncias-de-corrupcion-en-el-circulo-cercano-a-gustavo-petro-a-quienes-se-refirio-2221.html\"><span class=\"text-primary text-xl md:text-2xl mr-2\">3<!-- -->.<\/span><p class=\"text-left text-sm\">Angie Rodr\u00edguez denuncia presuntas irregularidades en el Gobierno Petro; estas son las personas mencionadas<\/p><\/a><\/div><\/div><div class=\"hidden lg:block\"><div class=\"py-2 border-t\"><a class=\"flex flex-row\" href=\"https:\/\/www.elpais.com.co\/politica\/duras-reacciones-tras-las-denuncias-de-angie-rodriguez-sobre-presuntas-irregularidades-en-el-gobierno-petro-que-desastre-2225.html\"><span class=\"text-primary text-xl md:text-2xl mr-2\">4<!-- -->.<\/span><p class=\"text-left text-sm\">As\u00ed reaccion\u00f3 Colombia a las denuncias de Angie Rodr\u00edguez sobre el Gobierno Petro<\/p><\/a><\/div><\/div><div class=\"hidden lg:block\"><div class=\"py-2 border-t\"><a class=\"flex flex-row\" href=\"https:\/\/www.elpais.com.co\/politica\/el-inesperado-y-controversial-punto-de-encuentro-entre-ivan-cepeda-y-abelardo-de-la-espriella-que-los-unio-2110.html\"><span class=\"text-primary text-xl md:text-2xl mr-2\">5<!-- -->.<\/span><p class=\"text-left text-sm\">Iv\u00e1n Cepeda y Abelardo de la Espriella: el tema que logr\u00f3 una coincidencia en estas campa\u00f1as<\/p><\/a><\/div><\/div><\/div><\/div><div class=\"paywall\"><div data-index=\"0\"><p data-type=\"text\">En todo el pa\u00eds se llevar\u00e1n a cabo las elecciones de dignatarios <a href=\"https:\/\/www.elpais.com.co\/valle\/gobernacion-del-valle-entrego-tecnologia-y-equipos-a-lideres-de-las-jac-y-jal-de-cali-2106.html\" target=\"_blank\" rel=\"noreferrer\" title=\"https:\/\/www.elpais.com.co\/valle\/gobernacion-del-valle-entrego-tecnologia-y-equipos-a-lideres-de-las-jac-y-jal-de-cali-2106.html\">de Juntas de Acci\u00f3n Comunal (JAC)<\/a> durante la jornada del pr\u00f3ximo domingo 26 de abril del 2026. En el caso de Cali, de acuerdo con la Alcald\u00eda Municipal, est\u00e1n habilitados 100.000 afiliados de las juntas para participar de la jornada democr\u00e1tica.<\/p><\/div><div data-index=\"1\"><p data-type=\"text\"><b>En ese sentido, las autoridades de la capital vallecaucana se preparan para garantizar un proceso transparente, seguro y en condiciones de tranquilidad.<\/b><\/p><\/div><div data-index=\"2\"><div class=\"not-prose relative my-2\"><\/div><\/div><div data-index=\"3\"><p data-type=\"text\">Por lo tanto, en articulaci\u00f3n con la Fuerza P\u00fablica, organismos de socorro, entidades de protecci\u00f3n infantil y diferentes dependencias distritales, avanzan en la preparaci\u00f3n log\u00edstica y operativa de la jornada electoral, mediante la instalaci\u00f3n de un Puesto de Mando Unificado (PMU).<\/p><\/div><div data-index=\"4\"><div id=\"taboola-mid-article-recoreel\" class=\"mb-24\"><\/div><\/div><div data-index=\"5\"><div data-type=\"image\"><picture><source srcset=\"https:\/\/www.elpais.com.co\/resizer\/v2\/R3WWNJRCK5GKFK3BI522VTPLHY.jpg?auth=25a3c3e0f28f0b86b5de5c486a4a0b69fa088f7eb52d384c951e75a1ee3d8dec&amp;smart=true&amp;quality=75&amp;width=480&amp;fitfill=false\" media=\"(max-width: 480px)\"><\/source><source srcset=\"https:\/\/www.elpais.com.co\/resizer\/v2\/R3WWNJRCK5GKFK3BI522VTPLHY.jpg?auth=25a3c3e0f28f0b86b5de5c486a4a0b69fa088f7eb52d384c951e75a1ee3d8dec&amp;smart=true&amp;quality=75&amp;width=768&amp;fitfill=false\" media=\"(max-width: 768px)\"><\/source><img src=\"https:\/\/www.elpais.com.co\/resizer\/v2\/R3WWNJRCK5GKFK3BI522VTPLHY.jpg?auth=25a3c3e0f28f0b86b5de5c486a4a0b69fa088f7eb52d384c951e75a1ee3d8dec&amp;smart=true&amp;quality=75&amp;width=1280&amp;fitfill=false\" alt=\"PMU por Halloween en Cali\" height=\"9\" width=\"16\" fetchpriority=\"low\" decoding=\"async\" loading=\"lazy\" class=\"mx-auto mb-0 w-full max-w-[1440px]\"><\/picture><figcaption class=\"text-bluelish-400 font-lato mt-0 max-w-none py-2 text-xs italic\">Habr\u00e1 un PMU coordinado por la Polic\u00eda Metropolitana de Cali.<!-- --> <span> | Foto: <!-- -->Alcald\u00eda de Cali<\/span><\/figcaption><\/div><\/div><div data-index=\"6\"><p data-type=\"text\">De acuerdo con la secretaria de Desarrollo Territorial y Participaci\u00f3n Ciudadana de Cali, Maritza Aponz\u00e1 Zapata, afirm\u00f3 que este esfuerzo permitir\u00e1 acompa\u00f1ar de manera integral el desarrollo de las elecciones.<\/p><\/div><div data-index=\"7\"><p data-type=\"text\">\u201cA trav\u00e9s del PMU, como instancia de coordinaci\u00f3n interinstitucional, se ofrecer\u00e1 seguridad en tiempo real para que los afiliados puedan ejercer su derecho fundamental a la participaci\u00f3n ciudadana con todas las garant\u00edas\u201d, destac\u00f3 la secretaria Aponz\u00e1 Zapata.<\/p><\/div><div data-index=\"8\"><p data-type=\"text\">En esa misma l\u00ednea, la subsecretaria de Promoci\u00f3n y Fortalecimiento de la Participaci\u00f3n, Carolina Ordo\u00f1ez Cede\u00f1o, resalt\u00f3 el trabajo conjunto entre las dependencias de la Alcald\u00eda para que los ciudadanos puedan acudir a votar en paz.<\/p><\/div><div data-index=\"9\"><div class=\"EPA_VIDEO mb-5\" data-membrana=\"true\"><\/div><\/div><div data-index=\"10\"><p data-type=\"text\">\u201cEstamos trabajando en articulaci\u00f3n con la Secretar\u00eda de Seguridad y Justicia para atender las elecciones y garantizar la participaci\u00f3n ciudadana con seguridad para los afiliados votantes que, a la fecha, llegan aproximadamente a 100 mil electores\u201d, asegur\u00f3 la subsecretaria Ordo\u00f1ez Cede\u00f1o.<\/p><\/div><div data-index=\"11\"><h2 data-type=\"header\" class=\"\">\u00bfC\u00f3mo trabajar\u00e1n las autoridades?<\/h2><\/div><div data-index=\"12\"><div data-type=\"image\"><picture><source srcset=\"https:\/\/www.elpais.com.co\/resizer\/v2\/T5QXUAX2FVDDDH2YLIS5NHIDJA.JPG?auth=d1d144f5a22eea0fbb0d4bb9248c998900f102d09998dce37ab938c2c758a88b&amp;smart=true&amp;quality=75&amp;width=480&amp;fitfill=false\" media=\"(max-width: 480px)\"><\/source><source srcset=\"https:\/\/www.elpais.com.co\/resizer\/v2\/T5QXUAX2FVDDDH2YLIS5NHIDJA.JPG?auth=d1d144f5a22eea0fbb0d4bb9248c998900f102d09998dce37ab938c2c758a88b&amp;smart=true&amp;quality=75&amp;width=768&amp;fitfill=false\" media=\"(max-width: 768px)\"><\/source><img src=\"https:\/\/www.elpais.com.co\/resizer\/v2\/T5QXUAX2FVDDDH2YLIS5NHIDJA.JPG?auth=d1d144f5a22eea0fbb0d4bb9248c998900f102d09998dce37ab938c2c758a88b&amp;smart=true&amp;quality=75&amp;width=1280&amp;fitfill=false\" alt=\"Desde la Secretar\u00eda se aclar\u00f3 que estas tomas son el resultado de un trabajo previo con las juntas de acci\u00f3n comunal.\" height=\"9\" width=\"16\" fetchpriority=\"low\" decoding=\"async\" loading=\"lazy\" class=\"mx-auto mb-0 w-full max-w-[1440px]\"><\/picture><figcaption class=\"text-bluelish-400 font-lato mt-0 max-w-none py-2 text-xs italic\">Seg\u00fan la subsecretaria de Pol\u00edtica de Seguridad, Nathalia Zuluaga Londo\u00f1o, habr\u00e1 el despliegue de un dispositivo especial de acompa\u00f1amiento en los puestos de votaci\u00f3n, en articulaci\u00f3n con la Polic\u00eda Metropolitana de Cali.<!-- --> <span> | Foto: <!-- -->Secretar\u00eda de movilidad de Cali<\/span><\/figcaption><\/div><\/div><div data-index=\"13\"><p data-type=\"text\">De acuerdo con el comunicado oficial de la Alcald\u00eda de Cali, la coordinaci\u00f3n del PMU estar\u00e1 a cargo de la Secretar\u00eda de Seguridad y Justicia. Se orientar\u00e1 en las acciones para el mantenimiento del orden p\u00fablico y la sana convivencia durante la jornada electoral de las Juntas de Acci\u00f3n Comunal.<\/p><\/div><div data-index=\"14\"><div id=\"Boton_2_M\" class=\" hidden-tablet hidden-desktop flex items-center justify-center mb-4  text-center ads-iframe\"><\/div><\/div><div data-index=\"15\"><p data-type=\"text\">Seg\u00fan la subsecretaria de Pol\u00edtica de Seguridad, Nathalia Zuluaga Londo\u00f1o, habr\u00e1 el despliegue de un dispositivo especial de acompa\u00f1amiento en los puestos de votaci\u00f3n, en articulaci\u00f3n con la Polic\u00eda Metropolitana de Cali.<\/p><\/div><div data-index=\"16\"><div class=\"not-prose relative my-2\"><\/div><\/div><div data-index=\"17\"><p data-type=\"text\"><b>\u201cNuestro objetivo es que los ciudadanos puedan ejercer su derecho al voto de forma tranquila y con plenas garant\u00edas institucionales, fortaleciendo la gobernabilidad y la convivencia\u201d,<\/b> expres\u00f3 Zuluaga Londo\u00f1o.<\/p><\/div><div data-index=\"18\"><p data-type=\"text\">Asimismo, se har\u00e1n labores de vigilancia y patrullaje en zonas urbanas y rurales, priorizadas seg\u00fan an\u00e1lisis de seguridad, con el apoyo tanto de la Polic\u00eda como del Ej\u00e9rcito. As\u00ed se pretende garantizar la movilidad y tranquilidad de la ciudadan\u00eda cale\u00f1a.<\/p><\/div><\/div><div class=\"not-prose grid grid-cols-1 gap-px py-4\"><div class=\"flex w-full py-2 rounded-xl bg-smoke-100\"><div class=\"flex gap-x-2.5 mx-2\"><div class=\"h-11 w-11 items-center overflow-hidden rounded-full text-primary\"><picture><source srcset=\"https:\/\/author-service-images-prod-us-east-1.publishing.aws.arc.pub\/semana\/4427b0ae-264f-46ad-9e8c-6df24d0ecba8.JPG\" media=\"(max-width: 768px)\"><\/source><img srcset=\"https:\/\/author-service-images-prod-us-east-1.publishing.aws.arc.pub\/semana\/4427b0ae-264f-46ad-9e8c-6df24d0ecba8.JPG\" alt=\"\" height=\"9\" width=\"16\" loading=\"lazy\" class=\"h-full w-full object-cover object-center\"><\/picture><\/div><\/div><div class=\"flex w-full flex-col px-2 border-l border-primary\"><div class=\"inline-flex gap-1 flex-row\"><a href=\"\/autor\/fbejaranoz\/\"><h2 class=\"font-bold font-black text-base mr-2 hover:text-primary\">Fernando Jos\u00e9 Bejarano Zorrilla<\/h2><\/a><\/div><p class=\"text-xs text-smoke-500\">Comunicador social, periodista, y especialista en Escritura Creativa en Nuevos Medios de la Universidad Aut\u00f3noma de Occidente. Periodista web de El Pa\u00eds desde el 2023. Experiencia en periodismo escrito con \u00e9nfasis en pol\u00edtica y conflicto armado, en fotograf\u00eda y edici\u00f3n de productos sonoros.<\/p><div class=\"inline-flex gap-1 flex-row mt-2\"><\/div><\/div><\/div><\/div><div class=\"not-prose my-4 rounded-xl border-2 border-primary px-4 py-1 md:px-10 md:py-2\"><h2 class=\"mb-1 text-center text-lg font-bold leading-none text-primary\" style=\"letter-spacing:-0.03em\">Reg\u00edstrate gratis al bolet\u00edn de noticias El Pa\u00eds<\/h2><\/div><div class=\"my-6 flex items-center\"><div class=\"mr-3 self-start text-black\"><svg xmlns=\"http:\/\/www.w3.org\/2000\/svg\" fill=\"none\" viewbox=\"0 0 24 24\" stroke-width=\"1.5\" stroke=\"currentColor\" class=\"h-4 w-4\"><path stroke-linecap=\"round\" stroke-linejoin=\"round\" d=\"M9.568 3H5.25A2.25 2.25 0 003 5.25v4.318c0 .597.237 1.17.659 1.591l9.581 9.581c.699.699 1.78.872 2.607.33a18.095 18.095 0 005.223-5.223c.542-.827.369-1.908-.33-2.607L11.16 3.66A2.25 2.25 0 009.568 3z\"><\/path><path stroke-linecap=\"round\" stroke-linejoin=\"round\" d=\"M6 6h.008v.008H6V6z\"><\/path><\/svg><\/div><div class=\"flex flex-wrap gap-1\"><a href=\"\/noticias\/cali\/\" class=\"inline-block rounded-md bg-smoke-100 px-4 py-1 text-center text-xs leading-none text-black no-underline\">Cali<\/a><a href=\"\/noticias\/juntas-de-accion-comunal\/\" class=\"inline-block rounded-md bg-smoke-100 px-4 py-1 text-center text-xs leading-none text-black no-underline\">Juntas de Acci\u00f3n Comunal<\/a><a href=\"\/noticias\/jac\/\" class=\"inline-block rounded-md bg-smoke-100 px-4 py-1 text-center text-xs leading-none text-black no-underline\">jac<\/a><a href=\"\/noticias\/autoridades\/\" class=\"inline-block rounded-md bg-smoke-100 px-4 py-1 text-center text-xs leading-none text-black no-underline\">autoridades<\/a><a href=\"\/noticias\/alcaldia-de-cali\/\" class=\"inline-block rounded-md bg-smoke-100 px-4 py-1 text-center text-xs leading-none text-black no-underline\">Alcald\u00eda de Cali<\/a><\/div><\/div><div><div class=\"not-prose border-y border-smoke-300 p-3 mt-2\"><div class=\"flex flex-col  md:justify-between items-center gap-4 md:flex-row\"><div class=\"flex items-center gap-4\"><div class=\"w-9\"><img src=\"\/pf\/resources\/images\/el-pais\/logo-simbolo.svg?d=8062\" class=\"h-10 w-auto\"><\/div><div class=\"text-left text-xs leading-tight text-black\">Descarga la APP <b>ElPa\u00eds.com.co<\/b>:<\/div><\/div><div class=\"flex items-center justify-center gap-4\"><\/div><\/div><\/div><\/div><div class=\"px-3 py-3 leading-none rounded-lg border border-smoke-100 bg-smoke-200 not-prose\"><a href=\"https:\/\/news.google.com\/publications\/CAAqBwgKMLGakQswx9-lAw\"><div class=\"font-lato text-base flex items-center\"><h3 class=\"text-bluelish-400 px-4\">Convierta a<!-- --> <strong><span class=\"text-black\">El Pa\u00eds<\/span><span class=\"text-primary\">.com.co<\/span><\/strong> <!-- -->en su fuente de noticias aqu\u00ed<\/h3><\/div><\/a><\/div><\/div><div class=\"mx-auto w-[280px] flex-none\"><div class=\"relative h-full\"><div class=\"left-0 right-0\"><div class=\"mb-4 hidden pt-4 lg:block\"><div style=\"height:250px;display:block\" id=\"Boton_1_D\" class=\"hidden-mobile   relative mx-auto max-w-7xl flex items-center justify-center bg-smoke-100 text-center ads-iframe\"><\/div><\/div><\/div><div class=\"sticky left-0 right-0 top-16\"><div class=\"mb-4 hidden pt-4 lg:block\"><div class=\"my-2 border border-t-4 border-t-primary px-3\"><div class=\"p-4 text-center hidden lg:block\"><h2 class=\"text-primary text-xl\">Noticias<\/h2><h2 class=\"text-2xl font-lato font-bold\">Destacadas<\/h2><\/div><div class=\"flex flex-column justify-between items-center p-4 text-center block lg:hidden\"><h2 class=\"text-xl font-lato font-bold\">Noticias Destacadas<\/h2><svg xmlns=\"http:\/\/www.w3.org\/2000\/svg\" fill=\"none\" viewbox=\"0 0 24 24\" stroke-width=\"1.5\" stroke=\"currentColor\" class=\"h-6 w-6\"><path stroke-linecap=\"round\" stroke-linejoin=\"round\" d=\"M4.5 15.75l7.5-7.5 7.5 7.5\"><\/path><\/svg><\/div><div class=\" lg:block\"><div class=\"py-2 border-t\"><a class=\"flex flex-row\" href=\"https:\/\/www.elpais.com.co\/politica\/ivan-cepeda-se-pronuncia-por-denuncias-de-angie-rodriguez-contra-gobierno-petro-deben-ser-investigadas-a-fondo-2248.html\"><span class=\"text-primary text-xl md:text-2xl mr-2\">1<!-- -->.<\/span><p class=\"text-left text-sm\">Rompe silencio Iv\u00e1n Cepeda por denuncias de Angie Rodr\u00edguez contra Gobierno Petro<\/p><\/a><\/div><\/div><div class=\" lg:block\"><div class=\"py-2 border-t\"><a class=\"flex flex-row\" href=\"https:\/\/www.elpais.com.co\/politica\/agarron-entre-petro-y-de-la-espriella-por-fotos-con-boliche-encendio-las-redes-sociales-2218.html\"><span class=\"text-primary text-xl md:text-2xl mr-2\">2<!-- -->.<\/span><p class=\"text-left text-sm\">De La Espriella y Petro se agarraron en redes sociales por foto con alias Boliche<\/p><\/a><\/div><\/div><div class=\" lg:block\"><div class=\"py-2 border-t\"><a class=\"flex flex-row\" href=\"https:\/\/www.elpais.com.co\/politica\/angie-rodriguez-se-destapa-y-hace-denuncias-de-corrupcion-en-el-circulo-cercano-a-gustavo-petro-a-quienes-se-refirio-2221.html\"><span class=\"text-primary text-xl md:text-2xl mr-2\">3<!-- -->.<\/span><p class=\"text-left text-sm\">Angie Rodr\u00edguez denuncia presuntas irregularidades en el Gobierno Petro; estas son las personas mencionadas<\/p><\/a><\/div><\/div><div class=\" lg:block\"><div class=\"py-2 border-t\"><a class=\"flex flex-row\" href=\"https:\/\/www.elpais.com.co\/politica\/duras-reacciones-tras-las-denuncias-de-angie-rodriguez-sobre-presuntas-irregularidades-en-el-gobierno-petro-que-desastre-2225.html\"><span class=\"text-primary text-xl md:text-2xl mr-2\">4<!-- -->.<\/span><p class=\"text-left text-sm\">As\u00ed reaccion\u00f3 Colombia a las denuncias de Angie Rodr\u00edguez sobre el Gobierno Petro<\/p><\/a><\/div><\/div><div class=\" lg:block\"><div class=\"py-2 border-t\"><a class=\"flex flex-row\" href=\"https:\/\/www.elpais.com.co\/politica\/el-inesperado-y-controversial-punto-de-encuentro-entre-ivan-cepeda-y-abelardo-de-la-espriella-que-los-unio-2110.html\"><span class=\"text-primary text-xl md:text-2xl mr-2\">5<!-- -->.<\/span><p class=\"text-left text-sm\">Iv\u00e1n Cepeda y Abelardo de la Espriella: el tema que logr\u00f3 una coincidencia en estas campa\u00f1as<\/p><\/a><\/div><\/div><\/div><\/div><\/div><\/div><\/div><\/div><\/main>","body_rewritten":"<h2 class='text-2xl font-bold mt-6 mb-3'>Jornada electoral de las JAC en cali<\/h2><p class='mb-4 leading-relaxed'>El pr\u00f3ximo domingo <strong>26 de abril de 2026<\/strong>, todo el pa\u00eds ser\u00e1 testigo de las elecciones de dignatarios de las Juntas de Acci\u00f3n Comunal (JAC). En Cali, la Alcald\u00eda Municipal ha confirmado que <strong>m\u00e1s de 100.000 afiliados<\/strong> est\u00e1n habilitados para ejercer su derecho al voto en esta importante jornada democr\u00e1tica.<\/p><h2 class='text-2xl font-bold mt-6 mb-3'>Preparaci\u00f3n de las autoridades para garantizar la transparencia<\/h2><p class='mb-4 leading-relaxed'>Las autoridades de la capital vallecaucana han intensificado sus esfuerzos para asegurar que el proceso electoral sea <strong>transparente, seguro y se desarrolle en condiciones de total tranquilidad<\/strong>. Este compromiso busca fortalecer la participaci\u00f3n ciudadana y la legitimidad de los resultados.<\/p><h2 class='text-2xl font-bold mt-6 mb-3'>Puesto de mando unificado para la coordinaci\u00f3n<\/h2><p class='mb-4 leading-relaxed'>Para lograr este objetivo, se ha instalado un <strong>Puesto de Mando Unificado (PMU)<\/strong>, que operar\u00e1 en articulaci\u00f3n con la <strong>Fuerza P\u00fablica<\/strong>, organismos de socorro, entidades de protecci\u00f3n infantil y diversas dependencias distritales. Este PMU ser\u00e1 clave en la preparaci\u00f3n log\u00edstica y operativa de la jornada.<\/p><blockquote class='border-l-4 border-gray-300 pl-4 italic my-4'>Este esfuerzo permitir\u00e1 acompa\u00f1ar de manera integral el desarrollo de las elecciones, garantizando la <strong>seguridad y la participaci\u00f3n<\/strong> de todos los ciudadanos.<\/blockquote>","status":"published","author":null,"image_url":"https:\/\/colombiahoy.s3.us-east-2.amazonaws.com\/articles\/3547\/image-f978387656f4043ed82a61961d445dae35a71579604a845be72b36770228f723.webp","canonical_url":"https:\/\/www.elpais.com.co\/politica\/elecciones-de-juntas-de-accion-comunal-en-cali-este-26-de-abril-como-trabajaran-las-autoridades-2229.html","published_at":"2026-04-22 15:58","created_at":"2026-04-23 15:03","last_error":null,"topics":[{"id":2,"name":"Cali","slug":"cali"},{"id":5,"name":"Pol\u00edtica","slug":"politica"},{"id":11,"name":"Actualidad","slug":"actualidad"}],"source":"N\/A"},{"id":3534,"title":"Noticiero 90 Minutos: Su dosis diaria de noticias en Cali y el Valle del Cauca","slug":"noticiero-90-minutos-su-dosis-diaria-de-noticias-en-cali-y-el-valle-del-cauca","title_original":"2,6\u00a0\u0442\u044b\u0441.\u00a0\u043f\u0440\u043e\u0441\u043c\u043e\u0442\u0440\u043e\u0432 \u00b7 50\u00a0\u0440\u0435\u0430\u043a\u0446\u0438\u0439 | #Noti90 P\u00f3ngase al d\u00eda con las noticias de actualidad de Cali y el Valle del Cauca con 90 al d\u00eda.\n\n\ud83d\udcccConoce m\u00e1s en 90minutos.co | Noticiero 90 Minutos","title_rewritten":"Noticiero 90 Minutos: Su dosis diaria de noticias en Cali y el Valle del Cauca","excerpt":"Noticiero 90 Minutos le trae las noticias m\u00e1s relevantes de Cali y el Valle del Cauca. Con\u00e9ctese con la actualidad regional y mant\u00e9ngase informado sobre los hechos que impactan su d\u00eda a d\u00eda. Visite 90minutos.co para m\u00e1s detalles.","body":"<h2 class='text-2xl font-bold mt-6 mb-3'>La actualidad regional al alcance de su mano<\/h2><p class='mb-4 leading-relaxed'>Noticiero 90 Minutos se consolida como la fuente <strong>confiable<\/strong> para estar al tanto de todo lo que sucede en Cali y el Valle del Cauca. Desde los <strong>\u00faltimos acontecimientos<\/strong> en seguridad hasta las decisiones pol\u00edticas que impactan su d\u00eda a d\u00eda, nuestra cobertura es exhaustiva y objetiva.<\/p><h2 class='text-2xl font-bold mt-6 mb-3'>Informaci\u00f3n verificada y oportuna<\/h2><p class='mb-4 leading-relaxed'>Nuestro equipo de periodistas trabaja incansablemente para llevarle la informaci\u00f3n m\u00e1s <strong>precisa<\/strong> y <strong>actualizada<\/strong>. Visite 90minutos.co para profundizar en cada noticia y conocer los detalles que marcan la diferencia en nuestra regi\u00f3n.<\/p>","body_original":"#Noti90 P\u00f3ngase al d\u00eda con las noticias de actualidad de Cali y el Valle del Cauca con 90 al d\u00eda. \ud83d\udcccConoce m\u00e1s en 90minutos.co | Noticiero 90 Minutos","body_rewritten":"<h2 class='text-2xl font-bold mt-6 mb-3'>La actualidad regional al alcance de su mano<\/h2><p class='mb-4 leading-relaxed'>Noticiero 90 Minutos se consolida como la fuente <strong>confiable<\/strong> para estar al tanto de todo lo que sucede en Cali y el Valle del Cauca. Desde los <strong>\u00faltimos acontecimientos<\/strong> en seguridad hasta las decisiones pol\u00edticas que impactan su d\u00eda a d\u00eda, nuestra cobertura es exhaustiva y objetiva.<\/p><h2 class='text-2xl font-bold mt-6 mb-3'>Informaci\u00f3n verificada y oportuna<\/h2><p class='mb-4 leading-relaxed'>Nuestro equipo de periodistas trabaja incansablemente para llevarle la informaci\u00f3n m\u00e1s <strong>precisa<\/strong> y <strong>actualizada<\/strong>. Visite 90minutos.co para profundizar en cada noticia y conocer los detalles que marcan la diferencia en nuestra regi\u00f3n.<\/p>","status":"published","author":null,"image_url":"https:\/\/colombiahoy.s3.us-east-2.amazonaws.com\/articles\/3534\/image-436ccc08674086f7d13efbac9320d7cbc8bd8d11f392708ecc43e39f52a3f903.webp","canonical_url":"https:\/\/www.facebook.com\/noticiero90minutos\/videos\/noti90-p%C3%B3ngase-al-d%C3%ADa-con-las-noticias-de-actualidad-de-cali-y-el-valle-del-cauc\/1696592354829177\/","published_at":"2026-04-22 15:52","created_at":"2026-04-22 18:00","last_error":null,"topics":[{"id":2,"name":"Cali","slug":"cali"},{"id":3,"name":"Seguridad","slug":"seguridad"},{"id":5,"name":"Pol\u00edtica","slug":"politica"}],"source":"Actualidad Cali"},{"id":3531,"title":"Retail del Futuro 2026: innovaci\u00f3n, IA y resiliencia transforman el comercio colombiano","slug":"retail-del-futuro-2026-innovacion-ia-y-resiliencia-transforman-el-comercio-colombiano","title_original":"'Retail del Futuro 2026': una profunda mirada a la inteligencia artificial y la resiliencia en el comercio colombiano","title_rewritten":"Retail del Futuro 2026: innovaci\u00f3n, IA y resiliencia transforman el comercio colombiano","excerpt":"El evento 'Retail del Futuro 2026' de Fenalco en Cali explor\u00f3 la inteligencia artificial, la resiliencia y la sostenibilidad en el comercio colombiano. Expertos de 11 pa\u00edses debatieron sobre innovaci\u00f3n, agilidad operativa y la transformaci\u00f3n del consumidor.","body":"<h2 class='text-2xl font-bold mt-6 mb-3'>Fenalco decodifica el futuro del comercio en Cali<\/h2><p class='mb-4 leading-relaxed'>La octava edici\u00f3n de <strong>&#039;Retail del Futuro&#039;<\/strong>, organizada por Fenalco en el Centro de Eventos Valle del Pac\u00edfico, reuni\u00f3 a m\u00e1s de 4.500 empresarios y 50 speakers de 11 pa\u00edses. Bajo el lema &#039;Decodificando el futuro&#039;, el encuentro abord\u00f3 la <strong>innovaci\u00f3n<\/strong>, la <strong>sostenibilidad<\/strong> y el desarrollo econ\u00f3mico, ofreciendo herramientas para fortalecer la competitividad empresarial en Colombia.<\/p><h2 class='text-2xl font-bold mt-6 mb-3'>Tecnolog\u00eda como habilitador estrat\u00e9gico y la resiliencia<\/h2><p class='mb-4 leading-relaxed'>La discusi\u00f3n central gir\u00f3 en torno a la necesidad de que la tecnolog\u00eda trascienda de ser una simple herramienta para convertirse en un <strong>habilitador estrat\u00e9gico<\/strong>. Expertos destacaron que el \u00e9xito actual no solo depende de la implementaci\u00f3n de nuevos sistemas, sino de la <strong>agilidad operativa<\/strong> que estos brindan a las compa\u00f1\u00edas. Adem\u00e1s, se enfatiz\u00f3 la importancia de una estructura organizacional <strong>resiliente<\/strong> frente a los cambios coyunturales del mercado.<\/p><blockquote class='border-l-4 border-gray-300 pl-4 italic my-4'>El verdadero diferencial est\u00e1 en la capacidad de tomar decisiones estrat\u00e9gicas basadas en informaci\u00f3n centralizada y en tiempo real, alineando los datos con las demandas reales del mercado.<\/blockquote><h2 class='text-2xl font-bold mt-6 mb-3'>Emcali presenta su plan contra la pobreza energ\u00e9tica<\/h2><p class='mb-4 leading-relaxed'>Roger Mina, gerente general de Empresas Municipales de Cali (<strong>Emcali<\/strong>), expuso la hoja de ruta de la compa\u00f1\u00eda para garantizar el acceso estable al servicio el\u00e9ctrico. Subray\u00f3 que la falta de energ\u00eda es un <strong>limitante cr\u00edtico<\/strong> para el desarrollo social en la regi\u00f3n Pac\u00edfico y en sectores vulnerables de Cali, presentando un plan de modernizaci\u00f3n de subestaciones el\u00e9ctricas con una inversi\u00f3n cercana a los <strong>$375 mil millones<\/strong>.<\/p><ul class='list-disc pl-5 mb-4 space-y-1'><li><strong>Parque Solar Mulal\u00f3<\/strong>: Inversi\u00f3n de $400 mil millones, ser\u00e1 el sexto proyecto solar m\u00e1s grande de Colombia con 70 megavatios, beneficiando a 50.000 hogares.<\/li><li><strong>Hogares Energ\u00e9ticamente Sostenibles<\/strong>: Instalaci\u00f3n de 2.000 paneles solares en sectores vulnerables como Llano Verde y Potrero Grande, logrando ahorros de hasta el 100% en facturas.<\/li><\/ul><h2 class='text-2xl font-bold mt-6 mb-3'>La integraci\u00f3n de datos: clave para el futuro del retail<\/h2><p class='mb-4 leading-relaxed'>Las conclusiones del evento resaltaron que la abundancia de datos no garantiza el \u00e9xito sin una <strong>integraci\u00f3n efectiva<\/strong>. Las empresas que logran destacar son aquellas que comprenden el retail como una <strong>experiencia integrada<\/strong>, manteniendo una visi\u00f3n de futuro clara y cultivando la <strong>flexibilidad administrativa y operativa<\/strong> para navegar la din\u00e1mica actual de la industria comercial.<\/p>","body_original":"El evento organizado por Fenalco abri\u00f3 sus puertas con invitados de 11 pa\u00edses en el Centro de Eventos Valle del Pac\u00edfico (Yumbo).\n\nBajo el lema 'Decodificando el futuro: descifrando los c\u00f3digos invisibles que est\u00e1n transformando al comercio y al nuevo consumidor', se abri\u00f3 el tel\u00f3n de la octava edici\u00f3n de Retail del Futuro, en el Centro de Eventos Valle del Pac\u00edfico, este martes 21 de abril.\nPlay Video\n\nD\nEste importante encuentro para discutir temas relacionados con innovaci\u00f3n, sostenibilidad y desarrollo econ\u00f3mico, que se extender\u00e1 hasta el jueves 23 de abril, cuenta con la participaci\u00f3n de m\u00e1s de 4.500 empresarios, l\u00edderes gremiales y directivos del sector comercial de la regi\u00f3n, acompa\u00f1ados por 50 speakers provenientes de 11 pa\u00edses, as\u00ed como de reconocidas marcas innovadoras del sector retail.\nCali\nLos visitantes pueden conocer una amplia gama de propuestas de marcas innovadoras. Foto:Siesa y Emcali\n\nInnovaci\u00f3n y experiencias inmersivas\nEl evento, organizado por Fenalco y apoyado por empresas como Siesa, ofreci\u00f3 en su primera jornada diversas herramientas para fortalecer la competitividad empresarial.\nA trav\u00e9s de espacios como el Sal\u00f3n del Conocimiento, el Hub E-commerce Xtreme y ruedas de negocios, los l\u00edderes del sector pudieron acceder a tendencias globales aplicadas al mercado local.\nLa discusi\u00f3n principal gir\u00f3 en torno a la necesidad de trascender la tecnolog\u00eda como una simple herramienta y convertirla en un habilitador estrat\u00e9gico. \nSeg\u00fan los expertos, el \u00e9xito actual no depende \u00fanicamente de la implementaci\u00f3n de nuevos sistemas, sino de la agilidad operativa que estos brindan a las compa\u00f1\u00edas.\nCali\nEn su apertura, el evento tuvo una acogida importante de visitantes.  Foto:Siesa y Emcali\n\nDecodificando el cambio en el retail\nUno de los puntos destacados fue el conversatorio 'El retail habla: decodificando el cambio', en el que participaron representantes de marcas reconocidas como Crepes & Waffles, Ca\u00f1averal y Studio F. \nLos panelistas coincidieron en que el entorno actual exige una sensibilidad especial hacia los cambios coyunturales y una estructura organizacional resiliente.\nJuan David Meneses, Chief Revenue Officer de Siesa, se\u00f1al\u00f3 durante el debate que el reto principal ha migrado del simple crecimiento hacia su sostenibilidad.\n\"El verdadero diferencial est\u00e1 en la capacidad de tomar decisiones estrat\u00e9gicas basadas en informaci\u00f3n centralizada y en tiempo real\", afirm\u00f3 Meneses, subrayando la importancia de alinear los datos con las demandas reales del mercado.\nM\u00e1s di\u00e1logos acad\u00e9micos\nLa agenda la abri\u00f3 Ximena D\u00edaz Alarc\u00f3n, con la ponencia 'Reseteando el retail: c\u00f3mo decodificar el presente para conquistar el futuro', que explor\u00f3 uno de los objetivos de las nuevas generaciones de empresarios: conectar m\u00e1s all\u00e1 de vender.\nPosteriormente, el turno fue para 'Tracci\u00f3n del consumo: nuevas fuerzas que est\u00e1n redefiniendo el retail', a cargo de Pablo Pyzyk, Retail Vertical Leader Latam de NIQ (Argentina).\nTambi\u00e9n se destacaron las ponencias de Joan Cwaik ('El algoritmo: \u00bfqui\u00e9n decide por nosotros?'), Sim\u00f3n Contreras ('La era ag\u00e9ntica: la pr\u00f3xima ventaja competitiva del retail') y Jos\u00e9 Rafael Mirabal ('Pricing: vendes m\u00e1s, ganas menos'), entre otras conferencias.\nLEA TAMBI\u00c9N\n\nValle del Cauca\nLa gobernadora del Valle, Dilian Francisca Toro, pide que en Jamund\u00ed el Gobierno Nacional realice una operaci\u00f3n como la de El Plateado, en el Cauca\nJos\u00e9 Minota Hurtado\n\nApuesta para combatir la pobreza energ\u00e9tica\nA nivel local tambi\u00e9n se destac\u00f3 la ponencia del gerente general de Empresas Municipales de Cali (Emcali), Roger Mina, titulada 'La apuesta de Emcali contra la pobreza energ\u00e9tica'. \nDurante su intervenci\u00f3n, el directivo present\u00f3 la hoja de ruta de la compa\u00f1\u00eda para garantizar el acceso estable al servicio el\u00e9ctrico, destacando que la falta de energ\u00eda es un limitante cr\u00edtico para el desarrollo social en la regi\u00f3n Pac\u00edfico y en sectores vulnerables de Cali.\nCali\nEl gerente de Emcali, Roger Mina, mostr\u00f3 la apuesta energ\u00e9tica para combatir la pobreza. Foto:Siesa y Emcali\n\nInfraestructura y modernizaci\u00f3n\nDetall\u00f3 que, para enfrentar las deficiencias del sistema, Emcali ejecuta actualmente un plan de modernizaci\u00f3n de subestaciones el\u00e9ctricas que contempla una inversi\u00f3n cercana a $ 375 mil millones. \nEste proyecto incluye la construcci\u00f3n de la nueva subestaci\u00f3n Mulal\u00f3 y la actualizaci\u00f3n tecnol\u00f3gica de las plantas de Pance, Menga, Chipichape y Centro.\nExplic\u00f3 que el objetivo de estas obras es reducir la frecuencia de las interrupciones del servicio y asegurar que, en caso de fallas, la restituci\u00f3n de la energ\u00eda sea inmediata, mejorando as\u00ed la calidad de vida de los usuarios en zonas con infraestructura envejecida.\nGeneraci\u00f3n solar y hogares sostenibles\nMencion\u00f3 que la estrategia de la empresa tambi\u00e9n apuesta por la transici\u00f3n energ\u00e9tica mediante dos proyectos clave:\nLEA TAMBI\u00c9N\n\nCali\nPenthouses, parqueaderos y locales: as\u00ed lucen los 11 bienes de lujo incautados a narcotr\u00e1fico en el Valle del Cauca por $ 3.240 millones\nJos\u00e9 Minota Hurtado\n\nParque Solar Mulal\u00f3: con una inversi\u00f3n de $ 400 mil millones, se posiciona como el sexto proyecto solar m\u00e1s grande de Colombia. Tendr\u00e1 una capacidad de 70 megavatios y beneficiar\u00e1 a cerca de 50.000 hogares con energ\u00eda competitiva.\nHogares Energ\u00e9ticamente Sostenibles: en articulaci\u00f3n con el Gobierno Nacional y Fenoge, se han instalado aproximadamente 2.000 paneles solares en sectores como Llano Verde y Potrero Grande. Esta iniciativa ha permitido que familias en condici\u00f3n de vulnerabilidad obtengan ahorros de hasta el 100 % en sus facturas de energ\u00eda.\nEl desaf\u00edo de la integraci\u00f3n\nLas conclusiones del panel de cierre enfatizaron que la abundancia de datos no garantiza el \u00e9xito si no existe una integraci\u00f3n efectiva. Se determin\u00f3 que las empresas que logran sobrevivir y destacar son aquellas que comprenden el retail como una experiencia integrada, cumpliendo con la normativa vigente y manteniendo una visi\u00f3n de futuro clara.\nLa jornada finaliz\u00f3 con un llamado a las organizaciones para cultivar la flexibilidad administrativa y operativa, elementos considerados vitales para navegar la din\u00e1mica actual de la industria del comercio en el pa\u00eds.","body_rewritten":"<h2 class='text-2xl font-bold mt-6 mb-3'>Fenalco decodifica el futuro del comercio en Cali<\/h2><p class='mb-4 leading-relaxed'>La octava edici\u00f3n de <strong>&#039;Retail del Futuro&#039;<\/strong>, organizada por Fenalco en el Centro de Eventos Valle del Pac\u00edfico, reuni\u00f3 a m\u00e1s de 4.500 empresarios y 50 speakers de 11 pa\u00edses. Bajo el lema &#039;Decodificando el futuro&#039;, el encuentro abord\u00f3 la <strong>innovaci\u00f3n<\/strong>, la <strong>sostenibilidad<\/strong> y el desarrollo econ\u00f3mico, ofreciendo herramientas para fortalecer la competitividad empresarial en Colombia.<\/p><h2 class='text-2xl font-bold mt-6 mb-3'>Tecnolog\u00eda como habilitador estrat\u00e9gico y la resiliencia<\/h2><p class='mb-4 leading-relaxed'>La discusi\u00f3n central gir\u00f3 en torno a la necesidad de que la tecnolog\u00eda trascienda de ser una simple herramienta para convertirse en un <strong>habilitador estrat\u00e9gico<\/strong>. Expertos destacaron que el \u00e9xito actual no solo depende de la implementaci\u00f3n de nuevos sistemas, sino de la <strong>agilidad operativa<\/strong> que estos brindan a las compa\u00f1\u00edas. Adem\u00e1s, se enfatiz\u00f3 la importancia de una estructura organizacional <strong>resiliente<\/strong> frente a los cambios coyunturales del mercado.<\/p><blockquote class='border-l-4 border-gray-300 pl-4 italic my-4'>El verdadero diferencial est\u00e1 en la capacidad de tomar decisiones estrat\u00e9gicas basadas en informaci\u00f3n centralizada y en tiempo real, alineando los datos con las demandas reales del mercado.<\/blockquote><h2 class='text-2xl font-bold mt-6 mb-3'>Emcali presenta su plan contra la pobreza energ\u00e9tica<\/h2><p class='mb-4 leading-relaxed'>Roger Mina, gerente general de Empresas Municipales de Cali (<strong>Emcali<\/strong>), expuso la hoja de ruta de la compa\u00f1\u00eda para garantizar el acceso estable al servicio el\u00e9ctrico. Subray\u00f3 que la falta de energ\u00eda es un <strong>limitante cr\u00edtico<\/strong> para el desarrollo social en la regi\u00f3n Pac\u00edfico y en sectores vulnerables de Cali, presentando un plan de modernizaci\u00f3n de subestaciones el\u00e9ctricas con una inversi\u00f3n cercana a los <strong>$375 mil millones<\/strong>.<\/p><ul class='list-disc pl-5 mb-4 space-y-1'><li><strong>Parque Solar Mulal\u00f3<\/strong>: Inversi\u00f3n de $400 mil millones, ser\u00e1 el sexto proyecto solar m\u00e1s grande de Colombia con 70 megavatios, beneficiando a 50.000 hogares.<\/li><li><strong>Hogares Energ\u00e9ticamente Sostenibles<\/strong>: Instalaci\u00f3n de 2.000 paneles solares en sectores vulnerables como Llano Verde y Potrero Grande, logrando ahorros de hasta el 100% en facturas.<\/li><\/ul><h2 class='text-2xl font-bold mt-6 mb-3'>La integraci\u00f3n de datos: clave para el futuro del retail<\/h2><p class='mb-4 leading-relaxed'>Las conclusiones del evento resaltaron que la abundancia de datos no garantiza el \u00e9xito sin una <strong>integraci\u00f3n efectiva<\/strong>. Las empresas que logran destacar son aquellas que comprenden el retail como una <strong>experiencia integrada<\/strong>, manteniendo una visi\u00f3n de futuro clara y cultivando la <strong>flexibilidad administrativa y operativa<\/strong> para navegar la din\u00e1mica actual de la industria comercial.<\/p>","status":"published","author":null,"image_url":"https:\/\/colombiahoy.s3.us-east-2.amazonaws.com\/articles\/3531\/image-e16a2d76fa7a06d4c2413f4a9fc4262f80ab1c7bc9d708362ea2f17b6f6bfb23.webp","canonical_url":"https:\/\/www.eltiempo.com\/colombia\/cali\/retail-del-futuro-2026-una-profunda-mirada-a-la-inteligencia-artificial-y-la-resiliencia-en-el-comercio-colombiano-3549849","published_at":"2026-04-22 10:34","created_at":"2026-04-22 15:27","last_error":"No se pudo obtener HTML","topics":[{"id":2,"name":"Cali","slug":"cali"},{"id":6,"name":"Econom\u00eda","slug":"economia"},{"id":11,"name":"Actualidad","slug":"actualidad"}],"source":"N\/A"},{"id":3529,"title":"Palmira moderniza CDI: nuevas aulas y oportunidades para la ni\u00f1ez con derechos plenos","slug":"palmira-moderniza-cdi-nuevas-aulas-y-oportunidades-para-la-ninez-con-derechos-plenos","title_original":"Nuevas aulas, nuevas oportunidades: la apuesta de Palmira por una ni\u00f1ez con derechos plenos se hace realidad con la entrega de tres CDI modernizados","title_rewritten":"Palmira moderniza CDI: nuevas aulas y oportunidades para la ni\u00f1ez con derechos plenos","excerpt":"La Alcald\u00eda de Palmira entrega tres Centros de Desarrollo Infantil (CDI) modernizados en los barrios Harold Eder, Loreto y El Sembrador, impactando a 772 ni\u00f1os con instalaciones seguras y dignas para su desarrollo temprano.","body":"<h2 class='text-2xl font-bold mt-6 mb-3'>Modernizaci\u00f3n integral para la primera infancia<\/h2><p class='mb-4 leading-relaxed'>El alcalde <strong>V\u00edctor Ramos<\/strong> oficializ\u00f3 la entrega de tres Centros de Desarrollo Infantil (CDI) en los barrios Harold Eder, Loreto y El Sembrador. Estas obras de adecuaci\u00f3n, que no se realizaban desde hace casi una d\u00e9cada, impactan directamente a <strong>772 infantes<\/strong>, quienes ahora cuentan con instalaciones modernas y adecuadas para su formaci\u00f3n temprana.<\/p><h2 class='text-2xl font-bold mt-6 mb-3'>Nueve a\u00f1os de abandono y una inversi\u00f3n necesaria<\/h2><p class='mb-4 leading-relaxed'>Durante el acto de entrega, la comunidad y el cuerpo docente expresaron que algunos de estos centros no recib\u00edan mejoras significativas desde hace <strong>m\u00e1s de nueve a\u00f1os<\/strong>. El deterioro acumulado dificultaba la prestaci\u00f3n de servicios \u00f3ptimos, lo que motiv\u00f3 la inversi\u00f3n actual para garantizar espacios <strong>seguros y dignos<\/strong> para el aprendizaje y desarrollo de los menores.<\/p><blockquote class='border-l-4 border-gray-300 pl-4 italic my-4'><strong>Hoy, gracias a esta inversi\u00f3n, los tres CDI cuentan con instalaciones renovadas, seguras y adecuadas<\/strong>, destacaron voceros de la Administraci\u00f3n Municipal.<\/blockquote><h2 class='text-2xl font-bold mt-6 mb-3'>Nuevos elementos pedag\u00f3gicos y ambientes recreativos<\/h2><p class='mb-4 leading-relaxed'>M\u00e1s all\u00e1 de los cambios estructurales, el proyecto contempl\u00f3 la dotaci\u00f3n de <strong>nuevos elementos pedag\u00f3gicos<\/strong>. Los centros fueron equipados con juegos y material recreativo dise\u00f1ado para fortalecer el crecimiento integral de los ni\u00f1os y ni\u00f1as, generando ambientes m\u00e1s agradables que incentivan su permanencia y desarrollo cognitivo.<\/p><h2 class='text-2xl font-bold mt-6 mb-3'>Compromiso con la equidad social y el futuro<\/h2><p class='mb-4 leading-relaxed'>El alcalde V\u00edctor Ramos enfatiz\u00f3 que la modernizaci\u00f3n de estos CDI es parte de una estrategia para <strong>reducir las brechas sociales<\/strong> en el municipio. Al mejorar las condiciones de atenci\u00f3n en sectores vulnerables, se busca ofrecer <strong>equilibrio social y oportunidad para todos<\/strong> desde los primeros a\u00f1os de vida, reafirmando el enfoque en la protecci\u00f3n de la ni\u00f1ez.<\/p>","body_original":"El alcalde V\u00edctor Ramos entreg\u00f3 las obras de adecuaci\u00f3n en los barrios Harold Eder, Loreto y El Sembrador, tras casi una d\u00e9cada sin intervenciones.\n\nLa Alcald\u00eda de Palmira oficializ\u00f3 la entrega de tres Centros de Desarrollo Infantil (CDI) que fueron sometidos a un proceso integral de modernizaci\u00f3n y reestructuraci\u00f3n. \n\nLa iniciativa impacta directamente a 772 infantes, quienes ahora cuentan con instalaciones adecuadas para su formaci\u00f3n temprana. \n\nLas intervenciones se realizaron en las sedes de los barrios Harold Eder, Loreto y El Sembrador. Foto:Alcald\u00eda de Palmira\n\nLas intervenciones se concentraron en las sedes de los barrios Harold Eder, Loreto y El Sembrador, puntos neur\u00e1lgicos para la atenci\u00f3n de la primera infancia en el municipio.\n\nRecuperaci\u00f3n de infraestructura tras nueve a\u00f1os de abandono\nDurante el acto de entrega, la comunidad y el cuerpo docente se\u00f1alaron que algunos de estos centros no recib\u00edan mejoras significativas desde hace m\u00e1s de nueve a\u00f1os. \nCali\nEstos espacios buscan brindar atenci\u00f3n de calidad para el desarrollo infantil. Foto:Alcald\u00eda de Palmira\n\nEl deterioro acumulado dificultaba la prestaci\u00f3n de servicios en condiciones \u00f3ptimas, situaci\u00f3n que motiv\u00f3 la inversi\u00f3n actual para garantizar espacios seguros y dignos para el aprendizaje y desarrollo de los menores.\nLEA TAMBI\u00c9N\n\nCali\n\u00bfCali, en la mira de nuevos ataques terroristas? La Alcald\u00eda dio a conocer su blindaje para prevenir acciones de grupos armados ilegales\nJos\u00e9 Minota Hurtado\n\n\"Hoy, gracias a esta inversi\u00f3n, los tres CDI cuentan con instalaciones renovadas, seguras y adecuadas\", destacaron voceros de la Administraci\u00f3n Municipal. \nLas obras incluyeron la reestructuraci\u00f3n de espacios f\u00edsicos y adecuaciones t\u00e9cnicas que permiten brindar una atenci\u00f3n de calidad alineada con los est\u00e1ndares de protecci\u00f3n infantil.\nCali\nLa iniciativa fue liderada por el alcalde de Palmira, V\u00edctor Ramos. Foto:Alcald\u00eda de Palmira\n\nDotaci\u00f3n pedag\u00f3gica y ambientes recreativos\nM\u00e1s all\u00e1 de los cambios estructurales, el proyecto contempl\u00f3 la dotaci\u00f3n de nuevos elementos pedag\u00f3gicos. \nLos centros fueron equipados con juegos y material recreativo dise\u00f1ado para fortalecer el crecimiento integral de los ni\u00f1os y ni\u00f1as. \nLEA TAMBI\u00c9N\n\nCali\nTragedia en escenario deportivo de Cali: promesa del patinaje falleci\u00f3 tras sufrir un grave accidente mientras entrenaba\nJos\u00e9 Minota Hurtado\n\nEsta renovaci\u00f3n busca generar ambientes m\u00e1s agradables que incentiven la permanencia y el desarrollo cognitivo de la poblaci\u00f3n beneficiada.\nLa jornada de reapertura estuvo marcada por actividades l\u00fadicas y la presencia de personajes infantiles, lo que facilit\u00f3 un ambiente festivo para el regreso de los menores a las aulas renovadas.\nCali\nCon estas obras, el municipio vallecaucano ratifica su apuesta por la ni\u00f1ez. Foto:Alcald\u00eda de Palmira\n\nCompromiso con la equidad social\nEl alcalde V\u00edctor Ramos enfatiz\u00f3 que la modernizaci\u00f3n de estos CDI es parte de una estrategia para reducir las brechas sociales en el municipio. \nAl mejorar las condiciones de atenci\u00f3n en sectores vulnerables, se busca ofrecer \"equilibrio social y oportunidad para todos\" desde los primeros a\u00f1os de vida.\nCon esta entrega, la Alcald\u00eda de Palmira reafirma su enfoque en la protecci\u00f3n de la ni\u00f1ez, priorizando la inversi\u00f3n en infraestructura moderna y segura como eje fundamental para el futuro de las nuevas generaciones del municipio.","body_rewritten":"<h2 class='text-2xl font-bold mt-6 mb-3'>Modernizaci\u00f3n integral para la primera infancia<\/h2><p class='mb-4 leading-relaxed'>El alcalde <strong>V\u00edctor Ramos<\/strong> oficializ\u00f3 la entrega de tres Centros de Desarrollo Infantil (CDI) en los barrios Harold Eder, Loreto y El Sembrador. Estas obras de adecuaci\u00f3n, que no se realizaban desde hace casi una d\u00e9cada, impactan directamente a <strong>772 infantes<\/strong>, quienes ahora cuentan con instalaciones modernas y adecuadas para su formaci\u00f3n temprana.<\/p><h2 class='text-2xl font-bold mt-6 mb-3'>Nueve a\u00f1os de abandono y una inversi\u00f3n necesaria<\/h2><p class='mb-4 leading-relaxed'>Durante el acto de entrega, la comunidad y el cuerpo docente expresaron que algunos de estos centros no recib\u00edan mejoras significativas desde hace <strong>m\u00e1s de nueve a\u00f1os<\/strong>. El deterioro acumulado dificultaba la prestaci\u00f3n de servicios \u00f3ptimos, lo que motiv\u00f3 la inversi\u00f3n actual para garantizar espacios <strong>seguros y dignos<\/strong> para el aprendizaje y desarrollo de los menores.<\/p><blockquote class='border-l-4 border-gray-300 pl-4 italic my-4'><strong>Hoy, gracias a esta inversi\u00f3n, los tres CDI cuentan con instalaciones renovadas, seguras y adecuadas<\/strong>, destacaron voceros de la Administraci\u00f3n Municipal.<\/blockquote><h2 class='text-2xl font-bold mt-6 mb-3'>Nuevos elementos pedag\u00f3gicos y ambientes recreativos<\/h2><p class='mb-4 leading-relaxed'>M\u00e1s all\u00e1 de los cambios estructurales, el proyecto contempl\u00f3 la dotaci\u00f3n de <strong>nuevos elementos pedag\u00f3gicos<\/strong>. Los centros fueron equipados con juegos y material recreativo dise\u00f1ado para fortalecer el crecimiento integral de los ni\u00f1os y ni\u00f1as, generando ambientes m\u00e1s agradables que incentivan su permanencia y desarrollo cognitivo.<\/p><h2 class='text-2xl font-bold mt-6 mb-3'>Compromiso con la equidad social y el futuro<\/h2><p class='mb-4 leading-relaxed'>El alcalde V\u00edctor Ramos enfatiz\u00f3 que la modernizaci\u00f3n de estos CDI es parte de una estrategia para <strong>reducir las brechas sociales<\/strong> en el municipio. Al mejorar las condiciones de atenci\u00f3n en sectores vulnerables, se busca ofrecer <strong>equilibrio social y oportunidad para todos<\/strong> desde los primeros a\u00f1os de vida, reafirmando el enfoque en la protecci\u00f3n de la ni\u00f1ez.<\/p>","status":"published","author":null,"image_url":"https:\/\/colombiahoy.s3.us-east-2.amazonaws.com\/articles\/3529\/image-ff222e9555b6c8b1832a4c297c850042207a4aa7c42d1c298c3274591f432647.webp","canonical_url":"https:\/\/www.eltiempo.com\/colombia\/cali\/nuevas-aulas-nuevas-oportunidades-la-apuesta-de-palmira-por-una-ninez-con-derechos-plenos-se-hace-realidad-con-la-entrega-de-tres-cdi-modernizados-3549865","published_at":"2026-04-22 10:33","created_at":"2026-04-22 15:27","last_error":"No se pudo obtener HTML","topics":[{"id":5,"name":"Pol\u00edtica","slug":"politica"},{"id":11,"name":"Actualidad","slug":"actualidad"}],"source":"N\/A"},{"id":3527,"title":"Nari\u00f1o busca la paz territorial con proyectos sociales y lucha contra la coca","slug":"narino-busca-la-paz-territorial-con-proyectos-sociales-y-lucha-contra-la-coca","title_original":"Las claves y los proyectos sociales del gobernador de Nari\u00f1o por una paz territorial contra la coca y la violencia: 'Debe ser la principal pol\u00edtica'","title_rewritten":"Nari\u00f1o busca la paz territorial con proyectos sociales y lucha contra la coca","excerpt":"El gobernador de Nari\u00f1o, Luis Alfonso Escobar, detalla proyectos sociales y di\u00e1logos por la paz territorial, destacando la lucha contra la coca y avances en Tumaco, como el agua potable, frente a la violencia y cultivos il\u00edcitos.","body":"<h2 class='text-2xl font-bold mt-6 mb-3'>Una esperanza para nari\u00f1o<\/h2><p class='mb-4 leading-relaxed'>El gobernador de Nari\u00f1o, Luis Alfonso Escobar, ha asegurado que en el departamento <strong>&#039;se est\u00e1 marcando una esperanza&#039;<\/strong>, en medio de los desaf\u00edos de violencia y cultivos il\u00edcitos. Durante su reciente visita a Cali, Escobar comparti\u00f3 detalles sobre los di\u00e1logos con uno de los grupos de las disidencias y los <strong>avances significativos<\/strong> en la regi\u00f3n.<\/p><h2 class='text-2xl font-bold mt-6 mb-3'>Tumaco: agua potable y menos coca<\/h2><p class='mb-4 leading-relaxed'>Una de las <strong>noticias m\u00e1s positivas<\/strong> es la confirmaci\u00f3n de que Tumaco tendr\u00e1 agua potable, una iniciativa en la que se avanza con determinaci\u00f3n. Adem\u00e1s, el gobernador resalt\u00f3 que Tumaco ya no es el municipio con el mayor n\u00famero de cultivos de coca del pa\u00eds, un hito importante en la <strong>lucha contra las econom\u00edas il\u00edcitas<\/strong>.<\/p><blockquote class='border-l-4 border-gray-300 pl-4 italic my-4'>En Nari\u00f1o se est\u00e1 marcando una esperanza, y Tumaco tendr\u00e1 agua potable, lo que es un paso fundamental para la <strong>dignidad de su gente<\/strong>.<\/blockquote><h2 class='text-2xl font-bold mt-6 mb-3'>Desaf\u00edos y compromisos presidenciales<\/h2><p class='mb-4 leading-relaxed'>A pesar de los avances, Nari\u00f1o a\u00fan enfrenta la presencia de alrededor de <strong>15.000 hect\u00e1reas de cultivos de coca<\/strong>. A comienzos de a\u00f1o, el presidente Gustavo Petro reafirm\u00f3 el compromiso de erradicaci\u00f3n, tras la entrega de <strong>2.835 hect\u00e1reas de tierras<\/strong> a habitantes tumaque\u00f1os, buscando ofrecer alternativas sostenibles y consolidar la paz territorial.<\/p>","body_original":"\"En Nari\u00f1o se est\u00e1 marcando una esperanza\". Asegur\u00f3 que Tumaco tendr\u00e1 agua potable y que se avanza en esa iniciativa, as\u00ed como habl\u00f3 de la violencia.\n\n\nEl gobernador de Nari\u00f1o, Luis Alfonso Escobar, habl\u00f3 en su reciente visita a Cali sobre los di\u00e1logos con uno de los grupos de las disidencias y por qu\u00e9 Tumaco ya no es el municipio con el mayor n\u00famero de cultivos de coca del pa\u00eds. En Nari\u00f1o hay alrededor de 15.000 hect\u00e1reas de estos cultivos y a comienzos del a\u00f1o, el presidente Gustavo Petro asegur\u00f3 que se iban a erradicar, tras la entrega de 2.835 hect\u00e1reas de tierras a habitantes tumaque\u00f1os.","body_rewritten":"<h2 class='text-2xl font-bold mt-6 mb-3'>Una esperanza para nari\u00f1o<\/h2><p class='mb-4 leading-relaxed'>El gobernador de Nari\u00f1o, Luis Alfonso Escobar, ha asegurado que en el departamento <strong>&#039;se est\u00e1 marcando una esperanza&#039;<\/strong>, en medio de los desaf\u00edos de violencia y cultivos il\u00edcitos. Durante su reciente visita a Cali, Escobar comparti\u00f3 detalles sobre los di\u00e1logos con uno de los grupos de las disidencias y los <strong>avances significativos<\/strong> en la regi\u00f3n.<\/p><h2 class='text-2xl font-bold mt-6 mb-3'>Tumaco: agua potable y menos coca<\/h2><p class='mb-4 leading-relaxed'>Una de las <strong>noticias m\u00e1s positivas<\/strong> es la confirmaci\u00f3n de que Tumaco tendr\u00e1 agua potable, una iniciativa en la que se avanza con determinaci\u00f3n. Adem\u00e1s, el gobernador resalt\u00f3 que Tumaco ya no es el municipio con el mayor n\u00famero de cultivos de coca del pa\u00eds, un hito importante en la <strong>lucha contra las econom\u00edas il\u00edcitas<\/strong>.<\/p><blockquote class='border-l-4 border-gray-300 pl-4 italic my-4'>En Nari\u00f1o se est\u00e1 marcando una esperanza, y Tumaco tendr\u00e1 agua potable, lo que es un paso fundamental para la <strong>dignidad de su gente<\/strong>.<\/blockquote><h2 class='text-2xl font-bold mt-6 mb-3'>Desaf\u00edos y compromisos presidenciales<\/h2><p class='mb-4 leading-relaxed'>A pesar de los avances, Nari\u00f1o a\u00fan enfrenta la presencia de alrededor de <strong>15.000 hect\u00e1reas de cultivos de coca<\/strong>. A comienzos de a\u00f1o, el presidente Gustavo Petro reafirm\u00f3 el compromiso de erradicaci\u00f3n, tras la entrega de <strong>2.835 hect\u00e1reas de tierras<\/strong> a habitantes tumaque\u00f1os, buscando ofrecer alternativas sostenibles y consolidar la paz territorial.<\/p>","status":"published","author":null,"image_url":"https:\/\/colombiahoy.s3.us-east-2.amazonaws.com\/articles\/3527\/image-0e0c9d9e78e7a2cbb48b4de55b8c5c119368dcbeeffcb38772c63b6712862e18.webp","canonical_url":"https:\/\/www.eltiempo.com\/colombia\/cali\/las-claves-y-los-proyectos-sociales-del-gobernador-de-narino-por-una-paz-territorial-contra-la-coca-y-la-violencia-debe-ser-la-principal-politica-3549427","published_at":"2026-04-22 10:31","created_at":"2026-04-22 15:26","last_error":"No se pudo obtener HTML","topics":[{"id":3,"name":"Seguridad","slug":"seguridad"},{"id":5,"name":"Pol\u00edtica","slug":"politica"},{"id":11,"name":"Actualidad","slug":"actualidad"}],"source":"N\/A"},{"id":3503,"title":"La v\u00eda qued\u00f3 a medias: habitante de Colseguros alerta por obra abandonada hace a\u00f1os","slug":"la-via-quedo-a-medias-habitante-de-colseguros-alerta-por-obra-abandonada-hace-anos","title_original":"\u201cLa v\u00eda qued\u00f3 a medias\u201d: habitante de Colseguros alerta por obra abandonada desde hace a\u00f1os","title_rewritten":"La v\u00eda qued\u00f3 a medias: habitante de Colseguros alerta por obra abandonada hace a\u00f1os","excerpt":"Vecinos de Colseguros, Cali, denuncian que una obra vial iniciada hace 8 a\u00f1os por la Alcald\u00eda qued\u00f3 inconclusa. La calle 31A #10A-140 presenta deterioro y dificultades de movilidad, sin soluci\u00f3n definitiva pese a peticiones.","body":"<h2 class='text-2xl font-bold mt-6 mb-3'>Una d\u00e9cada de espera en colseguros<\/h2><p class='mb-4 leading-relaxed'>A <strong>El Pa\u00eds Denuncia<\/strong> lleg\u00f3 el testimonio de Luz Adriana G\u00f3mez Ocampo, habitante del barrio Colseguros, quien alert\u00f3 sobre una obra inconclusa ubicada en la <strong>Calle 31A #10A-140<\/strong>, que, seg\u00fan afirma, lleva entre 8 y 10 a\u00f1os abandonada.<\/p><blockquote class='border-l-4 border-gray-300 pl-4 italic my-4'>La problem\u00e1tica es que hace muchos a\u00f1os, en toda la cuadra de la Carrera 31A empezaron a hacer unos arreglos y los dejaron hasta la mitad.<\/blockquote><h2 class='text-2xl font-bold mt-6 mb-3'>El deterioro avanza sin soluci\u00f3n<\/h2><p class='mb-4 leading-relaxed'>De acuerdo con su relato, la v\u00eda qued\u00f3 pavimentada solo en un tramo, mientras que el resto permanece sin intervenci\u00f3n desde hace m\u00e1s de una d\u00e9cada.<\/p><blockquote class='border-l-4 border-gray-300 pl-4 italic my-4'>La v\u00eda qued\u00f3 pavimentada hasta la mitad y desde ese punto, hace m\u00e1s de 10 a\u00f1os, la obra no la terminan.<\/blockquote><p class='mb-4 leading-relaxed'>La denunciante indic\u00f3 que, con el paso del tiempo, el estado de la calle ha empeorado. Explic\u00f3 que el pavimento se encuentra deteriorado y que la situaci\u00f3n se agrava por la circulaci\u00f3n constante de veh\u00edculos pesados provenientes de una empresa ubicada en el sector.<\/p>","body_original":"<div class=\"mx-auto max-w-(--breakpoint-xl) px-2 lg:pt-8\"><div class=\"mb-2 flex items-center text-primary\"><div class=\"mr-1.5\"><svg xmlns=\"http:\/\/www.w3.org\/2000\/svg\" fill=\"none\" viewbox=\"0 0 24 24\" stroke-width=\"2\" stroke=\"currentColor\" class=\"h-4 w-4\"><path stroke-linecap=\"round\" stroke-linejoin=\"round\" d=\"M8.25 4.5l7.5 7.5-7.5 7.5\"><\/path><\/svg><\/div><p class=\"text-xs uppercase\">Cali<\/p><\/div><h1 class=\"text-smoke-700 mb-2 text-2xl font-black leading-7 lg:text-5xl lg:leading-none\">Residentes de Colseguros aseguran que la Alcald\u00eda de Cali hace 8 a\u00f1os inici\u00f3 una obra en una v\u00eda, pero a\u00fan no la han terminado<\/h1><p class=\"lead mb-2\">Pese a derechos de petici\u00f3n y respuestas oficiales, los habitantes afirman que no han recibido una soluci\u00f3n definitiva.<\/p><p class=\"mb-4 text-base\"><span class=\"mr-1 inline-block align-middle\"><img src=\"https:\/\/multimedia.elpais.com.co\/2025\/15-Octubre\/discover.png\" alt=\"Google\" width=\"16\" height=\"16\"><\/span><a href=\"https:\/\/profile.google.com\/cp\/CgkvbS8wY2YwaDQ\" target=\"_blank\" id=\"google-discover\" class=\"hover:text-primary hover:bg-slate-300 text-secondary\">Siga a EL PA\u00cdS en Google Discover y no se pierda las \u00faltimas noticias<\/a><\/p><div class=\"my-4\"><\/div><div class=\"mx-auto max-w-[968px]\"><figure><picture><source srcset=\"https:\/\/www.elpais.com.co\/resizer\/v2\/XPIHP2WASVAOJOPHGKE2AFTJPQ.jpeg?auth=8717aec8cc423e02b2fae63ee1a0e2191f3bb292cb48d8c0227341dcc16f354e&amp;smart=true&amp;quality=75&amp;width=480&amp;height=270\" media=\"(max-width: 480px)\"><\/source><source srcset=\"https:\/\/www.elpais.com.co\/resizer\/v2\/XPIHP2WASVAOJOPHGKE2AFTJPQ.jpeg?auth=8717aec8cc423e02b2fae63ee1a0e2191f3bb292cb48d8c0227341dcc16f354e&amp;smart=true&amp;quality=75&amp;width=768&amp;height=432\" media=\"(max-width: 768px)\"><\/source><img src=\"https:\/\/www.elpais.com.co\/resizer\/v2\/XPIHP2WASVAOJOPHGKE2AFTJPQ.jpeg?auth=8717aec8cc423e02b2fae63ee1a0e2191f3bb292cb48d8c0227341dcc16f354e&amp;smart=true&amp;quality=75&amp;width=1280&amp;height=720\" alt=\"Residentes de Colseguros afirman que, pese a m\u00faltiples derechos de petici\u00f3n, la obra inconclusa sigue sin intervenci\u00f3n y contin\u00faa deterior\u00e1ndose con el paso del tiempo.\" height=\"9\" width=\"16\" fetchpriority=\"high\" decoding=\"async\" loading=\"eager\" class=\"h-full w-full object-cover object-center\"><\/picture><\/figure><figcaption class=\"text-bluelish-400 font-lato mt-0 max-w-none py-2 text-xs italic\">Residentes de Colseguros afirman que, pese a m\u00faltiples derechos de petici\u00f3n, la obra inconclusa sigue sin intervenci\u00f3n y contin\u00faa deterior\u00e1ndose con el paso del tiempo.<!-- --> <span> | Foto: <!-- -->Jos\u00e9 Luis Guzm\u00e1n<\/span><\/figcaption><\/div><\/div><div class=\"prose mx-auto max-w-[1210px] px-4 leading-tight md:prose-lg md:leading-tight\"><\/div><main class=\"mb-4 px-2\"><div class=\"mx-auto max-w-[968px] gap-4 lg:flex\"><div class=\"hidden md:block relative flex-none lg:w-20\"><div class=\"sticky top-16 md:pt-5\"><div class=\"inline-flex gap-4 lg:flex-col\"><\/div><\/div><\/div><div class=\"prose mb-4 max-w-none flex-auto\"><div class=\"not-prose grid grid-cols-1 gap-px py-4\"><div class=\"flex w-full py-2 rounded-xl bg-smoke-100\"><div class=\"flex gap-x-2.5 mx-2\"><div class=\"h-11 w-11 items-center overflow-hidden rounded-full text-primary\"><picture><source srcset=\"https:\/\/author-service-images-prod-us-east-1.publishing.aws.arc.pub\/semana\/de45c895-f0b5-4086-ae81-deae42d25d94.JPG\" media=\"(max-width: 768px)\"><\/source><img srcset=\"https:\/\/author-service-images-prod-us-east-1.publishing.aws.arc.pub\/semana\/de45c895-f0b5-4086-ae81-deae42d25d94.JPG\" alt=\"\" height=\"9\" width=\"16\" loading=\"lazy\" class=\"h-full w-full object-cover object-center\"><\/picture><\/div><\/div><div class=\"flex w-full flex-col px-2 border-l border-primary\"><div class=\"inline-flex gap-1 flex-row\"><a href=\"\/autor\/azapata\/\"><h2 class=\"font-bold font-black text-base mr-2 hover:text-primary\">Anderson Zapata<\/h2><\/a><div> <\/div><\/div><div class=\"mt-2\"><p class=\"text-xs text-smoke-500\">22 de abr de 2026, 01:38 p.\u00a0m.<\/p><p class=\"text-xs text-smoke-500\">Actualizado el <!-- -->22 de abr de 2026, 01:44 p.\u00a0m.<\/p><\/div><div class=\"inline-flex gap-1 flex-row mt-2\"><\/div><\/div><\/div><\/div><div class=\"not-prose my-4 text-center lg:my-6\"><\/div><div class=\"block md:hidden text-center border-t border-b py-2\"><div class=\"sticky top-16 md:pt-5\"><div class=\"inline-flex gap-4 lg:flex-col\"><\/div><\/div><\/div><div class=\"not-prose block md:hidden text-center border-t border-b py-2\"><div class=\"my-2 border border-t-4 border-t-primary px-3\"><div class=\"p-4 text-center hidden lg:block\"><h2 class=\"text-primary text-xl\">Noticias<\/h2><h2 class=\"text-2xl font-lato font-bold\">Destacadas<\/h2><\/div><div class=\"flex flex-column justify-between items-center p-4 text-center block lg:hidden\"><h2 class=\"text-xl font-lato font-bold\">Noticias Destacadas<\/h2><svg xmlns=\"http:\/\/www.w3.org\/2000\/svg\" fill=\"none\" viewbox=\"0 0 24 24\" stroke-width=\"1.5\" stroke=\"currentColor\" class=\"h-6 w-6\"><path stroke-linecap=\"round\" stroke-linejoin=\"round\" d=\"M19.5 8.25l-7.5 7.5-7.5-7.5\"><\/path><\/svg><\/div><div class=\"hidden lg:block\"><div class=\"py-2 border-t\"><a class=\"flex flex-row\" href=\"https:\/\/www.elpais.com.co\/cali\/autoridades-revelan-quien-estaria-detras-de-las-amenazas-al-secretario-de-movilidad-de-cali-toman-las-primeras-medidas-2106.html\"><span class=\"text-primary text-xl md:text-2xl mr-2\">1<!-- -->.<\/span><p class=\"text-left text-sm\">Identifican a presuntos responsables de las amenazas contra el Secretario de Movilidad de Cali<\/p><\/a><\/div><\/div><div class=\"hidden lg:block\"><div class=\"py-2 border-t\"><a class=\"flex flex-row\" href=\"https:\/\/www.elpais.com.co\/cali\/diana-rojas-habla-sobre-su-relacion-con-el-alcalde-de-cali-me-entere-de-que-para-alejandro-eder-mi-apoyo-no-habia-sido-fundamental-2026.html\"><span class=\"text-primary text-xl md:text-2xl mr-2\">2<!-- -->.<\/span><p class=\"text-left text-sm\">Diana Rojas habla sobre su relaci\u00f3n con el Alcalde de Cali: \u201cMe enter\u00e9 de que para Alejandro Eder mi apoyo no hab\u00eda sido fundamental\u201d<\/p><\/a><\/div><\/div><div class=\"hidden lg:block\"><div class=\"py-2 border-t\"><a class=\"flex flex-row\" href=\"https:\/\/www.elpais.com.co\/cali\/en-el-concejo-de-cali-plantean-que-enruta-reemplace-a-la-secretaria-de-movilidad-en-la-administracion-de-los-semaforos-inteligentes-2138.html\"><span class=\"text-primary text-xl md:text-2xl mr-2\">3<!-- -->.<\/span><p class=\"text-left text-sm\">\u201cQue lo haga Enruta\u201d: plantean sacar la semaforizaci\u00f3n inteligente de la Secretar\u00eda de Movilidad<\/p><\/a><\/div><\/div><div class=\"hidden lg:block\"><div class=\"py-2 border-t\"><a class=\"flex flex-row\" href=\"https:\/\/www.elpais.com.co\/cali\/cali-familia-en-mariano-ramos-alerta-por-poste-a-punto-de-caer-tras-choque-de-camion-en-2024-emcali-responde-2101.html\"><span class=\"text-primary text-xl md:text-2xl mr-2\">4<!-- -->.<\/span><p class=\"text-left text-sm\">Cali: Familia en Mariano Ramos alerta por poste a punto de caer tras choque de cami\u00f3n en 2024; Emcali responde<\/p><\/a><\/div><\/div><div class=\"hidden lg:block\"><div class=\"py-2 border-t\"><a class=\"flex flex-row\" href=\"https:\/\/www.elpais.com.co\/cali\/como-avanza-la-transformacion-del-barrio-obrero-en-cali-revise-los-detalles-2146.html\"><span class=\"text-primary text-xl md:text-2xl mr-2\">5<!-- -->.<\/span><p class=\"text-left text-sm\">As\u00ed avanzan las obras en el barrio Obrero en Cali<\/p><\/a><\/div><\/div><\/div><\/div><div class=\"paywall\"><div data-index=\"0\"><p data-type=\"text\">A <i>El Pa\u00eds Denuncia<\/i> lleg\u00f3 el testimonio de Luz Adriana G\u00f3mez Ocampo, habitante del barrio Colseguros, quien alert\u00f3 sobre una obra inconclusa ubicada en la <b>Calle 31A #10A-140,<\/b> que, seg\u00fan afirma, lleva entre 8 y 10 a\u00f1os abandonada.<\/p><\/div><div data-index=\"1\"><p data-type=\"text\">La ciudadana explic\u00f3 que el problema se origin\u00f3 cuando en toda la cuadra de la Carrera 31A iniciaron trabajos de adecuaci\u00f3n vial que nunca fueron terminados. <i><b>\u201cLa problem\u00e1tica es que hace muchos a\u00f1os, en toda la cuadra de la Carrera 31A empezaron a hacer unos arreglos y los dejaron hasta la mitad\u201d, asegur\u00f3.<\/b><\/i><\/p><\/div><div data-index=\"2\"><p data-type=\"text\">De acuerdo con su relato, la v\u00eda qued\u00f3 pavimentada solo en un tramo, mientras que el resto permanece sin intervenci\u00f3n desde hace m\u00e1s de una d\u00e9cada.<i><b> \u201cLa v\u00eda qued\u00f3 pavimentada hasta la mitad y desde ese punto, hace m\u00e1s de 10 a\u00f1os, la obra no la terminan\u201d, se\u00f1al\u00f3.<\/b><\/i><\/p><\/div><div data-index=\"3\"><div id=\"taboola-mid-article-recoreel\" class=\"mb-24\"><\/div><\/div><div data-index=\"4\"><p data-type=\"text\">La denunciante indic\u00f3 que, con el paso del tiempo, el estado de la calle ha empeorado. Explic\u00f3 que el pavimento se encuentra deteriorado y que la situaci\u00f3n se agrava por la circulaci\u00f3n constante de veh\u00edculos pesados provenientes de una empresa ubicada en el sector.<\/p><\/div><div data-index=\"5\"><div data-type=\"image\"><picture><source srcset=\"https:\/\/www.elpais.com.co\/resizer\/v2\/S6BSM3TXANACXB7DNVD3YDB5KE.jpeg?auth=da338c42a774dbbc415f4b31efb975b3d3de97aa8ac71af79051963731123cae&amp;smart=true&amp;quality=75&amp;width=480&amp;fitfill=false\" media=\"(max-width: 480px)\"><\/source><source srcset=\"https:\/\/www.elpais.com.co\/resizer\/v2\/S6BSM3TXANACXB7DNVD3YDB5KE.jpeg?auth=da338c42a774dbbc415f4b31efb975b3d3de97aa8ac71af79051963731123cae&amp;smart=true&amp;quality=75&amp;width=768&amp;fitfill=false\" media=\"(max-width: 768px)\"><\/source><img src=\"https:\/\/www.elpais.com.co\/resizer\/v2\/S6BSM3TXANACXB7DNVD3YDB5KE.jpeg?auth=da338c42a774dbbc415f4b31efb975b3d3de97aa8ac71af79051963731123cae&amp;smart=true&amp;quality=75&amp;width=1280&amp;fitfill=false\" alt=\"Habitantes del sector aseguran que la obra qued\u00f3 a medio terminar y hoy presenta deterioro, acumulaci\u00f3n de agua y dificultades para la movilidad.\" height=\"9\" width=\"16\" fetchpriority=\"low\" decoding=\"async\" loading=\"lazy\" class=\"mx-auto mb-0 w-full max-w-[1440px]\"><\/picture><figcaption class=\"text-bluelish-400 font-lato mt-0 max-w-none py-2 text-xs italic\">Habitantes del sector aseguran que la obra qued\u00f3 a medio terminar y hoy presenta deterioro, acumulaci\u00f3n de agua y dificultades para la movilidad.<!-- --> <span> | Foto: <!-- -->Jos\u00e9 Luis Guzm\u00e1n \/ El Pa\u00eds<\/span><\/figcaption><\/div><\/div><div data-index=\"6\"><div class=\"not-prose relative my-2\"><\/div><\/div><div data-index=\"7\"><p data-type=\"text\">Adem\u00e1s, asegur\u00f3 que durante la temporada de lluvias el problema se intensifica, ya que el agua se empoza en la v\u00eda, generando dificultades para los residentes. <i><b>\u201cEl agua se empoza mucho cuando llega el invierno, lo que afecta mucho a adultos mayores que viven all\u00ed desde hace muchos a\u00f1os\u201d, afirm\u00f3.<\/b><\/i><\/p><\/div><div data-index=\"8\"><p data-type=\"text\">Seg\u00fan G\u00f3mez Ocampo, los habitantes han intentado gestionar soluciones a trav\u00e9s de mecanismos formales, sin \u00e9xito.<i> \u201cHemos hecho derechos de petici\u00f3n de varias casas, pero todo se queda all\u00ed en derechos de petici\u00f3n y no pasa nada\u201d, expres\u00f3.<\/i><\/p><\/div><div data-index=\"9\"><div class=\"EPA_VIDEO mb-5\" data-membrana=\"true\"><\/div><\/div><div data-index=\"10\"><p data-type=\"text\">La situaci\u00f3n, a\u00f1adi\u00f3, ha tenido impactos directos en la vida cotidiana del sector, especialmente en la movilidad. Relat\u00f3 que cuando acompa\u00f1a a su suegra, una adulta mayor, a citas m\u00e9dicas, se presentan m\u00faltiples dificultades. <i><b>\u201cEs muy dif\u00edcil porque los carros no quieren ir hasta el lugar y me da miedo que se me vaya a caer en esos huecos\u201d, dijo.<\/b><\/i><\/p><\/div><div data-index=\"11\"><div data-type=\"image\"><picture><source srcset=\"https:\/\/www.elpais.com.co\/resizer\/v2\/NXXZFQXF7JEPFKKLFCYJ3U22GQ.jpeg?auth=80af693781402d2618838c2cb05e2836940850c7950c855b044ce493db1f1c70&amp;smart=true&amp;quality=75&amp;width=480&amp;fitfill=false\" media=\"(max-width: 480px)\"><\/source><source srcset=\"https:\/\/www.elpais.com.co\/resizer\/v2\/NXXZFQXF7JEPFKKLFCYJ3U22GQ.jpeg?auth=80af693781402d2618838c2cb05e2836940850c7950c855b044ce493db1f1c70&amp;smart=true&amp;quality=75&amp;width=768&amp;fitfill=false\" media=\"(max-width: 768px)\"><\/source><img src=\"https:\/\/www.elpais.com.co\/resizer\/v2\/NXXZFQXF7JEPFKKLFCYJ3U22GQ.jpeg?auth=80af693781402d2618838c2cb05e2836940850c7950c855b044ce493db1f1c70&amp;smart=true&amp;quality=75&amp;width=1280&amp;fitfill=false\" alt=\"La v\u00eda en la calle 31A #10A-140, en el barrio Colseguros, permanece inconclusa desde hace m\u00e1s de una d\u00e9cada, seg\u00fan denuncia de residentes.\" height=\"9\" width=\"16\" fetchpriority=\"low\" decoding=\"async\" loading=\"lazy\" class=\"mx-auto mb-0 w-full max-w-[1440px]\"><\/picture><figcaption class=\"text-bluelish-400 font-lato mt-0 max-w-none py-2 text-xs italic\">La v\u00eda en la calle 31A #10A-140, en el barrio Colseguros, permanece inconclusa desde hace m\u00e1s de una d\u00e9cada, seg\u00fan denuncia de residentes.<!-- --> <span> | Foto: <!-- -->Jos\u00e9 Luis Guzm\u00e1n \/ El Pa\u00eds<\/span><\/figcaption><\/div><\/div><div data-index=\"12\"><p data-type=\"text\">Incluso, advirti\u00f3 sobre riesgos adicionales para los peatones. <i>\u201cAlgunos carros para pasar se suben al and\u00e9n de las casas, y eso genera peligro porque puede atropellar a una persona\u201d,<\/i> manifest\u00f3.<\/p><\/div><div data-index=\"13\"><div id=\"Boton_2_M\" class=\" hidden-tablet hidden-desktop flex items-center justify-center mb-4  text-center ads-iframe\"><\/div><\/div><div data-index=\"14\"><p data-type=\"text\">Sobre el origen de la obra, la ciudadana se\u00f1al\u00f3 que, seg\u00fan tiene entendido, fue ejecutada por la Secretar\u00eda de Infraestructura, pero qued\u00f3 abandonada hace ocho o diez a\u00f1os. Tambi\u00e9n indic\u00f3 que, aunque desde la Alcald\u00eda han respondido a los derechos de petici\u00f3n, las respuestas no han derivado en soluciones concretas. <i><b>\u201cDicen que se va a escalar el caso, pero nunca dan una respuesta definitiva\u201d, afirm\u00f3.<\/b><\/i><\/p><\/div><div data-index=\"15\"><p data-type=\"text\">Finalmente, hizo un llamado a la Administraci\u00f3n Distrital para que atienda la situaci\u00f3n: <i><b>\u201cSabemos que hay muchas v\u00edas por reparar y que no es solo un problema de esta Administraci\u00f3n, pero todos necesitamos que nos las arreglen. Que por favor se pongan la mano en el coraz\u00f3n, revisen cada caso y nos escuchen para poder solucionar este problema\u201d, concluy\u00f3.<\/b><\/i><\/p><\/div><div data-index=\"16\"><div data-type=\"image\"><picture><source srcset=\"https:\/\/www.elpais.com.co\/resizer\/v2\/2TIB4USSPFHBRAYUA5LHJ6CYBQ.jpeg?auth=b1dcc3b29df4252119831c36e217df5a1cd2afc21d158086683a9233b2d674c6&amp;smart=true&amp;quality=75&amp;width=480&amp;fitfill=false\" media=\"(max-width: 480px)\"><\/source><source srcset=\"https:\/\/www.elpais.com.co\/resizer\/v2\/2TIB4USSPFHBRAYUA5LHJ6CYBQ.jpeg?auth=b1dcc3b29df4252119831c36e217df5a1cd2afc21d158086683a9233b2d674c6&amp;smart=true&amp;quality=75&amp;width=768&amp;fitfill=false\" media=\"(max-width: 768px)\"><\/source><img src=\"https:\/\/www.elpais.com.co\/resizer\/v2\/2TIB4USSPFHBRAYUA5LHJ6CYBQ.jpeg?auth=b1dcc3b29df4252119831c36e217df5a1cd2afc21d158086683a9233b2d674c6&amp;smart=true&amp;quality=75&amp;width=1280&amp;fitfill=false\" alt=\"El mal estado de la v\u00eda ha generado riesgos para peatones y adultos mayores, quienes deben transitar entre huecos y zonas sin pavimentar.\" height=\"9\" width=\"16\" fetchpriority=\"low\" decoding=\"async\" loading=\"lazy\" class=\"mx-auto mb-0 w-full max-w-[1440px]\"><\/picture><figcaption class=\"text-bluelish-400 font-lato mt-0 max-w-none py-2 text-xs italic\">El mal estado de la v\u00eda ha generado riesgos para peatones y adultos mayores, quienes deben transitar entre huecos y zonas sin pavimentar.<!-- --> <span> | Foto: <!-- -->Jos\u00e9 Luis Guzm\u00e1n \/ El Pa\u00eds<\/span><\/figcaption><\/div><\/div><div data-index=\"17\"><div class=\"not-prose relative my-2\"><\/div><\/div><\/div><div class=\"not-prose grid grid-cols-1 gap-px py-4\"><div class=\"flex w-full py-2 rounded-xl bg-smoke-100\"><div class=\"flex gap-x-2.5 mx-2\"><div class=\"h-11 w-11 items-center overflow-hidden rounded-full text-primary\"><picture><source srcset=\"https:\/\/author-service-images-prod-us-east-1.publishing.aws.arc.pub\/semana\/de45c895-f0b5-4086-ae81-deae42d25d94.JPG\" media=\"(max-width: 768px)\"><\/source><img srcset=\"https:\/\/author-service-images-prod-us-east-1.publishing.aws.arc.pub\/semana\/de45c895-f0b5-4086-ae81-deae42d25d94.JPG\" alt=\"\" height=\"9\" width=\"16\" loading=\"lazy\" class=\"h-full w-full object-cover object-center\"><\/picture><\/div><\/div><div class=\"flex w-full flex-col px-2 border-l border-primary\"><div class=\"inline-flex gap-1 flex-row\"><a href=\"\/autor\/azapata\/\"><h2 class=\"font-bold font-black text-base mr-2 hover:text-primary\">Anderson Zapata<\/h2><\/a><\/div><p class=\"text-xs text-smoke-500\">Comunicador social y periodista de la Universidad Aut\u00f3noma de Occidente. Especialista en comunicaci\u00f3n y periodismo digital. Periodista del Diario El Pa\u00eds desde el 2017 y docente universitario. <\/p><div class=\"inline-flex gap-1 flex-row mt-2\"><\/div><\/div><\/div><\/div><div class=\"not-prose my-4 rounded-xl border-2 border-primary px-4 py-1 md:px-10 md:py-2\"><h2 class=\"mb-1 text-center text-lg font-bold leading-none text-primary\" style=\"letter-spacing:-0.03em\">Reg\u00edstrate gratis al bolet\u00edn de noticias El Pa\u00eds<\/h2><\/div><div class=\"my-6 flex items-center\"><div class=\"mr-3 self-start text-black\"><svg xmlns=\"http:\/\/www.w3.org\/2000\/svg\" fill=\"none\" viewbox=\"0 0 24 24\" stroke-width=\"1.5\" stroke=\"currentColor\" class=\"h-4 w-4\"><path stroke-linecap=\"round\" stroke-linejoin=\"round\" d=\"M9.568 3H5.25A2.25 2.25 0 003 5.25v4.318c0 .597.237 1.17.659 1.591l9.581 9.581c.699.699 1.78.872 2.607.33a18.095 18.095 0 005.223-5.223c.542-.827.369-1.908-.33-2.607L11.16 3.66A2.25 2.25 0 009.568 3z\"><\/path><path stroke-linecap=\"round\" stroke-linejoin=\"round\" d=\"M6 6h.008v.008H6V6z\"><\/path><\/svg><\/div><div class=\"flex flex-wrap gap-1\"><a href=\"\/noticias\/cali\/\" class=\"inline-block rounded-md bg-smoke-100 px-4 py-1 text-center text-xs leading-none text-black no-underline\">Cali<\/a><a href=\"\/noticias\/alcaldia-de-cali\/\" class=\"inline-block rounded-md bg-smoke-100 px-4 py-1 text-center text-xs leading-none text-black no-underline\">Alcald\u00eda de Cali<\/a><\/div><\/div><div><div class=\"not-prose border-y border-smoke-300 p-3 mt-2\"><div class=\"flex flex-col  md:justify-between items-center gap-4 md:flex-row\"><div class=\"flex items-center gap-4\"><div class=\"w-9\"><img src=\"\/pf\/resources\/images\/el-pais\/logo-simbolo.svg?d=8061\" class=\"h-10 w-auto\"><\/div><div class=\"text-left text-xs leading-tight text-black\">Descarga la APP <b>ElPa\u00eds.com.co<\/b>:<\/div><\/div><div class=\"flex items-center justify-center gap-4\"><\/div><\/div><\/div><\/div><div class=\"px-3 py-3 leading-none rounded-lg border border-smoke-100 bg-smoke-200 not-prose\"><a href=\"https:\/\/news.google.com\/publications\/CAAqBwgKMLGakQswx9-lAw\"><div class=\"font-lato text-base flex items-center\"><h3 class=\"text-bluelish-400 px-4\">Convierta a<!-- --> <strong><span class=\"text-black\">El Pa\u00eds<\/span><span class=\"text-primary\">.com.co<\/span><\/strong> <!-- -->en su fuente de noticias aqu\u00ed<\/h3><\/div><\/a><\/div><\/div><div class=\"mx-auto w-[280px] flex-none\"><div class=\"relative h-full\"><div class=\"left-0 right-0\"><div class=\"mb-4 hidden pt-4 lg:block\"><div style=\"height:250px;display:block\" id=\"Boton_1_D\" class=\"hidden-mobile   relative mx-auto max-w-7xl flex items-center justify-center bg-smoke-100 text-center ads-iframe\"><\/div><\/div><\/div><div class=\"sticky left-0 right-0 top-16\"><div class=\"mb-4 hidden pt-4 lg:block\"><div class=\"my-2 border border-t-4 border-t-primary px-3\"><div class=\"p-4 text-center hidden lg:block\"><h2 class=\"text-primary text-xl\">Noticias<\/h2><h2 class=\"text-2xl font-lato font-bold\">Destacadas<\/h2><\/div><div class=\"flex flex-column justify-between items-center p-4 text-center block lg:hidden\"><h2 class=\"text-xl font-lato font-bold\">Noticias Destacadas<\/h2><svg xmlns=\"http:\/\/www.w3.org\/2000\/svg\" fill=\"none\" viewbox=\"0 0 24 24\" stroke-width=\"1.5\" stroke=\"currentColor\" class=\"h-6 w-6\"><path stroke-linecap=\"round\" stroke-linejoin=\"round\" d=\"M4.5 15.75l7.5-7.5 7.5 7.5\"><\/path><\/svg><\/div><div class=\" lg:block\"><div class=\"py-2 border-t\"><a class=\"flex flex-row\" href=\"https:\/\/www.elpais.com.co\/cali\/autoridades-revelan-quien-estaria-detras-de-las-amenazas-al-secretario-de-movilidad-de-cali-toman-las-primeras-medidas-2106.html\"><span class=\"text-primary text-xl md:text-2xl mr-2\">1<!-- -->.<\/span><p class=\"text-left text-sm\">Identifican a presuntos responsables de las amenazas contra el Secretario de Movilidad de Cali<\/p><\/a><\/div><\/div><div class=\" lg:block\"><div class=\"py-2 border-t\"><a class=\"flex flex-row\" href=\"https:\/\/www.elpais.com.co\/cali\/diana-rojas-habla-sobre-su-relacion-con-el-alcalde-de-cali-me-entere-de-que-para-alejandro-eder-mi-apoyo-no-habia-sido-fundamental-2026.html\"><span class=\"text-primary text-xl md:text-2xl mr-2\">2<!-- -->.<\/span><p class=\"text-left text-sm\">Diana Rojas habla sobre su relaci\u00f3n con el Alcalde de Cali: \u201cMe enter\u00e9 de que para Alejandro Eder mi apoyo no hab\u00eda sido fundamental\u201d<\/p><\/a><\/div><\/div><div class=\" lg:block\"><div class=\"py-2 border-t\"><a class=\"flex flex-row\" href=\"https:\/\/www.elpais.com.co\/cali\/en-el-concejo-de-cali-plantean-que-enruta-reemplace-a-la-secretaria-de-movilidad-en-la-administracion-de-los-semaforos-inteligentes-2138.html\"><span class=\"text-primary text-xl md:text-2xl mr-2\">3<!-- -->.<\/span><p class=\"text-left text-sm\">\u201cQue lo haga Enruta\u201d: plantean sacar la semaforizaci\u00f3n inteligente de la Secretar\u00eda de Movilidad<\/p><\/a><\/div><\/div><div class=\" lg:block\"><div class=\"py-2 border-t\"><a class=\"flex flex-row\" href=\"https:\/\/www.elpais.com.co\/cali\/cali-familia-en-mariano-ramos-alerta-por-poste-a-punto-de-caer-tras-choque-de-camion-en-2024-emcali-responde-2101.html\"><span class=\"text-primary text-xl md:text-2xl mr-2\">4<!-- -->.<\/span><p class=\"text-left text-sm\">Cali: Familia en Mariano Ramos alerta por poste a punto de caer tras choque de cami\u00f3n en 2024; Emcali responde<\/p><\/a><\/div><\/div><div class=\" lg:block\"><div class=\"py-2 border-t\"><a class=\"flex flex-row\" href=\"https:\/\/www.elpais.com.co\/cali\/como-avanza-la-transformacion-del-barrio-obrero-en-cali-revise-los-detalles-2146.html\"><span class=\"text-primary text-xl md:text-2xl mr-2\">5<!-- -->.<\/span><p class=\"text-left text-sm\">As\u00ed avanzan las obras en el barrio Obrero en Cali<\/p><\/a><\/div><\/div><\/div><\/div><\/div><\/div><\/div><\/div><\/main>","body_rewritten":"<h2 class='text-2xl font-bold mt-6 mb-3'>Una d\u00e9cada de espera en colseguros<\/h2><p class='mb-4 leading-relaxed'>A <strong>El Pa\u00eds Denuncia<\/strong> lleg\u00f3 el testimonio de Luz Adriana G\u00f3mez Ocampo, habitante del barrio Colseguros, quien alert\u00f3 sobre una obra inconclusa ubicada en la <strong>Calle 31A #10A-140<\/strong>, que, seg\u00fan afirma, lleva entre 8 y 10 a\u00f1os abandonada.<\/p><blockquote class='border-l-4 border-gray-300 pl-4 italic my-4'>La problem\u00e1tica es que hace muchos a\u00f1os, en toda la cuadra de la Carrera 31A empezaron a hacer unos arreglos y los dejaron hasta la mitad.<\/blockquote><h2 class='text-2xl font-bold mt-6 mb-3'>El deterioro avanza sin soluci\u00f3n<\/h2><p class='mb-4 leading-relaxed'>De acuerdo con su relato, la v\u00eda qued\u00f3 pavimentada solo en un tramo, mientras que el resto permanece sin intervenci\u00f3n desde hace m\u00e1s de una d\u00e9cada.<\/p><blockquote class='border-l-4 border-gray-300 pl-4 italic my-4'>La v\u00eda qued\u00f3 pavimentada hasta la mitad y desde ese punto, hace m\u00e1s de 10 a\u00f1os, la obra no la terminan.<\/blockquote><p class='mb-4 leading-relaxed'>La denunciante indic\u00f3 que, con el paso del tiempo, el estado de la calle ha empeorado. Explic\u00f3 que el pavimento se encuentra deteriorado y que la situaci\u00f3n se agrava por la circulaci\u00f3n constante de veh\u00edculos pesados provenientes de una empresa ubicada en el sector.<\/p>","status":"published","author":null,"image_url":"https:\/\/colombiahoy.s3.us-east-2.amazonaws.com\/articles\/3503\/image-4913da835abac3946ba7f25339301a1c9080a3f639d269adea56a1183a32fb1b.webp","canonical_url":"https:\/\/www.elpais.com.co\/cali\/residentes-de-colseguros-aseguran-que-la-alcaldia-de-cali-hace-8-anos-inicio-una-obra-en-una-via-pero-aun-no-la-han-terminado-2203.html","published_at":"2026-04-22 08:44","created_at":"2026-04-22 13:58","last_error":"HTTP request returned status code 402:\n{\"error\":{\"message\":\"Insufficient Balance\",\"type\":\"unknown_error\",\"param\":null,\"code\":\"invalid_request_error\"}}\n","topics":[{"id":5,"name":"Pol\u00edtica","slug":"politica"},{"id":11,"name":"Actualidad","slug":"actualidad"}],"source":"N\/A"},{"id":3518,"title":"Diana Rojas revela su desilusi\u00f3n con la administraci\u00f3n Eder en Cali","slug":"diana-rojas-revela-su-desilusion-con-la-administracion-eder-en-cali","title_original":"Diana Rojas habla sobre su relaci\u00f3n con el Alcalde de Cali: \u201cMe enter\u00e9 de que para Alejandro Eder mi apoyo no hab\u00eda sido fundamental\u201d","title_rewritten":"Diana Rojas revela su desilusi\u00f3n con la administraci\u00f3n Eder en Cali","excerpt":"Diana Rojas, excandidata a la alcald\u00eda de Cali, expresa su desilusi\u00f3n con la administraci\u00f3n de Alejandro Eder. A pesar de su apoyo decisivo en las elecciones, Rojas afirma no haber sido tenida en cuenta en el gobierno distrital, reabriendo el debate pol\u00edtico.","body":"<p class='mb-4 leading-relaxed'>Su respaldo a la campa\u00f1a a la Alcald\u00eda de Alejandro Eder fue decisivo y actualmente reabre un debate inc\u00f3modo sobre la pol\u00edtica cale\u00f1a. A pesar de que muchas personas daban por hecho que tendr\u00eda un papel determinante en la Administraci\u00f3n, la exconcejal y excandidata a la Alcald\u00eda, Diana Rojas, dijo que no fue tenida en cuenta para hacer parte del gobierno distrital.<\/p><p class='mb-4 leading-relaxed'>En entrevista con El Pa\u00eds, Rojas habl\u00f3 sobre lo que ocurri\u00f3 luego de su apoyo electoral, las se\u00f1ales que recibi\u00f3 desde la campa\u00f1a e incluso sobre las diferencias entre la percepci\u00f3n ciudadana y la realidad en la pol\u00edtica de la ciudad. Dej\u00f3 reflexiones sobre la <strong>gratitud<\/strong> y las din\u00e1micas de las alianzas pol\u00edticas en la capital vallecaucana.<\/p><blockquote class='border-l-4 border-gray-300 pl-4 italic my-4'>Me enter\u00e9 de que para Alejandro Eder mi apoyo no hab\u00eda sido fundamental.<\/blockquote><h2 class='text-2xl font-bold mt-6 mb-3'>Usted apoy\u00f3 la campa\u00f1a de alejandro eder, \u00bfc\u00f3mo define su relaci\u00f3n hoy con la administraci\u00f3n?<\/h2><p class='mb-4 leading-relaxed'>Yo acompa\u00f1\u00e9 la campa\u00f1a de Alejandro; sin duda creo que en ese momento hab\u00eda que tomar una decisi\u00f3n de acuerdo a c\u00f3mo \u00edbamos en temas de encuesta y en ese momento la decisi\u00f3n de apoyarlo me pareci\u00f3 que era la que hab\u00eda que tomar para efectos pr\u00e1cticos del contexto.<\/p><p class='mb-4 leading-relaxed'>Ambos est\u00e1bamos empatados en las encuestas y, si hubi\u00e9semos llegado los dos hasta el final, <strong>seguramente tendr\u00edamos a Roberto como alcalde<\/strong>; por eso, faltando un mes, decid\u00ed apoyar la campa\u00f1a de Alejandro y creo que fue decisivo para que \u00e9l pudiera ganar estas elecciones. Hasta ah\u00ed yo sent\u00ed que hab\u00eda sido as\u00ed.<\/p>","body_original":"<div class=\"mx-auto max-w-(--breakpoint-xl) px-2 lg:pt-8\"><div class=\"mb-2 flex items-center text-primary\"><div class=\"mr-1.5\"><svg xmlns=\"http:\/\/www.w3.org\/2000\/svg\" fill=\"none\" viewbox=\"0 0 24 24\" stroke-width=\"2\" stroke=\"currentColor\" class=\"h-4 w-4\"><path stroke-linecap=\"round\" stroke-linejoin=\"round\" d=\"M8.25 4.5l7.5 7.5-7.5 7.5\"><\/path><\/svg><\/div><p class=\"text-xs uppercase\">Cali<\/p><\/div><h1 class=\"text-smoke-700 mb-2 text-2xl font-black leading-7 lg:text-5xl lg:leading-none\">Diana Rojas habla sobre su relaci\u00f3n con el Alcalde de Cali: \u201cMe enter\u00e9 de que para Alejandro Eder mi apoyo no hab\u00eda sido fundamental\u201d<\/h1><p class=\"lead mb-2\">La excandidata a la alcald\u00eda habl\u00f3 con El Pa\u00eds sobre su sentimiento tras apoyar al actual mandatario. Afirm\u00f3 que nunca hizo parte de la Administraci\u00f3n. <\/p><p class=\"mb-4 text-base\"><span class=\"mr-1 inline-block align-middle\"><img src=\"https:\/\/multimedia.elpais.com.co\/2025\/15-Octubre\/discover.png\" alt=\"Google\" width=\"16\" height=\"16\"><\/span><a href=\"https:\/\/profile.google.com\/cp\/CgkvbS8wY2YwaDQ\" target=\"_blank\" id=\"google-discover\" class=\"hover:text-primary hover:bg-slate-300 text-secondary\">Siga a EL PA\u00cdS en Google Discover y no se pierda las \u00faltimas noticias<\/a><\/p><div class=\"my-4\"><\/div><div class=\"mx-auto max-w-[968px]\"><figure><picture><source srcset=\"https:\/\/www.elpais.com.co\/resizer\/v2\/FFWFLCRA5FEFBPU2ZVZOKCZ7FI.jpg?auth=21bac6a9169517edb36dacde023b9a3ca902b2f41edc289e0376d9b418dbf250&amp;smart=true&amp;quality=75&amp;width=480&amp;height=270\" media=\"(max-width: 480px)\"><\/source><source srcset=\"https:\/\/www.elpais.com.co\/resizer\/v2\/FFWFLCRA5FEFBPU2ZVZOKCZ7FI.jpg?auth=21bac6a9169517edb36dacde023b9a3ca902b2f41edc289e0376d9b418dbf250&amp;smart=true&amp;quality=75&amp;width=768&amp;height=432\" media=\"(max-width: 768px)\"><\/source><img src=\"https:\/\/www.elpais.com.co\/resizer\/v2\/FFWFLCRA5FEFBPU2ZVZOKCZ7FI.jpg?auth=21bac6a9169517edb36dacde023b9a3ca902b2f41edc289e0376d9b418dbf250&amp;smart=true&amp;quality=75&amp;width=1280&amp;height=720\" alt=\"Diana Rojas ex concejal y ex candidata a la alcald\u00eda de Cali directora del programa Cali 500\" height=\"9\" width=\"16\" fetchpriority=\"high\" decoding=\"async\" loading=\"eager\" class=\"h-full w-full object-cover object-center\"><\/picture><\/figure><figcaption class=\"text-bluelish-400 font-lato mt-0 max-w-none py-2 text-xs italic\">Diana Rojas, exconcejal y excandidata a la alcald\u00eda de Cali, habl\u00f3 con El Pa\u00eds sobre su relaci\u00f3n con la administraci\u00f3n actual.<!-- --> <span> | Foto: <!-- -->Bernardo Pe\u00f1a\/El Pa\u00eds<\/span><\/figcaption><\/div><\/div><div class=\"prose mx-auto max-w-[1210px] px-4 leading-tight md:prose-lg md:leading-tight\"><\/div><main class=\"mb-4 px-2\"><div class=\"mx-auto max-w-[968px] gap-4 lg:flex\"><div class=\"hidden md:block relative flex-none lg:w-20\"><div class=\"sticky top-16 md:pt-5\"><div class=\"inline-flex gap-4 lg:flex-col\"><\/div><\/div><\/div><div class=\"prose mb-4 max-w-none flex-auto\"><div class=\"not-prose grid grid-cols-1 gap-px py-4\"><div class=\"flex w-full py-2 rounded-xl bg-smoke-100\"><div class=\"flex gap-x-2.5 mx-2\"><div class=\"h-11 w-11 items-center overflow-hidden rounded-full text-primary\"><picture><source srcset=\"https:\/\/author-service-images-prod-us-east-1.publishing.aws.arc.pub\/semana\/20b19465-50aa-4232-8bbb-428b64dd689d.png\" media=\"(max-width: 768px)\"><\/source><img srcset=\"https:\/\/author-service-images-prod-us-east-1.publishing.aws.arc.pub\/semana\/20b19465-50aa-4232-8bbb-428b64dd689d.png\" alt=\"\" height=\"9\" width=\"16\" loading=\"lazy\" class=\"h-full w-full object-cover object-center\"><\/picture><\/div><\/div><div class=\"flex w-full flex-col px-2 border-l border-primary\"><div class=\"inline-flex gap-1 flex-row\"><a href=\"\/autor\/lcortez_elpais\/\"><h2 class=\"font-bold font-black text-base mr-2 hover:text-primary\">Laura Cortez Palacios<\/h2><\/a><div> <div class=\"flex w-8 justify-start rounded-md py-1.5 hover:text-disco\"><a href=\"mailto:lcortez@elpais.com.co\" target=\"_blank\"><svg style=\"width:1em;height:1em;vertical-align:middle;fill:currentColor;overflow:hidden\" viewbox=\"0 0 1024 1024\" version=\"1.1\" xmlns=\"http:\/\/www.w3.org\/2000\/svg\"><path d=\"M1024 146.285714v731.428572H0V146.285714h1024z m-149.942857 94.573715L512 602.88l-362.057143-362.057143L98.267429 292.571429 512 706.340571 925.769143 292.571429l-51.748572-51.712z\" fill=\"#474747\"><\/path><\/svg><\/a><\/div><\/div><\/div><div class=\"mt-2\"><p class=\"text-xs text-smoke-500\">20 de abr de 2026, 07:00 p.\u00a0m.<\/p><p class=\"text-xs text-smoke-500\">Actualizado el <!-- -->22 de abr de 2026, 12:59 p.\u00a0m.<\/p><\/div><div class=\"inline-flex gap-1 flex-row mt-2\"><\/div><\/div><\/div><\/div><div class=\"not-prose my-4 text-center lg:my-6\"><\/div><div class=\"block md:hidden text-center border-t border-b py-2\"><div class=\"sticky top-16 md:pt-5\"><div class=\"inline-flex gap-4 lg:flex-col\"><\/div><\/div><\/div><div class=\"not-prose block md:hidden text-center border-t border-b py-2\"><div class=\"my-2 border border-t-4 border-t-primary px-3\"><div class=\"p-4 text-center hidden lg:block\"><h2 class=\"text-primary text-xl\">Noticias<\/h2><h2 class=\"text-2xl font-lato font-bold\">Destacadas<\/h2><\/div><div class=\"flex flex-column justify-between items-center p-4 text-center block lg:hidden\"><h2 class=\"text-xl font-lato font-bold\">Noticias Destacadas<\/h2><svg xmlns=\"http:\/\/www.w3.org\/2000\/svg\" fill=\"none\" viewbox=\"0 0 24 24\" stroke-width=\"1.5\" stroke=\"currentColor\" class=\"h-6 w-6\"><path stroke-linecap=\"round\" stroke-linejoin=\"round\" d=\"M19.5 8.25l-7.5 7.5-7.5-7.5\"><\/path><\/svg><\/div><div class=\"hidden lg:block\"><div class=\"py-2 border-t\"><a class=\"flex flex-row\" href=\"https:\/\/www.elpais.com.co\/cali\/autoridades-revelan-quien-estaria-detras-de-las-amenazas-al-secretario-de-movilidad-de-cali-toman-las-primeras-medidas-2106.html\"><span class=\"text-primary text-xl md:text-2xl mr-2\">1<!-- -->.<\/span><p class=\"text-left text-sm\">Identifican a presuntos responsables de las amenazas contra el Secretario de Movilidad de Cali<\/p><\/a><\/div><\/div><div class=\"hidden lg:block\"><div class=\"py-2 border-t\"><a class=\"flex flex-row\" href=\"https:\/\/www.elpais.com.co\/cali\/diana-rojas-habla-sobre-su-relacion-con-el-alcalde-de-cali-me-entere-de-que-para-alejandro-eder-mi-apoyo-no-habia-sido-fundamental-2026.html\"><span class=\"text-primary text-xl md:text-2xl mr-2\">2<!-- -->.<\/span><p class=\"text-left text-sm\">Diana Rojas habla sobre su relaci\u00f3n con el Alcalde de Cali: \u201cMe enter\u00e9 de que para Alejandro Eder mi apoyo no hab\u00eda sido fundamental\u201d<\/p><\/a><\/div><\/div><div class=\"hidden lg:block\"><div class=\"py-2 border-t\"><a class=\"flex flex-row\" href=\"https:\/\/www.elpais.com.co\/cali\/en-el-concejo-de-cali-plantean-que-enruta-reemplace-a-la-secretaria-de-movilidad-en-la-administracion-de-los-semaforos-inteligentes-2138.html\"><span class=\"text-primary text-xl md:text-2xl mr-2\">3<!-- -->.<\/span><p class=\"text-left text-sm\">\u201cQue lo haga Enruta\u201d: plantean sacar la semaforizaci\u00f3n inteligente de la Secretar\u00eda de Movilidad<\/p><\/a><\/div><\/div><div class=\"hidden lg:block\"><div class=\"py-2 border-t\"><a class=\"flex flex-row\" href=\"https:\/\/www.elpais.com.co\/cali\/cali-familia-en-mariano-ramos-alerta-por-poste-a-punto-de-caer-tras-choque-de-camion-en-2024-emcali-responde-2101.html\"><span class=\"text-primary text-xl md:text-2xl mr-2\">4<!-- -->.<\/span><p class=\"text-left text-sm\">Cali: Familia en Mariano Ramos alerta por poste a punto de caer tras choque de cami\u00f3n en 2024; Emcali responde<\/p><\/a><\/div><\/div><div class=\"hidden lg:block\"><div class=\"py-2 border-t\"><a class=\"flex flex-row\" href=\"https:\/\/www.elpais.com.co\/cali\/como-avanza-la-transformacion-del-barrio-obrero-en-cali-revise-los-detalles-2146.html\"><span class=\"text-primary text-xl md:text-2xl mr-2\">5<!-- -->.<\/span><p class=\"text-left text-sm\">As\u00ed avanzan las obras en el barrio Obrero en Cali<\/p><\/a><\/div><\/div><\/div><\/div><div class=\"paywall\"><div data-index=\"0\"><p data-type=\"text\">Su respaldo a la campa\u00f1a a la Alcald\u00eda de Alejandro Eder fue decisivo y actualmente reabre un debate inc\u00f3modo sobre la pol\u00edtica cale\u00f1a. A pesar de que muchas personas daban por hecho que tendr\u00eda un papel determinante en la Administraci\u00f3n, la exconcejal y excandidata a la Alcald\u00eda, Diana Rojas, dijo que no fue tenida en cuenta para hacer parte del gobierno distrital.<\/p><\/div><div data-index=\"1\"><div class=\"not-prose relative my-2\"><\/div><\/div><div data-index=\"2\"><p data-type=\"text\">En entrevista con <i>El Pa\u00eds<\/i>, Rojas habl\u00f3 sobre lo que ocurri\u00f3 luego de su apoyo electoral, las se\u00f1ales que recibi\u00f3 desde la campa\u00f1a e incluso sobre las diferencias entre la percepci\u00f3n ciudadana y la realidad en la pol\u00edtica de la ciudad. Dej\u00f3 reflexiones sobre la gratitud y las din\u00e1micas de las alianzas pol\u00edticas en la capital vallecaucana.<\/p><\/div><div data-index=\"3\"><h3 data-type=\"header\" class=\"\"><b>Usted apoy\u00f3 la campa\u00f1a de Alejandro Eder, \u00bfc\u00f3mo define su relaci\u00f3n hoy con la Administraci\u00f3n?<\/b><\/h3><\/div><div data-index=\"4\"><p data-type=\"text\">Yo acompa\u00f1\u00e9 la campa\u00f1a de Alejandro; sin duda creo que en ese momento hab\u00eda que tomar una decisi\u00f3n de acuerdo a c\u00f3mo \u00edbamos en temas de encuesta y en ese momento la decisi\u00f3n de apoyarlo me pareci\u00f3 que era la que hab\u00eda que tomar para efectos pr\u00e1cticos del contexto.<\/p><\/div><div data-index=\"5\"><div id=\"taboola-mid-article-recoreel\" class=\"mb-24\"><\/div><\/div><div data-index=\"6\"><p data-type=\"text\">Ambos est\u00e1bamos empatados en las encuestas y, si hubi\u00e9semos llegado los dos hasta el final,<a href=\"https:\/\/www.elpais.com.co\/elecciones\/la-adhesion-de-diana-rojas-a-alejandro-eder-sera-suficiente-para-alcanzar-a-roberto-ortiz-el-chontico-3005.html\" target=\"_blank\" rel=\"noreferrer\" title=\"https:\/\/www.elpais.com.co\/elecciones\/la-adhesion-de-diana-rojas-a-alejandro-eder-sera-suficiente-para-alcanzar-a-roberto-ortiz-el-chontico-3005.html\"> seguramente tendr\u00edamos a Roberto como alcalde<\/a>; por eso, faltando un mes, decid\u00ed apoyar la campa\u00f1a de Alejandro y creo que fue decisivo para que \u00e9l pudiera ganar estas elecciones. Hasta ah\u00ed yo sent\u00ed que hab\u00eda sido as\u00ed.<\/p><\/div><div data-index=\"7\"><div data-type=\"image\"><picture><source srcset=\"https:\/\/www.elpais.com.co\/resizer\/v2\/AMQOGLH22RGXXC6ZVHYXVGGAII.jpg?auth=a26cd38e39c46423162a53e54e0dc55947cb554364af07389cf95e6dc7e18f0a&amp;smart=true&amp;quality=75&amp;width=480&amp;fitfill=false\" media=\"(max-width: 480px)\"><\/source><source srcset=\"https:\/\/www.elpais.com.co\/resizer\/v2\/AMQOGLH22RGXXC6ZVHYXVGGAII.jpg?auth=a26cd38e39c46423162a53e54e0dc55947cb554364af07389cf95e6dc7e18f0a&amp;smart=true&amp;quality=75&amp;width=768&amp;fitfill=false\" media=\"(max-width: 768px)\"><\/source><img src=\"https:\/\/www.elpais.com.co\/resizer\/v2\/AMQOGLH22RGXXC6ZVHYXVGGAII.jpg?auth=a26cd38e39c46423162a53e54e0dc55947cb554364af07389cf95e6dc7e18f0a&amp;smart=true&amp;quality=75&amp;width=1280&amp;fitfill=false\" alt=\"Adhesi\u00f3n de Diana Roja a la candidatura de Alejandro Eder para la alcald\u00eda de Cali.\" height=\"9\" width=\"16\" fetchpriority=\"low\" decoding=\"async\" loading=\"lazy\" class=\"mx-auto mb-0 w-full max-w-[1440px]\"><\/picture><figcaption class=\"text-bluelish-400 font-lato mt-0 max-w-none py-2 text-xs italic\">Diana Roja apoy\u00f3 la candidatura de Alejandro Eder para la alcald\u00eda de Cali, y afirma que siente que no fue tomada en cuenta. <!-- --> <span> | Foto: <!-- -->BERNARDO PE\u00d1A\/El Pa\u00eds<\/span><\/figcaption><\/div><\/div><div data-index=\"8\"><p data-type=\"text\">Yo nunca he hecho parte del gabinete y creo que un poco es como la sorpresa de las personas que pensaban que yo s\u00ed hac\u00eda parte, pero eso fue algo que pas\u00f3 hace dos a\u00f1os y medio y me di cuenta de que tal vez no fue tan claro.<\/p><\/div><div data-index=\"9\"><h3 data-type=\"header\" class=\"\"><b>Muchas personas cre\u00edan que al unirse con Alejandro Eder iba a tener un papel importante en la Administraci\u00f3n, pero \u00bfcu\u00e1les eran sus expectativas?<\/b><\/h3><\/div><div data-index=\"10\"><p data-type=\"text\"><b>Uno tiene que conocer los proyectos complementarios, los procesos colectivos y el trabajo de equipo. Creo que poco a poco me fui enterando de que para la campa\u00f1a y para Alejandro mi apoyo no hab\u00eda sido fundamental; eso siempre me sorprendi\u00f3 y tal vez en ese momento yo s\u00ed pens\u00e9 que el hablar de construir ciudad se refer\u00eda a un proceso de hacer parte de las decisiones de la Administraci\u00f3n.<\/b><\/p><\/div><div data-index=\"11\"><div class=\"EPA_VIDEO mb-5\" data-membrana=\"true\"><\/div><\/div><div data-index=\"12\"><p data-type=\"text\">En el camino me fui dando cuenta de que en este caso no era as\u00ed. Ayer alguien muy cercano al alcalde tuite\u00f3: \u2018Con ella o sin ella hubi\u00e9ramos ganado\u2019; entonces creo que eso muestra lo que fui sintiendo r\u00e1pidamente. Esto ya pas\u00f3 hace dos a\u00f1os y medio; yo no me arrepiento de haber actuado de buena fe porque yo creo que esta ciudad necesita que muchos m\u00e1s actuemos de buena fe, que esta ciudad siga creyendo en el trabajo en equipo y que hay que poder construir en el mediano y largo plazo.<\/p><\/div><div data-index=\"13\"><p data-type=\"text\">Si \u00e9l fue una persona agradecida o no, no solamente es conmigo, es con los miles de ciudadanos que creen y que cre\u00edan en el proceso que se estaba haciendo y eso es una reflexi\u00f3n que \u00e9l tiene que hacer, pero para m\u00ed esto es una p\u00e1gina que se pas\u00f3 hace rato, pero no era tan evidente para las personas. Creo que eran dos mundos paralelos: Uno, lo que yo creo que Alejandro siente, y otro, lo que la ciudadan\u00eda siente.<\/p><\/div><div data-index=\"14\"><div id=\"Boton_2_M\" class=\" hidden-tablet hidden-desktop flex items-center justify-center mb-4  text-center ads-iframe\"><\/div><\/div><div data-index=\"15\"><div data-type=\"image\"><picture><source srcset=\"https:\/\/www.elpais.com.co\/resizer\/v2\/26AFB4HVMBCUHDXS4RHLTIAJQY.jpg?auth=3d63bc45c18f1c84086cdf63cec9263f04cf84cc1df142038a7396c1a4d1fc0f&amp;smart=true&amp;quality=75&amp;width=480&amp;fitfill=false\" media=\"(max-width: 480px)\"><\/source><source srcset=\"https:\/\/www.elpais.com.co\/resizer\/v2\/26AFB4HVMBCUHDXS4RHLTIAJQY.jpg?auth=3d63bc45c18f1c84086cdf63cec9263f04cf84cc1df142038a7396c1a4d1fc0f&amp;smart=true&amp;quality=75&amp;width=768&amp;fitfill=false\" media=\"(max-width: 768px)\"><\/source><img src=\"https:\/\/www.elpais.com.co\/resizer\/v2\/26AFB4HVMBCUHDXS4RHLTIAJQY.jpg?auth=3d63bc45c18f1c84086cdf63cec9263f04cf84cc1df142038a7396c1a4d1fc0f&amp;smart=true&amp;quality=75&amp;width=1280&amp;fitfill=false\" alt=\"En la Registradur\u00eda de los c\u00e1mbulos Junto a cientos de seguidores, Diana Rojas Inscribi\u00f3 su candidatura a la Alcald\u00eda de Cali.\" height=\"9\" width=\"16\" fetchpriority=\"low\" decoding=\"async\" loading=\"lazy\" class=\"mx-auto mb-0 w-full max-w-[1440px]\"><\/picture><figcaption class=\"text-bluelish-400 font-lato mt-0 max-w-none py-2 text-xs italic\">Diana Rojas sostuvo que siente que desde la administraci\u00f3n piensan que su apoyo no fue determinante. <!-- --> <span> | Foto: <!-- -->Aymer Andr\u00e9s \u00c1lvarez<\/span><\/figcaption><\/div><\/div><div data-index=\"16\"><p data-type=\"text\">En ese caso creo que la mayor\u00eda de las personas pensaban que yo hac\u00eda parte de la administraci\u00f3n, que yo hac\u00eda parte del gabinete o que yo era asesora del alcalde. Y eso todav\u00eda me pasa. La gente me dice: \u2018\u00bfUsted por qu\u00e9 no le dice al Alcalde? \u00bfUsted por qu\u00e9 no se encarga de este hueco?\u2019, pero le digo a la gente que yo no hago parte de la Administraci\u00f3n, nunca he hecho parte de la Administraci\u00f3n y tal vez siento que eso muchas personas no lo hab\u00edan dimensionado.<\/p><\/div><div data-index=\"17\"><h3 data-type=\"header\" class=\"\"><b>\u00bfA usted le sorprendi\u00f3 el no ser tenida en cuenta dentro del gabinete y las actitudes posteriores como la que me comenta de una persona muy cercana al alcalde, a\u00fan despu\u00e9s de dos a\u00f1os y medio?<\/b><\/h3><\/div><div data-index=\"18\"><p data-type=\"text\">No me quisiera quedar en el tema personal. Yo tengo, por supuesto, una amplia reflexi\u00f3n, pero creo que Cali merece que le vaya bien. Yo siento que esto tambi\u00e9n es una forma de reconocer por qu\u00e9 tenemos que seguir trabajando en poder reconocernos mucho m\u00e1s como valiosos todos los que compartimos el territorio, porque todos tenemos algo para dar, todos tenemos algo para empujar y creo que nos hace much\u00edsimo da\u00f1o no reconocernos como personas valiosas para construir el territorio.<\/p><\/div><div data-index=\"19\"><div class=\"not-prose relative my-2\"><\/div><\/div><div data-index=\"20\"><p data-type=\"text\">He pasado por muchas reflexiones en lo personal, pero el haberme ido y poder mirar a Cali y a Colombia desde otros ojos hoy me da la fortaleza de poder dar estas conversaciones de que no se nos puede seguir normalizando que los individualismos son mucho m\u00e1s poderosos que el trabajo que se hace en equipo.<\/p><\/div><div data-index=\"21\"><h3 data-type=\"header\" class=\"\"><b>Diana, la vimos en Cali 500, pero hace un tiempo dejamos de ver estas publicaciones. \u00bfHace cu\u00e1nto sali\u00f3 del proyecto?<\/b><\/h3><\/div><div data-index=\"22\"><p data-type=\"text\">Yo estuve construyendo mi espacio en Cali 500 hasta entregar el producto, que era la construcci\u00f3n de la visi\u00f3n de ciudad, y eso se entreg\u00f3 en junio del a\u00f1o pasado. Ese fue un proceso de una conversaci\u00f3n ciudadana muy linda, una conversaci\u00f3n de ciudad que nos permite encontrarnos en los puntos de acuerdo de lo que nos une como ciudad.<\/p><\/div><div data-index=\"23\"><p data-type=\"text\">Creo que haber recorrido barrios, nuestras comunas, la zona rural, pero no solamente en un recorrido, sino una escucha activa de c\u00f3mo todos vivimos, sentimos la ciudad, hizo parte de lo que se entreg\u00f3 hace un a\u00f1o en la construcci\u00f3n de visi\u00f3n de futuro. Yo soy economista y planificadora urbana y creo firmemente que uno tiene que hacer una labor de ejecuci\u00f3n, pero tiene que tambi\u00e9n tener procesos de perspectiva para tener la claridad hacia d\u00f3nde vamos y que todos los planes de desarrollo de las administraciones puedan estar alineados en proyectos estrat\u00e9gicos de mediano y de largo plazo.<\/p><\/div><div data-index=\"24\"><div data-type=\"image\"><picture><source srcset=\"https:\/\/www.elpais.com.co\/resizer\/v2\/D2NAERBRJRCAJNT345FMTVWQJI.jpeg?auth=5bd0955b2539ca0e99284ec5e592b8eb6c1b9f58928b86f87c4e66f042c51c8a&amp;smart=true&amp;quality=75&amp;width=480&amp;fitfill=false\" media=\"(max-width: 480px)\"><\/source><source srcset=\"https:\/\/www.elpais.com.co\/resizer\/v2\/D2NAERBRJRCAJNT345FMTVWQJI.jpeg?auth=5bd0955b2539ca0e99284ec5e592b8eb6c1b9f58928b86f87c4e66f042c51c8a&amp;smart=true&amp;quality=75&amp;width=768&amp;fitfill=false\" media=\"(max-width: 768px)\"><\/source><img src=\"https:\/\/www.elpais.com.co\/resizer\/v2\/D2NAERBRJRCAJNT345FMTVWQJI.jpeg?auth=5bd0955b2539ca0e99284ec5e592b8eb6c1b9f58928b86f87c4e66f042c51c8a&amp;smart=true&amp;quality=75&amp;width=1280&amp;fitfill=false\" alt=\"En el a\u00f1o 2018 inici\u00f3 su aspiraci\u00f3n para ser concejal de Cali.\" height=\"9\" width=\"16\" fetchpriority=\"low\" decoding=\"async\" loading=\"lazy\" class=\"mx-auto mb-0 w-full max-w-[1440px]\"><\/picture><figcaption class=\"text-bluelish-400 font-lato mt-0 max-w-none py-2 text-xs italic\">Diana Rojas fue concejal de Cali. <!-- --> <span> | Foto: <!-- -->Foto suministrada por Concejo de Cali<\/span><\/figcaption><\/div><\/div><div data-index=\"25\"><h3 data-type=\"header\" class=\"\"><b>Estuvo estudiando en el exterior, \u00bfc\u00f3mo fue su experiencia?<\/b><\/h3><\/div><div data-index=\"26\"><p data-type=\"text\">Despu\u00e9s de entregar Cali 500, particip\u00e9 en una convocatoria de 30 l\u00edderes latinoamericanos para estudiar en una beca de Innovaci\u00f3n y Liderazgo de Gobierno de la Universidad de Georgetown, un programa anual de formaci\u00f3n ejecutiva organizado por el Latin American Leadership Program. Qued\u00e9 seleccionada entre esos 30 l\u00edderes en Am\u00e9rica Latina, pude estar en ese espacio junto con otros 5 colombianos y los otros l\u00edderes en Latinoam\u00e9rica y estuve en Estados Unidos estudiando este programa y aprendiendo ingl\u00e9s tambi\u00e9n en Georgetown.<\/p><\/div><div data-index=\"27\"><p data-type=\"text\"><b>Hablando sobre la gesti\u00f3n de la Administraci\u00f3n, \u00bfhay temas espec\u00edficos en los que usted cree que est\u00e1 de acuerdo con las actuaciones del Alcalde y otros en los que est\u00e9 en desacuerdo con el rumbo del actual gobierno?<\/b><\/p><\/div><div data-index=\"28\"><p data-type=\"text\">Por supuesto, yo creo que gobernar no es una tarea f\u00e1cil y m\u00e1s en una ciudad con tantos problemas en todos los frentes, cuando las prioridades de cada uno de los ciudadanos son distintas.<\/p><\/div><div data-index=\"29\"><p data-type=\"text\">Si bien en el corto plazo, en el tiempo que lleva la Administraci\u00f3n, se han ejecutado en varios frentes, yo lo digo por lo que he visto en las redes sociales y en medios de comunicaci\u00f3n, porque no hago parte de la Administraci\u00f3n, ni he tomado ninguna decisi\u00f3n. Pero yo podr\u00eda decir que ah\u00ed se ha trabajado para que Cali sea mirada desde lo internacional y desde lo nacional; eso ha sido muy valioso para reconocer y para llenarnos de autoestima como ciudad, de sentir cu\u00e1les son nuestras fortalezas, que nos ven en el pa\u00eds y en el mundo.<\/p><\/div><div data-index=\"30\"><p data-type=\"text\">Pero por el otro lado, siento que hay otras decisiones que se toman que no coinciden con la realidad de la ciudad; por eso es importante seguir avanzando para que la Administraci\u00f3n tenga mucha m\u00e1s sensibilidad y cercan\u00eda con la ciudadan\u00eda y con el territorio.<\/p><\/div><div data-index=\"31\"><h3 data-type=\"header\" class=\"\"><b>\u00bfCree que su apoyo fue capitalizado pol\u00edticamente y que no fue rec\u00edproco, o esto es algo que pasa en las alianzas y en la pol\u00edtica?<\/b><\/h3><\/div><div data-index=\"32\"><p data-type=\"text\">Esto tambi\u00e9n me ha llevado a reflexionar porque uno no puede pensar que la pol\u00edtica es un espacio donde todo vale. Yo no creo en esa forma de hacer pol\u00edtica y siento que las decisiones deben tomarse en pro de objetivos o de prop\u00f3sitos mucho m\u00e1s grandes y valiosos; yo siento que esa es la motivaci\u00f3n que en su momento me dio tranquilidad.<\/p><\/div><div data-index=\"33\"><p data-type=\"text\">Ahora, si esta Administraci\u00f3n o Alejandro est\u00e1 haciendo bien o no, yo creo que esa lectura la hemos visto cada uno de los cale\u00f1os. Cuando estuve con Cali 500, era un proceso de cooperaci\u00f3n internacional del sector privado y donde la Administraci\u00f3n tambi\u00e9n hace parte, y era supremamente dif\u00edcil porque era una alcald\u00eda que estaba empezando. Uno tambi\u00e9n tiene que tener la responsabilidad pol\u00edtica de saber c\u00f3mo uno est\u00e1 acompa\u00f1ando para que los procesos de ciudad puedan salir adelante.<\/p><\/div><div data-index=\"34\"><div data-type=\"image\"><picture><source srcset=\"https:\/\/www.elpais.com.co\/resizer\/v2\/ZQ5K2L5MFJGGDI4RVFEE2AXOVY.jpg?auth=65e83777ee1b363bd044b249c14690b98d606a9ae169ba022d94a73ce65619c0&amp;smart=true&amp;quality=75&amp;width=480&amp;fitfill=false\" media=\"(max-width: 480px)\"><\/source><source srcset=\"https:\/\/www.elpais.com.co\/resizer\/v2\/ZQ5K2L5MFJGGDI4RVFEE2AXOVY.jpg?auth=65e83777ee1b363bd044b249c14690b98d606a9ae169ba022d94a73ce65619c0&amp;smart=true&amp;quality=75&amp;width=768&amp;fitfill=false\" media=\"(max-width: 768px)\"><\/source><img src=\"https:\/\/www.elpais.com.co\/resizer\/v2\/ZQ5K2L5MFJGGDI4RVFEE2AXOVY.jpg?auth=65e83777ee1b363bd044b249c14690b98d606a9ae169ba022d94a73ce65619c0&amp;smart=true&amp;quality=75&amp;width=1280&amp;fitfill=false\" alt=\"Diana Rojas ex concejal y ex candidata a la alcald\u00eda de Cali directora del programa Cali 500\" height=\"9\" width=\"16\" fetchpriority=\"low\" decoding=\"async\" loading=\"lazy\" class=\"mx-auto mb-0 w-full max-w-[1440px]\"><\/picture><figcaption class=\"text-bluelish-400 font-lato mt-0 max-w-none py-2 text-xs italic\">Rojas fue directora de Cali 500 hasta mediados de 2025.<!-- --> <span> | Foto: <!-- -->Bernardo Pe\u00f1a\/El Pa\u00eds<\/span><\/figcaption><\/div><\/div><div data-index=\"35\"><p data-type=\"text\">He sido muy respetuosa, pero tambi\u00e9n hay momentos en los que me vuelven a preguntar sobre si hago parte del gabinete, aunque no es nuevo para m\u00ed porque esto pas\u00f3 hace dos a\u00f1os y yo no he hecho parte del gabinete.<\/p><\/div><div data-index=\"36\"><p data-type=\"text\">Alejandro decidi\u00f3 que yo no hiciera parte del gabinete de la administraci\u00f3n y esto puede asombrar a muchas personas que me acompa\u00f1aron, pero fue la realidad. Yo creo que la verdad no le ha hecho da\u00f1o a nadie, y yo siento que no tengo por qu\u00e9 seguir asumiendo una responsabilidad que no es m\u00eda en el ejecutar; el alcalde es Alejandro, gan\u00f3 Alejandro, y decidi\u00f3 que yo no hiciera parte de la toma de decisiones, y esa responsabilidad es de \u00e9l.<\/p><\/div><div data-index=\"37\"><h3 data-type=\"header\" class=\"\"><b>\u00bfQu\u00e9 papel quiere jugar ahora Diana en la pol\u00edtica de Cali?<\/b><\/h3><\/div><div data-index=\"38\"><p data-type=\"text\">Nunca he dejado de ser l\u00edder de la ciudad; para ello no necesariamente uno tiene que estar desde un cargo p\u00fablico. Para m\u00ed, lo m\u00e1s valioso y lo m\u00e1s importante hoy es escuchar, construir procesos de ciudad de muchas personas que son invisibles, pero que contribuyen al tejido social en Cali.<\/p><\/div><div data-index=\"39\"><p data-type=\"text\">Aqu\u00ed tenemos que mirarnos mucho m\u00e1s a los ojos y reconocernos que somos una ciudad con una diversidad y con una multiculturalidad muy grande y que ese es nuestro mayor tesoro. Por un lado, voy a seguir estando en procesos de llegar a acuerdos m\u00ednimos y uno no necesariamente tiene que estar en un cargo para acompa\u00f1ar a muchas m\u00e1s personas que quieran meterse en lo p\u00fablico, en pol\u00edtica, que puedan acceder a una mejor calidad de educaci\u00f3n.<\/p><\/div><div data-index=\"40\"><p data-type=\"text\">Yo lo viv\u00ed y\u00e9ndome a estudiar; era la primera vez que estudiaba por fuera porque nunca estuve en un colegio biling\u00fce, y es darme cuenta tambi\u00e9n de que esa oportunidad que yo tuve, ojal\u00e1 muchas m\u00e1s personas tambi\u00e9n tengan la oportunidad de cualificarse y de que puedan acceder a una mejor educaci\u00f3n.<\/p><\/div><div data-index=\"41\"><p data-type=\"text\">Siguen siendo much\u00edsimas motivaciones y, como te estoy diciendo, esa es una historia que pas\u00f3 hace dos a\u00f1os y medio, y cada quien asumir\u00e1 su responsabilidad de gratitud o ingratitud, pero yo me siento tranquila despu\u00e9s de entender que tambi\u00e9n se construyen ciudades de distintos espacios.<\/p><\/div><div data-index=\"42\"><div data-type=\"image\"><picture><source srcset=\"https:\/\/www.elpais.com.co\/resizer\/v2\/LXY32YVNLZFYTI5SWODVM7WF4Y.jpg?auth=cefc48b0650b68a1f8b1067678dc37c384719686a74b780359e4e7d04133a654&amp;smart=true&amp;quality=75&amp;width=480&amp;fitfill=false\" media=\"(max-width: 480px)\"><\/source><source srcset=\"https:\/\/www.elpais.com.co\/resizer\/v2\/LXY32YVNLZFYTI5SWODVM7WF4Y.jpg?auth=cefc48b0650b68a1f8b1067678dc37c384719686a74b780359e4e7d04133a654&amp;smart=true&amp;quality=75&amp;width=768&amp;fitfill=false\" media=\"(max-width: 768px)\"><\/source><img src=\"https:\/\/www.elpais.com.co\/resizer\/v2\/LXY32YVNLZFYTI5SWODVM7WF4Y.jpg?auth=cefc48b0650b68a1f8b1067678dc37c384719686a74b780359e4e7d04133a654&amp;smart=true&amp;quality=75&amp;width=1280&amp;fitfill=false\" alt=\"Este proyecto, que apenas presenta su hoja de ruta, trata de una propuesta construida con la participaci\u00f3n de m\u00e1s de 450 instituciones y organizaciones del sector p\u00fablico, privado, acad\u00e9mico y de la sociedad civil.\" height=\"9\" width=\"16\" fetchpriority=\"low\" decoding=\"async\" loading=\"lazy\" class=\"mx-auto mb-0 w-full max-w-[1440px]\"><\/picture><figcaption class=\"text-bluelish-400 font-lato mt-0 max-w-none py-2 text-xs italic\">Cali 500 cont\u00f3 con la participaci\u00f3n de m\u00e1s de 450 instituciones y organizaciones del sector p\u00fablico, privado, acad\u00e9mico y de la sociedad civil.<!-- --> <span> | Foto: <!-- -->Jose Luis Guzm\u00e1n: El Pa\u00eds<\/span><\/figcaption><\/div><\/div><div data-index=\"43\"><h3 data-type=\"header\" class=\"\"><b>\u00bfSe proyecta nuevamente como una candidata a las pr\u00f3ximas o a futuras elecciones en Cali?<\/b><\/h3><\/div><div data-index=\"44\"><p data-type=\"text\">Esa decisi\u00f3n no la he tomado todav\u00eda; ser\u00eda bastante anticipado para m\u00ed tomar esa decisi\u00f3n. Yo acabo de llegar de estudiar y acabo de pasar tambi\u00e9n por un proceso de volverme a enamorar y creer en los procesos de ciudad. A veces es muy triste uno sentirse mejor valorado por fuera y estoy trabajando en ese sentimiento, porque uno no se da cuenta del much\u00edsimo cari\u00f1o que muchas personas le tienen y para m\u00ed tambi\u00e9n fue bonito irme para poder extra\u00f1ar y darme cuenta de que querer la ciudad y querer trabajar por ella va mucho m\u00e1s all\u00e1 de la administraci\u00f3n de turno.<\/p><\/div><div data-index=\"45\"><p data-type=\"text\">Es una decisi\u00f3n que tomar\u00e9 m\u00e1s adelante, pero no solamente desde la pol\u00edtica y desde la elecci\u00f3n popular como candidata a la Alcald\u00eda, pues no es la \u00fanica forma de construir esta ciudad tan linda que merece que pasemos por procesos de autorreflexi\u00f3n, tal vez profundos y dolorosos, pero es la \u00fanica forma en la que podemos seguir construy\u00e9ndonos mejor como hacedores de territorio.<\/p><\/div><\/div><div class=\"not-prose grid grid-cols-1 gap-px py-4\"><div class=\"flex w-full py-2 rounded-xl bg-smoke-100\"><div class=\"flex gap-x-2.5 mx-2\"><div class=\"h-11 w-11 items-center overflow-hidden rounded-full text-primary\"><picture><source srcset=\"https:\/\/author-service-images-prod-us-east-1.publishing.aws.arc.pub\/semana\/20b19465-50aa-4232-8bbb-428b64dd689d.png\" media=\"(max-width: 768px)\"><\/source><img srcset=\"https:\/\/author-service-images-prod-us-east-1.publishing.aws.arc.pub\/semana\/20b19465-50aa-4232-8bbb-428b64dd689d.png\" alt=\"\" height=\"9\" width=\"16\" loading=\"lazy\" class=\"h-full w-full object-cover object-center\"><\/picture><\/div><\/div><div class=\"flex w-full flex-col px-2 border-l border-primary\"><div class=\"inline-flex gap-1 flex-row\"><a href=\"\/autor\/lcortez_elpais\/\"><h2 class=\"font-bold font-black text-base mr-2 hover:text-primary\">Laura Cortez Palacios<\/h2><\/a><\/div><p class=\"text-xs text-smoke-500\">Comunicadora social de la Universidad Santiago de Cali. He sido reportera en temas \u00e9tnicos, tengo experiencia como periodista comercial y judicial. Disfruto la moda, las tendencias y soy apasionada por la lectura, el caf\u00e9 y las buenas historias.<\/p><div class=\"inline-flex gap-1 flex-row mt-2\"><div class=\"flex w-8 justify-start rounded-md py-1.5 hover:text-disco\"><a href=\"mailto:lcortez@elpais.com.co\" target=\"_blank\"><svg style=\"width:1em;height:1em;vertical-align:middle;fill:currentColor;overflow:hidden\" viewbox=\"0 0 1024 1024\" version=\"1.1\" xmlns=\"http:\/\/www.w3.org\/2000\/svg\"><path d=\"M1024 146.285714v731.428572H0V146.285714h1024z m-149.942857 94.573715L512 602.88l-362.057143-362.057143L98.267429 292.571429 512 706.340571 925.769143 292.571429l-51.748572-51.712z\" fill=\"#474747\"><\/path><\/svg><\/a><\/div><\/div><\/div><\/div><\/div><div class=\"not-prose my-4 rounded-xl border-2 border-primary px-4 py-1 md:px-10 md:py-2\"><h2 class=\"mb-1 text-center text-lg font-bold leading-none text-primary\" style=\"letter-spacing:-0.03em\">Reg\u00edstrate gratis al bolet\u00edn de noticias El Pa\u00eds<\/h2><\/div><div class=\"my-6 flex items-center\"><div class=\"mr-3 self-start text-black\"><svg xmlns=\"http:\/\/www.w3.org\/2000\/svg\" fill=\"none\" viewbox=\"0 0 24 24\" stroke-width=\"1.5\" stroke=\"currentColor\" class=\"h-4 w-4\"><path stroke-linecap=\"round\" stroke-linejoin=\"round\" d=\"M9.568 3H5.25A2.25 2.25 0 003 5.25v4.318c0 .597.237 1.17.659 1.591l9.581 9.581c.699.699 1.78.872 2.607.33a18.095 18.095 0 005.223-5.223c.542-.827.369-1.908-.33-2.607L11.16 3.66A2.25 2.25 0 009.568 3z\"><\/path><path stroke-linecap=\"round\" stroke-linejoin=\"round\" d=\"M6 6h.008v.008H6V6z\"><\/path><\/svg><\/div><div class=\"flex flex-wrap gap-1\"><a href=\"\/noticias\/diana-rojas\/\" class=\"inline-block rounded-md bg-smoke-100 px-4 py-1 text-center text-xs leading-none text-black no-underline\">Diana Rojas<\/a><a href=\"\/noticias\/alejandro-eder\/\" class=\"inline-block rounded-md bg-smoke-100 px-4 py-1 text-center text-xs leading-none text-black no-underline\">Alejandro Eder<\/a><a href=\"\/noticias\/alcaldia-de-cali\/\" class=\"inline-block rounded-md bg-smoke-100 px-4 py-1 text-center text-xs leading-none text-black no-underline\">Alcald\u00eda de Cali<\/a><\/div><\/div><div><div class=\"not-prose border-y border-smoke-300 p-3 mt-2\"><div class=\"flex flex-col  md:justify-between items-center gap-4 md:flex-row\"><div class=\"flex items-center gap-4\"><div class=\"w-9\"><img src=\"\/pf\/resources\/images\/el-pais\/logo-simbolo.svg?d=8061\" class=\"h-10 w-auto\"><\/div><div class=\"text-left text-xs leading-tight text-black\">Descarga la APP <b>ElPa\u00eds.com.co<\/b>:<\/div><\/div><div class=\"flex items-center justify-center gap-4\"><\/div><\/div><\/div><\/div><div class=\"px-3 py-3 leading-none rounded-lg border border-smoke-100 bg-smoke-200 not-prose\"><a href=\"https:\/\/news.google.com\/publications\/CAAqBwgKMLGakQswx9-lAw\"><div class=\"font-lato text-base flex items-center\"><h3 class=\"text-bluelish-400 px-4\">Convierta a<!-- --> <strong><span class=\"text-black\">El Pa\u00eds<\/span><span class=\"text-primary\">.com.co<\/span><\/strong> <!-- -->en su fuente de noticias aqu\u00ed<\/h3><\/div><\/a><\/div><\/div><div class=\"mx-auto w-[280px] flex-none\"><div class=\"relative h-full\"><div class=\"left-0 right-0\"><div class=\"mb-4 hidden pt-4 lg:block\"><div style=\"height:250px;display:block\" id=\"Boton_1_D\" class=\"hidden-mobile   relative mx-auto max-w-7xl flex items-center justify-center bg-smoke-100 text-center ads-iframe\"><\/div><\/div><\/div><div class=\"sticky left-0 right-0 top-16\"><div class=\"mb-4 hidden pt-4 lg:block\"><div class=\"my-2 border border-t-4 border-t-primary px-3\"><div class=\"p-4 text-center hidden lg:block\"><h2 class=\"text-primary text-xl\">Noticias<\/h2><h2 class=\"text-2xl font-lato font-bold\">Destacadas<\/h2><\/div><div class=\"flex flex-column justify-between items-center p-4 text-center block lg:hidden\"><h2 class=\"text-xl font-lato font-bold\">Noticias Destacadas<\/h2><svg xmlns=\"http:\/\/www.w3.org\/2000\/svg\" fill=\"none\" viewbox=\"0 0 24 24\" stroke-width=\"1.5\" stroke=\"currentColor\" class=\"h-6 w-6\"><path stroke-linecap=\"round\" stroke-linejoin=\"round\" d=\"M4.5 15.75l7.5-7.5 7.5 7.5\"><\/path><\/svg><\/div><div class=\" lg:block\"><div class=\"py-2 border-t\"><a class=\"flex flex-row\" href=\"https:\/\/www.elpais.com.co\/cali\/autoridades-revelan-quien-estaria-detras-de-las-amenazas-al-secretario-de-movilidad-de-cali-toman-las-primeras-medidas-2106.html\"><span class=\"text-primary text-xl md:text-2xl mr-2\">1<!-- -->.<\/span><p class=\"text-left text-sm\">Identifican a presuntos responsables de las amenazas contra el Secretario de Movilidad de Cali<\/p><\/a><\/div><\/div><div class=\" lg:block\"><div class=\"py-2 border-t\"><a class=\"flex flex-row\" href=\"https:\/\/www.elpais.com.co\/cali\/diana-rojas-habla-sobre-su-relacion-con-el-alcalde-de-cali-me-entere-de-que-para-alejandro-eder-mi-apoyo-no-habia-sido-fundamental-2026.html\"><span class=\"text-primary text-xl md:text-2xl mr-2\">2<!-- -->.<\/span><p class=\"text-left text-sm\">Diana Rojas habla sobre su relaci\u00f3n con el Alcalde de Cali: \u201cMe enter\u00e9 de que para Alejandro Eder mi apoyo no hab\u00eda sido fundamental\u201d<\/p><\/a><\/div><\/div><div class=\" lg:block\"><div class=\"py-2 border-t\"><a class=\"flex flex-row\" href=\"https:\/\/www.elpais.com.co\/cali\/en-el-concejo-de-cali-plantean-que-enruta-reemplace-a-la-secretaria-de-movilidad-en-la-administracion-de-los-semaforos-inteligentes-2138.html\"><span class=\"text-primary text-xl md:text-2xl mr-2\">3<!-- -->.<\/span><p class=\"text-left text-sm\">\u201cQue lo haga Enruta\u201d: plantean sacar la semaforizaci\u00f3n inteligente de la Secretar\u00eda de Movilidad<\/p><\/a><\/div><\/div><div class=\" lg:block\"><div class=\"py-2 border-t\"><a class=\"flex flex-row\" href=\"https:\/\/www.elpais.com.co\/cali\/cali-familia-en-mariano-ramos-alerta-por-poste-a-punto-de-caer-tras-choque-de-camion-en-2024-emcali-responde-2101.html\"><span class=\"text-primary text-xl md:text-2xl mr-2\">4<!-- -->.<\/span><p class=\"text-left text-sm\">Cali: Familia en Mariano Ramos alerta por poste a punto de caer tras choque de cami\u00f3n en 2024; Emcali responde<\/p><\/a><\/div><\/div><div class=\" lg:block\"><div class=\"py-2 border-t\"><a class=\"flex flex-row\" href=\"https:\/\/www.elpais.com.co\/cali\/como-avanza-la-transformacion-del-barrio-obrero-en-cali-revise-los-detalles-2146.html\"><span class=\"text-primary text-xl md:text-2xl mr-2\">5<!-- -->.<\/span><p class=\"text-left text-sm\">As\u00ed avanzan las obras en el barrio Obrero en Cali<\/p><\/a><\/div><\/div><\/div><\/div><\/div><\/div><\/div><\/div><\/main>","body_rewritten":"<p class='mb-4 leading-relaxed'>Su respaldo a la campa\u00f1a a la Alcald\u00eda de Alejandro Eder fue decisivo y actualmente reabre un debate inc\u00f3modo sobre la pol\u00edtica cale\u00f1a. A pesar de que muchas personas daban por hecho que tendr\u00eda un papel determinante en la Administraci\u00f3n, la exconcejal y excandidata a la Alcald\u00eda, Diana Rojas, dijo que no fue tenida en cuenta para hacer parte del gobierno distrital.<\/p><p class='mb-4 leading-relaxed'>En entrevista con El Pa\u00eds, Rojas habl\u00f3 sobre lo que ocurri\u00f3 luego de su apoyo electoral, las se\u00f1ales que recibi\u00f3 desde la campa\u00f1a e incluso sobre las diferencias entre la percepci\u00f3n ciudadana y la realidad en la pol\u00edtica de la ciudad. Dej\u00f3 reflexiones sobre la <strong>gratitud<\/strong> y las din\u00e1micas de las alianzas pol\u00edticas en la capital vallecaucana.<\/p><blockquote class='border-l-4 border-gray-300 pl-4 italic my-4'>Me enter\u00e9 de que para Alejandro Eder mi apoyo no hab\u00eda sido fundamental.<\/blockquote><h2 class='text-2xl font-bold mt-6 mb-3'>Usted apoy\u00f3 la campa\u00f1a de alejandro eder, \u00bfc\u00f3mo define su relaci\u00f3n hoy con la administraci\u00f3n?<\/h2><p class='mb-4 leading-relaxed'>Yo acompa\u00f1\u00e9 la campa\u00f1a de Alejandro; sin duda creo que en ese momento hab\u00eda que tomar una decisi\u00f3n de acuerdo a c\u00f3mo \u00edbamos en temas de encuesta y en ese momento la decisi\u00f3n de apoyarlo me pareci\u00f3 que era la que hab\u00eda que tomar para efectos pr\u00e1cticos del contexto.<\/p><p class='mb-4 leading-relaxed'>Ambos est\u00e1bamos empatados en las encuestas y, si hubi\u00e9semos llegado los dos hasta el final, <strong>seguramente tendr\u00edamos a Roberto como alcalde<\/strong>; por eso, faltando un mes, decid\u00ed apoyar la campa\u00f1a de Alejandro y creo que fue decisivo para que \u00e9l pudiera ganar estas elecciones. Hasta ah\u00ed yo sent\u00ed que hab\u00eda sido as\u00ed.<\/p>","status":"published","author":null,"image_url":"https:\/\/colombiahoy.s3.us-east-2.amazonaws.com\/articles\/3518\/image-39ed66b3f1a4793eb9c301de3b0339d48a464c932fb3a45fc9d32e8aff262887.webp","canonical_url":"https:\/\/www.elpais.com.co\/cali\/diana-rojas-habla-sobre-su-relacion-con-el-alcalde-de-cali-me-entere-de-que-para-alejandro-eder-mi-apoyo-no-habia-sido-fundamental-2026.html","published_at":"2026-04-22 07:59","created_at":"2026-04-22 14:00","last_error":"HTTP request returned status code 402:\n{\"error\":{\"message\":\"Insufficient Balance\",\"type\":\"unknown_error\",\"param\":null,\"code\":\"invalid_request_error\"}}\n","topics":[{"id":2,"name":"Cali","slug":"cali"},{"id":5,"name":"Pol\u00edtica","slug":"politica"},{"id":11,"name":"Actualidad","slug":"actualidad"}],"source":"N\/A"},{"id":3521,"title":"Petro en la mira: video falso contra Noboa desata pol\u00e9mica internacional y aclaraciones presidenciales","slug":"petro-en-la-mira-video-falso-contra-noboa-desata-polemica-internacional-y-aclaraciones-presidenciales","title_original":"Pol\u00e9mica por video falso compartido por Gustavo Petro sobre Daniel Noboa","title_rewritten":"Petro en la mira: video falso contra Noboa desata pol\u00e9mica internacional y aclaraciones presidenciales","excerpt":"El presidente Gustavo Petro comparti\u00f3 un video falso con IA sobre Daniel Noboa, desatando una pol\u00e9mica internacional. Presidencia aclar\u00f3 que era contenido personal y lo elimin\u00f3, generando debate sobre la desinformaci\u00f3n en redes.","body":"<h2 class=\"text-2xl font-bold mt-6 mb-3\">El revuelo por un video manipulado<\/h2><p class=\"mb-4 leading-relaxed\">Un <strong>tremendo revuelo internacional<\/strong> se arm\u00f3 luego de que el presidente Gustavo Petro compartiera en su cuenta de X un video que termin\u00f3 siendo falso y manipulado con inteligencia artificial. El material, que se\u00f1alaba supuestas investigaciones contra el mandatario ecuatoriano Daniel Noboa, desat\u00f3 cr\u00edticas y oblig\u00f3 a una r\u00e1pida reacci\u00f3n desde la Casa de Nari\u00f1o.<\/p><h2 class=\"text-2xl font-bold mt-6 mb-3\">La presidencia se desmarca<\/h2><p class=\"mb-4 leading-relaxed\">El primero en salir a dar la cara fue Andr\u00e9s Hern\u00e1ndez, jefe de comunicaciones de Presidencia, quien dej\u00f3 claro que lo publicado no era un mensaje oficial del Gobierno. Seg\u00fan explic\u00f3, la cuenta desde donde se comparti\u00f3 el video es personal y lo que all\u00ed se diga corre por cuenta directa del presidente.<\/p><blockquote class=\"border-l-4 border-gray-300 pl-4 italic my-4\">La cuenta no es institucional, su manejo es personal.<\/blockquote><p class=\"mb-4 leading-relaxed\">Tras revisar el contenido, desde el equipo de comunicaciones le recomendaron a Petro borrar la publicaci\u00f3n, al confirmar que el video no correspond\u00eda a la realidad y que hab\u00eda sido alterado con inteligencia artificial. Y dicho y hecho, el trino fue eliminado.<\/p><img src=\"data:image\/svg+xml,%3Csvg%20xmlns='http:\/\/www.w3.org\/2000\/svg'%20viewBox='0%200%201024%20992'%3E%3C\/svg%3E\" style=\"max-width:100%; height:auto; margin:20px 0; display:block;\" loading=\"lazy\" alt=\"\"><h2 class=\"text-2xl font-bold mt-6 mb-3\">Detalles clave del incidente<\/h2><ul class=\"list-disc pl-5 mb-4 space-y-1\"><li>El video simulaba ser un informe period\u00edstico internacional, se\u00f1alando supuestos v\u00ednculos de Noboa con el <strong>crimen organizado<\/strong>.<\/li><li>Fue desmentido por el propio medio al que imitaba, y Presidencia aclar\u00f3 que no representa postura oficial del Estado.<\/li><li>La cadena Telemundo tambi\u00e9n sali\u00f3 al paso y fue contundente: el video no es suyo y fue <strong>manipulado digitalmente<\/strong> para parecer real.<\/li><\/ul><p class=\"mb-4 leading-relaxed\">Mientras tanto, el episodio deja varias preguntas en el aire sobre el manejo de la informaci\u00f3n en redes sociales, incluso desde las m\u00e1s altas esferas del poder. Lo cierto es que, en cuesti\u00f3n de horas, lo que parec\u00eda una denuncia termin\u00f3 convertido en un <strong>bochornoso episodio<\/strong> que cruz\u00f3 fronteras y volvi\u00f3 a poner el foco en el uso de contenido falso en la pol\u00edtica.<\/p><img src=\"data:image\/svg+xml,%3Csvg%20xmlns='http:\/\/www.w3.org\/2000\/svg'%20viewBox='0%200%201024%20576'%3E%3C\/svg%3E\" style=\"max-width:100%; height:auto; margin:20px 0; display:block;\" loading=\"lazy\" alt=\"\">","body_original":"<div class=\"entry-content\">\n\t\t\n<h2>Desde Presidencia aclaran que fue un contenido personal; el clip ten\u00eda inteligencia artificial y fue eliminado. <\/h2>\n\n\n\n<p>Se arm\u00f3 tremendo revuelo internacional luego de que el presidente Gustavo Petro compartiera en su cuenta de X un video que termin\u00f3 siendo falso y manipulado con inteligencia artificial. El material, que se\u00f1alaba supuestas investigaciones contra el mandatario ecuatoriano Daniel Noboa, desat\u00f3 cr\u00edticas y oblig\u00f3 a una r\u00e1pida reacci\u00f3n desde la Casa de Nari\u00f1o.<\/p>\n\n\n\n<h2>No olvides leer: <a href=\"https:\/\/www.qhubocali.com\/actualidad\/gobierno-autoriza-sacrificar-hipopotamos-la-poblacion-ya-se-salio-de-las-manos\/\">Gobierno autoriza sacrificar hipop\u00f3tamos: la poblaci\u00f3n ya se sali\u00f3 de las manos<\/a><\/h2>\n\n\n\n<p>El primero en salir a dar la cara fue Andr\u00e9s Hern\u00e1ndez, jefe de comunicaciones de Presidencia, quien dej\u00f3 claro que lo publicado no era un mensaje oficial del Gobierno. Seg\u00fan explic\u00f3, la cuenta desde donde se comparti\u00f3 el video es personal y lo que all\u00ed se diga corre por cuenta directa del presidente.<\/p>\n\n\n\n<p>\u201cLa cuenta no es institucional, su manejo es personal\u201d, fue el mensaje clave con el que intentaron bajarle la temperatura al esc\u00e1ndalo.<\/p>\n\n\n\n<p>Pero la cosa no par\u00f3 ah\u00ed. Tras revisar el contenido, desde el equipo de comunicaciones le recomendaron a Petro borrar la publicaci\u00f3n, al confirmar que el video no correspond\u00eda a la realidad y que hab\u00eda sido alterado con inteligencia artificial. Y dicho y hecho, el trino fue eliminado.<\/p>\n\n\n\n<figure class=\"wp-block-image size-large\"><img alt=\"\" class=\"wp-image-748930\" data-lazy-sizes=\"(max-width: 1024px) 100vw, 1024px\" data-lazy-src=\"https:\/\/www.qhubocali.com\/wp-content\/uploads\/2026\/04\/image-108-1024x992.png\" data-lazy-srcset=\"https:\/\/www.qhubocali.com\/wp-content\/uploads\/2026\/04\/image-108-1024x992.png 1024w, https:\/\/www.qhubocali.com\/wp-content\/uploads\/2026\/04\/image-108-300x291.png 300w, https:\/\/www.qhubocali.com\/wp-content\/uploads\/2026\/04\/image-108-768x744.png 768w, https:\/\/www.qhubocali.com\/wp-content\/uploads\/2026\/04\/image-108.png 1280w\" height=\"992\" loading=\"lazy\" src=\"data:image\/svg+xml,%3Csvg%20xmlns='http:\/\/www.w3.org\/2000\/svg'%20viewBox='0%200%201024%20992'%3E%3C\/svg%3E\" width=\"1024\"><figcaption><em>Mensaje de Gustavo Petro que posteriormente elimin\u00f3.\u00a0| Foto:\u00a0Mensaje de Gustavo Petro que posteriormente elimin\u00f3<\/em><\/figcaption><\/figure>\n\n\n\n<h2><strong>Datos clave del caso<\/strong><\/h2>\n\n\n\n<p>El video simulaba ser un informe period\u00edstico internacional, el cual se\u00f1alaba supuestos v\u00ednculos de Noboa con el crimen organizado.  Dicho video fue desmentido por el propio medio al que imitaba, mientras que Presidencia aclar\u00f3 que no representa postura oficial del Estado.<\/p>\n\n\n\n<p>De hecho, la cadena Telemundo tambi\u00e9n sali\u00f3 al paso y fue contundente: el video no es suyo y fue manipulado digitalmente para parecer real.<\/p>\n\n\n\n<h2>Te puede interesar: <a href=\"https:\/\/www.qhubocali.com\/actualidad\/si-usa-nequi-ojo-que-podria-declarar-renta\/\">Si usa Nequi, ojo que podr\u00eda declarar renta<\/a><\/h2>\n\n\n\n<p>Mientras tanto, el episodio deja varias preguntas en el aire sobre el manejo de la informaci\u00f3n en redes sociales, incluso desde las m\u00e1s altas esferas del poder.<\/p>\n\n\n\n<p>Lo cierto es que, en cuesti\u00f3n de horas, lo que parec\u00eda una denuncia termin\u00f3 convertido en un bochornoso episodio que cruz\u00f3 fronteras y volvi\u00f3 a poner el foco en el uso de contenido falso en la pol\u00edtica.<\/p>\n\n\n\n<figure class=\"wp-block-image size-large\"><img alt=\"\" class=\"wp-image-748931\" data-lazy-sizes=\"(max-width: 1024px) 100vw, 1024px\" data-lazy-src=\"https:\/\/www.qhubocali.com\/wp-content\/uploads\/2026\/04\/image-109-1024x576.png\" data-lazy-srcset=\"https:\/\/www.qhubocali.com\/wp-content\/uploads\/2026\/04\/image-109-1024x576.png 1024w, https:\/\/www.qhubocali.com\/wp-content\/uploads\/2026\/04\/image-109-300x169.png 300w, https:\/\/www.qhubocali.com\/wp-content\/uploads\/2026\/04\/image-109-768x432.png 768w, https:\/\/www.qhubocali.com\/wp-content\/uploads\/2026\/04\/image-109.png 1280w\" height=\"576\" loading=\"lazy\" src=\"data:image\/svg+xml,%3Csvg%20xmlns='http:\/\/www.w3.org\/2000\/svg'%20viewBox='0%200%201024%20576'%3E%3C\/svg%3E\" width=\"1024\"><figcaption><em>Gustavo Petro y Daniel Noboa.\u00a0| Foto:\u00a0PRESIDENCIA<\/em><\/figcaption><\/figure>\n\t<\/div>","body_rewritten":"<h2 class=\"text-2xl font-bold mt-6 mb-3\">El revuelo por un video manipulado<\/h2><p class=\"mb-4 leading-relaxed\">Un <strong>tremendo revuelo internacional<\/strong> se arm\u00f3 luego de que el presidente Gustavo Petro compartiera en su cuenta de X un video que termin\u00f3 siendo falso y manipulado con inteligencia artificial. El material, que se\u00f1alaba supuestas investigaciones contra el mandatario ecuatoriano Daniel Noboa, desat\u00f3 cr\u00edticas y oblig\u00f3 a una r\u00e1pida reacci\u00f3n desde la Casa de Nari\u00f1o.<\/p><h2 class=\"text-2xl font-bold mt-6 mb-3\">La presidencia se desmarca<\/h2><p class=\"mb-4 leading-relaxed\">El primero en salir a dar la cara fue Andr\u00e9s Hern\u00e1ndez, jefe de comunicaciones de Presidencia, quien dej\u00f3 claro que lo publicado no era un mensaje oficial del Gobierno. Seg\u00fan explic\u00f3, la cuenta desde donde se comparti\u00f3 el video es personal y lo que all\u00ed se diga corre por cuenta directa del presidente.<\/p><blockquote class=\"border-l-4 border-gray-300 pl-4 italic my-4\">La cuenta no es institucional, su manejo es personal.<\/blockquote><p class=\"mb-4 leading-relaxed\">Tras revisar el contenido, desde el equipo de comunicaciones le recomendaron a Petro borrar la publicaci\u00f3n, al confirmar que el video no correspond\u00eda a la realidad y que hab\u00eda sido alterado con inteligencia artificial. Y dicho y hecho, el trino fue eliminado.<\/p><img src=\"data:image\/svg+xml,%3Csvg%20xmlns='http:\/\/www.w3.org\/2000\/svg'%20viewBox='0%200%201024%20992'%3E%3C\/svg%3E\" style=\"max-width:100%; height:auto; margin:20px 0; display:block;\" loading=\"lazy\" alt=\"\"><h2 class=\"text-2xl font-bold mt-6 mb-3\">Detalles clave del incidente<\/h2><ul class=\"list-disc pl-5 mb-4 space-y-1\"><li>El video simulaba ser un informe period\u00edstico internacional, se\u00f1alando supuestos v\u00ednculos de Noboa con el <strong>crimen organizado<\/strong>.<\/li><li>Fue desmentido por el propio medio al que imitaba, y Presidencia aclar\u00f3 que no representa postura oficial del Estado.<\/li><li>La cadena Telemundo tambi\u00e9n sali\u00f3 al paso y fue contundente: el video no es suyo y fue <strong>manipulado digitalmente<\/strong> para parecer real.<\/li><\/ul><p class=\"mb-4 leading-relaxed\">Mientras tanto, el episodio deja varias preguntas en el aire sobre el manejo de la informaci\u00f3n en redes sociales, incluso desde las m\u00e1s altas esferas del poder. Lo cierto es que, en cuesti\u00f3n de horas, lo que parec\u00eda una denuncia termin\u00f3 convertido en un <strong>bochornoso episodio<\/strong> que cruz\u00f3 fronteras y volvi\u00f3 a poner el foco en el uso de contenido falso en la pol\u00edtica.<\/p><img src=\"data:image\/svg+xml,%3Csvg%20xmlns='http:\/\/www.w3.org\/2000\/svg'%20viewBox='0%200%201024%20576'%3E%3C\/svg%3E\" style=\"max-width:100%; height:auto; margin:20px 0; display:block;\" loading=\"lazy\" alt=\"\">","status":"published","author":null,"image_url":"https:\/\/colombiahoy.s3.us-east-2.amazonaws.com\/articles\/3521\/image-1ecd913c219411b6a72e2aeb847c5cb875be331d92e41478ffaf2e92871bb338.webp","canonical_url":"https:\/\/www.qhubocali.com\/actualidad\/polemica-por-video-falso-compartido-por-gustavo-petro-sobre-daniel-noboa\/","published_at":"2026-04-21 17:25","created_at":"2026-04-22 15:21","last_error":null,"topics":[{"id":5,"name":"Pol\u00edtica","slug":"politica"},{"id":11,"name":"Actualidad","slug":"actualidad"}],"source":"N\/A"},{"id":3504,"title":"Concejo de Cali propone que Enruta asuma semaforizaci\u00f3n inteligente ante fallas de Movilidad","slug":"concejo-de-cali-propone-que-enruta-asuma-semaforizacion-inteligente-ante-fallas-de-movilidad","title_original":"\u201cQue lo haga Enruta\u201d: plantean sacar la semaforizaci\u00f3n inteligente de la Secretar\u00eda de Movilidad","title_rewritten":"Concejo de Cali propone que Enruta asuma semaforizaci\u00f3n inteligente ante fallas de Movilidad","excerpt":"Concejal Roberto Ortiz propone transferir la gesti\u00f3n de sem\u00e1foros inteligentes de la Secretar\u00eda de Movilidad a Enruta en Cali, citando la ineficiencia y los problemas contractuales que mantienen el sistema inoperativo desde hace dos a\u00f1os y medio.","body":"<p class=\"mb-4 leading-relaxed\">En un reciente debate de control pol\u00edtico en el Concejo de Cali, la gerente de Enruta, Diana Carolina Reina, present\u00f3 un balance financiero de la entidad. Durante esta sesi\u00f3n, el concejal Roberto Ortiz intervino con una <strong>contundente propuesta<\/strong> sobre la gesti\u00f3n de la semaforizaci\u00f3n inteligente en la ciudad.<\/p><h2 class=\"text-2xl font-bold mt-6 mb-3\">La inoperatividad de los sem\u00e1foros inteligentes<\/h2><p class=\"mb-4 leading-relaxed\">Los sem\u00e1foros inteligentes, instalados hace m\u00e1s de dos a\u00f1os y medio durante la administraci\u00f3n anterior de Jorge Iv\u00e1n Ospina, siguen sin funcionar. La actual gesti\u00f3n de Alejandro Eder no ha logrado <strong>desenredar completamente<\/strong> el complejo tema de contrataci\u00f3n de estos dispositivos, generando frustraci\u00f3n y caos en la movilidad.<\/p><blockquote class=\"border-l-4 border-gray-300 pl-4 italic my-4\">Hay que reconocer que mientras aqu\u00ed tuvimos al Secretario de Seguridad hablando sobre las c\u00e1maras de seguridad, Enruta nos est\u00e1 mostrando que tienen una <strong>tecnolog\u00eda muy avanzada<\/strong> y esto es muy positivo.<\/blockquote><h2 class=\"text-2xl font-bold mt-6 mb-3\">Eficiencia de enruta frente a movilidad<\/h2><p class=\"mb-4 leading-relaxed\">Ortiz argument\u00f3 que Enruta demuestra una <strong>mayor eficiencia operativa<\/strong> en comparaci\u00f3n con otras dependencias del Distrito. Mientras los ajustes en sistemas y c\u00e1maras de fotomultas se realizan r\u00e1pidamente, la reparaci\u00f3n de sem\u00e1foros por parte de la Secretar\u00eda de Movilidad puede demorar d\u00edas o incluso semanas, afectando gravemente el flujo vehicular.<\/p><img src=\"https:\/\/i.ytimg.com\/vi\/3F7xxjjl_co\/hqdefault.jpg\" style=\"max-width:100%; height:auto; margin:20px 0; display:block;\" loading=\"lazy\" alt=\"\">","body_original":"<div class=\"mx-auto max-w-(--breakpoint-xl) px-2 lg:pt-8\"><div class=\"mb-2 flex items-center text-primary\"><div class=\"mr-1.5\"><svg xmlns=\"http:\/\/www.w3.org\/2000\/svg\" fill=\"none\" viewbox=\"0 0 24 24\" stroke-width=\"2\" stroke=\"currentColor\" class=\"h-4 w-4\"><path stroke-linecap=\"round\" stroke-linejoin=\"round\" d=\"M8.25 4.5l7.5 7.5-7.5 7.5\"><\/path><\/svg><\/div><p class=\"text-xs uppercase\">Cali<\/p><\/div><h1 class=\"text-smoke-700 mb-2 text-2xl font-black leading-7 lg:text-5xl lg:leading-none\">En el Concejo de Cali plantean que Enruta reemplace a la Secretar\u00eda de Movilidad en la administraci\u00f3n de los sem\u00e1foros inteligentes<\/h1><p class=\"lead mb-2\">Durante la rendici\u00f3n de cuentas de Enruta, el concejal Roberto Ort\u00edz cuestion\u00f3 la gesti\u00f3n de la Secretar\u00eda de Movilidad.<\/p><p class=\"mb-4 text-base\"><span class=\"mr-1 inline-block align-middle\"><img src=\"https:\/\/multimedia.elpais.com.co\/2025\/15-Octubre\/discover.png\" alt=\"Google\" width=\"16\" height=\"16\"><\/span><a href=\"https:\/\/profile.google.com\/cp\/CgkvbS8wY2YwaDQ\" target=\"_blank\" id=\"google-discover\" class=\"hover:text-primary hover:bg-slate-300 text-secondary\">Siga a EL PA\u00cdS en Google Discover y no se pierda las \u00faltimas noticias<\/a><\/p><div class=\"my-4\"><\/div><div class=\"mx-auto max-w-[968px]\"><figure><picture><source srcset=\"https:\/\/www.elpais.com.co\/resizer\/v2\/U3VU3MZT6RES3EVOXAQTEPVYTI.jpg?auth=401c36cbf19b554accc557bd2808eda3bfd134747e749026d444d534f29f3fd8&amp;smart=true&amp;quality=75&amp;width=480&amp;height=270\" media=\"(max-width: 480px)\"><\/source><source srcset=\"https:\/\/www.elpais.com.co\/resizer\/v2\/U3VU3MZT6RES3EVOXAQTEPVYTI.jpg?auth=401c36cbf19b554accc557bd2808eda3bfd134747e749026d444d534f29f3fd8&amp;smart=true&amp;quality=75&amp;width=768&amp;height=432\" media=\"(max-width: 768px)\"><\/source><img src=\"https:\/\/www.elpais.com.co\/resizer\/v2\/U3VU3MZT6RES3EVOXAQTEPVYTI.jpg?auth=401c36cbf19b554accc557bd2808eda3bfd134747e749026d444d534f29f3fd8&amp;smart=true&amp;quality=75&amp;width=1280&amp;height=720\" alt=\"Secretar\u00eda de Movilidad de Cali anunci\u00f3 liquidaci\u00f3n de contrato de semaforizaci\u00f3n inteligente: hay millonario detrimento\" height=\"9\" width=\"16\" fetchpriority=\"high\" decoding=\"async\" loading=\"eager\" class=\"h-full w-full object-cover object-center\"><\/picture><\/figure><figcaption class=\"text-bluelish-400 font-lato mt-0 max-w-none py-2 text-xs italic\">Secretar\u00eda de Movilidad de Cali anunci\u00f3, hace algunos meses, la liquidaci\u00f3n de contrato de semaforizaci\u00f3n inteligente: hay millonario detrimento. <!-- --> <span> | Foto: <!-- -->Ra\u00fal Palacios<\/span><\/figcaption><\/div><\/div><div class=\"prose mx-auto max-w-[1210px] px-4 leading-tight md:prose-lg md:leading-tight\"><\/div><main class=\"mb-4 px-2\"><div class=\"mx-auto max-w-[968px] gap-4 lg:flex\"><div class=\"hidden md:block relative flex-none lg:w-20\"><div class=\"sticky top-16 md:pt-5\"><div class=\"inline-flex gap-4 lg:flex-col\"><\/div><\/div><\/div><div class=\"prose mb-4 max-w-none flex-auto\"><div class=\"not-prose grid grid-cols-1 gap-px py-4\"><div class=\"flex w-full py-2 rounded-xl bg-smoke-100\"><div class=\"flex gap-x-2.5 mx-2\"><div class=\"h-11 w-11 items-center overflow-hidden rounded-full text-primary\"><picture><source srcset=\"https:\/\/author-service-images-prod-us-east-1.publishing.aws.arc.pub\/semana\/de45c895-f0b5-4086-ae81-deae42d25d94.JPG\" media=\"(max-width: 768px)\"><\/source><img srcset=\"https:\/\/author-service-images-prod-us-east-1.publishing.aws.arc.pub\/semana\/de45c895-f0b5-4086-ae81-deae42d25d94.JPG\" alt=\"\" height=\"9\" width=\"16\" loading=\"lazy\" class=\"h-full w-full object-cover object-center\"><\/picture><\/div><\/div><div class=\"flex w-full flex-col px-2 border-l border-primary\"><div class=\"inline-flex gap-1 flex-row\"><a href=\"\/autor\/azapata\/\"><h2 class=\"font-bold font-black text-base mr-2 hover:text-primary\">Anderson Zapata<\/h2><\/a><div> <\/div><\/div><div class=\"mt-2\"><p class=\"text-xs text-smoke-500\">21 de abr de 2026, 09:37 p.\u00a0m.<\/p><p class=\"text-xs text-smoke-500\">Actualizado el <!-- -->21 de abr de 2026, 09:37 p.\u00a0m.<\/p><\/div><div class=\"inline-flex gap-1 flex-row mt-2\"><\/div><\/div><\/div><\/div><div class=\"not-prose my-4 text-center lg:my-6\"><\/div><div class=\"block md:hidden text-center border-t border-b py-2\"><div class=\"sticky top-16 md:pt-5\"><div class=\"inline-flex gap-4 lg:flex-col\"><\/div><\/div><\/div><div class=\"not-prose block md:hidden text-center border-t border-b py-2\"><div class=\"my-2 border border-t-4 border-t-primary px-3\"><div class=\"p-4 text-center hidden lg:block\"><h2 class=\"text-primary text-xl\">Noticias<\/h2><h2 class=\"text-2xl font-lato font-bold\">Destacadas<\/h2><\/div><div class=\"flex flex-column justify-between items-center p-4 text-center block lg:hidden\"><h2 class=\"text-xl font-lato font-bold\">Noticias Destacadas<\/h2><svg xmlns=\"http:\/\/www.w3.org\/2000\/svg\" fill=\"none\" viewbox=\"0 0 24 24\" stroke-width=\"1.5\" stroke=\"currentColor\" class=\"h-6 w-6\"><path stroke-linecap=\"round\" stroke-linejoin=\"round\" d=\"M19.5 8.25l-7.5 7.5-7.5-7.5\"><\/path><\/svg><\/div><div class=\"hidden lg:block\"><div class=\"py-2 border-t\"><a class=\"flex flex-row\" href=\"https:\/\/www.elpais.com.co\/cali\/autoridades-revelan-quien-estaria-detras-de-las-amenazas-al-secretario-de-movilidad-de-cali-toman-las-primeras-medidas-2106.html\"><span class=\"text-primary text-xl md:text-2xl mr-2\">1<!-- -->.<\/span><p class=\"text-left text-sm\">Identifican a presuntos responsables de las amenazas contra el Secretario de Movilidad de Cali<\/p><\/a><\/div><\/div><div class=\"hidden lg:block\"><div class=\"py-2 border-t\"><a class=\"flex flex-row\" href=\"https:\/\/www.elpais.com.co\/cali\/diana-rojas-habla-sobre-su-relacion-con-el-alcalde-de-cali-me-entere-de-que-para-alejandro-eder-mi-apoyo-no-habia-sido-fundamental-2026.html\"><span class=\"text-primary text-xl md:text-2xl mr-2\">2<!-- -->.<\/span><p class=\"text-left text-sm\">Diana Rojas habla sobre su relaci\u00f3n con el Alcalde de Cali: \u201cMe enter\u00e9 de que para Alejandro Eder mi apoyo no hab\u00eda sido fundamental\u201d<\/p><\/a><\/div><\/div><div class=\"hidden lg:block\"><div class=\"py-2 border-t\"><a class=\"flex flex-row\" href=\"https:\/\/www.elpais.com.co\/cali\/en-el-concejo-de-cali-plantean-que-enruta-reemplace-a-la-secretaria-de-movilidad-en-la-administracion-de-los-semaforos-inteligentes-2138.html\"><span class=\"text-primary text-xl md:text-2xl mr-2\">3<!-- -->.<\/span><p class=\"text-left text-sm\">\u201cQue lo haga Enruta\u201d: plantean sacar la semaforizaci\u00f3n inteligente de la Secretar\u00eda de Movilidad<\/p><\/a><\/div><\/div><div class=\"hidden lg:block\"><div class=\"py-2 border-t\"><a class=\"flex flex-row\" href=\"https:\/\/www.elpais.com.co\/cali\/cali-familia-en-mariano-ramos-alerta-por-poste-a-punto-de-caer-tras-choque-de-camion-en-2024-emcali-responde-2101.html\"><span class=\"text-primary text-xl md:text-2xl mr-2\">4<!-- -->.<\/span><p class=\"text-left text-sm\">Cali: Familia en Mariano Ramos alerta por poste a punto de caer tras choque de cami\u00f3n en 2024; Emcali responde<\/p><\/a><\/div><\/div><div class=\"hidden lg:block\"><div class=\"py-2 border-t\"><a class=\"flex flex-row\" href=\"https:\/\/www.elpais.com.co\/cali\/como-avanza-la-transformacion-del-barrio-obrero-en-cali-revise-los-detalles-2146.html\"><span class=\"text-primary text-xl md:text-2xl mr-2\">5<!-- -->.<\/span><p class=\"text-left text-sm\">As\u00ed avanzan las obras en el barrio Obrero en Cali<\/p><\/a><\/div><\/div><\/div><\/div><div class=\"paywall\"><div data-index=\"0\"><p data-type=\"text\">En medio de un debate de control pol\u00edtico realizado este martes 21 de ebril en el Concejo de Cali, la gerente de Enruta (Antiguo CDAV), Diana Carolina Reina, present\u00f3 un balance sobre la situaci\u00f3n financiera de la entidad, as\u00ed como detalles sobre las utilidades y la distribuci\u00f3n de los recursos provenientes de las fotomultas en la ciudad.<\/p><\/div><div data-index=\"1\"><p data-type=\"text\">Durante la sesi\u00f3n, el concejal Roberto Ortiz intervino para referirse a la exposici\u00f3n de la funcionaria y plante\u00f3 una propuesta relacionada con la gesti\u00f3n de la semaforizaci\u00f3n inteligente en Cali, pues luego de dos a\u00f1os y medio de ser instalados durante la parte final de la alcald\u00eda de Jorge Iv\u00e1n Ospina, estos siguen sin funcionar y la actual Administraci\u00f3n de Alejandro Eder no ha podido desenredar del todo el tema de contrataci\u00f3n de estos dispositivos. <\/p><\/div><div data-index=\"2\"><p data-type=\"text\">El cabildante destac\u00f3 la capacidad tecnol\u00f3gica de Enruta frente a otras dependencias del Distrito.<i><b> \u201cHay que reconocer que mientras aqu\u00ed tuvimos al Secretario de Seguridad hablando sobre las c\u00e1maras de seguridad, Enruta nos est\u00e1 mostrando que tienen una tecnolog\u00eda muy avanzada y esto es muy positivo\u201d, afirm\u00f3.<\/b><\/i><\/p><\/div><div data-index=\"3\"><div id=\"taboola-mid-article-recoreel\" class=\"mb-24\"><\/div><\/div><div data-index=\"4\"><p data-type=\"text\">En esa l\u00ednea, Ortiz asegur\u00f3 que la empresa muestra mayor eficiencia operativa, al comparar los tiempos de respuesta en distintos frentes. Seg\u00fan expuso, mientras los ajustes en sistemas y c\u00e1maras de fotomultas pueden realizarse en lapsos cortos, la reparaci\u00f3n de sem\u00e1foros por parte de la Secretar\u00eda de Movilidad puede tardar d\u00edas o incluso semanas.<\/p><\/div><div data-index=\"5\"><div data-type=\"image\"><picture><source srcset=\"https:\/\/www.elpais.com.co\/resizer\/v2\/KWW62Q5ADFDDNH6NM36SDKAE6E.jpg?auth=804042eee9f89fd9855c76ce5802cfd6f220e02e2b3304093511ae9a364aea30&amp;smart=true&amp;quality=75&amp;width=480&amp;fitfill=false\" media=\"(max-width: 480px)\"><\/source><source srcset=\"https:\/\/www.elpais.com.co\/resizer\/v2\/KWW62Q5ADFDDNH6NM36SDKAE6E.jpg?auth=804042eee9f89fd9855c76ce5802cfd6f220e02e2b3304093511ae9a364aea30&amp;smart=true&amp;quality=75&amp;width=768&amp;fitfill=false\" media=\"(max-width: 768px)\"><\/source><img src=\"https:\/\/www.elpais.com.co\/resizer\/v2\/KWW62Q5ADFDDNH6NM36SDKAE6E.jpg?auth=804042eee9f89fd9855c76ce5802cfd6f220e02e2b3304093511ae9a364aea30&amp;smart=true&amp;quality=75&amp;width=1280&amp;fitfill=false\" alt=\"Cali: Semaforos Inteligentes. . foto Jos\u00e9 l Guzm\u00e1n. El Pa'is\" height=\"9\" width=\"16\" fetchpriority=\"low\" decoding=\"async\" loading=\"lazy\" class=\"mx-auto mb-0 w-full max-w-[1440px]\"><\/picture><figcaption class=\"text-bluelish-400 font-lato mt-0 max-w-none py-2 text-xs italic\">Sem\u00e1foros inteligentes en Cali presentan fallas desde diciembre de 2023, afectando la movilidad en varios puntos de la ciudad.<!-- --> <span> | Foto: <!-- -->El Pa\u00eds<\/span><\/figcaption><\/div><\/div><div data-index=\"6\"><p data-type=\"text\">A partir de este an\u00e1lisis, el Concejal propuso que se eval\u00fae trasladar la responsabilidad de los sem\u00e1foros inteligentes a Enruta: <i><b>\u201c\u00bfPor qu\u00e9 no hacemos una cruzada y le pedimos al Alcalde que este tema de la semaforizaci\u00f3n inteligente, en vez de que lo haga la Secretar\u00eda de Movilidad, lo haga Enruta, a ver si los sem\u00e1foros inteligentes funcionan alg\u00fan d\u00eda?\u201d,<\/b><\/i> expres\u00f3.<\/p><\/div><div data-index=\"7\"><p data-type=\"text\">Adem\u00e1s, el cabildante elev\u00f3 una petici\u00f3n directa a la Gerente de la entidad para que entregue los soportes jur\u00eddicos de la instalaci\u00f3n de las m\u00e1s recientes c\u00e1maras de fotomultas en la ciudad. En particular, cuestion\u00f3 algunos puntos espec\u00edficos donde han sido ubicadas.<\/p><\/div><div data-index=\"8\"><div class=\"EPA_VIDEO mb-5\" data-membrana=\"true\"><\/div><\/div><div data-index=\"9\"><p data-type=\"text\">\u201cLe quiero pedir a la doctora que nos muestre las sustentaciones jur\u00eddicas de la instalaci\u00f3n de las \u00faltimas 40 fotomultas\u201d, manifest\u00f3, al tiempo que puso como ejemplo una c\u00e1mara ubicada en la Calle 5, frente a la Loma de la Cruz, sobre la cual expres\u00f3 dudas.<\/p><\/div><div data-index=\"10\"><div class=\"not-prose relative my-2\"><\/div><\/div><div data-index=\"11\"><div data-type=\"image\"><picture><source srcset=\"https:\/\/www.elpais.com.co\/resizer\/v2\/S6CLTRDAVZDVNH7YEK2KR4HV2M.jpg?auth=88f33e50e05c97aec3e0c969ffe6c0cd1e7cc58ff18b66bfa5ca64342871d54c&amp;smart=true&amp;quality=75&amp;width=480&amp;fitfill=false\" media=\"(max-width: 480px)\"><\/source><source srcset=\"https:\/\/www.elpais.com.co\/resizer\/v2\/S6CLTRDAVZDVNH7YEK2KR4HV2M.jpg?auth=88f33e50e05c97aec3e0c969ffe6c0cd1e7cc58ff18b66bfa5ca64342871d54c&amp;smart=true&amp;quality=75&amp;width=768&amp;fitfill=false\" media=\"(max-width: 768px)\"><\/source><img src=\"https:\/\/www.elpais.com.co\/resizer\/v2\/S6CLTRDAVZDVNH7YEK2KR4HV2M.jpg?auth=88f33e50e05c97aec3e0c969ffe6c0cd1e7cc58ff18b66bfa5ca64342871d54c&amp;smart=true&amp;quality=75&amp;width=1280&amp;fitfill=false\" alt=\"Cali: Semaforos Inteligentes. . foto Jos\u00e9 l Guzm\u00e1n. El Pa'is\" height=\"9\" width=\"16\" fetchpriority=\"low\" decoding=\"async\" loading=\"lazy\" class=\"mx-auto mb-0 w-full max-w-[1440px]\"><\/picture><figcaption class=\"text-bluelish-400 font-lato mt-0 max-w-none py-2 text-xs italic\">La falta de funcionamiento de los sem\u00e1foros inteligentes, reportada desde diciembre de 2023, sigue generando congesti\u00f3n y riesgos en las v\u00edas.<!-- --> <span> | Foto: <!-- -->El Pa\u00eds<\/span><\/figcaption><\/div><\/div><div data-index=\"12\"><p data-type=\"text\">Seg\u00fan el Concejal, en ese punto no habr\u00eda condiciones que justifiquen la medida. <i><b>\u201c\u00bfPor qu\u00e9 hay una c\u00e1mara all\u00ed si no hay colegios, no hay centros de salud y no hay alta accidentalidad?\u201d, <\/b><\/i>cuestion\u00f3 durante su intervenci\u00f3n en el recinto.<\/p><\/div><div data-index=\"13\"><div id=\"Boton_2_M\" class=\" hidden-tablet hidden-desktop flex items-center justify-center mb-4  text-center ads-iframe\"><\/div><\/div><div data-index=\"14\"><p data-type=\"text\">Ortiz tambi\u00e9n expres\u00f3 preocupaciones sobre el enfoque del sistema de fotomultas en la ciudad, al se\u00f1alar que podr\u00eda tener un car\u00e1cter m\u00e1s recaudatorio que pedag\u00f3gico.<i> \u201cEso me preocupa y eso me genera m\u00e1s dudas de que el proceso de las fotomultas es un proceso recaudatorio y no tiene el objetivo de educar a ning\u00fan ciudadano\u201d, <\/i>afirm\u00f3.<\/p><\/div><div data-index=\"15\"><p data-type=\"text\">Finalmente, reiter\u00f3 sus cr\u00edticas a la Secretar\u00eda de Movilidad y se\u00f1al\u00f3 que, con base en lo expuesto durante el debate, entidades como Enruta y Metrocali estar\u00edan teniendo un mayor protagonismo en la operaci\u00f3n de la movilidad, lo que, a su juicio, abre la discusi\u00f3n sobre el papel actual de dicha dependencia en la ciudad.<\/p><\/div><div data-index=\"16\"><div class=\"mb-5\"><div><div class=\"lyt-container aspect-h-9 aspect-w-16 relative cursor-pointer overflow-hidden bg-black\"><div id=\"3F7xxjjl_co-lyt-1776866131239-0zsun334\" class=\"lyt-player  lyt-lazy absolute h-full w-full\"><picture class=\"absolute flex h-full w-full\"><source srcset=\"https:\/\/i.ytimg.com\/vi_webp\/3F7xxjjl_co\/hqdefault.webp\" type=\"image\/webp\"><\/source><img src=\"https:\/\/i.ytimg.com\/vi\/3F7xxjjl_co\/hqdefault.jpg\" alt=\"Plenaria Ordinaria, Martes 21 de Abril 2026\" class=\"h-auto w-full object-cover\" type=\"image\/jpeg\" loading=\"lazy\" decoding=\"async\"><\/picture><button type=\"button\" class=\"lty-playbtn\"><\/button><\/div><\/div><\/div><\/div><\/div><\/div><div class=\"not-prose grid grid-cols-1 gap-px py-4\"><div class=\"flex w-full py-2 rounded-xl bg-smoke-100\"><div class=\"flex gap-x-2.5 mx-2\"><div class=\"h-11 w-11 items-center overflow-hidden rounded-full text-primary\"><picture><source srcset=\"https:\/\/author-service-images-prod-us-east-1.publishing.aws.arc.pub\/semana\/de45c895-f0b5-4086-ae81-deae42d25d94.JPG\" media=\"(max-width: 768px)\"><\/source><img srcset=\"https:\/\/author-service-images-prod-us-east-1.publishing.aws.arc.pub\/semana\/de45c895-f0b5-4086-ae81-deae42d25d94.JPG\" alt=\"\" height=\"9\" width=\"16\" loading=\"lazy\" class=\"h-full w-full object-cover object-center\"><\/picture><\/div><\/div><div class=\"flex w-full flex-col px-2 border-l border-primary\"><div class=\"inline-flex gap-1 flex-row\"><a href=\"\/autor\/azapata\/\"><h2 class=\"font-bold font-black text-base mr-2 hover:text-primary\">Anderson Zapata<\/h2><\/a><\/div><p class=\"text-xs text-smoke-500\">Comunicador social y periodista de la Universidad Aut\u00f3noma de Occidente. Especialista en comunicaci\u00f3n y periodismo digital. Periodista del Diario El Pa\u00eds desde el 2017 y docente universitario. <\/p><div class=\"inline-flex gap-1 flex-row mt-2\"><\/div><\/div><\/div><\/div><div class=\"not-prose my-4 rounded-xl border-2 border-primary px-4 py-1 md:px-10 md:py-2\"><h2 class=\"mb-1 text-center text-lg font-bold leading-none text-primary\" style=\"letter-spacing:-0.03em\">Reg\u00edstrate gratis al bolet\u00edn de noticias El Pa\u00eds<\/h2><\/div><div class=\"my-6 flex items-center\"><div class=\"mr-3 self-start text-black\"><svg xmlns=\"http:\/\/www.w3.org\/2000\/svg\" fill=\"none\" viewbox=\"0 0 24 24\" stroke-width=\"1.5\" stroke=\"currentColor\" class=\"h-4 w-4\"><path stroke-linecap=\"round\" stroke-linejoin=\"round\" d=\"M9.568 3H5.25A2.25 2.25 0 003 5.25v4.318c0 .597.237 1.17.659 1.591l9.581 9.581c.699.699 1.78.872 2.607.33a18.095 18.095 0 005.223-5.223c.542-.827.369-1.908-.33-2.607L11.16 3.66A2.25 2.25 0 009.568 3z\"><\/path><path stroke-linecap=\"round\" stroke-linejoin=\"round\" d=\"M6 6h.008v.008H6V6z\"><\/path><\/svg><\/div><div class=\"flex flex-wrap gap-1\"><a href=\"\/noticias\/cali\/\" class=\"inline-block rounded-md bg-smoke-100 px-4 py-1 text-center text-xs leading-none text-black no-underline\">Cali<\/a><a href=\"\/noticias\/colombia\/\" class=\"inline-block rounded-md bg-smoke-100 px-4 py-1 text-center text-xs leading-none text-black no-underline\">Colombia<\/a><a href=\"\/noticias\/alejandro-eder\/\" class=\"inline-block rounded-md bg-smoke-100 px-4 py-1 text-center text-xs leading-none text-black no-underline\">Alejandro Eder<\/a><\/div><\/div><div><div class=\"not-prose border-y border-smoke-300 p-3 mt-2\"><div class=\"flex flex-col  md:justify-between items-center gap-4 md:flex-row\"><div class=\"flex items-center gap-4\"><div class=\"w-9\"><img src=\"\/pf\/resources\/images\/el-pais\/logo-simbolo.svg?d=8061\" class=\"h-10 w-auto\"><\/div><div class=\"text-left text-xs leading-tight text-black\">Descarga la APP <b>ElPa\u00eds.com.co<\/b>:<\/div><\/div><div class=\"flex items-center justify-center gap-4\"><\/div><\/div><\/div><\/div><div class=\"px-3 py-3 leading-none rounded-lg border border-smoke-100 bg-smoke-200 not-prose\"><a href=\"https:\/\/news.google.com\/publications\/CAAqBwgKMLGakQswx9-lAw\"><div class=\"font-lato text-base flex items-center\"><h3 class=\"text-bluelish-400 px-4\">Convierta a<!-- --> <strong><span class=\"text-black\">El Pa\u00eds<\/span><span class=\"text-primary\">.com.co<\/span><\/strong> <!-- -->en su fuente de noticias aqu\u00ed<\/h3><\/div><\/a><\/div><\/div><div class=\"mx-auto w-[280px] flex-none\"><div class=\"relative h-full\"><div class=\"left-0 right-0\"><div class=\"mb-4 hidden pt-4 lg:block\"><div style=\"height:250px;display:block\" id=\"Boton_1_D\" class=\"hidden-mobile   relative mx-auto max-w-7xl flex items-center justify-center bg-smoke-100 text-center ads-iframe\"><\/div><\/div><\/div><div class=\"sticky left-0 right-0 top-16\"><div class=\"mb-4 hidden pt-4 lg:block\"><div class=\"my-2 border border-t-4 border-t-primary px-3\"><div class=\"p-4 text-center hidden lg:block\"><h2 class=\"text-primary text-xl\">Noticias<\/h2><h2 class=\"text-2xl font-lato font-bold\">Destacadas<\/h2><\/div><div class=\"flex flex-column justify-between items-center p-4 text-center block lg:hidden\"><h2 class=\"text-xl font-lato font-bold\">Noticias Destacadas<\/h2><svg xmlns=\"http:\/\/www.w3.org\/2000\/svg\" fill=\"none\" viewbox=\"0 0 24 24\" stroke-width=\"1.5\" stroke=\"currentColor\" class=\"h-6 w-6\"><path stroke-linecap=\"round\" stroke-linejoin=\"round\" d=\"M4.5 15.75l7.5-7.5 7.5 7.5\"><\/path><\/svg><\/div><div class=\" lg:block\"><div class=\"py-2 border-t\"><a class=\"flex flex-row\" href=\"https:\/\/www.elpais.com.co\/cali\/autoridades-revelan-quien-estaria-detras-de-las-amenazas-al-secretario-de-movilidad-de-cali-toman-las-primeras-medidas-2106.html\"><span class=\"text-primary text-xl md:text-2xl mr-2\">1<!-- -->.<\/span><p class=\"text-left text-sm\">Identifican a presuntos responsables de las amenazas contra el Secretario de Movilidad de Cali<\/p><\/a><\/div><\/div><div class=\" lg:block\"><div class=\"py-2 border-t\"><a class=\"flex flex-row\" href=\"https:\/\/www.elpais.com.co\/cali\/diana-rojas-habla-sobre-su-relacion-con-el-alcalde-de-cali-me-entere-de-que-para-alejandro-eder-mi-apoyo-no-habia-sido-fundamental-2026.html\"><span class=\"text-primary text-xl md:text-2xl mr-2\">2<!-- -->.<\/span><p class=\"text-left text-sm\">Diana Rojas habla sobre su relaci\u00f3n con el Alcalde de Cali: \u201cMe enter\u00e9 de que para Alejandro Eder mi apoyo no hab\u00eda sido fundamental\u201d<\/p><\/a><\/div><\/div><div class=\" lg:block\"><div class=\"py-2 border-t\"><a class=\"flex flex-row\" href=\"https:\/\/www.elpais.com.co\/cali\/en-el-concejo-de-cali-plantean-que-enruta-reemplace-a-la-secretaria-de-movilidad-en-la-administracion-de-los-semaforos-inteligentes-2138.html\"><span class=\"text-primary text-xl md:text-2xl mr-2\">3<!-- -->.<\/span><p class=\"text-left text-sm\">\u201cQue lo haga Enruta\u201d: plantean sacar la semaforizaci\u00f3n inteligente de la Secretar\u00eda de Movilidad<\/p><\/a><\/div><\/div><div class=\" lg:block\"><div class=\"py-2 border-t\"><a class=\"flex flex-row\" href=\"https:\/\/www.elpais.com.co\/cali\/cali-familia-en-mariano-ramos-alerta-por-poste-a-punto-de-caer-tras-choque-de-camion-en-2024-emcali-responde-2101.html\"><span class=\"text-primary text-xl md:text-2xl mr-2\">4<!-- -->.<\/span><p class=\"text-left text-sm\">Cali: Familia en Mariano Ramos alerta por poste a punto de caer tras choque de cami\u00f3n en 2024; Emcali responde<\/p><\/a><\/div><\/div><div class=\" lg:block\"><div class=\"py-2 border-t\"><a class=\"flex flex-row\" href=\"https:\/\/www.elpais.com.co\/cali\/como-avanza-la-transformacion-del-barrio-obrero-en-cali-revise-los-detalles-2146.html\"><span class=\"text-primary text-xl md:text-2xl mr-2\">5<!-- -->.<\/span><p class=\"text-left text-sm\">As\u00ed avanzan las obras en el barrio Obrero en Cali<\/p><\/a><\/div><\/div><\/div><\/div><\/div><\/div><\/div><\/div><\/main>","body_rewritten":"<p class=\"mb-4 leading-relaxed\">En un reciente debate de control pol\u00edtico en el Concejo de Cali, la gerente de Enruta, Diana Carolina Reina, present\u00f3 un balance financiero de la entidad. Durante esta sesi\u00f3n, el concejal Roberto Ortiz intervino con una <strong>contundente propuesta<\/strong> sobre la gesti\u00f3n de la semaforizaci\u00f3n inteligente en la ciudad.<\/p><h2 class=\"text-2xl font-bold mt-6 mb-3\">La inoperatividad de los sem\u00e1foros inteligentes<\/h2><p class=\"mb-4 leading-relaxed\">Los sem\u00e1foros inteligentes, instalados hace m\u00e1s de dos a\u00f1os y medio durante la administraci\u00f3n anterior de Jorge Iv\u00e1n Ospina, siguen sin funcionar. La actual gesti\u00f3n de Alejandro Eder no ha logrado <strong>desenredar completamente<\/strong> el complejo tema de contrataci\u00f3n de estos dispositivos, generando frustraci\u00f3n y caos en la movilidad.<\/p><blockquote class=\"border-l-4 border-gray-300 pl-4 italic my-4\">Hay que reconocer que mientras aqu\u00ed tuvimos al Secretario de Seguridad hablando sobre las c\u00e1maras de seguridad, Enruta nos est\u00e1 mostrando que tienen una <strong>tecnolog\u00eda muy avanzada<\/strong> y esto es muy positivo.<\/blockquote><h2 class=\"text-2xl font-bold mt-6 mb-3\">Eficiencia de enruta frente a movilidad<\/h2><p class=\"mb-4 leading-relaxed\">Ortiz argument\u00f3 que Enruta demuestra una <strong>mayor eficiencia operativa<\/strong> en comparaci\u00f3n con otras dependencias del Distrito. Mientras los ajustes en sistemas y c\u00e1maras de fotomultas se realizan r\u00e1pidamente, la reparaci\u00f3n de sem\u00e1foros por parte de la Secretar\u00eda de Movilidad puede demorar d\u00edas o incluso semanas, afectando gravemente el flujo vehicular.<\/p><img src=\"https:\/\/i.ytimg.com\/vi\/3F7xxjjl_co\/hqdefault.jpg\" style=\"max-width:100%; height:auto; margin:20px 0; display:block;\" loading=\"lazy\" alt=\"\">","status":"published","author":null,"image_url":"https:\/\/colombiahoy.s3.us-east-2.amazonaws.com\/articles\/3504\/image-f0ae8bca701f82d1a7ac9411a455146470f2f1b785e684da3a876733aa2c3668.webp","canonical_url":"https:\/\/www.elpais.com.co\/cali\/en-el-concejo-de-cali-plantean-que-enruta-reemplace-a-la-secretaria-de-movilidad-en-la-administracion-de-los-semaforos-inteligentes-2138.html","published_at":"2026-04-21 16:37","created_at":"2026-04-22 13:58","last_error":"HTTP request returned status code 402:\n{\"error\":{\"message\":\"Insufficient Balance\",\"type\":\"unknown_error\",\"param\":null,\"code\":\"invalid_request_error\"}}\n","topics":[{"id":2,"name":"Cali","slug":"cali"},{"id":5,"name":"Pol\u00edtica","slug":"politica"},{"id":11,"name":"Actualidad","slug":"actualidad"}],"source":"N\/A"}],"trending":[{"id":3479,"title":"Selecci\u00f3n Colombia Sub 17 conquista Paraguay con talento antioque\u00f1o y paisa","slug":"seleccion-colombia-sub-17-conquista-paraguay-con-talento-antioqueno-y-paisa","title_original":"Cinco jugadores antioque\u00f1os y seis de equipos paisas conforman la Selecci\u00f3n Colombia Sub 17 campeona en Paraguay | El Colombiano - El Colombiano","title_rewritten":"Selecci\u00f3n Colombia Sub 17 conquista Paraguay con talento antioque\u00f1o y paisa","excerpt":"La Selecci\u00f3n Colombia Sub 17 se alz\u00f3 con el t\u00edtulo en Paraguay, con una fuerte representaci\u00f3n de talentos antioque\u00f1os y de equipos paisas, demostrando el semillero futbol\u00edstico de la regi\u00f3n.","body":"<h2 class='text-2xl font-bold mt-6 mb-3'>Triunfo hist\u00f3rico en tierras guaran\u00edes<\/h2><p class='mb-4 leading-relaxed'>La <strong>Selecci\u00f3n Colombia Sub 17<\/strong> ha escrito una nueva p\u00e1gina dorada en su historia al coronarse campeona en el reciente torneo disputado en Paraguay. Este logro no solo celebra el talento joven del pa\u00eds, sino que tambi\u00e9n resalta la <strong>fuerza y el compromiso<\/strong> de una generaci\u00f3n prometedora de futbolistas. La victoria fue el resultado de un trabajo en equipo excepcional y una estrategia impecable que super\u00f3 a cada rival.<\/p><h2 class='text-2xl font-bold mt-6 mb-3'>El sello antioque\u00f1o en la victoria<\/h2><p class='mb-4 leading-relaxed'>Un aspecto fundamental de este triunfo es la <strong>notable contribuci\u00f3n<\/strong> del talento antioque\u00f1o. Cinco jugadores nacidos en el departamento de Antioquia fueron piezas clave en el esquema del equipo, aportando su destreza y pasi\u00f3n en cada encuentro. Adem\u00e1s, seis futbolistas provenientes de <strong>equipos paisas<\/strong> demostraron el alto nivel de formaci\u00f3n que se imparte en la regi\u00f3n, consolidando a Antioquia como un semillero inagotable de estrellas del balompi\u00e9 nacional.<\/p><blockquote class='border-l-4 border-gray-300 pl-4 italic my-4'>Este campeonato es un testimonio del <strong>futuro brillante<\/strong> que le espera al f\u00fatbol colombiano, especialmente con la calidad de jugadores que emergen de regiones como Antioquia, que siempre ha sido cuna de grandes talentos.<\/blockquote><h2 class='text-2xl font-bold mt-6 mb-3'>El camino a la gloria y el impacto regional<\/h2><p class='mb-4 leading-relaxed'>Desde el inicio del torneo, la Selecci\u00f3n Colombia Sub 17 mostr\u00f3 una <strong>determinaci\u00f3n inquebrantable<\/strong>. Enfrentando a rivales de gran nivel, los j\u00f3venes cafeteros supieron imponer su juego, demostrando madurez y cohesi\u00f3n. Cada partido fue una prueba superada, culminando en una final donde el <strong>coraz\u00f3n y la garra<\/strong> colombiana brillaron con luz propia, trayendo la copa a casa y llenando de orgullo a todo el pa\u00eds, con especial \u00e9nfasis en la regi\u00f3n antioque\u00f1a.<\/p>","body_original":"Mujer discapacitada us\u00f3 sus ondas cerebrales para volver a bailar: as\u00ed funciona la tecnolog\u00eda que lo hizo posible bookmark Guardar share Compartir Messenger Whatsapp Twitter Facebook Linkedin","body_rewritten":"<h2 class='text-2xl font-bold mt-6 mb-3'>Triunfo hist\u00f3rico en tierras guaran\u00edes<\/h2><p class='mb-4 leading-relaxed'>La <strong>Selecci\u00f3n Colombia Sub 17<\/strong> ha escrito una nueva p\u00e1gina dorada en su historia al coronarse campeona en el reciente torneo disputado en Paraguay. Este logro no solo celebra el talento joven del pa\u00eds, sino que tambi\u00e9n resalta la <strong>fuerza y el compromiso<\/strong> de una generaci\u00f3n prometedora de futbolistas. La victoria fue el resultado de un trabajo en equipo excepcional y una estrategia impecable que super\u00f3 a cada rival.<\/p><h2 class='text-2xl font-bold mt-6 mb-3'>El sello antioque\u00f1o en la victoria<\/h2><p class='mb-4 leading-relaxed'>Un aspecto fundamental de este triunfo es la <strong>notable contribuci\u00f3n<\/strong> del talento antioque\u00f1o. Cinco jugadores nacidos en el departamento de Antioquia fueron piezas clave en el esquema del equipo, aportando su destreza y pasi\u00f3n en cada encuentro. Adem\u00e1s, seis futbolistas provenientes de <strong>equipos paisas<\/strong> demostraron el alto nivel de formaci\u00f3n que se imparte en la regi\u00f3n, consolidando a Antioquia como un semillero inagotable de estrellas del balompi\u00e9 nacional.<\/p><blockquote class='border-l-4 border-gray-300 pl-4 italic my-4'>Este campeonato es un testimonio del <strong>futuro brillante<\/strong> que le espera al f\u00fatbol colombiano, especialmente con la calidad de jugadores que emergen de regiones como Antioquia, que siempre ha sido cuna de grandes talentos.<\/blockquote><h2 class='text-2xl font-bold mt-6 mb-3'>El camino a la gloria y el impacto regional<\/h2><p class='mb-4 leading-relaxed'>Desde el inicio del torneo, la Selecci\u00f3n Colombia Sub 17 mostr\u00f3 una <strong>determinaci\u00f3n inquebrantable<\/strong>. Enfrentando a rivales de gran nivel, los j\u00f3venes cafeteros supieron imponer su juego, demostrando madurez y cohesi\u00f3n. Cada partido fue una prueba superada, culminando en una final donde el <strong>coraz\u00f3n y la garra<\/strong> colombiana brillaron con luz propia, trayendo la copa a casa y llenando de orgullo a todo el pa\u00eds, con especial \u00e9nfasis en la regi\u00f3n antioque\u00f1a.<\/p>","status":"published","author":null,"image_url":"https:\/\/colombiahoy.s3.us-east-2.amazonaws.com\/articles\/3479\/image-88190db49d7914783b1deed83fc715c459207bcf36b4c08cd170e6e5f086e168.webp","canonical_url":"https:\/\/www.elcolombiano.com\/deportes\/futbol\/antioquia-aporto-cinco-jugadores-nacidos-en-la-region-y-seis-que-juegan-en-equipos-paisas-a-la-seleccion-colombia-sub-17-IG35665269","published_at":"2026-04-20 19:38","created_at":"2026-04-21 06:00","last_error":null,"topics":[{"id":1,"name":"Deportes","slug":"deportes"},{"id":2,"name":"Cali","slug":"cali"}],"source":"Selecci\u00f3n Colombia"},{"id":1687,"title":"Trump afirma que Colombia fue invitada a Cumbre Escudo de las Am\u00e9ricas pese a ausencia","slug":"creo-que-si-fueron-invitados-trump-tras-inasistencia-de-colombia-a-cumbre-escudo-de-las-americas-caracol-radio","title_original":"\u201cCreo que s\u00ed fueron invitados\u201d: Trump tras inasistencia de Colombia a Cumbre Escudo de las Am\u00e9ricas - Caracol Radio","title_rewritten":"Trump afirma que Colombia fue invitada a Cumbre Escudo de las Am\u00e9ricas pese a ausencia","excerpt":"El presidente Donald Trump asegur\u00f3 que Colombia s\u00ed recibi\u00f3 invitaci\u00f3n a la Cumbre Escudo de las Am\u00e9ricas, contradiciendo la postura oficial de su administraci\u00f3n que justific\u00f3 la exclusi\u00f3n por falta de cooperaci\u00f3n en materia de narcotr\u00e1fico.","body":"<p class='mb-5 leading-7 text-gray-800 text-lg'>En una declaraci\u00f3n que genera nuevas interrogantes sobre la posici\u00f3n diplom\u00e1tica de Colombia frente a la administraci\u00f3n Trump, el presidente estadounidense afirm\u00f3 este mi\u00e9rcoles que el pa\u00eds s\u00ed fue convocado a la Cumbre Escudo de las Am\u00e9ricas, iniciativa militar contra el narcotr\u00e1fico que reuni\u00f3 el pasado fin de semana a diecis\u00e9is mandatarios latinoamericanos. Las palabras de Trump, pronunciadas en respuesta al corresponsal de Caracol Radio Juan Esteban Silva, contradicen directamente la versi\u00f3n oficial emitida el martes por la portavoz de la Casa Blanca, Karoline Leavitt, quien hab\u00eda justificado la exclusi\u00f3n colombiana alegando insuficiente cooperaci\u00f3n gubernamental.<\/p><p class='mb-5 leading-7 text-gray-800 text-lg'>El mandatario republicano expres\u00f3 textualmente: &#039;Creo que s\u00ed fueron invitados, no vinieron. Me llevo muy bien con esos pa\u00edses&#039;, en referencia no solo a Colombia sino tambi\u00e9n a Brasil y M\u00e9xico, naciones que igualmente estuvieron ausentes en el encuentro celebrado el 7 de marzo. Esta divergencia entre el discurso presidencial y las declaraciones institucionales de su equipo de gobierno revela posibles tensiones internas dentro de la administraci\u00f3n estadounidense respecto a la estrategia hemisf\u00e9rica contra el narcotr\u00e1fico, particularmente en lo concerniente a la relaci\u00f3n con gobiernos de orientaci\u00f3n pol\u00edtica distinta.<\/p><h2 class='text-2xl font-bold text-gray-900 mt-8 mb-4 border-b pb-2 font-serif'>Contexto de la iniciativa y justificaci\u00f3n oficial previa<\/h2><p class='mb-5 leading-7 text-gray-800 text-lg'>La Cumbre Escudo de las Am\u00e9ricas representa la materializaci\u00f3n de una pol\u00edtica exterior m\u00e1s agresiva anunciada por Trump, quien durante el evento comprometi\u00f3 el uso de &#039;fuerza militar letal&#039; contra narcotraficantes y lo que denomin\u00f3 &#039;redes terroristas&#039; en la regi\u00f3n. Seg\u00fan la explicaci\u00f3n proporcionada inicialmente por la portavoz Leavitt, la exclusi\u00f3n de Colombia se fundament\u00f3 en una evaluaci\u00f3n negativa del nivel de colaboraci\u00f3n demostrado por el gobierno del presidente Gustavo Petro. &#039;No creemos que estemos viendo todav\u00eda el nivel de cooperaci\u00f3n que realmente quisi\u00e9ramos por parte del Gobierno colombiano para invitarlos&#039;, declar\u00f3 la funcionaria, estableciendo as\u00ed un v\u00ednculo directo entre la participaci\u00f3n en la alianza y el cumplimiento de expectativas espec\u00edficas de Washington.<\/p><h2 class='text-2xl font-bold text-gray-900 mt-8 mb-4 border-b pb-2 font-serif'>Implicaciones para la pol\u00edtica exterior colombiana<\/h2><p class='mb-5 leading-7 text-gray-800 text-lg'>Esta situaci\u00f3n coloca a la diplomacia colombiana en una posici\u00f3n compleja dentro del tablero geopol\u00edtico regional. Hist\u00f3ricamente, Colombia ha sido el principal aliado estrat\u00e9gico de Estados Unidos en materia de seguridad y lucha antidrogas en el hemisferio, relaci\u00f3n cimentada durante d\u00e9cadas a trav\u00e9s de iniciativas como el Plan Colombia. La actual administraci\u00f3n Petro, sin embargo, ha implementado un giro significativo en esta pol\u00edtica, privilegiando enfoques alternativos al prohibicionismo y mostrando mayor autonom\u00eda en sus decisiones de seguridad. La exclusi\u00f3n -o seg\u00fan Trump, la inasistencia- a esta cumbre militar simboliza un distanciamiento tangible entre ambos gobiernos, con potenciales repercusiones en cooperaci\u00f3n bilateral, asistencia militar y coordinaci\u00f3n operativa.<\/p><ul class='list-square pl-8 mb-6 space-y-2 text-gray-800'><li>Contradicci\u00f3n entre declaraciones presidenciales y versiones oficiales de la Casa Blanca sobre el estatus de invitaci\u00f3n a Colombia<\/li><li>Justificaci\u00f3n inicial basada en percepciones de insuficiente cooperaci\u00f3n del gobierno colombiano en materia antinarc\u00f3ticos<\/li><li>Car\u00e1cter militar expl\u00edcito de la alianza anunciada, que contempla el uso de fuerza letal contra estructuras criminales<\/li><li>Ausencia simult\u00e1nea de otras potencias regionales como Brasil y M\u00e9xico, sugiriendo un patr\u00f3n de exclusi\u00f3n de gobiernos con posturas cr\u00edticas<\/li><li>Expectativa estadounidense de ampliar la membres\u00eda de la alianza en el corto plazo, seg\u00fan declaraciones de la portavoz Leavitt<\/li><\/ul><p class='mb-5 leading-7 text-gray-800 text-lg'>La portavoz de la Casa Blanca hab\u00eda expresado, no obstante, expectativas de que la coalici\u00f3n pudiera expandirse: &#039;Ciertamente esperamos que esta nueva organizaci\u00f3n se ampl\u00ede y podamos seguir invitando a pa\u00edses miembros adicionales&#039;. Esta declaraci\u00f3n deja abierta la posibilidad de una futura incorporaci\u00f3n colombiana, condicionada a ajustes en su pol\u00edtica de cooperaci\u00f3n que satisfagan los par\u00e1metros establecidos por Washington. El desarrollo de este episodio deber\u00e1 monitorearse en el contexto m\u00e1s amplio de las relaciones bilaterales, donde temas como la extradici\u00f3n de narcotraficantes -recientemente solicitada para alias &#039;Calarc\u00e1&#039;- y la participaci\u00f3n en foros internacionales sobre drogas contin\u00faan siendo puntos de fricci\u00f3n entre ambas administraciones.<\/p>","body_original":"\u201cCreo que s\u00ed fueron invitados\u201d: Trump tras inasistencia de Colombia a Cumbre Escudo de las Am\u00e9ricas00:00:0005:49CopiarDescargarCompartirCerrarEl c\u00f3digo iframe se ha copiado en el portapapelesFacebookTwitterLinkedinWhatsAppCerrarFacebookTwitterLinkedInWhatsAppLina Mar\u00eda Vegavegacabravegacabra11\/03\/2026 - 11:50 GMT-5Caracol Radio confirm\u00f3 que el presidente de Estados Unidos, Donald Trump, desminti\u00f3 que Colombia no haya sido invitada a la Cumbre del Escudo de Am\u00e9rica.Le puede interesar: Casa Blanca: Colombia no fue invitada a la iniciativa contra narcotr\u00e1fico por falta de cooperaci\u00f3n\u201cCreo que s\u00ed fueron invitados, no vinieron. Me llevo muy bien con esos pa\u00edses\u201d, dijo el mandatario estadounidense en referencia a Colombia, Brasil y M\u00e9xico, en respuesta al corresponsal de Caracol Radio, Juan Esteban Silva.Esta declaraci\u00f3n se produjo despu\u00e9s de que el pasado martes 10 de marzo la Casa Blanca, a trav\u00e9s de su portavoz, Karoline Leavitt, advirtiera que Colombia a\u00fan no merec\u00eda integrar la alianza antinarc\u00f3ticos que el presidente Donald Trump form\u00f3 con 16 de sus hom\u00f3logos latinoamericanos el pasado fin de semana.Leavitt declar\u00f3: \u201cNo creemos que estemos viendo todav\u00eda el nivel de cooperaci\u00f3n que realmente quisi\u00e9ramos por parte del Gobierno colombiano para invitarlos\u201d.En el marco de la llamada Cumbre Escudo de las Am\u00e9ricas, Trump anunci\u00f3 a sus mandatarios aliados el pasado 7 de marzo que se lanzar\u00e1 una estrategia para utilizar la \u201cfuerza militar letal\u201d contra narcotraficantes y \u201credes terroristas\u201d de la regi\u00f3n.De este modo, el llamado Escudo de las Am\u00e9ricas es una alianza militar liderada por el Gobierno de Donald Trump junto con otros 12 gobiernos de la regi\u00f3n para definir la estrategia con la que se enfrentar\u00e1 el problema del narcotr\u00e1fico.Lea tambi\u00e9n: Carta en Washington pide a Gobierno Petro acelerar la extradici\u00f3n de alias \u2018Calarc\u00e1\u2019Pese a la ausencia de Colombia, M\u00e9xico y Brasil en esta cumbre, el Gobierno estadounidense confi\u00f3 en que esa asociaci\u00f3n se ampl\u00ede en un corto plazo. \u201cCiertamente esperamos que esta nueva organizaci\u00f3n se ampl\u00ede y podamos seguir invitando a pa\u00edses miembros adicionales\u201d, dijo Leavitt en su momento. View this post on Instagram Escuche esta noticia en 6AM W:El c\u00f3digo iframe se ha copiado en el portapapelesEscucha el audio00:00:0005:49DescargarCompartirCerrarFacebookTwitterLinkedinWhatsAppCerrarEscuchar Caracol Radio EN VIVO:El c\u00f3digo iframe se ha copiado en el portapapelesDirectoEscucha el audio00:00:00CompartirCerrarFacebookTwitterLinkedinWhatsAppCerrarLina Mar\u00eda Vega Egresada de Periodismo y Opini\u00f3n P\u00fablica de la Universidad del Rosario, con \u00e9nfasis en la Maestr\u00eda de... Leer m\u00e1sArt\u00edculo anteriorIndicios apuntan a que un hombre se prendi\u00f3 fuego en autob\u00fas en Suiza EFE11\/03\/2026Art\u00edculo siguientePa\u00edses liberar\u00e1n 400 millones de barriles de petr\u00f3leo para contener la crisis energ\u00e9tica Daniela Salgado Romero11\/03\/2026Lo m\u00e1s le\u00eddoPresidente Petro gener\u00f3 desconcierto en encuentro de Naciones Unidas sobre drogas11\/03\/2026\u00c1lvaro Uribe public\u00f3 un mensaje sobre la salud de Germ\u00e1n Vargas Lleras: esto dijo11\/03\/2026Paloma Valencia le ofreci\u00f3 oficialmente a Juan Daniel Oviedo ser su f\u00f3rmula vicepresidencial11\/03\/2026\u00daltimas NoticiasMuri\u00f3 colombiano tiroteado desde la calle cuando estaba en el balc\u00f3n de su casa en Alicante, Espa\u00f1a\u201cEra un amigo de mi infancia\u201d: Carlos Vives recuerda a su exmanager Manuel Riveira tras su muerteEl nuevo l\u00edder supremo de Ir\u00e1n desaf\u00eda a EE.UU. y pide cerrar Ormuz en su primer mensaje\u201cSon los nazis de nuestra generaci\u00f3n\u201d: enviada especial de la Canciller\u00eda israel\u00ed por r\u00e9gimen iran\u00ed\u201c\u00a1Soy presidente de Venezuela!\u201d: diario ABC relata c\u00f3mo vivir\u00eda Maduro en prisi\u00f3n de Nueva York Ir\u00e1n dice que el golfo P\u00e9rsico se te\u00f1ir\u00e1 de sangre si sus islas son invadidas","body_rewritten":"<p class='mb-5 leading-7 text-gray-800 text-lg'>En una declaraci\u00f3n que genera nuevas interrogantes sobre la posici\u00f3n diplom\u00e1tica de Colombia frente a la administraci\u00f3n Trump, el presidente estadounidense afirm\u00f3 este mi\u00e9rcoles que el pa\u00eds s\u00ed fue convocado a la Cumbre Escudo de las Am\u00e9ricas, iniciativa militar contra el narcotr\u00e1fico que reuni\u00f3 el pasado fin de semana a diecis\u00e9is mandatarios latinoamericanos. Las palabras de Trump, pronunciadas en respuesta al corresponsal de Caracol Radio Juan Esteban Silva, contradicen directamente la versi\u00f3n oficial emitida el martes por la portavoz de la Casa Blanca, Karoline Leavitt, quien hab\u00eda justificado la exclusi\u00f3n colombiana alegando insuficiente cooperaci\u00f3n gubernamental.<\/p><p class='mb-5 leading-7 text-gray-800 text-lg'>El mandatario republicano expres\u00f3 textualmente: &#039;Creo que s\u00ed fueron invitados, no vinieron. Me llevo muy bien con esos pa\u00edses&#039;, en referencia no solo a Colombia sino tambi\u00e9n a Brasil y M\u00e9xico, naciones que igualmente estuvieron ausentes en el encuentro celebrado el 7 de marzo. Esta divergencia entre el discurso presidencial y las declaraciones institucionales de su equipo de gobierno revela posibles tensiones internas dentro de la administraci\u00f3n estadounidense respecto a la estrategia hemisf\u00e9rica contra el narcotr\u00e1fico, particularmente en lo concerniente a la relaci\u00f3n con gobiernos de orientaci\u00f3n pol\u00edtica distinta.<\/p><h2 class='text-2xl font-bold text-gray-900 mt-8 mb-4 border-b pb-2 font-serif'>Contexto de la iniciativa y justificaci\u00f3n oficial previa<\/h2><p class='mb-5 leading-7 text-gray-800 text-lg'>La Cumbre Escudo de las Am\u00e9ricas representa la materializaci\u00f3n de una pol\u00edtica exterior m\u00e1s agresiva anunciada por Trump, quien durante el evento comprometi\u00f3 el uso de &#039;fuerza militar letal&#039; contra narcotraficantes y lo que denomin\u00f3 &#039;redes terroristas&#039; en la regi\u00f3n. Seg\u00fan la explicaci\u00f3n proporcionada inicialmente por la portavoz Leavitt, la exclusi\u00f3n de Colombia se fundament\u00f3 en una evaluaci\u00f3n negativa del nivel de colaboraci\u00f3n demostrado por el gobierno del presidente Gustavo Petro. &#039;No creemos que estemos viendo todav\u00eda el nivel de cooperaci\u00f3n que realmente quisi\u00e9ramos por parte del Gobierno colombiano para invitarlos&#039;, declar\u00f3 la funcionaria, estableciendo as\u00ed un v\u00ednculo directo entre la participaci\u00f3n en la alianza y el cumplimiento de expectativas espec\u00edficas de Washington.<\/p><h2 class='text-2xl font-bold text-gray-900 mt-8 mb-4 border-b pb-2 font-serif'>Implicaciones para la pol\u00edtica exterior colombiana<\/h2><p class='mb-5 leading-7 text-gray-800 text-lg'>Esta situaci\u00f3n coloca a la diplomacia colombiana en una posici\u00f3n compleja dentro del tablero geopol\u00edtico regional. Hist\u00f3ricamente, Colombia ha sido el principal aliado estrat\u00e9gico de Estados Unidos en materia de seguridad y lucha antidrogas en el hemisferio, relaci\u00f3n cimentada durante d\u00e9cadas a trav\u00e9s de iniciativas como el Plan Colombia. La actual administraci\u00f3n Petro, sin embargo, ha implementado un giro significativo en esta pol\u00edtica, privilegiando enfoques alternativos al prohibicionismo y mostrando mayor autonom\u00eda en sus decisiones de seguridad. La exclusi\u00f3n -o seg\u00fan Trump, la inasistencia- a esta cumbre militar simboliza un distanciamiento tangible entre ambos gobiernos, con potenciales repercusiones en cooperaci\u00f3n bilateral, asistencia militar y coordinaci\u00f3n operativa.<\/p><ul class='list-square pl-8 mb-6 space-y-2 text-gray-800'><li>Contradicci\u00f3n entre declaraciones presidenciales y versiones oficiales de la Casa Blanca sobre el estatus de invitaci\u00f3n a Colombia<\/li><li>Justificaci\u00f3n inicial basada en percepciones de insuficiente cooperaci\u00f3n del gobierno colombiano en materia antinarc\u00f3ticos<\/li><li>Car\u00e1cter militar expl\u00edcito de la alianza anunciada, que contempla el uso de fuerza letal contra estructuras criminales<\/li><li>Ausencia simult\u00e1nea de otras potencias regionales como Brasil y M\u00e9xico, sugiriendo un patr\u00f3n de exclusi\u00f3n de gobiernos con posturas cr\u00edticas<\/li><li>Expectativa estadounidense de ampliar la membres\u00eda de la alianza en el corto plazo, seg\u00fan declaraciones de la portavoz Leavitt<\/li><\/ul><p class='mb-5 leading-7 text-gray-800 text-lg'>La portavoz de la Casa Blanca hab\u00eda expresado, no obstante, expectativas de que la coalici\u00f3n pudiera expandirse: &#039;Ciertamente esperamos que esta nueva organizaci\u00f3n se ampl\u00ede y podamos seguir invitando a pa\u00edses miembros adicionales&#039;. Esta declaraci\u00f3n deja abierta la posibilidad de una futura incorporaci\u00f3n colombiana, condicionada a ajustes en su pol\u00edtica de cooperaci\u00f3n que satisfagan los par\u00e1metros establecidos por Washington. El desarrollo de este episodio deber\u00e1 monitorearse en el contexto m\u00e1s amplio de las relaciones bilaterales, donde temas como la extradici\u00f3n de narcotraficantes -recientemente solicitada para alias &#039;Calarc\u00e1&#039;- y la participaci\u00f3n en foros internacionales sobre drogas contin\u00faan siendo puntos de fricci\u00f3n entre ambas administraciones.<\/p>","status":"published","author":null,"image_url":"https:\/\/colombiahoy.s3.us-east-2.amazonaws.com\/articles\/1687\/image-02d7580713d41adc43e21a2c77597ce87eb6bea6da2a940f1b2d4366c712a874.webp","canonical_url":"https:\/\/caracol.com.co\/2026\/03\/11\/creo-que-si-fueron-invitados-trump-tras-inasistencia-de-colombia-a-cumbre-escudo-de-las-americas\/","published_at":"2026-03-11 11:50","created_at":"2026-03-12 13:11","last_error":null,"topics":[{"id":11,"name":"Actualidad","slug":"actualidad"}],"source":"Noticias Colombia"},{"id":1519,"title":"Fallece Carolina Reyes, creadora de contenido conocida como 'Carol The Warrior' en Cali","slug":"fallece-carolina-reyes-creadora-de-contenido-digital-conocida-como-carol-the-warrior-en-cali","title_original":"El tr\u00e1gico final de 'Carol The Warrior', creadora de contenido que muri\u00f3 en una cl\u00ednica de Cali: as\u00ed document\u00f3 en redes su compleja condici\u00f3n de salud - ELTIEMPO.com","title_rewritten":"Fallece Carolina Reyes, creadora de contenido conocida como 'Carol The Warrior' en Cali","excerpt":"Carolina Reyes, creadora de contenido conocida como 'Carol The Warrior', falleci\u00f3 el 11 de marzo de 2026 en Cali. Su equipo confirm\u00f3 la noticia mediante un comunicado oficial, solicitando respeto para la familia.","body":"<p class='mb-5 leading-7 text-gray-800 text-lg'>El entorno digital de Cali se encuentra consternado tras el fallecimiento de Carolina Reyes, creadora de contenido conocida bajo el seud\u00f3nimo &#039;Carol The Warrior&#039;. Su deceso ocurri\u00f3 el mi\u00e9rcoles 11 de marzo de 2026 en una cl\u00ednica de la capital del Valle del Cauca, seg\u00fan confirm\u00f3 su equipo de trabajo mediante un comunicado oficial difundido en sus canales digitales.<\/p><p class='mb-5 leading-7 text-gray-800 text-lg'>El documento, que califica el suceso como &#039;el sensible fallecimiento de nuestra guerrera&#039;, destaca a Reyes como &#039;una persona brillante y un ser humano que jam\u00e1s se rindi\u00f3 ante cualquier dificultad que se le present\u00f3&#039;. No obstante, el texto no especifica las causas m\u00e9dicas o circunstancias exactas que condujeron a su muerte, limit\u00e1ndose a solicitar &#039;prudencia, empat\u00eda y amor con sus familiares y amigos&#039;.<\/p><h2 class='text-2xl font-bold text-gray-900 mt-8 mb-4 border-b pb-2 font-serif'>Trayectoria digital y enfoque tem\u00e1tico<\/h2><p class='mb-5 leading-7 text-gray-800 text-lg'>Carolina Reyes hab\u00eda construido una presencia significativa en plataformas digitales, donde abordaba tem\u00e1ticas relacionadas con estilo de vida, superaci\u00f3n personal y bienestar integral. Su perfil p\u00fablico, caracterizado por un mensaje de resiliencia, le permiti\u00f3 desarrollar una comunidad de seguidores y, seg\u00fan registros period\u00edsticos, establecer su propia boutique comercial.<\/p><p class='mb-5 leading-7 text-gray-800 text-lg'>La creadora de contenido hab\u00eda documentado peri\u00f3dicamente en sus redes sociales el manejo de una condici\u00f3n de salud compleja, aunque sin revelar diagn\u00f3sticos espec\u00edficos. Esta pr\u00e1ctica de transparencia sobre desaf\u00edos personales forma parte de una tendencia observada entre influenciadores que buscan humanizar su imagen y conectar desde la autenticidad con sus audiencias.<\/p><h2 class='text-2xl font-bold text-gray-900 mt-8 mb-4 border-b pb-2 font-serif'>Impacto en el ecosistema digital regional<\/h2><p class='mb-5 leading-7 text-gray-800 text-lg'>La noticia de su fallecimiento ha generado reacciones de pesar en el medio digital cale\u00f1o, evidenciando la influencia que figuras como Reyes ejercen en comunidades en l\u00ednea regionales. Su caso se inscribe en un contexto m\u00e1s amplio donde creadores de contenido colombianos han alcanzado notoriedad al abordar temas de desarrollo personal y bienestar, nicho que ha ganado relevancia en la \u00faltima d\u00e9cada.<\/p><p class='mb-5 leading-7 text-gray-800 text-lg'>El equipo de &#039;Carol The Warrior&#039; indic\u00f3 que informaci\u00f3n adicional sobre los detalles del acontecimiento ser\u00e1 publicada progresivamente en sus redes oficiales. El comunicado concluye agradeciendo el apoyo recibido durante su trayectoria y expresando el deseo de que &#039;sea despedida por todos nosotros&#039;.<\/p>","body_original":"NoticiaEl tr\u00e1gico final de 'Carol The Warrior', creadora de contenido que muri\u00f3 en una cl\u00ednica de Cali: as\u00ed document\u00f3 en redes su compleja condici\u00f3n de saludSu fallecimiento ocurri\u00f3 el mi\u00e9rcoles 11 de marzo, en la capital vallecaucana. Hay tristeza en el medio digital cale\u00f1o.Carolina Reyes, creadora de contenido, era conocida por mostrar temas referentes a estilo de vida, superaci\u00f3n personal y bienestar.\u00a0 Foto: ParticularLinkJos\u00e9 Antonio Minota HurtadoPERIODISTA12.03.2026 04:05 Actualizado: 12.03.2026 04:05 Compartir Guardar Ingrese o reg\u00edstrese ac\u00e1 para guardar los art\u00edculos en su zona de usuario y leerlos cuando quiera Reportar Resumen Cerrar Este resumen fue construido con ayuda de IA. Escuchar 00:0000:001X Comentar La url ha sido copiada en el portapapeles Momentos de consternaci\u00f3n y tristeza embargan el mundo digital cale\u00f1o tras la muerte de la creadora de contenido Carolina Reyes, tambi\u00e9n conocida como \u2018Carol The Warrior\u2019, en una cl\u00ednica de Cali.As\u00ed lo confirm\u00f3 su equipo de trabajo a trav\u00e9s de sus canales oficiales, en el que public\u00f3 un comunicado lamentando \u201cel sensible fallecimiento de nuestra guerrera, una persona brillante y un ser humano que jam\u00e1s se rindi\u00f3 ante cualquier dificultad que se le present\u00f3\u201d.\u00a0La creadora de contenido pudo abrir su propia boutique. Foto:ParticularAunque el documento precis\u00f3 que la muerte de Reyes se produjo el 11 de marzo del 2026, no dio detalles sobre su fallecimiento.\u00a0\u201cLes pedimos prudencia, empat\u00eda y amor con sus familiares y amigos. La dem\u00e1s informaci\u00f3n sobre todo lo relacionado con el acontecimiento la estaremos publicando en sus redes oficiales. Gracias por amarla, apoyarla, demostrarle tanto cari\u00f1o y siempre acogerla con las manos abiertas; as\u00ed mismo esperamos que sea despedida por todos nosotros\u201d, menciona la publicaci\u00f3n. LEA TAMBI\u00c9N \u00bfSabe 'tirar' los mismos pasos que Michael Jackson? En Cali buscan al imitador del 'Rey del pop' para un concurso de baile en el Bulevar del OrienteJos\u00e9 Minota Hurtado","body_rewritten":"<p class='mb-5 leading-7 text-gray-800 text-lg'>El entorno digital de Cali se encuentra consternado tras el fallecimiento de Carolina Reyes, creadora de contenido conocida bajo el seud\u00f3nimo &#039;Carol The Warrior&#039;. Su deceso ocurri\u00f3 el mi\u00e9rcoles 11 de marzo de 2026 en una cl\u00ednica de la capital del Valle del Cauca, seg\u00fan confirm\u00f3 su equipo de trabajo mediante un comunicado oficial difundido en sus canales digitales.<\/p><p class='mb-5 leading-7 text-gray-800 text-lg'>El documento, que califica el suceso como &#039;el sensible fallecimiento de nuestra guerrera&#039;, destaca a Reyes como &#039;una persona brillante y un ser humano que jam\u00e1s se rindi\u00f3 ante cualquier dificultad que se le present\u00f3&#039;. No obstante, el texto no especifica las causas m\u00e9dicas o circunstancias exactas que condujeron a su muerte, limit\u00e1ndose a solicitar &#039;prudencia, empat\u00eda y amor con sus familiares y amigos&#039;.<\/p><h2 class='text-2xl font-bold text-gray-900 mt-8 mb-4 border-b pb-2 font-serif'>Trayectoria digital y enfoque tem\u00e1tico<\/h2><p class='mb-5 leading-7 text-gray-800 text-lg'>Carolina Reyes hab\u00eda construido una presencia significativa en plataformas digitales, donde abordaba tem\u00e1ticas relacionadas con estilo de vida, superaci\u00f3n personal y bienestar integral. Su perfil p\u00fablico, caracterizado por un mensaje de resiliencia, le permiti\u00f3 desarrollar una comunidad de seguidores y, seg\u00fan registros period\u00edsticos, establecer su propia boutique comercial.<\/p><p class='mb-5 leading-7 text-gray-800 text-lg'>La creadora de contenido hab\u00eda documentado peri\u00f3dicamente en sus redes sociales el manejo de una condici\u00f3n de salud compleja, aunque sin revelar diagn\u00f3sticos espec\u00edficos. Esta pr\u00e1ctica de transparencia sobre desaf\u00edos personales forma parte de una tendencia observada entre influenciadores que buscan humanizar su imagen y conectar desde la autenticidad con sus audiencias.<\/p><h2 class='text-2xl font-bold text-gray-900 mt-8 mb-4 border-b pb-2 font-serif'>Impacto en el ecosistema digital regional<\/h2><p class='mb-5 leading-7 text-gray-800 text-lg'>La noticia de su fallecimiento ha generado reacciones de pesar en el medio digital cale\u00f1o, evidenciando la influencia que figuras como Reyes ejercen en comunidades en l\u00ednea regionales. Su caso se inscribe en un contexto m\u00e1s amplio donde creadores de contenido colombianos han alcanzado notoriedad al abordar temas de desarrollo personal y bienestar, nicho que ha ganado relevancia en la \u00faltima d\u00e9cada.<\/p><p class='mb-5 leading-7 text-gray-800 text-lg'>El equipo de &#039;Carol The Warrior&#039; indic\u00f3 que informaci\u00f3n adicional sobre los detalles del acontecimiento ser\u00e1 publicada progresivamente en sus redes oficiales. El comunicado concluye agradeciendo el apoyo recibido durante su trayectoria y expresando el deseo de que &#039;sea despedida por todos nosotros&#039;.<\/p>","status":"published","author":null,"image_url":"https:\/\/colombiahoy.s3.us-east-2.amazonaws.com\/articles\/1519\/image-f92e12b7bef9a355b5b26e38bf1b891bfb04186104f5a9ae4263565797dd9960.webp","canonical_url":"https:\/\/www.eltiempo.com\/colombia\/cali\/el-tragico-final-de-carol-the-warrior-creadora-de-contenido-que-murio-en-una-clinica-de-cali-en-redes-documento-su-compleja-condicion-de-salud-3539549","published_at":"2026-03-12 09:05","created_at":"2026-03-12 10:01","last_error":null,"topics":[{"id":2,"name":"Cali","slug":"cali"}],"source":"Salud Cali"},{"id":3187,"title":"Cali traslada recaudo de impuestos al Edificio Bulevar para modernizar servicios","slug":"cali-traslada-recaudo-de-impuestos-al-edificio-bulevar-para-modernizar-servicios","title_original":"Cambios en el recaudo de impuestos en Cali: El Hall Bancario del CAM se traslada al Edificio Bulevar","title_rewritten":"Cali traslada recaudo de impuestos al Edificio Bulevar para modernizar servicios","excerpt":"La Alcald\u00eda de Cali reorganiza el pago de impuestos presenciales, trasladando el recaudo en efectivo del CAM al Edificio Bulevar como parte de un plan de modernizaci\u00f3n.","body":"<h2 class='text-2xl font-bold mt-6 mb-3'>Reestructuraci\u00f3n para optimizar servicios tributarios<\/h2><p class='mb-4 leading-relaxed'>La Alcald\u00eda de Cali, a trav\u00e9s del <strong>Departamento Administrativo de Hacienda<\/strong>, anunci\u00f3 una reestructuraci\u00f3n en la prestaci\u00f3n de servicios tributarios de manera presencial. A partir del pr\u00f3ximo lunes 13 de abril, el tradicional Hall Bancario ubicado en el Centro Administrativo Municipal (CAM) dejar\u00e1 de recibir pagos en efectivo, trasladando la centralizaci\u00f3n de estos tr\u00e1mites a la Oficina de Atenci\u00f3n al Contribuyente en el Edificio Bulevar.<\/p><h2 class='text-2xl font-bold mt-6 mb-3'>Un plan de modernizaci\u00f3n para reducir tiempos de espera<\/h2><p class='mb-4 leading-relaxed'>Esta medida responde a un <strong>plan de modernizaci\u00f3n del complejo administrativo<\/strong> que busca optimizar los espacios de servicio y reducir los tiempos de espera para los ciudadanos. Con este ajuste, la sede de la Avenida 6N # 13N - 50 se convertir\u00e1 en el epicentro para la gesti\u00f3n integral de impuestos, permitiendo a los cale\u00f1os realizar m\u00faltiples procesos en un solo lugar.<\/p><blockquote class='border-l-4 border-gray-300 pl-4 italic my-4'>El Hall Bancario del CAM solo mantendr\u00e1 habilitado el kiosco para pagos mediante <strong>tarjetas de cr\u00e9dito y d\u00e9bito<\/strong>.<\/blockquote><h2 class='text-2xl font-bold mt-6 mb-3'>Nuevos puntos para pagos en efectivo<\/h2><p class='mb-4 leading-relaxed'>Quienes requieran cancelar sus obligaciones en efectivo, como el <strong>Impuesto Predial<\/strong>, deber\u00e1n dirigirse a los centros de atenci\u00f3n de Emcali, puntos Gane, Efecty o a las entidades bancarias autorizadas por la administraci\u00f3n municipal. Esta reorganizaci\u00f3n busca concentrar servicios clave y ofrecer una atenci\u00f3n m\u00e1s \u00e1gil.<\/p><ul class='list-disc pl-5 mb-4 space-y-1'><li>El Hall Bancario del CAM deja de recibir <strong>efectivo<\/strong> desde el 13 de abril.<\/li><li>El <strong>Edificio Bulevar<\/strong> ser\u00e1 la nueva sede central para tr\u00e1mites tributarios.<\/li><li>Pagos con tarjeta seguir\u00e1n disponibles en el kiosco del CAM.<\/li><li><strong>Emcali, Gane y Efecty<\/strong> son alternativas para pagos en efectivo.<\/li><\/ul>","body_original":"<div class=\"mx-auto max-w-(--breakpoint-xl) px-2 lg:pt-8\"><div class=\"mb-2 flex items-center text-primary\"><div class=\"mr-1.5\"><svg xmlns=\"http:\/\/www.w3.org\/2000\/svg\" fill=\"none\" viewbox=\"0 0 24 24\" stroke-width=\"2\" stroke=\"currentColor\" class=\"h-4 w-4\"><path stroke-linecap=\"round\" stroke-linejoin=\"round\" d=\"M8.25 4.5l7.5 7.5-7.5 7.5\"><\/path><\/svg><\/div><p class=\"text-xs uppercase\">Cali<\/p><\/div><h1 class=\"text-smoke-700 mb-2 text-2xl font-black leading-7 lg:text-5xl lg:leading-none\">\u00bfCon qu\u00e9 bancos puedo pagar el impuesto predial en Cali? Alcald\u00eda responde<\/h1><p class=\"lead mb-2\">El traslado temporal al Edificio Bulevar busca concentrar servicios clave en un solo lugar y reducir tiempos de atenci\u00f3n, en medio del proceso de modernizaci\u00f3n del complejo administrativo.<\/p><p class=\"mb-4 text-base\"><span class=\"mr-1 inline-block align-middle\"><img src=\"https:\/\/multimedia.elpais.com.co\/2025\/15-Octubre\/discover.png\" alt=\"Google\" width=\"16\" height=\"16\"><\/span><a href=\"https:\/\/profile.google.com\/cp\/CgkvbS8wY2YwaDQ\" target=\"_blank\" id=\"google-discover\" class=\"hover:text-primary hover:bg-slate-300 text-secondary\">Siga a EL PA\u00cdS en Google Discover y no se pierda las \u00faltimas noticias<\/a><\/p><div class=\"my-4\"><\/div><div class=\"mx-auto max-w-[968px]\"><figure><picture><source srcset=\"https:\/\/www.elpais.com.co\/resizer\/v2\/NI7GOK4GZZALJPNOOSLCEFTV3Y.jpg?auth=f277af7ae15f577897da66ca7e1be258ee8528f352a33259190bb606ab94949b&amp;smart=true&amp;quality=75&amp;width=480&amp;height=270\" media=\"(max-width: 480px)\"><\/source><source srcset=\"https:\/\/www.elpais.com.co\/resizer\/v2\/NI7GOK4GZZALJPNOOSLCEFTV3Y.jpg?auth=f277af7ae15f577897da66ca7e1be258ee8528f352a33259190bb606ab94949b&amp;smart=true&amp;quality=75&amp;width=768&amp;height=432\" media=\"(max-width: 768px)\"><\/source><img src=\"https:\/\/www.elpais.com.co\/resizer\/v2\/NI7GOK4GZZALJPNOOSLCEFTV3Y.jpg?auth=f277af7ae15f577897da66ca7e1be258ee8528f352a33259190bb606ab94949b&amp;smart=true&amp;quality=75&amp;width=1280&amp;height=720\" alt=\"Cali reorganiza pagos de impuestos: hall bancario del CAM se traslada temporalmente y centraliza servicios en el Edificio Bulevar\" height=\"9\" width=\"16\" fetchpriority=\"high\" decoding=\"async\" loading=\"eager\" class=\"h-full w-full object-cover object-center\"><\/picture><\/figure><figcaption class=\"text-bluelish-400 font-lato mt-0 max-w-none py-2 text-xs italic\">Cali reorganiza pagos de impuestos: hall bancario del CAM se traslada temporalmente y centraliza servicios en el Edificio Bulevar<!-- --> <span> | Foto: <!-- -->Alcald\u00eda de Cali<\/span><\/figcaption><\/div><\/div><div class=\"prose mx-auto max-w-[1210px] px-4 leading-tight md:prose-lg md:leading-tight\"><\/div><main class=\"mb-4 px-2\"><div class=\"mx-auto max-w-[968px] gap-4 lg:flex\"><div class=\"hidden md:block relative flex-none lg:w-20\"><div class=\"sticky top-16 md:pt-5\"><div class=\"inline-flex gap-4 lg:flex-col\"><\/div><\/div><\/div><div class=\"prose mb-4 max-w-none flex-auto\"><div class=\"not-prose grid grid-cols-1 gap-px py-4\"><div class=\"flex w-full py-2 rounded-xl bg-smoke-100\"><div class=\"flex gap-x-2.5 mx-2\"><div class=\"h-11 w-11 items-center overflow-hidden rounded-full text-primary\"><picture><source srcset=\"https:\/\/author-service-images-prod-us-east-1.publishing.aws.arc.pub\/semana\/d1442eac-b4da-4b57-964d-94efbe2118cc.JPG\" media=\"(max-width: 768px)\"><\/source><img srcset=\"https:\/\/author-service-images-prod-us-east-1.publishing.aws.arc.pub\/semana\/d1442eac-b4da-4b57-964d-94efbe2118cc.JPG\" alt=\"\" height=\"9\" width=\"16\" loading=\"lazy\" class=\"h-full w-full object-cover object-center\"><\/picture><\/div><\/div><div class=\"flex w-full flex-col px-2 border-l border-primary\"><div class=\"inline-flex gap-1 flex-row\"><a href=\"\/autor\/kmmartinez\/\"><h2 class=\"font-bold font-black text-base mr-2 hover:text-primary\">Kevin Mauricio Mart\u00ednez<\/h2><\/a><div> <\/div><\/div><div class=\"mt-2\"><p class=\"text-xs text-smoke-500\">12 de abr de 2026, 08:31 p.\u00a0m.<\/p><p class=\"text-xs text-smoke-500\">Actualizado el <!-- -->12 de abr de 2026, 08:32 p.\u00a0m.<\/p><\/div><div class=\"inline-flex gap-1 flex-row mt-2\"><\/div><\/div><\/div><\/div><div class=\"not-prose my-4 text-center lg:my-6\"><\/div><div class=\"block md:hidden text-center border-t border-b py-2\"><div class=\"sticky top-16 md:pt-5\"><div class=\"inline-flex gap-4 lg:flex-col\"><\/div><\/div><\/div><div class=\"not-prose block md:hidden text-center border-t border-b py-2\"><div class=\"my-2 border border-t-4 border-t-primary px-3\"><div class=\"p-4 text-center hidden lg:block\"><h2 class=\"text-primary text-xl\">Noticias<\/h2><h2 class=\"text-2xl font-lato font-bold\">Destacadas<\/h2><\/div><div class=\"flex flex-column justify-between items-center p-4 text-center block lg:hidden\"><h2 class=\"text-xl font-lato font-bold\">Noticias Destacadas<\/h2><svg xmlns=\"http:\/\/www.w3.org\/2000\/svg\" fill=\"none\" viewbox=\"0 0 24 24\" stroke-width=\"1.5\" stroke=\"currentColor\" class=\"h-6 w-6\"><path stroke-linecap=\"round\" stroke-linejoin=\"round\" d=\"M19.5 8.25l-7.5 7.5-7.5-7.5\"><\/path><\/svg><\/div><div class=\"hidden lg:block\"><div class=\"py-2 border-t\"><a class=\"flex flex-row\" href=\"https:\/\/www.elpais.com.co\/cali\/fatal-accidente-en-la-autopista-de-cali-deja-un-motociclista-muerto-otro-resulto-herido-al-caer-a-un-cano-1205.html\"><span class=\"text-primary text-xl md:text-2xl mr-2\">1<!-- -->.<\/span><p class=\"text-left text-sm\">Tragedia en la Autopista Suroriental: un muerto y dram\u00e1tico rescate de motociclista que cay\u00f3 al ca\u00f1o<\/p><\/a><\/div><\/div><div class=\"hidden lg:block\"><div class=\"py-2 border-t\"><a class=\"flex flex-row\" href=\"https:\/\/www.elpais.com.co\/cali\/denuncian-maniobras-peligrosas-con-moto-que-perteneceria-a-la-secretaria-de-movilidad-de-cali-le-robamos-la-moto-a-los-guardas-1211.html\"><span class=\"text-primary text-xl md:text-2xl mr-2\">2<!-- -->.<\/span><p class=\"text-left text-sm\">Pol\u00e9mica por video de maniobras con moto que ser\u00eda de la Secretar\u00eda de Movilidad de Cali<\/p><\/a><\/div><\/div><div class=\"hidden lg:block\"><div class=\"py-2 border-t\"><a class=\"flex flex-row\" href=\"https:\/\/www.elpais.com.co\/cali\/movilidad-de-cali-confirma-hurto-de-motocicleta-oficial-y-explica-caso-de-video-viral-con-maniobras-peligrosas-1358.html\"><span class=\"text-primary text-xl md:text-2xl mr-2\">3<!-- -->.<\/span><p class=\"text-left text-sm\">Movilidad de Cali confirma hurto de motocicleta institucional y explica caso de video viral<\/p><\/a><\/div><\/div><div class=\"hidden lg:block\"><div class=\"py-2 border-t\"><a class=\"flex flex-row\" href=\"https:\/\/www.elpais.com.co\/cali\/supuesto-atropellamiento-masivo-en-el-barrio-obrero-alcaldia-de-cali-revelo-lo-que-realmente-paso-1237.html\"><span class=\"text-primary text-xl md:text-2xl mr-2\">4<!-- -->.<\/span><p class=\"text-left text-sm\">Confusi\u00f3n en el barrio Obrero: conductor irrumpi\u00f3 en obra y huy\u00f3, pero no dej\u00f3 heridos<\/p><\/a><\/div><\/div><div class=\"hidden lg:block\"><div class=\"py-2 border-t\"><a class=\"flex flex-row\" href=\"https:\/\/www.elpais.com.co\/cali\/movilidad-de-cali-confirma-hurto-de-motocicleta-oficial-y-explica-caso-de-video-viral-con-maniobras-peligrosas-1358.html\"><span class=\"text-primary text-xl md:text-2xl mr-2\">5<!-- -->.<\/span><p class=\"text-left text-sm\">Video de maniobras peligrosas en Cali s\u00ed se grab\u00f3 con moto del Tr\u00e1nsito: Movilidad revel\u00f3 detalles<\/p><\/a><\/div><\/div><\/div><\/div><div class=\"paywall\"><div data-index=\"0\"><p data-type=\"text\">La Alcald\u00eda de Cali, a trav\u00e9s del Departamento Administrativo de Hacienda, anunci\u00f3 una reestructuraci\u00f3n en la prestaci\u00f3n de servicios tributarios de manera presencial. A partir del pr\u00f3ximo lunes 13 de abril, el tradicional Hall Bancario ubicado en el Centro Administrativo Municipal (CAM) dejar\u00e1 de recibir pagos en efectivo, trasladando la centralizaci\u00f3n de estos tr\u00e1mites a la Oficina de Atenci\u00f3n al Contribuyente en el Edificio Bulevar.<\/p><\/div><div data-index=\"1\"><p data-type=\"text\">Esta medida responde a un plan de modernizaci\u00f3n del complejo administrativo que busca optimizar los espacios de servicio y reducir los tiempos de espera para los ciudadanos. Con este ajuste, la sede de la Avenida 6N # 13N - 50 se convertir\u00e1 en el epicentro para la gesti\u00f3n integral de impuestos, permitiendo a los cale\u00f1os realizar m\u00faltiples procesos en un solo lugar.<\/p><\/div><div data-index=\"2\"><div class=\"not-prose relative my-2\"><\/div><\/div><div data-index=\"3\"><h3 data-type=\"header\" class=\"\"><b>Cambios en el esquema de pagos y servicios<\/b><\/h3><\/div><div data-index=\"4\"><p data-type=\"text\">Desde la fecha estipulada, el Hall Bancario del CAM solo mantendr\u00e1 habilitado el kiosco para pagos mediante tarjetas de cr\u00e9dito y d\u00e9bito. Quienes requieran cancelar sus obligaciones en efectivo, como el Impuesto Predial, deber\u00e1n dirigirse a los centros de atenci\u00f3n de Emcali, puntos Gane, Efecty o a las entidades bancarias autorizadas por la administraci\u00f3n municipal.<\/p><\/div><div data-index=\"5\"><div id=\"taboola-mid-article-recoreel\" class=\"mb-24\"><\/div><\/div><div data-index=\"6\"><div data-type=\"image\"><picture><source srcset=\"https:\/\/www.elpais.com.co\/resizer\/v2\/N7CLWLI6WJCZZIIVSYOBZXGEP4.jpg?auth=5186a5763893ad60a659c58717b22695ac15297518230acb887db7ba9c151cc8&amp;smart=true&amp;quality=75&amp;width=480&amp;fitfill=false\" media=\"(max-width: 480px)\"><\/source><source srcset=\"https:\/\/www.elpais.com.co\/resizer\/v2\/N7CLWLI6WJCZZIIVSYOBZXGEP4.jpg?auth=5186a5763893ad60a659c58717b22695ac15297518230acb887db7ba9c151cc8&amp;smart=true&amp;quality=75&amp;width=768&amp;fitfill=false\" media=\"(max-width: 768px)\"><\/source><img src=\"https:\/\/www.elpais.com.co\/resizer\/v2\/N7CLWLI6WJCZZIIVSYOBZXGEP4.jpg?auth=5186a5763893ad60a659c58717b22695ac15297518230acb887db7ba9c151cc8&amp;smart=true&amp;quality=75&amp;width=1280&amp;fitfill=false\" alt=\"Cali reorganiza pagos de impuestos: hall bancario del CAM se traslada temporalmente y centraliza servicios en el Edificio Bulevar\" height=\"9\" width=\"16\" fetchpriority=\"low\" decoding=\"async\" loading=\"lazy\" class=\"mx-auto mb-0 w-full max-w-[1440px]\"><\/picture><figcaption class=\"text-bluelish-400 font-lato mt-0 max-w-none py-2 text-xs italic\">Desde el lunes 13 de abril, el recaudo en efectivo de impuestos sale del CAM y se redistribuye en nuevos puntos de la ciudad, mientras el servicio se reorganiza para facilitar los tr\u00e1mites de los contribuyentes.\n<!-- --> <span> | Foto: <!-- -->Alcald\u00eda de Cali<\/span><\/figcaption><\/div><\/div><div data-index=\"7\"><p data-type=\"text\">Por su parte, el Edificio Bulevar ofrecer\u00e1 servicios de liquidaci\u00f3n de impuestos, activaci\u00f3n de acuerdos de pago y tr\u00e1mites catastrales. Las autoridades informaron que en los pr\u00f3ximos d\u00edas se habilitar\u00e1 en este punto el recaudo en efectivo y cheque de gerencia, evitando que el contribuyente deba desplazarse a otros sitios para finalizar su transacci\u00f3n.<\/p><\/div><div data-index=\"8\"><h3 data-type=\"header\" class=\"\"><b>Calendario tributario y canales habilitados<\/b><\/h3><\/div><div data-index=\"9\"><p data-type=\"text\">La Administraci\u00f3n Municipal record\u00f3 que el pr\u00f3ximo 30 de abril vence el plazo para acceder al descuento del 15 % en el Impuesto Predial Unificado (IPU). Este beneficio busca incentivar el recaudo oportuno y aliviar la carga econ\u00f3mica de los propietarios antes de que comiencen a generarse intereses de mora por el no pago de la vigencia actual.<\/p><\/div><div data-index=\"10\"><div data-type=\"image\"><picture><source srcset=\"https:\/\/www.elpais.com.co\/resizer\/v2\/7UCEFO6GZ5HVJDVF7ZM5EW5PQU.jpg?auth=f51bc0f0a7b36ae191fde79e5c475540f4b5a0b23c65fa34a9a72cc26e0e4930&amp;smart=true&amp;quality=75&amp;width=480&amp;fitfill=false\" media=\"(max-width: 480px)\"><\/source><source srcset=\"https:\/\/www.elpais.com.co\/resizer\/v2\/7UCEFO6GZ5HVJDVF7ZM5EW5PQU.jpg?auth=f51bc0f0a7b36ae191fde79e5c475540f4b5a0b23c65fa34a9a72cc26e0e4930&amp;smart=true&amp;quality=75&amp;width=768&amp;fitfill=false\" media=\"(max-width: 768px)\"><\/source><img src=\"https:\/\/www.elpais.com.co\/resizer\/v2\/7UCEFO6GZ5HVJDVF7ZM5EW5PQU.jpg?auth=f51bc0f0a7b36ae191fde79e5c475540f4b5a0b23c65fa34a9a72cc26e0e4930&amp;smart=true&amp;quality=75&amp;width=1280&amp;fitfill=false\" alt=\"Cali reorganiza pagos de impuestos: hall bancario del CAM se traslada temporalmente y centraliza servicios en el Edificio Bulevar\" height=\"9\" width=\"16\" fetchpriority=\"low\" decoding=\"async\" loading=\"lazy\" class=\"mx-auto mb-0 w-full max-w-[1440px]\"><\/picture><figcaption class=\"text-bluelish-400 font-lato mt-0 max-w-none py-2 text-xs italic\">Este ajuste hace parte de la reorganizaci\u00f3n institucional que vive el CAM, mientras avanzan obras de modernizaci\u00f3n que buscan mejorar la atenci\u00f3n al ciudadano y los espacios de servicio.\n<!-- --> <span> | Foto: <!-- -->Alcald\u00eda de Cali<\/span><\/figcaption><\/div><\/div><div data-index=\"11\"><p data-type=\"text\">Para quienes prefieren la virtualidad, siguen activos el bot\u00f3n de pagos PSE en la p\u00e1gina oficial de la Alcald\u00eda y la aplicaci\u00f3n m\u00f3vil \u2018Impuestos Cali\u2019. Asimismo, los contribuyentes pueden acudir a las sucursales de bancos como AV Villas, Bogot\u00e1, BBVA, Bancoomeva, Davivienda, Ita\u00fa, GNB Sudameris, Occidente y Popular, adem\u00e1s de los puntos de atenci\u00f3n en los C.A.L.I. 2 y 4.<\/p><\/div><div data-index=\"12\"><div class=\"EPA_VIDEO mb-5\" data-membrana=\"true\"><\/div><\/div><div data-index=\"13\"><div class=\"not-prose relative my-2\"><\/div><\/div><div data-index=\"14\"><p data-type=\"text\"><i>Este art\u00edculo fue creado con ayuda de una inteligencia artificial que utiliza machine learning para producir texto similar al humano, y curado por un periodista especializado de El Pa\u00eds.<\/i><\/p><\/div><\/div><div class=\"not-prose grid grid-cols-1 gap-px py-4\"><div class=\"flex w-full py-2 rounded-xl bg-smoke-100\"><div class=\"flex gap-x-2.5 mx-2\"><div class=\"h-11 w-11 items-center overflow-hidden rounded-full text-primary\"><picture><source srcset=\"https:\/\/author-service-images-prod-us-east-1.publishing.aws.arc.pub\/semana\/d1442eac-b4da-4b57-964d-94efbe2118cc.JPG\" media=\"(max-width: 768px)\"><\/source><img srcset=\"https:\/\/author-service-images-prod-us-east-1.publishing.aws.arc.pub\/semana\/d1442eac-b4da-4b57-964d-94efbe2118cc.JPG\" alt=\"\" height=\"9\" width=\"16\" loading=\"lazy\" class=\"h-full w-full object-cover object-center\"><\/picture><\/div><\/div><div class=\"flex w-full flex-col px-2 border-l border-primary\"><div class=\"inline-flex gap-1 flex-row\"><a href=\"\/autor\/kmmartinez\/\"><h2 class=\"font-bold font-black text-base mr-2 hover:text-primary\">Kevin Mauricio Mart\u00ednez<\/h2><\/a><\/div><p class=\"text-xs text-smoke-500\">Periodista de la Universidad Cat\u00f3lica de Cali con 7 a\u00f1os de experiencia en medios de comunicaci\u00f3n. Apasionado por la pol\u00edtica y amante del deporte, siempre en busca de nuevas historias que contar.<\/p><div class=\"inline-flex gap-1 flex-row mt-2\"><\/div><\/div><\/div><\/div><div class=\"not-prose my-4 rounded-xl border-2 border-primary px-4 py-1 md:px-10 md:py-2\"><h2 class=\"mb-1 text-center text-lg font-bold leading-none text-primary\" style=\"letter-spacing:-0.03em\">Reg\u00edstrate gratis al bolet\u00edn de noticias El Pa\u00eds<\/h2><\/div><div class=\"my-6 flex items-center\"><div class=\"mr-3 self-start text-black\"><svg xmlns=\"http:\/\/www.w3.org\/2000\/svg\" fill=\"none\" viewbox=\"0 0 24 24\" stroke-width=\"1.5\" stroke=\"currentColor\" class=\"h-4 w-4\"><path stroke-linecap=\"round\" stroke-linejoin=\"round\" d=\"M9.568 3H5.25A2.25 2.25 0 003 5.25v4.318c0 .597.237 1.17.659 1.591l9.581 9.581c.699.699 1.78.872 2.607.33a18.095 18.095 0 005.223-5.223c.542-.827.369-1.908-.33-2.607L11.16 3.66A2.25 2.25 0 009.568 3z\"><\/path><path stroke-linecap=\"round\" stroke-linejoin=\"round\" d=\"M6 6h.008v.008H6V6z\"><\/path><\/svg><\/div><div class=\"flex flex-wrap gap-1\"><a href=\"\/noticias\/cali\/\" class=\"inline-block rounded-md bg-smoke-100 px-4 py-1 text-center text-xs leading-none text-black no-underline\">Cali<\/a><a href=\"\/noticias\/predial\/\" class=\"inline-block rounded-md bg-smoke-100 px-4 py-1 text-center text-xs leading-none text-black no-underline\">predial<\/a><a href=\"\/noticias\/impuesto\/\" class=\"inline-block rounded-md bg-smoke-100 px-4 py-1 text-center text-xs leading-none text-black no-underline\">impuesto<\/a><\/div><\/div><div><div class=\"not-prose border-y border-smoke-300 p-3 mt-2\"><div class=\"flex flex-col  md:justify-between items-center gap-4 md:flex-row\"><div class=\"flex items-center gap-4\"><div class=\"w-9\"><img src=\"\/pf\/resources\/images\/el-pais\/logo-simbolo.svg?d=8057\" class=\"h-10 w-auto\"><\/div><div class=\"text-left text-xs leading-tight text-black\">Descarga la APP <b>ElPa\u00eds.com.co<\/b>:<\/div><\/div><div class=\"flex items-center justify-center gap-4\"><\/div><\/div><\/div><\/div><div class=\"px-3 py-3 leading-none rounded-lg border border-smoke-100 bg-smoke-200 not-prose\"><a href=\"https:\/\/news.google.com\/publications\/CAAqBwgKMLGakQswx9-lAw\"><div class=\"font-lato text-base flex items-center\"><h3 class=\"text-bluelish-400 px-4\">Convierta a<!-- --> <strong><span class=\"text-black\">El Pa\u00eds<\/span><span class=\"text-primary\">.com.co<\/span><\/strong> <!-- -->en su fuente de noticias aqu\u00ed<\/h3><\/div><\/a><\/div><\/div><div class=\"mx-auto w-[280px] flex-none\"><div class=\"relative h-full\"><div class=\"left-0 right-0\"><div class=\"mb-4 hidden pt-4 lg:block\"><div style=\"height:250px;display:block\" id=\"Boton_1_D\" class=\"hidden-mobile   relative mx-auto max-w-7xl flex items-center justify-center bg-smoke-100 text-center ads-iframe\"><\/div><\/div><\/div><div class=\"sticky left-0 right-0 top-16\"><div class=\"mb-4 hidden pt-4 lg:block\"><div class=\"my-2 border border-t-4 border-t-primary px-3\"><div class=\"p-4 text-center hidden lg:block\"><h2 class=\"text-primary text-xl\">Noticias<\/h2><h2 class=\"text-2xl font-lato font-bold\">Destacadas<\/h2><\/div><div class=\"flex flex-column justify-between items-center p-4 text-center block lg:hidden\"><h2 class=\"text-xl font-lato font-bold\">Noticias Destacadas<\/h2><svg xmlns=\"http:\/\/www.w3.org\/2000\/svg\" fill=\"none\" viewbox=\"0 0 24 24\" stroke-width=\"1.5\" stroke=\"currentColor\" class=\"h-6 w-6\"><path stroke-linecap=\"round\" stroke-linejoin=\"round\" d=\"M4.5 15.75l7.5-7.5 7.5 7.5\"><\/path><\/svg><\/div><div class=\" lg:block\"><div class=\"py-2 border-t\"><a class=\"flex flex-row\" href=\"https:\/\/www.elpais.com.co\/cali\/fatal-accidente-en-la-autopista-de-cali-deja-un-motociclista-muerto-otro-resulto-herido-al-caer-a-un-cano-1205.html\"><span class=\"text-primary text-xl md:text-2xl mr-2\">1<!-- -->.<\/span><p class=\"text-left text-sm\">Tragedia en la Autopista Suroriental: un muerto y dram\u00e1tico rescate de motociclista que cay\u00f3 al ca\u00f1o<\/p><\/a><\/div><\/div><div class=\" lg:block\"><div class=\"py-2 border-t\"><a class=\"flex flex-row\" href=\"https:\/\/www.elpais.com.co\/cali\/denuncian-maniobras-peligrosas-con-moto-que-perteneceria-a-la-secretaria-de-movilidad-de-cali-le-robamos-la-moto-a-los-guardas-1211.html\"><span class=\"text-primary text-xl md:text-2xl mr-2\">2<!-- -->.<\/span><p class=\"text-left text-sm\">Pol\u00e9mica por video de maniobras con moto que ser\u00eda de la Secretar\u00eda de Movilidad de Cali<\/p><\/a><\/div><\/div><div class=\" lg:block\"><div class=\"py-2 border-t\"><a class=\"flex flex-row\" href=\"https:\/\/www.elpais.com.co\/cali\/movilidad-de-cali-confirma-hurto-de-motocicleta-oficial-y-explica-caso-de-video-viral-con-maniobras-peligrosas-1358.html\"><span class=\"text-primary text-xl md:text-2xl mr-2\">3<!-- -->.<\/span><p class=\"text-left text-sm\">Movilidad de Cali confirma hurto de motocicleta institucional y explica caso de video viral<\/p><\/a><\/div><\/div><div class=\" lg:block\"><div class=\"py-2 border-t\"><a class=\"flex flex-row\" href=\"https:\/\/www.elpais.com.co\/cali\/supuesto-atropellamiento-masivo-en-el-barrio-obrero-alcaldia-de-cali-revelo-lo-que-realmente-paso-1237.html\"><span class=\"text-primary text-xl md:text-2xl mr-2\">4<!-- -->.<\/span><p class=\"text-left text-sm\">Confusi\u00f3n en el barrio Obrero: conductor irrumpi\u00f3 en obra y huy\u00f3, pero no dej\u00f3 heridos<\/p><\/a><\/div><\/div><div class=\" lg:block\"><div class=\"py-2 border-t\"><a class=\"flex flex-row\" href=\"https:\/\/www.elpais.com.co\/cali\/movilidad-de-cali-confirma-hurto-de-motocicleta-oficial-y-explica-caso-de-video-viral-con-maniobras-peligrosas-1358.html\"><span class=\"text-primary text-xl md:text-2xl mr-2\">5<!-- -->.<\/span><p class=\"text-left text-sm\">Video de maniobras peligrosas en Cali s\u00ed se grab\u00f3 con moto del Tr\u00e1nsito: Movilidad revel\u00f3 detalles<\/p><\/a><\/div><\/div><\/div><\/div><\/div><\/div><\/div><\/div><\/main>","body_rewritten":"<h2 class='text-2xl font-bold mt-6 mb-3'>Reestructuraci\u00f3n para optimizar servicios tributarios<\/h2><p class='mb-4 leading-relaxed'>La Alcald\u00eda de Cali, a trav\u00e9s del <strong>Departamento Administrativo de Hacienda<\/strong>, anunci\u00f3 una reestructuraci\u00f3n en la prestaci\u00f3n de servicios tributarios de manera presencial. A partir del pr\u00f3ximo lunes 13 de abril, el tradicional Hall Bancario ubicado en el Centro Administrativo Municipal (CAM) dejar\u00e1 de recibir pagos en efectivo, trasladando la centralizaci\u00f3n de estos tr\u00e1mites a la Oficina de Atenci\u00f3n al Contribuyente en el Edificio Bulevar.<\/p><h2 class='text-2xl font-bold mt-6 mb-3'>Un plan de modernizaci\u00f3n para reducir tiempos de espera<\/h2><p class='mb-4 leading-relaxed'>Esta medida responde a un <strong>plan de modernizaci\u00f3n del complejo administrativo<\/strong> que busca optimizar los espacios de servicio y reducir los tiempos de espera para los ciudadanos. Con este ajuste, la sede de la Avenida 6N # 13N - 50 se convertir\u00e1 en el epicentro para la gesti\u00f3n integral de impuestos, permitiendo a los cale\u00f1os realizar m\u00faltiples procesos en un solo lugar.<\/p><blockquote class='border-l-4 border-gray-300 pl-4 italic my-4'>El Hall Bancario del CAM solo mantendr\u00e1 habilitado el kiosco para pagos mediante <strong>tarjetas de cr\u00e9dito y d\u00e9bito<\/strong>.<\/blockquote><h2 class='text-2xl font-bold mt-6 mb-3'>Nuevos puntos para pagos en efectivo<\/h2><p class='mb-4 leading-relaxed'>Quienes requieran cancelar sus obligaciones en efectivo, como el <strong>Impuesto Predial<\/strong>, deber\u00e1n dirigirse a los centros de atenci\u00f3n de Emcali, puntos Gane, Efecty o a las entidades bancarias autorizadas por la administraci\u00f3n municipal. Esta reorganizaci\u00f3n busca concentrar servicios clave y ofrecer una atenci\u00f3n m\u00e1s \u00e1gil.<\/p><ul class='list-disc pl-5 mb-4 space-y-1'><li>El Hall Bancario del CAM deja de recibir <strong>efectivo<\/strong> desde el 13 de abril.<\/li><li>El <strong>Edificio Bulevar<\/strong> ser\u00e1 la nueva sede central para tr\u00e1mites tributarios.<\/li><li>Pagos con tarjeta seguir\u00e1n disponibles en el kiosco del CAM.<\/li><li><strong>Emcali, Gane y Efecty<\/strong> son alternativas para pagos en efectivo.<\/li><\/ul>","status":"published","author":null,"image_url":"https:\/\/colombiahoy.s3.us-east-2.amazonaws.com\/articles\/3187\/image-82ee1f290eade840296ca7e02397a87e4ab380e31bbc3765a920926b58648031.webp","canonical_url":"https:\/\/www.elpais.com.co\/cali\/con-que-bancos-puedo-pagar-el-impuesto-predial-en-cali-alcaldia-responde-1234.html","published_at":"2026-04-12 15:32","created_at":"2026-04-12 22:12","last_error":null,"topics":[{"id":2,"name":"Cali","slug":"cali"},{"id":6,"name":"Econom\u00eda","slug":"economia"},{"id":11,"name":"Actualidad","slug":"actualidad"}],"source":"N\/A"},{"id":2178,"title":"Universidad EAN lanza programa nacional de becas completas para emprendimiento sostenible virtual","slug":"tienes-un-proyecto-sostenible-la-ean-lanza-becas-completas-para-estudiar-virtual-en-toda-colombia-pulzo","title_original":"\u00bfTienes un proyecto sostenible? La EAN lanza becas completas para estudiar virtual en toda Colombia - Pulzo","title_rewritten":"Universidad EAN lanza programa nacional de becas completas para emprendimiento sostenible virtual","excerpt":"La Universidad EAN presenta programa de becas completas para estudios virtuales de pregrado en emprendimiento sostenible, con cobertura en los 32 departamentos del pa\u00eds. Postulaciones abren el 23 de marzo.","body":"<p class='mb-5 leading-7 text-gray-800 text-lg'>La Universidad EAN ha presentado oficialmente el programa &#039;Becas por Colombia&#039;, una estrategia de alcance nacional que busca democratizar el acceso a la educaci\u00f3n superior de pregrado en modalidad virtual, con especial \u00e9nfasis en el desarrollo de proyectos de emprendimiento sostenible. Esta iniciativa representa un esfuerzo institucional por superar las barreras geogr\u00e1ficas y econ\u00f3micas que tradicionalmente han limitado el acceso a la educaci\u00f3n superior en regiones perif\u00e9ricas del territorio colombiano.<\/p><p class='mb-5 leading-7 text-gray-800 text-lg'>Seg\u00fan lo expuesto por Brigitte Baptiste, rectora de la Universidad EAN, durante su reciente visita al departamento del Quind\u00edo, el programa otorgar\u00e1 una beca completa por cada uno de los 32 departamentos del pa\u00eds. Los beneficiarios ser\u00e1n seleccionados en funci\u00f3n de la calidad e innovaci\u00f3n de sus proyectos de emprendimiento sostenible, con especial atenci\u00f3n a iniciativas en \u00e1reas estrat\u00e9gicas como ecoturismo, econom\u00eda circular, gastronom\u00eda sostenible e innovaci\u00f3n tecnol\u00f3gica aplicada al desarrollo territorial.<\/p><ul class='list-square pl-8 mb-6 space-y-2 text-gray-800'><li>Postulaciones abiertas desde el 23 de marzo a trav\u00e9s del portal oficial de la Universidad EAN (www.universidadean.edu.co)<\/li><li>Dirigido a mayores de 18 a\u00f1os residentes en cualquier departamento colombiano<\/li><li>Exclusivo para aspirantes no matriculados en otros programas de educaci\u00f3n superior oficial<\/li><li>Proceso de selecci\u00f3n concluir\u00e1 el 25 de mayo de 2026<\/li><li>Inicio de actividades acad\u00e9micas programado para julio de 2026<\/li><\/ul><p class='mb-5 leading-7 text-gray-800 text-lg'>La rectora Baptiste enfatiz\u00f3 que esta iniciativa responde al prop\u00f3sito institucional de profesionalizar y empoderar a las comunidades para que transformen sustantivamente sus regiones. &#039;Buscamos mitigar las dificultades derivadas de abandonar el hogar o generar gastos adicionales por desplazamiento&#039;, se\u00f1al\u00f3 la acad\u00e9mica, destacando que la modalidad virtual permite a los estudiantes combinar sus estudios con la vida y trabajo en sus territorios de origen.<\/p><p class='mb-5 leading-7 text-gray-800 text-lg'>La plataforma virtual de la Universidad EAN, certificada con cinco estrellas por est\u00e1ndares internacionales de calidad en educaci\u00f3n digital, servir\u00e1 como canal principal para el desarrollo acad\u00e9mico de los seleccionados. Esta infraestructura tecnol\u00f3gica garantiza no solo la calidad pedag\u00f3gica, sino tambi\u00e9n la flexibilidad necesaria para que los beneficiarios puedan avanzar en sus proyectos empresariales mientras cursan sus estudios universitarios.<\/p><p class='mb-5 leading-7 text-gray-800 text-lg'>Desde una perspectiva socioecon\u00f3mica, este programa se inserta en el contexto de las pol\u00edticas de reactivaci\u00f3n productiva postpandemia, donde el emprendimiento sostenible emerge como eje estrat\u00e9gico para el desarrollo regional. La Universidad EAN, con m\u00e1s de cinco d\u00e9cadas de experiencia en formaci\u00f3n empresarial, busca as\u00ed consolidar su rol como impulsora de innovaci\u00f3n social y econ\u00f3mica en todo el territorio nacional.<\/p>","body_original":"Econom\u00eda \u00bfTienes un proyecto sostenible? La EAN lanza becas completas para estudiar virtual en toda Colombia La Universidad EAN lanza becas virtuales para estudiantes con proyectos de emprendimiento sostenible en todos los departamentos de Colombia. \u00bfSabes c\u00f3mo postularte y qu\u00e9 proyecto puede ganar? \u00bfC\u00f3mo inscribirse al curso de agente de tr\u00e1nsito del Sena? Es virtual y mandan r\u00e1pido a trabajar Sena dar\u00e1 un empuj\u00f3n a emprendedores de hasta $ 100 millones por cumplir estos requisitos C\u00f3mo inscribirse para estudiar pasteler\u00eda con el Sena gratis y desde casa en menos de 3 d\u00edas Del macram\u00e9 a la autonom\u00eda: mujeres con discapacidad visual tejen esperanza y superaci\u00f3n en Bogot\u00e1 COMPARTIR: \u00a1Comparte esta nota! Escribe a continuaci\u00f3n al correo dela persona a quien deseas enviarle este art\u00edculo junto con tu nombre. Introduce un correo v\u00e1lido Introduce tu nombre ERROR! Captcha Enviar Has enviado con \u00e9xito esta nota a: CORTES\u00cdA: www.quindio.gov.co green \u00bfDe af\u00e1n? Te lo resumimos Resumen normal Ni\u00f1o de 8 a\u00f1os lo resume En chisme Este resumen fue hecho con IA. Si tienes alguna duda, te invitamos a leer el art\u00edculo\u00a0completo. \u00danete a nuestro canal en WhatsApp Las noticias m\u00e1s importantes, al instante Por:\u00a0LA CRONICA DEL QUINDIO Noticias del Quindio y Armenia: informaci\u00f3n 24 horas sobre la regi\u00f3n, v\u00edas, actualidad y m\u00e1s. Este art\u00edculo fue curado por pulzo \u00a0 Mar 13, 2026 - 5:49 am Visitar sitio La Universidad EAN ha presentado el programa Becas por Colombia, una innovadora estrategia de cobertura nacional orientada a promover el acceso a la educaci\u00f3n superior de pregrado en modalidad virtual, con un enfoque especial en el emprendimiento sostenible. Esta iniciativa busca impactar los 32 departamentos del pa\u00eds, ofreciendo oportunidades educativas a quienes desean cursar estudios universitarios desde sus territorios, eliminando as\u00ed barreras geogr\u00e1ficas y econ\u00f3micas. Seg\u00fan expuso Brigitte Baptiste, rectora de la instituci\u00f3n, durante su visita al departamento del Quind\u00edo, la convocatoria otorgar\u00e1 una beca completa por departamento, destinada a un estudiante que presente un proyecto de emprendimiento sostenible en \u00e1reas como ecoturismo, econom\u00eda circular, gastronom\u00eda o innovaci\u00f3n. Sigue a PULZO en Discover La selecci\u00f3n del becario se realizar\u00e1 tras la postulaci\u00f3n de proyectos a trav\u00e9s de la p\u00e1gina oficial de la universidad (www.universidadean.edu.co), a partir del 23 de marzo. El proceso contempla que para el 25 de mayo se haya definido la persona beneficiaria, quien iniciar\u00e1 su carrera universitaria desde el mes de julio. Un aspecto fundamental de la convocatoria es que est\u00e1 dirigida a mayores de 18 a\u00f1os que residan en el Quind\u00edo o en los distintos departamentos, y que no se encuentren matriculados en otro programa oficial. Esta condici\u00f3n permite abrir el espectro a nuevos aspirantes con iniciativas de emprendimiento territorial o ideas de negocio. Baptiste enfatiz\u00f3 ante La Cr\u00f3nica que la apuesta de la Universidad EAN por el emprendimiento sostenible obedece al prop\u00f3sito superior de la instituci\u00f3n: profesionalizar y empoderar a las comunidades para que sus integrantes transformen sustantivamente sus regiones, mitigando adem\u00e1s las dificultades derivadas de abandonar el hogar o generar gastos adicionales. La plataforma virtual de la EAN, certificada con cinco estrellas, ser\u00e1 el canal para el desarrollo acad\u00e9mico de los seleccionados, asegurando est\u00e1ndares de calidad y la posibilidad de combinar los estudios con la vida y trabajo en el territorio de origen. La instituci\u00f3n aspira a ganar el inter\u00e9s de quienes desean superarse profesionalmente, eliminando los obst\u00e1culos cl\u00e1sicos de la educaci\u00f3n presencial. Lee Tambi\u00e9n","body_rewritten":"<p class='mb-5 leading-7 text-gray-800 text-lg'>La Universidad EAN ha presentado oficialmente el programa &#039;Becas por Colombia&#039;, una estrategia de alcance nacional que busca democratizar el acceso a la educaci\u00f3n superior de pregrado en modalidad virtual, con especial \u00e9nfasis en el desarrollo de proyectos de emprendimiento sostenible. Esta iniciativa representa un esfuerzo institucional por superar las barreras geogr\u00e1ficas y econ\u00f3micas que tradicionalmente han limitado el acceso a la educaci\u00f3n superior en regiones perif\u00e9ricas del territorio colombiano.<\/p><p class='mb-5 leading-7 text-gray-800 text-lg'>Seg\u00fan lo expuesto por Brigitte Baptiste, rectora de la Universidad EAN, durante su reciente visita al departamento del Quind\u00edo, el programa otorgar\u00e1 una beca completa por cada uno de los 32 departamentos del pa\u00eds. Los beneficiarios ser\u00e1n seleccionados en funci\u00f3n de la calidad e innovaci\u00f3n de sus proyectos de emprendimiento sostenible, con especial atenci\u00f3n a iniciativas en \u00e1reas estrat\u00e9gicas como ecoturismo, econom\u00eda circular, gastronom\u00eda sostenible e innovaci\u00f3n tecnol\u00f3gica aplicada al desarrollo territorial.<\/p><ul class='list-square pl-8 mb-6 space-y-2 text-gray-800'><li>Postulaciones abiertas desde el 23 de marzo a trav\u00e9s del portal oficial de la Universidad EAN (www.universidadean.edu.co)<\/li><li>Dirigido a mayores de 18 a\u00f1os residentes en cualquier departamento colombiano<\/li><li>Exclusivo para aspirantes no matriculados en otros programas de educaci\u00f3n superior oficial<\/li><li>Proceso de selecci\u00f3n concluir\u00e1 el 25 de mayo de 2026<\/li><li>Inicio de actividades acad\u00e9micas programado para julio de 2026<\/li><\/ul><p class='mb-5 leading-7 text-gray-800 text-lg'>La rectora Baptiste enfatiz\u00f3 que esta iniciativa responde al prop\u00f3sito institucional de profesionalizar y empoderar a las comunidades para que transformen sustantivamente sus regiones. &#039;Buscamos mitigar las dificultades derivadas de abandonar el hogar o generar gastos adicionales por desplazamiento&#039;, se\u00f1al\u00f3 la acad\u00e9mica, destacando que la modalidad virtual permite a los estudiantes combinar sus estudios con la vida y trabajo en sus territorios de origen.<\/p><p class='mb-5 leading-7 text-gray-800 text-lg'>La plataforma virtual de la Universidad EAN, certificada con cinco estrellas por est\u00e1ndares internacionales de calidad en educaci\u00f3n digital, servir\u00e1 como canal principal para el desarrollo acad\u00e9mico de los seleccionados. Esta infraestructura tecnol\u00f3gica garantiza no solo la calidad pedag\u00f3gica, sino tambi\u00e9n la flexibilidad necesaria para que los beneficiarios puedan avanzar en sus proyectos empresariales mientras cursan sus estudios universitarios.<\/p><p class='mb-5 leading-7 text-gray-800 text-lg'>Desde una perspectiva socioecon\u00f3mica, este programa se inserta en el contexto de las pol\u00edticas de reactivaci\u00f3n productiva postpandemia, donde el emprendimiento sostenible emerge como eje estrat\u00e9gico para el desarrollo regional. La Universidad EAN, con m\u00e1s de cinco d\u00e9cadas de experiencia en formaci\u00f3n empresarial, busca as\u00ed consolidar su rol como impulsora de innovaci\u00f3n social y econ\u00f3mica en todo el territorio nacional.<\/p>","status":"published","author":null,"image_url":"https:\/\/d2yoo3qu6vrk5d.cloudfront.net\/pulzo-lite\/images-resized\/PP5093651A-h-o.jpg","canonical_url":"https:\/\/www.pulzo.com\/economia\/becas-por-colombia-universidad-ean-abre-convocatoria-nacional-para-educacion-virtual-y-emprendimiento-sostenible-PP5093651A","published_at":"2026-03-13 10:49","created_at":"2026-03-13 20:15","last_error":null,"topics":[{"id":2,"name":"Cali","slug":"cali"},{"id":6,"name":"Econom\u00eda","slug":"economia"}],"source":"Negocios y Empresas"},{"id":2788,"title":"Alianza FC recibe a Deportivo Cali en un duelo clave por la fecha 13 de la Liga BetPlay","slug":"alianza-fc-recibe-a-deportivo-cali-en-un-duelo-clave-por-la-fecha-13-de-la-liga-betplay","title_original":"Alianza FC Vs. Deportivo Cali: as\u00ed puede ver el juego de la fecha 13 de la Liga BetPlay","title_rewritten":"Alianza FC recibe a Deportivo Cali en un duelo clave por la fecha 13 de la Liga BetPlay","excerpt":"Deportivo Cali visita a Alianza FC en un compromiso crucial de la fecha 13 de la Liga. El duelo se jugar\u00e1 en el Estadio Armando Maestre Pavajeau.","body":"<h2 class='text-2xl font-bold mt-6 mb-3'>Un partido con alto valor en la lucha por no descender<\/h2><p class='mb-4 leading-relaxed'>Con el objetivo de seguir sumando para volver a entrar al grupo de los ocho, <strong>Deportivo Cali visita este domingo a Alianza FC<\/strong> por la fecha 13 del primer semestre de la Liga Colombiana 2026. Se enfrenta contra un <strong>rival directo en la zona del descenso<\/strong>, por lo cual la victoria podr\u00eda significar mucho m\u00e1s que tres puntos.<\/p><h2 class='text-2xl font-bold mt-6 mb-3'>El momento de ambos equipos antes del cl\u00e1sico<\/h2><p class='mb-4 leading-relaxed'>El equipo dirigido por Rafael Dudamel llega con un triunfo de visitante contra C\u00facuta y un empate en casa con Santa Fe. Por su lado, Alianza, aunque no ha tenido un buen rendimiento, <strong>ha complicado a varios clubes<\/strong>, logrando empates de visitante contra Junior y Santa Fe, y una victoria en casa ante Jaguares.<\/p><blockquote class='border-l-4 border-gray-300 pl-4 italic my-4'>El compromiso ser\u00e1 este domingo a las 4:00 de la tarde y ser\u00e1 transmitido por los canales de <strong>Win Sports y Win Sports +<\/strong>.<\/blockquote><h2 class='text-2xl font-bold mt-6 mb-3'>D\u00f3nde y c\u00f3mo ver el partido en vivo<\/h2><ul class='list-disc pl-5 mb-4 space-y-1'><li><strong>Hora:<\/strong> Domingo, 4:00 p.m.<\/li><li><strong>Estadio:<\/strong> Armando Maestre Pavajeau, Valledupar.<\/li><li><strong>Televisi\u00f3n:<\/strong> Win Sports y Win Sports+.<\/li><li><strong>Transmisi\u00f3n digital:<\/strong> Plataforma de Win Sports y seguimiento en <strong>elpais.com.co<\/strong>.<\/li><\/ul>","body_original":"<div class=\"mx-auto max-w-(--breakpoint-xl) px-2 lg:pt-8\"><div class=\"mb-2 flex items-center text-primary\"><div class=\"mr-1.5\"><svg xmlns=\"http:\/\/www.w3.org\/2000\/svg\" fill=\"none\" viewbox=\"0 0 24 24\" stroke-width=\"2\" stroke=\"currentColor\" class=\"h-4 w-4\"><path stroke-linecap=\"round\" stroke-linejoin=\"round\" d=\"M8.25 4.5l7.5 7.5-7.5 7.5\"><\/path><\/svg><\/div><p class=\"text-xs uppercase\">Deportes<\/p><\/div><h1 class=\"text-smoke-700 mb-2 text-2xl font-black leading-7 lg:text-5xl lg:leading-none\">Alianza FC Vs. Deportivo Cali: hora y por d\u00f3nde ver el juego de la fecha 13 de la Liga BetPlay<\/h1><p class=\"lead mb-2\">El duelo se disputar\u00e1 en el Estadio Armando Maestre Pavajeau, de Valledupar.<\/p><p class=\"mb-4 text-base\"><span class=\"mr-1 inline-block align-middle\"><img src=\"https:\/\/multimedia.elpais.com.co\/2025\/15-Octubre\/discover.png\" alt=\"Google\" width=\"16\" height=\"16\"><\/span><a href=\"https:\/\/profile.google.com\/cp\/CgkvbS8wY2YwaDQ\" target=\"_blank\" id=\"google-discover\" class=\"hover:text-primary hover:bg-slate-300 text-secondary\">Siga a EL PA\u00cdS en Google Discover y no se pierda las \u00faltimas noticias<\/a><\/p><div class=\"my-4\"><\/div><div class=\"mx-auto max-w-[968px]\"><figure><picture><source srcset=\"https:\/\/www.elpais.com.co\/resizer\/v2\/XWRGYXH4LRANNPQGDT2UUJ4RTU.jpeg?auth=a3633509073b86dc578c35b4612f486a8ede36d566155ceb2fccb7fa746dddb3&amp;smart=true&amp;quality=75&amp;width=480&amp;height=270\" media=\"(max-width: 480px)\"><\/source><source srcset=\"https:\/\/www.elpais.com.co\/resizer\/v2\/XWRGYXH4LRANNPQGDT2UUJ4RTU.jpeg?auth=a3633509073b86dc578c35b4612f486a8ede36d566155ceb2fccb7fa746dddb3&amp;smart=true&amp;quality=75&amp;width=768&amp;height=432\" media=\"(max-width: 768px)\"><\/source><img src=\"https:\/\/www.elpais.com.co\/resizer\/v2\/XWRGYXH4LRANNPQGDT2UUJ4RTU.jpeg?auth=a3633509073b86dc578c35b4612f486a8ede36d566155ceb2fccb7fa746dddb3&amp;smart=true&amp;quality=75&amp;width=1280&amp;height=720\" alt=\"Alianza FC vs. Deportivo Cali. Fotos Richard Dangond \/ Colprensa\" height=\"9\" width=\"16\" fetchpriority=\"high\" decoding=\"async\" loading=\"eager\" class=\"h-full w-full object-cover object-center\"><\/picture><\/figure><figcaption class=\"text-bluelish-400 font-lato mt-0 max-w-none py-2 text-xs italic\">Imagen del \u00faltimo partido entre Deportivo Cali y Alianza FC por la Liga Colombiana.<!-- --> <span> | Foto: <!-- -->Richard Dangond \/ Colprensa<\/span><\/figcaption><\/div><\/div><div class=\"prose mx-auto max-w-[1210px] px-4 leading-tight md:prose-lg md:leading-tight\"><\/div><main class=\"mb-4 px-2\"><div class=\"mx-auto max-w-[968px] gap-4 lg:flex\"><div class=\"hidden md:block relative flex-none lg:w-20\"><div class=\"sticky top-16 md:pt-5\"><div class=\"inline-flex gap-4 lg:flex-col\"><\/div><\/div><\/div><div class=\"prose mb-4 max-w-none flex-auto\"><div class=\"not-prose grid grid-cols-1 gap-px py-4\"><div class=\"flex w-full py-2 rounded-xl bg-smoke-100\"><div class=\"flex gap-x-2.5 mx-2\"><div class=\"h-11 w-11 items-center overflow-hidden rounded-full text-primary\"><picture><source srcset=\"https:\/\/author-service-images-prod-us-east-1.publishing.aws.arc.pub\/semana\/894debb5-a305-4095-949c-cbe29ecac2b9.png\" media=\"(max-width: 768px)\"><\/source><img srcset=\"https:\/\/author-service-images-prod-us-east-1.publishing.aws.arc.pub\/semana\/894debb5-a305-4095-949c-cbe29ecac2b9.png\" alt=\"\" height=\"9\" width=\"16\" loading=\"lazy\" class=\"h-full w-full object-cover object-center\"><\/picture><\/div><\/div><div class=\"flex w-full flex-col px-2 border-l border-primary\"><div class=\"inline-flex gap-1 flex-row\"><a href=\"\/autor\/jaarias_elpais\/\"><h2 class=\"font-bold font-black text-base mr-2 hover:text-primary\">Juan Andr\u00e9s Arias<\/h2><\/a><div> <\/div><\/div><div class=\"mt-2\"><p class=\"text-xs text-smoke-500\">21 de mar de 2026, 07:06 p.\u00a0m.<\/p><p class=\"text-xs text-smoke-500\">Actualizado el <!-- -->21 de mar de 2026, 07:06 p.\u00a0m.<\/p><\/div><div class=\"inline-flex gap-1 flex-row mt-2\"><\/div><\/div><\/div><\/div><div class=\"not-prose my-4 text-center lg:my-6\"><\/div><div class=\"block md:hidden text-center border-t border-b py-2\"><div class=\"sticky top-16 md:pt-5\"><div class=\"inline-flex gap-4 lg:flex-col\"><\/div><\/div><\/div><div class=\"not-prose block md:hidden text-center border-t border-b py-2\"><div class=\"my-2 border border-t-4 border-t-primary px-3\"><div class=\"p-4 text-center hidden lg:block\"><h2 class=\"text-primary text-xl\">Noticias<\/h2><h2 class=\"text-2xl font-lato font-bold\">Destacadas<\/h2><\/div><div class=\"flex flex-column justify-between items-center p-4 text-center block lg:hidden\"><h2 class=\"text-xl font-lato font-bold\">Noticias Destacadas<\/h2><svg xmlns=\"http:\/\/www.w3.org\/2000\/svg\" fill=\"none\" viewbox=\"0 0 24 24\" stroke-width=\"1.5\" stroke=\"currentColor\" class=\"h-6 w-6\"><path stroke-linecap=\"round\" stroke-linejoin=\"round\" d=\"M19.5 8.25l-7.5 7.5-7.5-7.5\"><\/path><\/svg><\/div><div class=\"hidden lg:block\"><div class=\"py-2 border-t\"><a class=\"flex flex-row\" href=\"https:\/\/www.elpais.com.co\/deportes\/santiago-castrillon-jugador-de-millonarios-en-la-uci-tras-desplomarse-en-un-partido-esto-se-sabe-2156.html\"><span class=\"text-primary text-xl md:text-2xl mr-2\">1<!-- -->.<\/span><p class=\"text-left text-sm\">Santiago Castrill\u00f3n, jugador de Millonarios, sufre desmayo y est\u00e1 en la UCI<\/p><\/a><\/div><\/div><div class=\"hidden lg:block\"><div class=\"py-2 border-t\"><a class=\"flex flex-row\" href=\"https:\/\/www.elpais.com.co\/deportes\/rafael-dudamel-destapo-la-nomina-de-convocados-del-deportivo-cali-para-enfrentar-a-alianza-fc-hay-varios-cambios-2117.html\"><span class=\"text-primary text-xl md:text-2xl mr-2\">2<!-- -->.<\/span><p class=\"text-left text-sm\">Deportivo Cali se mide a Alianza: estos son los cambios en la n\u00f3mina de convocados<\/p><\/a><\/div><\/div><div class=\"hidden lg:block\"><div class=\"py-2 border-t\"><a class=\"flex flex-row\" href=\"https:\/\/www.elpais.com.co\/deportes\/tabla-de-posiciones-de-la-liga-betplay-tras-el-triunfo-del-america-de-cali-sobre-aguilas-doradas-2028.html\"><span class=\"text-primary text-xl md:text-2xl mr-2\">3<!-- -->.<\/span><p class=\"text-left text-sm\">As\u00ed qued\u00f3 Am\u00e9rica de Cali en la tabla de posiciones de la Liga tras la victoria ante \u00c1guilas<\/p><\/a><\/div><\/div><div class=\"hidden lg:block\"><div class=\"py-2 border-t\"><a class=\"flex flex-row\" href=\"https:\/\/www.elpais.com.co\/deportes\/lesion-de-nicolas-hernandez-america-revela-el-largo-tiempo-de-recuperacion-estos-son-los-partidos-que-se-perderia-2159.html\"><span class=\"text-primary text-xl md:text-2xl mr-2\">4<!-- -->.<\/span><p class=\"text-left text-sm\">Nicol\u00e1s Hern\u00e1ndez se perder\u00eda 10 partidos entre Liga y Sudamericana por una lesi\u00f3n<\/p><\/a><\/div><\/div><div class=\"hidden lg:block\"><div class=\"py-2 border-t\"><a class=\"flex flex-row\" href=\"https:\/\/www.elpais.com.co\/deportes\/alianza-fc-vs-deportivo-cali-hora-y-por-donde-ver-el-juego-de-la-fecha-13-de-la-liga-betplay-2154.html\"><span class=\"text-primary text-xl md:text-2xl mr-2\">5<!-- -->.<\/span><p class=\"text-left text-sm\">Alianza FC Vs. Deportivo Cali: as\u00ed puede ver el juego de la fecha 13 de la Liga BetPlay<\/p><\/a><\/div><\/div><\/div><\/div><div class=\"paywall\"><div data-index=\"0\"><p data-type=\"text\">Con el objetivo de seguir sumando para volver a entrar al grupo de los ochos,<b> Deportivo Cali visita este domingo a Alianza FC por la fecha 13 del primer semestre de la Liga Colombiana 2026,<\/b> en el Estadio Armando Maestre Pavajeau, de Valledupar.<\/p><\/div><div data-index=\"1\"><p data-type=\"text\">Un duelo que no ser\u00e1 nada sencillo para los dirigidos por el t\u00e9cnico venezolano Rafael Dudamel, que vienen de alcanzar una victoria de visitante contra el C\u00facuta Deportivo y un empate en casa contra Independiente Santa Fe.<\/p><\/div><div data-index=\"2\"><p data-type=\"text\">Adem\u00e1s, se enfrenta<b> contra un rival directo en la zona del descenso, por lo cual la victoria podr\u00eda significar m\u00e1s que tres puntos.<\/b><\/p><\/div><div data-index=\"3\"><div id=\"taboola-mid-article-recoreel\" class=\"mb-24\"><\/div><\/div><div data-index=\"4\"><div data-type=\"image\"><picture><source srcset=\"https:\/\/www.elpais.com.co\/resizer\/v2\/X7J3BV7B5JEQFFBMYVW73HDVXE.jpeg?auth=5143b939fe64c1949fe1ff6d2498ad3657dccad0b721f80779b502eea76aec81&amp;smart=true&amp;quality=75&amp;width=480&amp;fitfill=false\" media=\"(max-width: 480px)\"><\/source><source srcset=\"https:\/\/www.elpais.com.co\/resizer\/v2\/X7J3BV7B5JEQFFBMYVW73HDVXE.jpeg?auth=5143b939fe64c1949fe1ff6d2498ad3657dccad0b721f80779b502eea76aec81&amp;smart=true&amp;quality=75&amp;width=768&amp;fitfill=false\" media=\"(max-width: 768px)\"><\/source><img src=\"https:\/\/www.elpais.com.co\/resizer\/v2\/X7J3BV7B5JEQFFBMYVW73HDVXE.jpeg?auth=5143b939fe64c1949fe1ff6d2498ad3657dccad0b721f80779b502eea76aec81&amp;smart=true&amp;quality=75&amp;width=1280&amp;fitfill=false\" alt=\"Imagen del partido entre Deportivo Cali y Independiente Santa Fe por la fecha 12 del primer semestre de la Liga Colombiana 2026.\" height=\"9\" width=\"16\" fetchpriority=\"low\" decoding=\"async\" loading=\"lazy\" class=\"mx-auto mb-0 w-full max-w-[1440px]\"><\/picture><figcaption class=\"text-bluelish-400 font-lato mt-0 max-w-none py-2 text-xs italic\">Imagen del partido entre Deportivo Cali y Independiente Santa Fe por la fecha 12 del primer semestre de la Liga Colombiana 2026.<!-- --> <span> | Foto: <!-- -->Jos\u00e9 Luis Guzm\u00e1n \/ El Pa\u00eds<\/span><\/figcaption><\/div><\/div><div data-index=\"5\"><p data-type=\"text\">Por otro lado, Alianza no ha tenido un buen rendimiento durante el semestre, pero s\u00ed ha complicado a varios clubes durante este torneo. <b>En sus \u00faltimas actuaciones, empat\u00f3 de visitante contra Junior de Barranquilla e Independiente Santa Fe<\/b> y le gan\u00f3 en casa a Jaguares de C\u00f3rdoba.<\/p><\/div><div data-index=\"6\"><p data-type=\"text\">El compromiso ser\u00e1 este domingo a las 4:00 de la tarde y ser\u00e1 transmitido por los canales de Win Sports y Win Sports +, adem\u00e1s de su plataforma digital.<\/p><\/div><div data-index=\"7\"><p data-type=\"text\">El partido tambi\u00e9n se podr\u00e1 <b>seguir en las redes sociales y p\u00e1gina web de El Pa\u00eds (<\/b><a href=\"http:\/\/www.elpais.com.co\" target=\"_blank\" rel=\"nofollow sponsored\"><b>www.elpais.com.co<\/b><\/a><b>). <\/b><\/p><\/div><div data-index=\"8\"><div class=\"EPA_VIDEO mb-5\" data-membrana=\"true\"><\/div><\/div><div data-index=\"9\"><div class=\"not-prose relative my-2\"><\/div><\/div><div data-index=\"10\"><h3 data-type=\"header\" class=\"\"><b>Tabla de posiciones de la Liga Colombiana tras la fecha 12<\/b><\/h3><\/div><div data-index=\"11\"><ol><li><b>Atl\u00e9tico Nacional -\u00a024 puntos y una diferencia de gol de + 14<\/b><\/li><li>Deportivo Pasto - 24 pts. (DG. de + 4)<\/li><li>Once Caldas - 23 pts. (DG. de + 10)<\/li><li>Internacional de Bogot\u00e1 - 21 pts. (DG. de + 2)<\/li><li><b>Am\u00e9rica de Cali - 20 pts. (DG. de + 8)<\/b><\/li><li>Atl\u00e9tico Bucaramanga - 19 pts. (DG. de + 10)<\/li><li>Deportes Tolima - 19 pts. (DG. de + 6)<\/li><li>Junior de Barranquilla - 19 pts. (DG. de -1)<\/li><li>Millonarios - 17 pts. (DG. de + 3)<\/li><li><b>Deportivo Cali - 16 pts. (DG. de + 3)<\/b><\/li><li>Llaneros de Villavicencio - 15 pts. (DG. de + 1)<\/li><li>\u00c1guilas Doradas - 15 pts. (DG. de 0)<\/li><li>Fortaleza CEIF - 14 pts. (DG. de -5)<\/li><li>Independiente Medell\u00edn - 13 pts. (DG. de 0)<\/li><li>Independiente Santa Fe - 12 pts. (DG. de - 2)<\/li><li>Jaguares de C\u00f3rdoba - 10 pts. (DG. de - 12)<\/li><li>Alianza FC - 8 pts. (DG. de - 13)<\/li><li>C\u00facuta Deportivo - 7 pts. (DG. de - 9)<\/li><li>Boyac\u00e1 Chic\u00f3 - 7 pts. (DG. de - 10)<\/li><li>Deportivo Pereira - 5 pts. (DG. de - 12)<\/li><\/ol><\/div><div data-index=\"12\"><p data-type=\"text\"><i>Nota: Hay varios equipos que todav\u00eda tienen partidos pendientes de jornadas anteriores, como Nacional, Am\u00e9rica, Bucaramanga, Tolima, \u00c1guilas, Medell\u00edn, Santa Fe, Alianza, Chic\u00f3 y Pereira.<\/i><\/p><\/div><div data-index=\"13\"><div data-type=\"image\"><picture><source srcset=\"https:\/\/www.elpais.com.co\/resizer\/v2\/VCQTEY6HO5D5ZI3OQSJGUYHEYU.jpeg?auth=8b71cbef53051e307278c431a02c2ca1187369e705d7887e29c9b0dab9b1bfd4&amp;smart=true&amp;quality=75&amp;width=480&amp;fitfill=false\" media=\"(max-width: 480px)\"><\/source><source srcset=\"https:\/\/www.elpais.com.co\/resizer\/v2\/VCQTEY6HO5D5ZI3OQSJGUYHEYU.jpeg?auth=8b71cbef53051e307278c431a02c2ca1187369e705d7887e29c9b0dab9b1bfd4&amp;smart=true&amp;quality=75&amp;width=768&amp;fitfill=false\" media=\"(max-width: 768px)\"><\/source><img src=\"https:\/\/www.elpais.com.co\/resizer\/v2\/VCQTEY6HO5D5ZI3OQSJGUYHEYU.jpeg?auth=8b71cbef53051e307278c431a02c2ca1187369e705d7887e29c9b0dab9b1bfd4&amp;smart=true&amp;quality=75&amp;width=1280&amp;fitfill=false\" alt=\"Imagen del partido entre Deportivo Cali y Independiente Santa Fe por la fecha 12 del primer semestre de la Liga Colombiana 2026.\" height=\"9\" width=\"16\" fetchpriority=\"low\" decoding=\"async\" loading=\"lazy\" class=\"mx-auto mb-0 w-full max-w-[1440px]\"><\/picture><figcaption class=\"text-bluelish-400 font-lato mt-0 max-w-none py-2 text-xs italic\">As\u00ed se vivi\u00f3 el encuentro entre Deportivo Cali y Independiente Santa Fe.<!-- --> <span> | Foto: <!-- -->Jos\u00e9 Luis Guzm\u00e1n \/ El Pa\u00eds<\/span><\/figcaption><\/div><\/div><div data-index=\"14\"><div class=\"not-prose relative my-2\"><\/div><\/div><\/div><div class=\"not-prose grid grid-cols-1 gap-px py-4\"><div class=\"flex w-full py-2 rounded-xl bg-smoke-100\"><div class=\"flex gap-x-2.5 mx-2\"><div class=\"h-11 w-11 items-center overflow-hidden rounded-full text-primary\"><picture><source srcset=\"https:\/\/author-service-images-prod-us-east-1.publishing.aws.arc.pub\/semana\/894debb5-a305-4095-949c-cbe29ecac2b9.png\" media=\"(max-width: 768px)\"><\/source><img srcset=\"https:\/\/author-service-images-prod-us-east-1.publishing.aws.arc.pub\/semana\/894debb5-a305-4095-949c-cbe29ecac2b9.png\" alt=\"\" height=\"9\" width=\"16\" loading=\"lazy\" class=\"h-full w-full object-cover object-center\"><\/picture><\/div><\/div><div class=\"flex w-full flex-col px-2 border-l border-primary\"><div class=\"inline-flex gap-1 flex-row\"><a href=\"\/autor\/jaarias_elpais\/\"><h2 class=\"font-bold font-black text-base mr-2 hover:text-primary\">Juan Andr\u00e9s Arias<\/h2><\/a><\/div><p class=\"text-xs text-smoke-500\">Comunicador social y periodista con m\u00e1s de ocho a\u00f1os de experiencia. He trabajado en canales digitales, radio y otros medios escritos de gran relevancia en Colombia. Soy un apasionado de los deportes y de cubrir sus grandes eventos a nivel nacional e internacional.<\/p><div class=\"inline-flex gap-1 flex-row mt-2\"><\/div><\/div><\/div><\/div><div class=\"not-prose my-4 rounded-xl border-2 border-primary px-4 py-1 md:px-10 md:py-2\"><h2 class=\"mb-1 text-center text-lg font-bold leading-none text-primary\" style=\"letter-spacing:-0.03em\">Reg\u00edstrate gratis al bolet\u00edn de noticias El Pa\u00eds<\/h2><\/div><div class=\"my-6 flex items-center\"><div class=\"mr-3 self-start text-black\"><svg xmlns=\"http:\/\/www.w3.org\/2000\/svg\" fill=\"none\" viewbox=\"0 0 24 24\" stroke-width=\"1.5\" stroke=\"currentColor\" class=\"h-4 w-4\"><path stroke-linecap=\"round\" stroke-linejoin=\"round\" d=\"M9.568 3H5.25A2.25 2.25 0 003 5.25v4.318c0 .597.237 1.17.659 1.591l9.581 9.581c.699.699 1.78.872 2.607.33a18.095 18.095 0 005.223-5.223c.542-.827.369-1.908-.33-2.607L11.16 3.66A2.25 2.25 0 009.568 3z\"><\/path><path stroke-linecap=\"round\" stroke-linejoin=\"round\" d=\"M6 6h.008v.008H6V6z\"><\/path><\/svg><\/div><div class=\"flex flex-wrap gap-1\"><a href=\"\/noticias\/deportivo-cali\/\" class=\"inline-block rounded-md bg-smoke-100 px-4 py-1 text-center text-xs leading-none text-black no-underline\">Deportivo Cali<\/a><a href=\"\/noticias\/alianza-fc\/\" class=\"inline-block rounded-md bg-smoke-100 px-4 py-1 text-center text-xs leading-none text-black no-underline\">Alianza FC<\/a><a href=\"\/noticias\/liga-colombiana\/\" class=\"inline-block rounded-md bg-smoke-100 px-4 py-1 text-center text-xs leading-none text-black no-underline\">liga colombiana<\/a><\/div><\/div><div><div class=\"not-prose border-y border-smoke-300 p-3 mt-2\"><div class=\"flex flex-col  md:justify-between items-center gap-4 md:flex-row\"><div class=\"flex items-center gap-4\"><div class=\"w-9\"><img src=\"\/pf\/resources\/images\/el-pais\/logo-simbolo.svg?d=8031\" class=\"h-10 w-auto\"><\/div><div class=\"text-left text-xs leading-tight text-black\">Descarga la APP <b>ElPa\u00eds.com.co<\/b>:<\/div><\/div><div class=\"flex items-center justify-center gap-4\"><\/div><\/div><\/div><\/div><div class=\"px-3 py-3 leading-none rounded-lg border border-smoke-100 bg-smoke-200 not-prose\"><a href=\"https:\/\/news.google.com\/publications\/CAAqBwgKMLGakQswx9-lAw\"><div class=\"font-lato text-base flex items-center\"><h3 class=\"text-bluelish-400 px-4\">Convierta a<!-- --> <strong><span class=\"text-black\">El Pa\u00eds<\/span><span class=\"text-primary\">.com.co<\/span><\/strong> <!-- -->en su fuente de noticias aqu\u00ed<\/h3><\/div><\/a><\/div><\/div><div class=\"mx-auto w-[280px] flex-none\"><div class=\"relative h-full\"><div class=\"left-0 right-0\"><div class=\"mb-4 hidden pt-4 lg:block\"><div style=\"height:250px;display:block\" id=\"Boton_1_D\" class=\"hidden-mobile   relative mx-auto max-w-7xl flex items-center justify-center bg-smoke-100 text-center ads-iframe\"><\/div><\/div><\/div><div class=\"sticky left-0 right-0 top-16\"><div class=\"mb-4 hidden pt-4 lg:block\"><div class=\"my-2 border border-t-4 border-t-primary px-3\"><div class=\"p-4 text-center hidden lg:block\"><h2 class=\"text-primary text-xl\">Noticias<\/h2><h2 class=\"text-2xl font-lato font-bold\">Destacadas<\/h2><\/div><div class=\"flex flex-column justify-between items-center p-4 text-center block lg:hidden\"><h2 class=\"text-xl font-lato font-bold\">Noticias Destacadas<\/h2><svg xmlns=\"http:\/\/www.w3.org\/2000\/svg\" fill=\"none\" viewbox=\"0 0 24 24\" stroke-width=\"1.5\" stroke=\"currentColor\" class=\"h-6 w-6\"><path stroke-linecap=\"round\" stroke-linejoin=\"round\" d=\"M4.5 15.75l7.5-7.5 7.5 7.5\"><\/path><\/svg><\/div><div class=\" lg:block\"><div class=\"py-2 border-t\"><a class=\"flex flex-row\" href=\"https:\/\/www.elpais.com.co\/deportes\/santiago-castrillon-jugador-de-millonarios-en-la-uci-tras-desplomarse-en-un-partido-esto-se-sabe-2156.html\"><span class=\"text-primary text-xl md:text-2xl mr-2\">1<!-- -->.<\/span><p class=\"text-left text-sm\">Santiago Castrill\u00f3n, jugador de Millonarios, sufre desmayo y est\u00e1 en la UCI<\/p><\/a><\/div><\/div><div class=\" lg:block\"><div class=\"py-2 border-t\"><a class=\"flex flex-row\" href=\"https:\/\/www.elpais.com.co\/deportes\/rafael-dudamel-destapo-la-nomina-de-convocados-del-deportivo-cali-para-enfrentar-a-alianza-fc-hay-varios-cambios-2117.html\"><span class=\"text-primary text-xl md:text-2xl mr-2\">2<!-- -->.<\/span><p class=\"text-left text-sm\">Deportivo Cali se mide a Alianza: estos son los cambios en la n\u00f3mina de convocados<\/p><\/a><\/div><\/div><div class=\" lg:block\"><div class=\"py-2 border-t\"><a class=\"flex flex-row\" href=\"https:\/\/www.elpais.com.co\/deportes\/tabla-de-posiciones-de-la-liga-betplay-tras-el-triunfo-del-america-de-cali-sobre-aguilas-doradas-2028.html\"><span class=\"text-primary text-xl md:text-2xl mr-2\">3<!-- -->.<\/span><p class=\"text-left text-sm\">As\u00ed qued\u00f3 Am\u00e9rica de Cali en la tabla de posiciones de la Liga tras la victoria ante \u00c1guilas<\/p><\/a><\/div><\/div><div class=\" lg:block\"><div class=\"py-2 border-t\"><a class=\"flex flex-row\" href=\"https:\/\/www.elpais.com.co\/deportes\/lesion-de-nicolas-hernandez-america-revela-el-largo-tiempo-de-recuperacion-estos-son-los-partidos-que-se-perderia-2159.html\"><span class=\"text-primary text-xl md:text-2xl mr-2\">4<!-- -->.<\/span><p class=\"text-left text-sm\">Nicol\u00e1s Hern\u00e1ndez se perder\u00eda 10 partidos entre Liga y Sudamericana por una lesi\u00f3n<\/p><\/a><\/div><\/div><div class=\" lg:block\"><div class=\"py-2 border-t\"><a class=\"flex flex-row\" href=\"https:\/\/www.elpais.com.co\/deportes\/alianza-fc-vs-deportivo-cali-hora-y-por-donde-ver-el-juego-de-la-fecha-13-de-la-liga-betplay-2154.html\"><span class=\"text-primary text-xl md:text-2xl mr-2\">5<!-- -->.<\/span><p class=\"text-left text-sm\">Alianza FC Vs. Deportivo Cali: as\u00ed puede ver el juego de la fecha 13 de la Liga BetPlay<\/p><\/a><\/div><\/div><\/div><\/div><\/div><\/div><\/div><\/div><\/main>","body_rewritten":"<h2 class='text-2xl font-bold mt-6 mb-3'>Un partido con alto valor en la lucha por no descender<\/h2><p class='mb-4 leading-relaxed'>Con el objetivo de seguir sumando para volver a entrar al grupo de los ocho, <strong>Deportivo Cali visita este domingo a Alianza FC<\/strong> por la fecha 13 del primer semestre de la Liga Colombiana 2026. Se enfrenta contra un <strong>rival directo en la zona del descenso<\/strong>, por lo cual la victoria podr\u00eda significar mucho m\u00e1s que tres puntos.<\/p><h2 class='text-2xl font-bold mt-6 mb-3'>El momento de ambos equipos antes del cl\u00e1sico<\/h2><p class='mb-4 leading-relaxed'>El equipo dirigido por Rafael Dudamel llega con un triunfo de visitante contra C\u00facuta y un empate en casa con Santa Fe. Por su lado, Alianza, aunque no ha tenido un buen rendimiento, <strong>ha complicado a varios clubes<\/strong>, logrando empates de visitante contra Junior y Santa Fe, y una victoria en casa ante Jaguares.<\/p><blockquote class='border-l-4 border-gray-300 pl-4 italic my-4'>El compromiso ser\u00e1 este domingo a las 4:00 de la tarde y ser\u00e1 transmitido por los canales de <strong>Win Sports y Win Sports +<\/strong>.<\/blockquote><h2 class='text-2xl font-bold mt-6 mb-3'>D\u00f3nde y c\u00f3mo ver el partido en vivo<\/h2><ul class='list-disc pl-5 mb-4 space-y-1'><li><strong>Hora:<\/strong> Domingo, 4:00 p.m.<\/li><li><strong>Estadio:<\/strong> Armando Maestre Pavajeau, Valledupar.<\/li><li><strong>Televisi\u00f3n:<\/strong> Win Sports y Win Sports+.<\/li><li><strong>Transmisi\u00f3n digital:<\/strong> Plataforma de Win Sports y seguimiento en <strong>elpais.com.co<\/strong>.<\/li><\/ul>","status":"published","author":null,"image_url":"https:\/\/colombiahoy.s3.us-east-2.amazonaws.com\/articles\/2788\/image-bfe2cf78ea8a21d3fd6db586d8c9bf6dee6fd39e0209ae0dbfa3079ae0534422.webp","canonical_url":"https:\/\/www.elpais.com.co\/deportes\/alianza-fc-vs-deportivo-cali-hora-y-por-donde-ver-el-juego-de-la-fecha-13-de-la-liga-betplay-2154.html","published_at":"2026-03-21 14:06","created_at":"2026-03-22 00:00","last_error":null,"topics":[{"id":1,"name":"Deportes","slug":"deportes"},{"id":2,"name":"Cali","slug":"cali"}],"source":"Deportes en Cali"},{"id":2016,"title":"Tres juveniles de Independiente Santa Fe son convocados a la selecci\u00f3n Colombia Sub-19","slug":"tres-juveniles-de-independiente-santa-fe-integran-convocatoria-de-la-seleccion-colombia-sub-19","title_original":"Tres promesas de Santa Fe estar\u00edan en el radar de la selecci\u00f3n Colombia - Win Sports","title_rewritten":"Tres juveniles de Independiente Santa Fe son convocados a la selecci\u00f3n Colombia Sub-19","excerpt":"Independiente Santa Fe consolida su pol\u00edtica de formaci\u00f3n con la convocatoria de tres j\u00f3venes talentos a la selecci\u00f3n Colombia Sub-19, bajo la direcci\u00f3n t\u00e9cnica de C\u00e9sar Torres.","body":"<p class='mb-5 leading-7 text-gray-800 text-lg'>La selecci\u00f3n Colombia Sub-19, bajo la direcci\u00f3n t\u00e9cnica de C\u00e9sar Torres, ha convocado a tres juveniles de Independiente Santa Fe para su microciclo de evaluaci\u00f3n: el lateral izquierdo Felipe Z\u00fa\u00f1iga, el volante creativo Juan Camilo Quintero y el extremo Jhon Tenorio. Esta convocatoria, realizada en el marco de los procesos de formaci\u00f3n de la Federaci\u00f3n Colombiana de F\u00fatbol, representa un reconocimiento expl\u00edcito al trabajo desarrollado por la cantera del club capitalino.<\/p><p class='mb-5 leading-7 text-gray-800 text-lg'>Los microciclos de la selecci\u00f3n juvenil constituyen un mecanismo t\u00e9cnico fundamental para evaluar el rendimiento de futbolistas en contextos competitivos y t\u00e1cticos. En esta instancia, la presencia de tres canteranos de Santa Fe no solo valida la calidad individual de los convocados, sino que refleja la preparaci\u00f3n integral que reciben dentro de la estructura formativa del club. El proceso funciona como un filtro exigente donde se miden par\u00e1metros como adaptaci\u00f3n t\u00e1ctica, inteligencia de juego y rendimiento f\u00edsico para determinar futuras convocatorias y roles dentro del equipo nacional.<\/p><h2 class='text-2xl font-bold text-gray-900 mt-8 mb-4 border-b pb-2 font-serif'>Perfiles t\u00e9cnicos de los convocados<\/h2><ul class='list-square pl-8 mb-6 space-y-2 text-gray-800'><li>Felipe Z\u00fa\u00f1iga: lateral izquierdo con proyecci\u00f3n ofensiva, combina velocidad y t\u00e9cnica para actuar como defensor moderno con impacto en ataque.<\/li><li>Juan Camilo Quintero: volante creativo y din\u00e1mico, destaca por su visi\u00f3n de juego, asociatividad y capacidad para controlar el ritmo ofensivo.<\/li><li>Jhon Tenorio: extremo explosivo con habilidades para romper l\u00edneas defensivas y desequilibrar en situaciones de uno contra uno.<\/li><\/ul><p class='mb-5 leading-7 text-gray-800 text-lg'>Desde una perspectiva hist\u00f3rica, Santa Fe ha mantenido una tradici\u00f3n formativa que ha producido jugadores como Wilson Morelo, Omar P\u00e9rez y, en \u00e9pocas m\u00e1s recientes, Harold Santiago Mosquera. La actual convocatoria se inscribe en esta l\u00ednea, aunque con el desaf\u00edo adicional de que estos j\u00f3venes logren trascender el \u00e1mbito juvenil para consolidarse en el f\u00fatbol profesional, un proceso que estad\u00edsticamente presenta altas tasas de deserci\u00f3n.<\/p><p class='mb-5 leading-7 text-gray-800 text-lg'>La estrategia de Santa Fe se enmarca dentro de un contexto econ\u00f3mico donde la formaci\u00f3n interna representa una ventaja competitiva sostenible. Los clubes colombianos enfrentan limitaciones presupuestarias que dificultan la adquisici\u00f3n de talento consolidado, haciendo de las canteras un activo estrat\u00e9gico no solo deportivo sino financiero. La proyecci\u00f3n de jugadores hacia selecciones nacionales incrementa su valor de mercado y fortalece la marca institucional del club.<\/p><p class='mb-5 leading-7 text-gray-800 text-lg'>El verdadero desaf\u00edo para Z\u00fa\u00f1iga, Quintero y Tenorio radica en transformar esta oportunidad inicial en una trayectoria consolidada. La historia del f\u00fatbol colombiano registra numerosos casos de juveniles prometedores que no lograron mantener consistencia en el alto rendimiento. Su evoluci\u00f3n depender\u00e1 de factores como continuidad competitiva, desarrollo f\u00edsico en etapas de maduraci\u00f3n y capacidad de adaptaci\u00f3n a sistemas t\u00e1cticos cada vez m\u00e1s complejos.<\/p>","body_original":"Quiero unirme al canal de WhatsApp de Win Sports Si quieres disfrutar de la emoci\u00f3n del deporte, suscr\u00edbete a Win Play. Accede a partidos en vivo, contenido exclusivo y variedad de deportes, todo desde cualquier dispositivo. \u00bfQuieres ver los partidos del f\u00fatbol colombiano desde cualquier lugar? Suscr\u00edbete aqu\u00ed a Win Play La cantera de Independiente Santa Fe vive un momento dorado con la reciente convocatoria de tres de sus j\u00f3venes promesas a la selecci\u00f3n Colombia Sub-19.\ud83d\ude31 Conoce a las dos bajas que tendr\u00e1 Santa Fe para sus pr\u00f3ximos partidos por lesi\u00f3nFelipe Z\u00fa\u00f1iga, Juan Camilo Quintero y Jhon Tenorio no solo llegan como un premio al trabajo individual, sino como una clara se\u00f1al del crecimiento futbol\u00edstico que el club capitalino.M\u00e1s all\u00e1 de la convocatoria, el verdadero desaf\u00edo para estos jugadores es mantener y potenciar el nivel mostrado para no quedarse en una oportunidad aislada, sino transformarse en pilares de la Tricolor juvenil y, eventualmente, del profesional.Tres joyas de Santa Fe estar\u00edan en la mira de la selecci\u00f3n Colombia Los microciclos convocados por la selecci\u00f3n Colombia Sub-19 se han convertido en un escenario fundamental para evaluar el rendimiento de los j\u00f3venes futbolistas en un contexto competitivo y t\u00e1ctico.En esta primera instancia bajo la direcci\u00f3n de C\u00e9sar Torres, la presencia de tres canteranos de Santa Fe evidencia la calidad y la preparaci\u00f3n integral que est\u00e1n recibiendo.No es solo un reconocimiento, sino un filtro exigente donde la adaptaci\u00f3n, la inteligencia de juego y el rendimiento f\u00edsico son medidos al detalle para decidir futuras convocatorias y roles dentro del equipo nacional juvenil.Cada uno de los convocados de Santa Fe aporta caracter\u00edsticas distintivas clave para el f\u00fatbol moderno.\ud83d\udc40 Santa Fe tomar\u00e1 medidas por sanci\u00f3n millonaria a Eduardo M\u00e9ndezFelipe Z\u00fa\u00f1iga, lateral izquierdo con excelente salida ofensiva, combina velocidad y t\u00e9cnica para proyectarse como un defensor moderno que impacta en ataque.Juan Camilo Quintero, volante creativo y din\u00e1mico, destaca por su visi\u00f3n de juego, asociatividad y capacidad de control de ritmo, fundamental para el armado ofensivo.Por \u00faltimo, Jhon Tenorio es un extremo explosivo con habilidades para romper l\u00edneas y desequilibrar en el uno contra uno, una herramienta valiosa para abrir defensas rivales y generar oportunidades de gol.La presencia de estos tres juveniles en la selecci\u00f3n Colombia refleja una pol\u00edtica clara de Santa Fe: apostar por la formaci\u00f3n interna y dar espacio a los j\u00f3venes talentos en escenarios de alta competencia.Esta estrategia no solo fortalece la estructura deportiva del club sino que tambi\u00e9n posiciona a Santa Fe como una de las canteras m\u00e1s productivas del pa\u00eds. S\u00edguenos en Google News Temas Relacionados Santa Fe Liga BetPlay FPC M\u00e1s de F\u00fatbol Colombiano Mackalister Silva habla sobre su futuro en Millonarios Entrenador de Nacional advierte a Millonarios para su visita a El Camp\u00edn As\u00ed qued\u00f3 la tabla de posiciones tras la victoria de Nacional Videos M\u00e1s videos F\u00fatbol Colombiano Nacional gole\u00f3 a Junior en Barranquilla y es el nuevo l\u00edder de la Liga BetPlay Atl\u00e9tico Nacional aplast\u00f3 a Junior de Barranquilla con un contundente 4-0. F\u00fatbol Internacional \u00bfIr\u00e1n renunci\u00f3 a la Copa Mundial de la FIFA\u2122? Hay anuncio oficial F\u00fatbol Internacional Medell\u00edn qued\u00f3 contra las cuerdas en la Libertadores Sub-20 tras caer en la fecha 2 F\u00fatbol Colombiano Con gol de G\u00e9nesis Fl\u00f3rez, Am\u00e9rica venci\u00f3 a Orsomarso en la Liga Lo mejor de tu equipo Compartir HOY EN Liga Dimayor Atl\u00e9tico Nacional Llaneros Win + Win Sports Ver Online Todos los partidos Posiciones Es noticia Liga BetPlay Millonarios Am\u00e9rica de Cali Atl\u00e9tico Nacional Deportivo Independiente Medell\u00edn Conmebol Libertadores","body_rewritten":"<p class='mb-5 leading-7 text-gray-800 text-lg'>La selecci\u00f3n Colombia Sub-19, bajo la direcci\u00f3n t\u00e9cnica de C\u00e9sar Torres, ha convocado a tres juveniles de Independiente Santa Fe para su microciclo de evaluaci\u00f3n: el lateral izquierdo Felipe Z\u00fa\u00f1iga, el volante creativo Juan Camilo Quintero y el extremo Jhon Tenorio. Esta convocatoria, realizada en el marco de los procesos de formaci\u00f3n de la Federaci\u00f3n Colombiana de F\u00fatbol, representa un reconocimiento expl\u00edcito al trabajo desarrollado por la cantera del club capitalino.<\/p><p class='mb-5 leading-7 text-gray-800 text-lg'>Los microciclos de la selecci\u00f3n juvenil constituyen un mecanismo t\u00e9cnico fundamental para evaluar el rendimiento de futbolistas en contextos competitivos y t\u00e1cticos. En esta instancia, la presencia de tres canteranos de Santa Fe no solo valida la calidad individual de los convocados, sino que refleja la preparaci\u00f3n integral que reciben dentro de la estructura formativa del club. El proceso funciona como un filtro exigente donde se miden par\u00e1metros como adaptaci\u00f3n t\u00e1ctica, inteligencia de juego y rendimiento f\u00edsico para determinar futuras convocatorias y roles dentro del equipo nacional.<\/p><h2 class='text-2xl font-bold text-gray-900 mt-8 mb-4 border-b pb-2 font-serif'>Perfiles t\u00e9cnicos de los convocados<\/h2><ul class='list-square pl-8 mb-6 space-y-2 text-gray-800'><li>Felipe Z\u00fa\u00f1iga: lateral izquierdo con proyecci\u00f3n ofensiva, combina velocidad y t\u00e9cnica para actuar como defensor moderno con impacto en ataque.<\/li><li>Juan Camilo Quintero: volante creativo y din\u00e1mico, destaca por su visi\u00f3n de juego, asociatividad y capacidad para controlar el ritmo ofensivo.<\/li><li>Jhon Tenorio: extremo explosivo con habilidades para romper l\u00edneas defensivas y desequilibrar en situaciones de uno contra uno.<\/li><\/ul><p class='mb-5 leading-7 text-gray-800 text-lg'>Desde una perspectiva hist\u00f3rica, Santa Fe ha mantenido una tradici\u00f3n formativa que ha producido jugadores como Wilson Morelo, Omar P\u00e9rez y, en \u00e9pocas m\u00e1s recientes, Harold Santiago Mosquera. La actual convocatoria se inscribe en esta l\u00ednea, aunque con el desaf\u00edo adicional de que estos j\u00f3venes logren trascender el \u00e1mbito juvenil para consolidarse en el f\u00fatbol profesional, un proceso que estad\u00edsticamente presenta altas tasas de deserci\u00f3n.<\/p><p class='mb-5 leading-7 text-gray-800 text-lg'>La estrategia de Santa Fe se enmarca dentro de un contexto econ\u00f3mico donde la formaci\u00f3n interna representa una ventaja competitiva sostenible. Los clubes colombianos enfrentan limitaciones presupuestarias que dificultan la adquisici\u00f3n de talento consolidado, haciendo de las canteras un activo estrat\u00e9gico no solo deportivo sino financiero. La proyecci\u00f3n de jugadores hacia selecciones nacionales incrementa su valor de mercado y fortalece la marca institucional del club.<\/p><p class='mb-5 leading-7 text-gray-800 text-lg'>El verdadero desaf\u00edo para Z\u00fa\u00f1iga, Quintero y Tenorio radica en transformar esta oportunidad inicial en una trayectoria consolidada. La historia del f\u00fatbol colombiano registra numerosos casos de juveniles prometedores que no lograron mantener consistencia en el alto rendimiento. Su evoluci\u00f3n depender\u00e1 de factores como continuidad competitiva, desarrollo f\u00edsico en etapas de maduraci\u00f3n y capacidad de adaptaci\u00f3n a sistemas t\u00e1cticos cada vez m\u00e1s complejos.<\/p>","status":"published","author":null,"image_url":"https:\/\/colombiahoy.s3.us-east-2.amazonaws.com\/articles\/2016\/image-b8614e921da29c463c810b5c76d5d823d16822cbad3ee4dcac568152343ff0f6.webp","canonical_url":"https:\/\/www.winsports.co\/futbol-colombiano\/noticias\/tres-promesas-de-santa-fe-estarian-en-el-radar-de-la-seleccion-colombia-414637","published_at":"2026-03-12 14:37","created_at":"2026-03-12 18:24","last_error":null,"topics":[{"id":2,"name":"Cali","slug":"cali"}],"source":"Santa Fe"},{"id":172,"title":"Liberan a Leonardo Moreno tras secuestro en Jamund\u00ed","slug":"liberan-a-leonardo-moreno-tras-secuestro-en-jamundi","title_original":"VIDEO: As\u00ed fue la liberaci\u00f3n de Leonardo Moreno, el jefe de prensa secuestrado - Q'hubo Cali","title_rewritten":"Liberan a Leonardo Moreno tras secuestro en Jamund\u00ed","excerpt":"Leonardo Moreno, jefe de prensa de la campa\u00f1a a la Alcald\u00eda de Jamund\u00ed, fue liberado tras un operativo policial. Moreno estuvo secuestrado desde el 16 de septiembre y fue hallado amarrado a un \u00e1rbol.","body":"<p>A las 7:00 a.m. del jueves 24 de septiembre comenz\u00f3 el operativo que permiti\u00f3 la liberaci\u00f3n de Leonardo Moreno, jefe de prensa de Marleny Mu\u00f1oz, candidata a la Alcald\u00eda de Jamund\u00ed.<\/p><blockquote><p>&quot;Extra\u00f1aba mucho a mis hijas y a mi esposa, esto es lo m\u00e1s duro que he vivido pero estoy feliz de volver a la libertad&quot;, afirm\u00f3 Moreno tras ser encontrado amarrado a un \u00e1rbol.<\/p><\/blockquote><p>Las autoridades revelaron detalles del operativo que gener\u00f3 gran alegr\u00eda en Jamund\u00ed, donde Leonardo es una persona muy querida.<\/p><p>El secuestro ocurri\u00f3 despu\u00e9s de que Moreno desapareciera el lunes 16 de septiembre, luego de salir de una reuni\u00f3n pol\u00edtica. Su motocicleta fue hallada al d\u00eda siguiente en una zona poco transitada del municipio.<\/p><p>Leonardo Moreno agradeci\u00f3 a la Polic\u00eda y explic\u00f3 c\u00f3mo resisti\u00f3 durante los d\u00edas que estuvo privado de la libertad.<\/p><h2>\u00bfC\u00f3mo fortalecer la seguridad en campa\u00f1as pol\u00edticas locales?<\/h2>","body_original":"A las 7:00 a.m. del jueves 24 de agosto empez\u00f3 el operativo para liberar a Leonardo Moreno, jefe de prensa de Marleny Mu\u00f1oz, candidata a la Alcald\u00eda de Jamund\u00ed. Te puede interesar:\u00a0\u00a1\u00daltima hora! Liberaron en Jamund\u00ed a Leonardo Moreno, jefe de campa\u00f1a de Marleny Mu\u00f1oz \"Extra\u00f1aba mucho a mis hijas y a mi esposa, esto es lo m\u00e1s duro que he viviendo pero estoy feliz de volver a la libertad\", esas fueron las primeras palabras de Moreno, quien fue hallado amarrado a un \u00e1rbol. https:\/\/www.qhubocali.com\/wp-content\/uploads\/2019\/10\/WhatsApp-Video-2019-10-24-at-8.41.00-PM.mp4 Las autoridades contaron varios detalles del operativo que hoy tiene celebrando a todo Jamund\u00ed, pues Leonardo es una de las personas m\u00e1s queridas en ese municipio. https:\/\/www.qhubocali.com\/wp-content\/uploads\/2019\/10\/WhatsApp-Video-2019-10-24-at-8.54.11-PM.mp4 Leonardo Moreno habl\u00f3 reci\u00e9n fue liberado, se mostr\u00f3 agradecido con la Polic\u00eda y cont\u00f3 como hizo para resistir los d\u00edas que estuvo privado de la libertad. Recordemos que 'Leo' hab\u00eda desaparecido el pasado lunes 16 de septiembre, tras salir de una reuni\u00f3n pol\u00edtica en Jamund\u00ed. Un d\u00eda despu\u00e9s, el martes, su motocicleta apareci\u00f3 en un sector poco concurrido de ese municipio. https:\/\/www.qhubocali.com\/wp-content\/uploads\/2019\/10\/WhatsApp-Video-2019-10-24-at-8.54.12-PM.mp4 Encontraron la moto pero 'Leo' nada que aparece Si quieres recibir las \u00faltimas noticias de Cali a tu WhatsApp dale Click a la imagen, escribe \"Hola\" y sigue las instrucciones","body_rewritten":"<p>A las 7:00 a.m. del jueves 24 de septiembre comenz\u00f3 el operativo que permiti\u00f3 la liberaci\u00f3n de Leonardo Moreno, jefe de prensa de Marleny Mu\u00f1oz, candidata a la Alcald\u00eda de Jamund\u00ed.<\/p><blockquote><p>&quot;Extra\u00f1aba mucho a mis hijas y a mi esposa, esto es lo m\u00e1s duro que he vivido pero estoy feliz de volver a la libertad&quot;, afirm\u00f3 Moreno tras ser encontrado amarrado a un \u00e1rbol.<\/p><\/blockquote><p>Las autoridades revelaron detalles del operativo que gener\u00f3 gran alegr\u00eda en Jamund\u00ed, donde Leonardo es una persona muy querida.<\/p><p>El secuestro ocurri\u00f3 despu\u00e9s de que Moreno desapareciera el lunes 16 de septiembre, luego de salir de una reuni\u00f3n pol\u00edtica. Su motocicleta fue hallada al d\u00eda siguiente en una zona poco transitada del municipio.<\/p><p>Leonardo Moreno agradeci\u00f3 a la Polic\u00eda y explic\u00f3 c\u00f3mo resisti\u00f3 durante los d\u00edas que estuvo privado de la libertad.<\/p><h2>\u00bfC\u00f3mo fortalecer la seguridad en campa\u00f1as pol\u00edticas locales?<\/h2>","status":"published","author":null,"image_url":"https:\/\/colombiahoy.s3.us-east-2.amazonaws.com\/articles\/172\/image-f3328a99fed87ec6995d9861df62a7790fa1f1fc8cf096c6d04d0eab914b7b44.webp","canonical_url":"https:\/\/qhubocali.com\/asi-paso\/video-asi-fue-la-liberacion-de-leonardo-moreno-el-jefe-de-prensa-secuestrado\/","published_at":"2019-10-25 07:00","created_at":"2026-02-28 19:31","last_error":"HTTP request returned status code 429:\n{\n    \"error\": {\n        \"message\": \"You exceeded your current quota, please check your plan and billing details. For mo (truncated...)\n","topics":[{"id":2,"name":"Cali","slug":"cali"},{"id":3,"name":"Seguridad","slug":"seguridad"}],"source":"Seguridad Cali"}],"more_news":{"data":[{"id":3633,"title":"Dudamel le pone picante al cl\u00e1sico entre Cali y Am\u00e9rica en Palmaseca","slug":"dudamel-le-pone-picante-al-clasico-entre-cali-y-america-en-palmaseca","title_original":"Dudamel le puso picante al cl\u00e1sico entre Cali y Am\u00e9rica","title_rewritten":"Dudamel le pone picante al cl\u00e1sico entre Cali y Am\u00e9rica en Palmaseca","excerpt":"Rafael Dudamel calienta el cl\u00e1sico vallecaucano: Deportivo Cali necesita los tres puntos para seguir en la pelea por los ocho. El t\u00e9cnico destaca la importancia de la pelota parada y la intensidad del encuentro.","body":"<h2 class='text-2xl font-bold mt-6 mb-3'>La presi\u00f3n de mantenerse en la pelea<\/h2><p class='mb-4 leading-relaxed'>Deportivo Cali llega noveno con 23 puntos, <strong>empatado con Independiente Santa Fe<\/strong>. Esta cercan\u00eda en la tabla a\u00f1ade tensi\u00f3n y hace que el cl\u00e1sico tome un protagonismo mayor, ya que una victoria les devolver\u00eda la confianza necesaria para encarar la \u00faltima fecha.<\/p><p class='mb-4 leading-relaxed'>Adem\u00e1s, el buen momento del equipo &#039;escarlata&#039; tras asegurar su clasificaci\u00f3n impacta directamente en la necesidad de Cali <strong>de sumar de tres<\/strong> para mantener el sue\u00f1o vivo.<\/p><h2 class='text-2xl font-bold mt-6 mb-3'>Rafael Dudamel sabe lo que se juega Deportivo Cali<\/h2><blockquote class='border-l-4 border-gray-300 pl-4 italic my-4'>Si continuamos en esa l\u00ednea, los puntos se quedan en casa<\/blockquote><p class='mb-4 leading-relaxed'>El estratega destac\u00f3 que <strong>la pelota parada ser\u00e1 fundamental<\/strong> para definir el cl\u00e1sico. Ambos equipos manejan esa faceta con jugadores imponentes en ataque y defensiva, por lo que esos detalles podr\u00edan inclinar la balanza.<\/p><h2 class='text-2xl font-bold mt-6 mb-3'>Lo que est\u00e1 en juego para Deportivo Cali<\/h2><ul class='list-disc pl-5 mb-4 space-y-1'><li>La victoria en el cl\u00e1sico <strong>no solo representa tres puntos<\/strong>, sino la posibilidad real de avanzar dentro del grupo de los ocho mejores.<\/li><li>Dependiendo de otros resultados, <strong>incluso podr\u00edan alcanzar 29 unidades<\/strong> si son capaces de ganar en la \u00faltima fecha contra Deportes Tolima.<\/li><li>La presi\u00f3n es alta, <strong>pero tambi\u00e9n la motivaci\u00f3n<\/strong> de un equipo que sabe que estos partidos se ganan en detalles y convicci\u00f3n.<\/li><\/ul>","body_original":"<div class=\"fc\">\n        <div class=\"post-content\">\n    <a class=\"btn-whatssap\" href=\"https:\/\/whatsapp.com\/channel\/0029Va4HxmL4tRroa0ibiR0D\" target=\"_blank\" rel=\"nofollow\">\n        <svg class=\"icon-whatsapp\" width=\"1024\" height=\"1024\" viewbox=\"0 0 1024 1024\" preserveaspectratio=\"xMinYMin\" aria-hidden=\"true\" focusable=\"false\"><use href=\"\/ui\/v1\/icons.svg#icon-whatsapp\"><\/use><\/svg> Quiero unirme al canal de WhatsApp de Win Sports\n    <\/a>\n                <p>\n                    Si quieres disfrutar de la emoci\u00f3n del deporte, suscr\u00edbete a Win Play. Accede a partidos en vivo,\n                    contenido exclusivo y variedad de deportes, todo desde cualquier dispositivo.<br>\n                    <em><strong><a href=\"https:\/\/winplay.co\/plans\" target=\"_blank\" rel=\"nofollow\"> \u00bfQuieres ver los partidos del f\u00fatbol colombiano desde cualquier lugar? Suscr\u00edbete aqu\u00ed a Win Play <\/a><\/strong><\/em>\n\n                <\/p>\n            \n<p>El cl\u00e1sico vallecaucano que se disputar\u00e1 en el <strong>Estadio Palmaseca<\/strong> se ha convertido en un duelo decisivo para <a href=\"\/futbol-colombiano\/equipos\/deportivo-cali\" target=\"_blank\"><strong>Deportivo Cali<\/strong><\/a>.<\/p><p>Con la clasificaci\u00f3n como objetivo, el equipo 'azucarero' enfrenta una encrucijada vital frente a <a href=\"\/futbol-colombiano\/equipos\/america-de-cali\" target=\"_blank\"><strong>Am\u00e9rica de Cali<\/strong><\/a>.<\/p><h2>La presi\u00f3n de mantenerse en la pelea<\/h2><p>Deportivo Cali llega noveno con 23 puntos, <strong>empatado con Independiente Santa Fe<\/strong>. Esta cercan\u00eda <a href=\"\/futbol-colombiano\/liga-dimayor\/posiciones\" target=\"_blank\"><strong>en la tabla<\/strong><\/a> a\u00f1ade tensi\u00f3n y hace que el cl\u00e1sico tome un protagonismo mayor, ya que una victoria les devolver\u00eda la confianza necesaria para encarar la \u00faltima fecha.<\/p><p>Adem\u00e1s, el buen momento del equipo 'escarlata' tras asegurar su clasificaci\u00f3n impacta directamente en la necesidad de Cali<strong> de sumar de tres<\/strong> para mantener el sue\u00f1o vivo.<\/p><h3>Rafael Dudamel sabe lo que se juega Deportivo Cali<\/h3><p><strong>\u201cSi continuamos en esa l\u00ednea, los puntos se quedan en casa\u201d<\/strong>, fue el mensaje del t\u00e9cnico, que respalda el trabajo reciente de su plantel y busca consolidarlo en un duelo que puede marcar el rumbo en la recta final del todos contra todos.<\/p><p>Adem\u00e1s, el estratega destac\u00f3 que <strong>la pelota parada ser\u00e1 fundamental<\/strong> para definir el cl\u00e1sico. Ambos equipos manejan esa faceta con jugadores imponentes en ataque y defensiva, por lo que esos detalles podr\u00edan inclinar la balanza.<\/p><span data-width=\"550\" data-dnt=\"true\" class=\"tw lazyload\" data-tweet-id=\"2047395120232665316\"><\/span><p><\/p><p>Controlar los momentos defensivos y <strong>aprovechar los buenos lanzamientos<\/strong> ser\u00e1n decisivos para el equipo que mejor responda a la intensidad del encuentro.<\/p><h4>Lo que est\u00e1 en juego para Deportivo Cali<\/h4><p>La victoria en el cl\u00e1sico <strong>no solo representa tres puntos<\/strong>, sino la posibilidad real de avanzar dentro del grupo de los ocho mejores.<\/p><p>Dependiendo de otros resultados, <strong>incluso podr\u00edan alcanzar 29 unidades<\/strong> si son capaces de ganar en la \u00faltima fecha contra Deportes Tolima.<\/p><p>La presi\u00f3n es alta, <strong>pero tambi\u00e9n la motivaci\u00f3n<\/strong> de un equipo que sabe que estos partidos se ganan en detalles y convicci\u00f3n.<\/p>            \n            \n\n\n                <a class=\"btn-googlenews\" href=\"https:\/\/news.google.com\/publications\/CAAqBwgKMKeMyQsw56fgAw?hl=es-419&amp;gl=CO&amp;ceid=CO%3Aes-419\" target=\"_blank\" rel=\"nofollow\">\n         S\u00edguenos en Google News\n    <\/a>\n\n        <\/div>\n        \n    \n\n\n        \n        \n    \n\n        \n        \n    \n\n        \n        \n    <section class=\"colombian-teams\">\n        <div class=\"win-title\">\n            <h2 class=\"title\">Lo mejor de tu equipo<\/h2>\n            <hr>\n        <\/div>\n        <carousel class=\"list\" :autoplay=\"3000\" :items-to-show=\"7\" :transition=\"1500\" :items-to-scroll=\"7\" :touch-drag=\"false\" snap-align=\"center-even\" :wrap-around=\"true\">\n                <slide class=\"slide\">\n                        <a class=\"team\" href=\"\/futbol-colombiano\/equipos\/internacional-palmira\">\n                            \n    \n\n                        <\/a>\n                        <a class=\"team\" href=\"\/futbol-colombiano\/equipos\/union-magdalena\">\n                            \n    \n\n                        <\/a>\n                <\/slide>\n                <slide class=\"slide\">\n                        <a class=\"team\" href=\"\/futbol-colombiano\/equipos\/deportes-quindio\">\n                            \n    \n\n                        <\/a>\n                        <a class=\"team\" href=\"\/futbol-colombiano\/equipos\/envigado\">\n                            \n    \n\n                        <\/a>\n                <\/slide>\n                <slide class=\"slide\">\n                        <a class=\"team\" href=\"\/futbol-colombiano\/equipos\/real-cartagena\">\n                            \n    \n\n                        <\/a>\n                        <a class=\"team\" href=\"\/futbol-colombiano\/equipos\/bogota\">\n                            \n    \n\n                        <\/a>\n                <\/slide>\n                <slide class=\"slide\">\n                        <a class=\"team\" href=\"\/futbol-colombiano\/equipos\/barranquilla\">\n                            \n    \n\n                        <\/a>\n                        <a class=\"team\" href=\"\/futbol-colombiano\/equipos\/tigres\">\n                            \n    \n\n                        <\/a>\n                <\/slide>\n                <slide class=\"slide\">\n                        <a class=\"team\" href=\"\/futbol-colombiano\/equipos\/independiente-yumbo\">\n                            \n    \n\n                        <\/a>\n                        <a class=\"team\" href=\"\/futbol-colombiano\/equipos\/orsomarso\">\n                            \n    \n\n                        <\/a>\n                <\/slide>\n                <slide class=\"slide\">\n                        <a class=\"team\" href=\"\/futbol-colombiano\/equipos\/patriotas-boyaca\">\n                            \n    \n\n                        <\/a>\n                        <a class=\"team\" href=\"\/futbol-colombiano\/equipos\/boca-juniors-de-cali\">\n                            \n    \n\n                        <\/a>\n                <\/slide>\n                <slide class=\"slide\">\n                        <a class=\"team\" href=\"\/futbol-colombiano\/equipos\/real-cundinamarca\">\n                            \n    \n\n                        <\/a>\n                        <a class=\"team\" href=\"\/futbol-colombiano\/equipos\/leones\">\n                            \n    \n\n                        <\/a>\n                <\/slide>\n                <slide class=\"slide\">\n                        <a class=\"team\" href=\"\/futbol-colombiano\/equipos\/atletico\">\n                            \n    \n\n                        <\/a>\n                        <a class=\"team\" href=\"\/futbol-colombiano\/equipos\/real-santander\">\n                            \n    \n\n                        <\/a>\n                <\/slide>\n                <slide class=\"slide\">\n                        <a class=\"team\" href=\"\/futbol-colombiano\/equipos\/atletico-nacional\">\n                            \n    \n\n                        <\/a>\n                        <a class=\"team\" href=\"\/futbol-colombiano\/equipos\/deportivo-pasto\">\n                            \n    \n\n                        <\/a>\n                <\/slide>\n                <slide class=\"slide\">\n                        <a class=\"team\" href=\"\/futbol-colombiano\/equipos\/junior\">\n                            \n    \n\n                        <\/a>\n                        <a class=\"team\" href=\"\/futbol-colombiano\/equipos\/deportes-tolima\">\n                            \n    \n\n                        <\/a>\n                <\/slide>\n                <slide class=\"slide\">\n                        <a class=\"team\" href=\"\/futbol-colombiano\/equipos\/america-de-cali\">\n                            \n    \n\n                        <\/a>\n                        <a class=\"team\" href=\"\/futbol-colombiano\/equipos\/once-caldas\">\n                            \n    \n\n                        <\/a>\n                <\/slide>\n                <slide class=\"slide\">\n                        <a class=\"team\" href=\"\/futbol-colombiano\/equipos\/independiente-santa-fe\">\n                            \n    \n\n                        <\/a>\n                        <a class=\"team\" href=\"\/futbol-colombiano\/equipos\/deportivo-cali\">\n                            \n    \n\n                        <\/a>\n                <\/slide>\n                <slide class=\"slide\">\n                        <a class=\"team\" href=\"\/futbol-colombiano\/equipos\/independiente-medellin\">\n                            \n    \n\n                        <\/a>\n                        <a class=\"team\" href=\"\/futbol-colombiano\/equipos\/millonarios\">\n                            \n    \n\n                        <\/a>\n                <\/slide>\n                <slide class=\"slide\">\n                        <a class=\"team\" href=\"\/futbol-colombiano\/equipos\/inter-bogota\">\n                            \n    \n\n                        <\/a>\n                        <a class=\"team\" href=\"\/futbol-colombiano\/equipos\/atletico-bucaramanga\">\n                            \n    \n\n                        <\/a>\n                <\/slide>\n                <slide class=\"slide\">\n                        <a class=\"team\" href=\"\/futbol-colombiano\/equipos\/aguilas-doradas\">\n                            \n    \n\n                        <\/a>\n                        <a class=\"team\" href=\"\/futbol-colombiano\/equipos\/llaneros\">\n                            \n    \n\n                        <\/a>\n                <\/slide>\n                <slide class=\"slide\">\n                        <a class=\"team\" href=\"\/futbol-colombiano\/equipos\/fortaleza\">\n                            \n    \n\n                        <\/a>\n                        <a class=\"team\" href=\"\/futbol-colombiano\/equipos\/cucuta-deportivo\">\n                            \n    \n\n                        <\/a>\n                <\/slide>\n                <slide class=\"slide\">\n                        <a class=\"team\" href=\"\/futbol-colombiano\/equipos\/alianza\">\n                            \n    \n\n                        <\/a>\n                        <a class=\"team\" href=\"\/futbol-colombiano\/equipos\/jaguares-de-cordoba\">\n                            \n    \n\n                        <\/a>\n                <\/slide>\n                <slide class=\"slide\">\n                        <a class=\"team\" href=\"\/futbol-colombiano\/equipos\/boyaca-chico\">\n                            \n    \n\n                        <\/a>\n                        <a class=\"team\" href=\"\/futbol-colombiano\/equipos\/deportivo-pereira\">\n                            \n    \n\n                        <\/a>\n                <\/slide>\n            <template>\n                <navigation><\/navigation>\n            <\/template>\n        <\/carousel>\n    <\/section>\n\n        \n    <\/div>\n    \n<div class=\"sc\">\n    \n<\/div>","body_rewritten":"<h2 class='text-2xl font-bold mt-6 mb-3'>La presi\u00f3n de mantenerse en la pelea<\/h2><p class='mb-4 leading-relaxed'>Deportivo Cali llega noveno con 23 puntos, <strong>empatado con Independiente Santa Fe<\/strong>. Esta cercan\u00eda en la tabla a\u00f1ade tensi\u00f3n y hace que el cl\u00e1sico tome un protagonismo mayor, ya que una victoria les devolver\u00eda la confianza necesaria para encarar la \u00faltima fecha.<\/p><p class='mb-4 leading-relaxed'>Adem\u00e1s, el buen momento del equipo &#039;escarlata&#039; tras asegurar su clasificaci\u00f3n impacta directamente en la necesidad de Cali <strong>de sumar de tres<\/strong> para mantener el sue\u00f1o vivo.<\/p><h2 class='text-2xl font-bold mt-6 mb-3'>Rafael Dudamel sabe lo que se juega Deportivo Cali<\/h2><blockquote class='border-l-4 border-gray-300 pl-4 italic my-4'>Si continuamos en esa l\u00ednea, los puntos se quedan en casa<\/blockquote><p class='mb-4 leading-relaxed'>El estratega destac\u00f3 que <strong>la pelota parada ser\u00e1 fundamental<\/strong> para definir el cl\u00e1sico. Ambos equipos manejan esa faceta con jugadores imponentes en ataque y defensiva, por lo que esos detalles podr\u00edan inclinar la balanza.<\/p><h2 class='text-2xl font-bold mt-6 mb-3'>Lo que est\u00e1 en juego para Deportivo Cali<\/h2><ul class='list-disc pl-5 mb-4 space-y-1'><li>La victoria en el cl\u00e1sico <strong>no solo representa tres puntos<\/strong>, sino la posibilidad real de avanzar dentro del grupo de los ocho mejores.<\/li><li>Dependiendo de otros resultados, <strong>incluso podr\u00edan alcanzar 29 unidades<\/strong> si son capaces de ganar en la \u00faltima fecha contra Deportes Tolima.<\/li><li>La presi\u00f3n es alta, <strong>pero tambi\u00e9n la motivaci\u00f3n<\/strong> de un equipo que sabe que estos partidos se ganan en detalles y convicci\u00f3n.<\/li><\/ul>","status":"published","author":null,"image_url":"https:\/\/colombiahoy.s3.us-east-2.amazonaws.com\/articles\/3633\/image-b23a1e6bf049e3f174e2f1d19eb70b3a95aa5d43ecb74c0762c916644d56ced4.webp","canonical_url":"https:\/\/www.winsports.co\/futbol-colombiano\/noticias\/dudamel-le-puso-picante-al-clasico-entre-cali-y-america-425432","published_at":"2026-04-26 14:26","created_at":"2026-04-26 19:26","last_error":null,"topics":[{"id":1,"name":"Deportes","slug":"deportes"},{"id":2,"name":"Cali","slug":"cali"}],"source":"N\/A"},{"id":3629,"title":"Am\u00e9rica anuncia su convocatoria para el cl\u00e1sico ante Deportivo Cali en palmaseca","slug":"america-anuncia-su-convocatoria-para-el-clasico-ante-deportivo-cali-en-palmaseca","title_original":"Am\u00e9rica anuncia su convocatoria ante Deportivo Cali","title_rewritten":"Am\u00e9rica anuncia su convocatoria para el cl\u00e1sico ante Deportivo Cali en palmaseca","excerpt":"Am\u00e9rica de Cali confirm\u00f3 la lista de jugadores para enfrentar a Deportivo Cali en Palmaseca, con el objetivo de seguir en la parte alta de la tabla y consolidar su clasificaci\u00f3n a los playoffs.","body":"<h2 class='text-2xl font-bold mt-6 mb-3'>Am\u00e9rica llega tranquilo, cali presionado<\/h2><p class='mb-4 leading-relaxed'>Am\u00e9rica de Cali llega con un panorama m\u00e1s tranquilo que Deportivo Cali, luego de asegurar su clasificaci\u00f3n a los playoffs. Sin embargo, tiene el objetivo claro de sumar para mantenerse en la parte alta de la tabla y buscar ventajas en las fases finales.<\/p><p class='mb-4 leading-relaxed'>Por su parte, Deportivo Cali afronta el compromiso con mayor presi\u00f3n, necesitado de puntos para seguir en la pelea por un lugar entre los ocho. El duelo, que se disputar\u00e1 en Palmaseca, promete emociones fuertes en un escenario donde el orgullo regional tambi\u00e9n entra en juego.<\/p><h2 class='text-2xl font-bold mt-6 mb-3'>Convocatoria oficial de am\u00e9rica para el cl\u00e1sico<\/h2><p class='mb-4 leading-relaxed'>Para este compromiso, el t\u00e9cnico David Gonz\u00e1lez defini\u00f3 la lista de jugadores convocados, apostando por una n\u00f3mina equilibrada en todas sus l\u00edneas. Los arqueros son <strong>J. Fern\u00e1ndez<\/strong> y <strong>J. Soto<\/strong>. En defensa destacan <strong>M. Torres<\/strong>, <strong>A. Mosquera<\/strong>, <strong>B. Correa<\/strong>, <strong>C. Tovar<\/strong>, <strong>L. Mina<\/strong> y <strong>\u00d3. Bertel<\/strong>.<\/p><p class='mb-4 leading-relaxed'>En el mediocampo estar\u00e1n <strong>J. Escobar<\/strong>, <strong>Y. Guzm\u00e1n<\/strong>, R. Carrascal, C. Sierra y J. Romero. Los delanteros convocados son J. Murillo, D. Borrero, J. Lucum\u00ed, T. Palacios, <strong>T. \u00c1ngel<\/strong>, <strong>A. Ramos<\/strong> y K. Angulo.<\/p><blockquote class='border-l-4 border-gray-300 pl-4 italic my-4'>Con esta convocatoria, Am\u00e9rica buscar\u00e1 imponer condiciones en el cl\u00e1sico y seguir consolidando su buen momento en la Liga BetPlay.<\/blockquote>","body_original":"<div class=\"fc\">\n        <div class=\"post-content\">\n    <a class=\"btn-whatssap\" href=\"https:\/\/whatsapp.com\/channel\/0029Va4HxmL4tRroa0ibiR0D\" target=\"_blank\" rel=\"nofollow\">\n        <svg class=\"icon-whatsapp\" width=\"1024\" height=\"1024\" viewbox=\"0 0 1024 1024\" preserveaspectratio=\"xMinYMin\" aria-hidden=\"true\" focusable=\"false\"><use href=\"\/ui\/v1\/icons.svg#icon-whatsapp\"><\/use><\/svg> Quiero unirme al canal de WhatsApp de Win Sports\n    <\/a>\n                <p>\n                    Si quieres disfrutar de la emoci\u00f3n del deporte, suscr\u00edbete a Win Play. Accede a partidos en vivo,\n                    contenido exclusivo y variedad de deportes, todo desde cualquier dispositivo.<br>\n                    <em><strong><a href=\"https:\/\/winplay.co\/plans\" target=\"_blank\" rel=\"nofollow\"> \u00bfQuieres ver los partidos del f\u00fatbol colombiano desde cualquier lugar? Suscr\u00edbete aqu\u00ed a Win Play <\/a><\/strong><\/em>\n\n                <\/p>\n            \n<p><a href=\"\/futbol-colombiano\/equipos\/america-de-cali\" target=\"_blank\">Am\u00e9rica<\/a> llega con un panorama m\u00e1s tranquilo que <a href=\"\/futbol-colombiano\/equipos\/deportivo-cali\" target=\"_blank\">Deportivo Cali<\/a>,<strong> luego de asegurar su clasificaci\u00f3n a los playoffs.<\/strong><\/p><p><a href=\"\/?p=425812\" target=\"_blank\">\ud83d\ude31 Mira lo que dijo Marcela G\u00f3mez sobre el caso de Quintero con Am\u00e9rica<\/a><\/p><p>Sin embargo, tiene el objetivo claro de sumar <strong>para mantenerse en la parte alta de la tabla y buscar ventajas en las fases finales.<\/strong><\/p><p>Por su parte, Deportivo Cali afronta el compromiso con <strong>mayor presi\u00f3n, necesitado de puntos para seguir en la pelea por un lugar entre los ocho.<\/strong><\/p><p>El duelo, que se disputar\u00e1 en Palmaseca, promete<strong> emociones fuertes en un escenario donde el orgullo regional tambi\u00e9n entra en juego.<\/strong><\/p><h2><strong>Am\u00e9rica anuncia su convocatoria ante Deportivo Cali<\/strong><\/h2><p>Para este compromiso, el t\u00e9cnico David Gonz\u00e1lez defini\u00f3 la lista<strong> de jugadores convocados, apostando por una n\u00f3mina equilibrada en todas sus l\u00edneas.<\/strong><\/p><p><a href=\"\/?p=425700\" target=\"_blank\">\u26bd Mira c\u00f3mo C\u00facuta y Junior igualaron en un disputado partido de la fecha 18<\/a><\/p><p>Arqueros: <strong>J. Fern\u00e1ndez, J. Soto<\/strong><\/p><p>Defensas: M. Torres, A. Mosquera, <strong>B. Correa, C. Tovar, L. Mina,<\/strong> \u00d3. Bertel<\/p><p>Mediocampistas: <strong>J. Escobar, Y. Guzm\u00e1n<\/strong>, R. Carrascal, C. Sierra, J. Romero<\/p><p>Delanteros: J. Murillo, D. Borrero, J. Lucum\u00ed, T. Palacios,<strong> T. \u00c1ngel, A. Ramos<\/strong>, K. Angulo<\/p><span data-width=\"550\" data-dnt=\"true\" class=\"tw lazyload\" data-tweet-id=\"2047860598713508228\"><\/span><p><\/p><p>Con esta convocatoria, Am\u00e9rica buscar\u00e1 imponer <strong>condiciones en el cl\u00e1sico y seguir consolidando su buen momento en la Liga BetPlay.<\/strong><\/p>            \n            \n\n\n                <a class=\"btn-googlenews\" href=\"https:\/\/news.google.com\/publications\/CAAqBwgKMKeMyQsw56fgAw?hl=es-419&amp;gl=CO&amp;ceid=CO%3Aes-419\" target=\"_blank\" rel=\"nofollow\">\n         S\u00edguenos en Google News\n    <\/a>\n\n        <\/div>\n        \n    \n\n\n        \n        \n    \n\n        \n        \n    \n\n        \n        \n    <section class=\"colombian-teams\">\n        <div class=\"win-title\">\n            <h2 class=\"title\">Lo mejor de tu equipo<\/h2>\n            <hr>\n        <\/div>\n        <carousel class=\"list\" :autoplay=\"3000\" :items-to-show=\"7\" :transition=\"1500\" :items-to-scroll=\"7\" :touch-drag=\"false\" snap-align=\"center-even\" :wrap-around=\"true\">\n                <slide class=\"slide\">\n                        <a class=\"team\" href=\"\/futbol-colombiano\/equipos\/internacional-palmira\">\n                            \n    \n\n                        <\/a>\n                        <a class=\"team\" href=\"\/futbol-colombiano\/equipos\/union-magdalena\">\n                            \n    \n\n                        <\/a>\n                <\/slide>\n                <slide class=\"slide\">\n                        <a class=\"team\" href=\"\/futbol-colombiano\/equipos\/deportes-quindio\">\n                            \n    \n\n                        <\/a>\n                        <a class=\"team\" href=\"\/futbol-colombiano\/equipos\/envigado\">\n                            \n    \n\n                        <\/a>\n                <\/slide>\n                <slide class=\"slide\">\n                        <a class=\"team\" href=\"\/futbol-colombiano\/equipos\/real-cartagena\">\n                            \n    \n\n                        <\/a>\n                        <a class=\"team\" href=\"\/futbol-colombiano\/equipos\/bogota\">\n                            \n    \n\n                        <\/a>\n                <\/slide>\n                <slide class=\"slide\">\n                        <a class=\"team\" href=\"\/futbol-colombiano\/equipos\/barranquilla\">\n                            \n    \n\n                        <\/a>\n                        <a class=\"team\" href=\"\/futbol-colombiano\/equipos\/tigres\">\n                            \n    \n\n                        <\/a>\n                <\/slide>\n                <slide class=\"slide\">\n                        <a class=\"team\" href=\"\/futbol-colombiano\/equipos\/independiente-yumbo\">\n                            \n    \n\n                        <\/a>\n                        <a class=\"team\" href=\"\/futbol-colombiano\/equipos\/orsomarso\">\n                            \n    \n\n                        <\/a>\n                <\/slide>\n                <slide class=\"slide\">\n                        <a class=\"team\" href=\"\/futbol-colombiano\/equipos\/patriotas-boyaca\">\n                            \n    \n\n                        <\/a>\n                        <a class=\"team\" href=\"\/futbol-colombiano\/equipos\/boca-juniors-de-cali\">\n                            \n    \n\n                        <\/a>\n                <\/slide>\n                <slide class=\"slide\">\n                        <a class=\"team\" href=\"\/futbol-colombiano\/equipos\/real-cundinamarca\">\n                            \n    \n\n                        <\/a>\n                        <a class=\"team\" href=\"\/futbol-colombiano\/equipos\/leones\">\n                            \n    \n\n                        <\/a>\n                <\/slide>\n                <slide class=\"slide\">\n                        <a class=\"team\" href=\"\/futbol-colombiano\/equipos\/atletico\">\n                            \n    \n\n                        <\/a>\n                        <a class=\"team\" href=\"\/futbol-colombiano\/equipos\/real-santander\">\n                            \n    \n\n                        <\/a>\n                <\/slide>\n                <slide class=\"slide\">\n                        <a class=\"team\" href=\"\/futbol-colombiano\/equipos\/atletico-nacional\">\n                            \n    \n\n                        <\/a>\n                        <a class=\"team\" href=\"\/futbol-colombiano\/equipos\/deportivo-pasto\">\n                            \n    \n\n                        <\/a>\n                <\/slide>\n                <slide class=\"slide\">\n                        <a class=\"team\" href=\"\/futbol-colombiano\/equipos\/junior\">\n                            \n    \n\n                        <\/a>\n                        <a class=\"team\" href=\"\/futbol-colombiano\/equipos\/deportes-tolima\">\n                            \n    \n\n                        <\/a>\n                <\/slide>\n                <slide class=\"slide\">\n                        <a class=\"team\" href=\"\/futbol-colombiano\/equipos\/america-de-cali\">\n                            \n    \n\n                        <\/a>\n                        <a class=\"team\" href=\"\/futbol-colombiano\/equipos\/once-caldas\">\n                            \n    \n\n                        <\/a>\n                <\/slide>\n                <slide class=\"slide\">\n                        <a class=\"team\" href=\"\/futbol-colombiano\/equipos\/independiente-santa-fe\">\n                            \n    \n\n                        <\/a>\n                        <a class=\"team\" href=\"\/futbol-colombiano\/equipos\/deportivo-cali\">\n                            \n    \n\n                        <\/a>\n                <\/slide>\n                <slide class=\"slide\">\n                        <a class=\"team\" href=\"\/futbol-colombiano\/equipos\/independiente-medellin\">\n                            \n    \n\n                        <\/a>\n                        <a class=\"team\" href=\"\/futbol-colombiano\/equipos\/millonarios\">\n                            \n    \n\n                        <\/a>\n                <\/slide>\n                <slide class=\"slide\">\n                        <a class=\"team\" href=\"\/futbol-colombiano\/equipos\/inter-bogota\">\n                            \n    \n\n                        <\/a>\n                        <a class=\"team\" href=\"\/futbol-colombiano\/equipos\/atletico-bucaramanga\">\n                            \n    \n\n                        <\/a>\n                <\/slide>\n                <slide class=\"slide\">\n                        <a class=\"team\" href=\"\/futbol-colombiano\/equipos\/aguilas-doradas\">\n                            \n    \n\n                        <\/a>\n                        <a class=\"team\" href=\"\/futbol-colombiano\/equipos\/llaneros\">\n                            \n    \n\n                        <\/a>\n                <\/slide>\n                <slide class=\"slide\">\n                        <a class=\"team\" href=\"\/futbol-colombiano\/equipos\/fortaleza\">\n                            \n    \n\n                        <\/a>\n                        <a class=\"team\" href=\"\/futbol-colombiano\/equipos\/cucuta-deportivo\">\n                            \n    \n\n                        <\/a>\n                <\/slide>\n                <slide class=\"slide\">\n                        <a class=\"team\" href=\"\/futbol-colombiano\/equipos\/alianza\">\n                            \n    \n\n                        <\/a>\n                        <a class=\"team\" href=\"\/futbol-colombiano\/equipos\/jaguares-de-cordoba\">\n                            \n    \n\n                        <\/a>\n                <\/slide>\n                <slide class=\"slide\">\n                        <a class=\"team\" href=\"\/futbol-colombiano\/equipos\/boyaca-chico\">\n                            \n    \n\n                        <\/a>\n                        <a class=\"team\" href=\"\/futbol-colombiano\/equipos\/deportivo-pereira\">\n                            \n    \n\n                        <\/a>\n                <\/slide>\n            <template>\n                <navigation><\/navigation>\n            <\/template>\n        <\/carousel>\n    <\/section>\n\n        \n    <\/div>\n    \n<div class=\"sc\">\n    \n<\/div>","body_rewritten":"<h2 class='text-2xl font-bold mt-6 mb-3'>Am\u00e9rica llega tranquilo, cali presionado<\/h2><p class='mb-4 leading-relaxed'>Am\u00e9rica de Cali llega con un panorama m\u00e1s tranquilo que Deportivo Cali, luego de asegurar su clasificaci\u00f3n a los playoffs. Sin embargo, tiene el objetivo claro de sumar para mantenerse en la parte alta de la tabla y buscar ventajas en las fases finales.<\/p><p class='mb-4 leading-relaxed'>Por su parte, Deportivo Cali afronta el compromiso con mayor presi\u00f3n, necesitado de puntos para seguir en la pelea por un lugar entre los ocho. El duelo, que se disputar\u00e1 en Palmaseca, promete emociones fuertes en un escenario donde el orgullo regional tambi\u00e9n entra en juego.<\/p><h2 class='text-2xl font-bold mt-6 mb-3'>Convocatoria oficial de am\u00e9rica para el cl\u00e1sico<\/h2><p class='mb-4 leading-relaxed'>Para este compromiso, el t\u00e9cnico David Gonz\u00e1lez defini\u00f3 la lista de jugadores convocados, apostando por una n\u00f3mina equilibrada en todas sus l\u00edneas. Los arqueros son <strong>J. Fern\u00e1ndez<\/strong> y <strong>J. Soto<\/strong>. En defensa destacan <strong>M. Torres<\/strong>, <strong>A. Mosquera<\/strong>, <strong>B. Correa<\/strong>, <strong>C. Tovar<\/strong>, <strong>L. Mina<\/strong> y <strong>\u00d3. Bertel<\/strong>.<\/p><p class='mb-4 leading-relaxed'>En el mediocampo estar\u00e1n <strong>J. Escobar<\/strong>, <strong>Y. Guzm\u00e1n<\/strong>, R. Carrascal, C. Sierra y J. Romero. Los delanteros convocados son J. Murillo, D. Borrero, J. Lucum\u00ed, T. Palacios, <strong>T. \u00c1ngel<\/strong>, <strong>A. Ramos<\/strong> y K. Angulo.<\/p><blockquote class='border-l-4 border-gray-300 pl-4 italic my-4'>Con esta convocatoria, Am\u00e9rica buscar\u00e1 imponer condiciones en el cl\u00e1sico y seguir consolidando su buen momento en la Liga BetPlay.<\/blockquote>","status":"published","author":null,"image_url":"https:\/\/colombiahoy.s3.us-east-2.amazonaws.com\/articles\/3629\/image-7d68f80caa005baac59d0a7c547a58f5194c9b221658356516136c374a534b7b.webp","canonical_url":"https:\/\/www.winsports.co\/futbol-colombiano\/noticias\/america-anuncia-su-convocatoria-ante-deportivo-cali-425839","published_at":"2026-04-26 14:26","created_at":"2026-04-26 19:25","last_error":null,"topics":[{"id":1,"name":"Deportes","slug":"deportes"},{"id":2,"name":"Cali","slug":"cali"}],"source":"N\/A"},{"id":3628,"title":"As\u00ed qued\u00f3 la tabla del descenso tras el triunfo de cali sobre am\u00e9rica","slug":"asi-quedo-la-tabla-del-descenso-tras-el-triunfo-de-cali-sobre-america","title_original":"As\u00ed qued\u00f3 la tabla del descenso tras triunfo de Cali sobre Am\u00e9rica","title_rewritten":"As\u00ed qued\u00f3 la tabla del descenso tras el triunfo de cali sobre am\u00e9rica","excerpt":"Con el triunfo ante Am\u00e9rica, Deportivo Cali mejor\u00f3 su promedio en la tabla del descenso. Jaguares, Boyac\u00e1 Chic\u00f3 y C\u00facuta siguen en zona cr\u00edtica, mientras la pelea se intensifica en las fechas finales.","body":"<h2 class=\"text-2xl font-bold mt-6 mb-3\">Victoria clave en el cl\u00e1sico<\/h2><p class=\"mb-4 leading-relaxed\">La victoria en el cl\u00e1sico no solo se celebr\u00f3 en la tribuna\u2026 <strong>tambi\u00e9n movi\u00f3 fichas importantes<\/strong> en una de las luchas m\u00e1s apretadas del campeonato para <strong>Deportivo Cali<\/strong>. El 'azucarero' sum\u00f3 tres puntos de oro ante <strong>Am\u00e9rica de Cali<\/strong> y <strong>logr\u00f3 tomar un respiro en la tabla del descenso<\/strong>, en una pelea que sigue al rojo vivo.<\/p><h2 class=\"text-2xl font-bold mt-6 mb-3\">As\u00ed qued\u00f3 la tabla del descenso<\/h2><ul class=\"list-disc pl-5 mb-4 space-y-1\"><li><strong>20.<\/strong> Jaguares de C\u00f3rdoba: 0.833 puntos promedio (15 puntos\/18 juegos).<\/li><li><strong>19.<\/strong> Boyac\u00e1 Chic\u00f3: 0.873 puntos promedio (83 puntos\/94 juegos).<\/li><li><strong>18.<\/strong> C\u00facuta Deportivo: 0.888 p.p. (15\/16).<\/li><li><strong>17.<\/strong> Internacional de Bogot\u00e1: 1.094 p.p. (104\/94).<\/li><li><strong>16.<\/strong> Alianza Valledupar: 1.115 p.p. (106\/95).<\/li><li><strong>15. Deportivo Cali: 1.115 p.p. (106\/94).<\/strong><\/li><li><strong>14.<\/strong> Llaneros: 1.157 p.p. (66\/56).<\/li><li><strong>13.<\/strong> Deportivo Pereira: 1.200 p.p. (114\/94).<\/li><\/ul><p class=\"mb-4 leading-relaxed\">Con este triunfo, <strong>Deportivo Cali escal\u00f3 posiciones y mejor\u00f3 parcialmente su promedio<\/strong>, alej\u00e1ndose por varias casillas de la zona m\u00e1s comprometida. Por debajo, equipos como <strong>Jaguares, Boyac\u00e1 Chic\u00f3 y C\u00facuta Deportivo siguen en zona cr\u00edtica<\/strong>, obligados a sumar en las pr\u00f3ximas fechas si quieren evitar complicaciones mayores.<\/p><h2 class=\"text-2xl font-bold mt-6 mb-3\">La pelea est\u00e1 lejos de definirse<\/h2><p class=\"mb-4 leading-relaxed\">Aunque la victoria en el cl\u00e1sico representa un impulso clave, <strong>la pelea por no descender est\u00e1 lejos de definirse<\/strong>. La diferencia entre varios equipos sigue siendo m\u00ednima, lo que deja un panorama abierto para las jornadas finales. Cada punto cuenta, y lo que hoy parece tranquilidad, ma\u00f1ana puede cambiar con una sola derrota.<\/p><img src=\"data:image\/svg+xml,%3Csvg%20xmlns='http:\/\/www.w3.org\/2000\/svg'%20viewBox='0%200%201920%201080'%3E%3C\/svg%3E\" style=\"max-width:100%; height:auto; margin:20px 0; display:block;\" loading=\"lazy\" alt=\"\"><blockquote class=\"border-l-4 border-gray-300 pl-4 italic my-4\">M\u00e1s all\u00e1 del festejo ante su cl\u00e1sico rival, Deportivo Cali sabe que a\u00fan no hay margen para relajarse. <strong>El calendario y los enfrentamientos directos ser\u00e1n determinantes<\/strong> en una tabla donde el margen de error es cada vez menor.<\/blockquote>","body_original":"<div class=\"fc\">\n        <div class=\"post-content\">\n    <a class=\"btn-whatssap\" href=\"https:\/\/whatsapp.com\/channel\/0029Va4HxmL4tRroa0ibiR0D\" target=\"_blank\" rel=\"nofollow\">\n        <svg class=\"icon-whatsapp\" width=\"1024\" height=\"1024\" viewbox=\"0 0 1024 1024\" preserveaspectratio=\"xMinYMin\" aria-hidden=\"true\" focusable=\"false\"><use href=\"\/ui\/v1\/icons.svg#icon-whatsapp\"><\/use><\/svg> Quiero unirme al canal de WhatsApp de Win Sports\n    <\/a>\n                <p>\n                    Si quieres disfrutar de la emoci\u00f3n del deporte, suscr\u00edbete a Win Play. Accede a partidos en vivo,\n                    contenido exclusivo y variedad de deportes, todo desde cualquier dispositivo.<br>\n                    <em><strong><a href=\"https:\/\/winplay.co\/plans\" target=\"_blank\" rel=\"nofollow\"> \u00bfQuieres ver los partidos del f\u00fatbol colombiano desde cualquier lugar? Suscr\u00edbete aqu\u00ed a Win Play <\/a><\/strong><\/em>\n\n                <\/p>\n            \n<p>La victoria <a href=\"\/futbol-colombiano\/liga-dimayor\/partidos\/2026-apertura-fecha-18-deportivo-cali-vs-america-de-cali\" target=\"_blank\">en el cl\u00e1sico<\/a> no solo se celebr\u00f3 en la tribuna\u2026 <strong>tambi\u00e9n movi\u00f3 fichas importantes en una de las luchas<\/strong> m\u00e1s apretadas del campeonato para <a href=\"\/futbol-colombiano\/equipos\/deportivo-cali\" target=\"_blank\"><strong>Deportivo Cali<\/strong><\/a>.<\/p><p><a href=\"\/?p=425908\" target=\"_blank\"><em><strong>\ud83d\ude31\ud83d\udfe1 \u00a1SORPRESA EN YOPAL! Pereira venci\u00f3 a Nacional y celebr\u00f3 su primera victoria del campeonato<\/strong><\/em><\/a><\/p><p>El 'azucarero' sum\u00f3 tres puntos de oro ante <a href=\"\/futbol-colombiano\/equipos\/america-de-cali\" target=\"_blank\"><strong>Am\u00e9rica de Cali<\/strong><\/a> y <strong>logr\u00f3 tomar un respiro en la tabla del descenso<\/strong>, en una pelea que sigue al rojo vivo y donde cada resultado empieza a pesar el doble.<\/p><h2>As\u00ed qued\u00f3 la tabla del descenso tras el triunfo ag\u00f3nico de Cali a Am\u00e9rica<\/h2><figure class=\"alignnone\"><img loading=\"lazy\" alt=\"Pedro Gallese le neg\u00f3 el gol a Yeison Guzm\u00e1n en Cali vs. Am\u00e9rica - VizzorImage\" width=\"1920\" height=\"1080\" data-src=\"https:\/\/files.winsports.co\/cms\/2026\/04\/25200721\/Pedro-Gallese-le-nego-el-gol-a-Yeison-Guzman-en-Cali-vs.-America-VizzorImage.jpg\" src=\"data:image\/svg+xml,%3Csvg%20xmlns='http:\/\/www.w3.org\/2000\/svg'%20viewBox='0%200%201920%201080'%3E%3C\/svg%3E\" class=\"lazyload\"><figcaption><strong>Pedro Gallese le neg\u00f3 el gol a Yeison Guzm\u00e1n en Cali vs. Am\u00e9rica<\/strong> - VizzorImage<\/figcaption><\/figure><p>Con este triunfo, <strong>Deportivo Cali escal\u00f3 posiciones y mejor\u00f3 parcialmente su promedio<\/strong>, alej\u00e1ndose por varias casillas de la zona m\u00e1s comprometida.<\/p><p><a href=\"\/?p=425963\" target=\"_blank\"><em><strong>\ud83d\ude31\ud83d\udfe2 \u00a1ATENCI\u00d3N! Rengifo se podr\u00eda perder la ida de cuartos de final con Nacional por esta expulsi\u00f3n<\/strong><\/em><\/a><\/p><p>Por debajo, equipos como <strong>Jaguares, Boyac\u00e1 Chic\u00f3 y C\u00facuta Deportivo siguen en zona cr\u00edtica<\/strong>, obligados a sumar en las pr\u00f3ximas fechas si quieren evitar complicaciones mayores.<\/p><p>Aunque la victoria en el cl\u00e1sico representa un impulso clave, <strong>la pelea por no descender est\u00e1 lejos de definirse<\/strong>. La diferencia entre varios equipos sigue siendo m\u00ednima, lo que deja un panorama abierto para las jornadas finales.<\/p><ul><li><strong>20.<\/strong> Jaguares de C\u00f3rdoba: 0.833 puntos promedio (15 puntos\/18 juegos).<\/li><li><strong>19.<\/strong> Boyac\u00e1 Chic\u00f3: 0.873 puntos promedio (83 puntos\/94 juegos).<\/li><li><strong>18.<\/strong> C\u00facuta Deportivo: 0.888 p.p. (15\/16).<\/li><li><strong>17.<\/strong> Internacional de Bogot\u00e1: 1.094 p.p. (104\/94).<\/li><li><strong>16.<\/strong> Alianza Valledupar: 1.115 p.p. (106\/95).<\/li><li><strong>15. Deportivo Cali: 1.115 p.p. (106\/94).<\/strong><\/li><li><strong>14.<\/strong> Llaneros: 1.157 p.p. (66\/56).<\/li><li><strong>13.<\/strong> Deportivo Pereira: 1.200 p.p. (114\/94).<\/li><\/ul><p><a href=\"\/?p=426073\" target=\"_blank\"><em><strong>\ud83d\udea8\ud83d\ude31 \u00a1Atenci\u00f3n! Carlos Antonio V\u00e9lez habl\u00f3 sobre el gol anulado de Am\u00e9rica<\/strong><\/em><\/a><\/p><p>Cada punto cuenta, y lo que hoy parece tranquilidad, ma\u00f1ana puede cambiar con una sola derrota. Recordando adem\u00e1s que clubes como Jaguares y C\u00facuta <strong>cuentan con un sistema diferente del promedio.<\/strong><\/p><p>M\u00e1s all\u00e1 del festejo ante su cl\u00e1sico rival, Deportivo Cali sabe que a\u00fan no hay margen para relajarse. <strong>El calendario y los enfrentamientos directos ser\u00e1n determinantes<\/strong> en una tabla donde el margen de error es cada vez menor.<\/p>            \n            \n\n\n                <a class=\"btn-googlenews\" href=\"https:\/\/news.google.com\/publications\/CAAqBwgKMKeMyQsw56fgAw?hl=es-419&amp;gl=CO&amp;ceid=CO%3Aes-419\" target=\"_blank\" rel=\"nofollow\">\n         S\u00edguenos en Google News\n    <\/a>\n\n        <\/div>\n        \n    \n\n\n        \n        \n    \n\n        \n        \n    \n\n        \n        \n    <section class=\"colombian-teams\">\n        <div class=\"win-title\">\n            <h2 class=\"title\">Lo mejor de tu equipo<\/h2>\n            <hr>\n        <\/div>\n        <carousel class=\"list\" :autoplay=\"3000\" :items-to-show=\"7\" :transition=\"1500\" :items-to-scroll=\"7\" :touch-drag=\"false\" snap-align=\"center-even\" :wrap-around=\"true\">\n                <slide class=\"slide\">\n                        <a class=\"team\" href=\"\/futbol-colombiano\/equipos\/internacional-palmira\">\n                            \n    \n\n                        <\/a>\n                        <a class=\"team\" href=\"\/futbol-colombiano\/equipos\/union-magdalena\">\n                            \n    \n\n                        <\/a>\n                <\/slide>\n                <slide class=\"slide\">\n                        <a class=\"team\" href=\"\/futbol-colombiano\/equipos\/deportes-quindio\">\n                            \n    \n\n                        <\/a>\n                        <a class=\"team\" href=\"\/futbol-colombiano\/equipos\/envigado\">\n                            \n    \n\n                        <\/a>\n                <\/slide>\n                <slide class=\"slide\">\n                        <a class=\"team\" href=\"\/futbol-colombiano\/equipos\/real-cartagena\">\n                            \n    \n\n                        <\/a>\n                        <a class=\"team\" href=\"\/futbol-colombiano\/equipos\/bogota\">\n                            \n    \n\n                        <\/a>\n                <\/slide>\n                <slide class=\"slide\">\n                        <a class=\"team\" href=\"\/futbol-colombiano\/equipos\/barranquilla\">\n                            \n    \n\n                        <\/a>\n                        <a class=\"team\" href=\"\/futbol-colombiano\/equipos\/tigres\">\n                            \n    \n\n                        <\/a>\n                <\/slide>\n                <slide class=\"slide\">\n                        <a class=\"team\" href=\"\/futbol-colombiano\/equipos\/independiente-yumbo\">\n                            \n    \n\n                        <\/a>\n                        <a class=\"team\" href=\"\/futbol-colombiano\/equipos\/orsomarso\">\n                            \n    \n\n                        <\/a>\n                <\/slide>\n                <slide class=\"slide\">\n                        <a class=\"team\" href=\"\/futbol-colombiano\/equipos\/patriotas-boyaca\">\n                            \n    \n\n                        <\/a>\n                        <a class=\"team\" href=\"\/futbol-colombiano\/equipos\/boca-juniors-de-cali\">\n                            \n    \n\n                        <\/a>\n                <\/slide>\n                <slide class=\"slide\">\n                        <a class=\"team\" href=\"\/futbol-colombiano\/equipos\/real-cundinamarca\">\n                            \n    \n\n                        <\/a>\n                        <a class=\"team\" href=\"\/futbol-colombiano\/equipos\/leones\">\n                            \n    \n\n                        <\/a>\n                <\/slide>\n                <slide class=\"slide\">\n                        <a class=\"team\" href=\"\/futbol-colombiano\/equipos\/atletico\">\n                            \n    \n\n                        <\/a>\n                        <a class=\"team\" href=\"\/futbol-colombiano\/equipos\/real-santander\">\n                            \n    \n\n                        <\/a>\n                <\/slide>\n                <slide class=\"slide\">\n                        <a class=\"team\" href=\"\/futbol-colombiano\/equipos\/atletico-nacional\">\n                            \n    \n\n                        <\/a>\n                        <a class=\"team\" href=\"\/futbol-colombiano\/equipos\/deportivo-pasto\">\n                            \n    \n\n                        <\/a>\n                <\/slide>\n                <slide class=\"slide\">\n                        <a class=\"team\" href=\"\/futbol-colombiano\/equipos\/junior\">\n                            \n    \n\n                        <\/a>\n                        <a class=\"team\" href=\"\/futbol-colombiano\/equipos\/deportes-tolima\">\n                            \n    \n\n                        <\/a>\n                <\/slide>\n                <slide class=\"slide\">\n                        <a class=\"team\" href=\"\/futbol-colombiano\/equipos\/america-de-cali\">\n                            \n    \n\n                        <\/a>\n                        <a class=\"team\" href=\"\/futbol-colombiano\/equipos\/once-caldas\">\n                            \n    \n\n                        <\/a>\n                <\/slide>\n                <slide class=\"slide\">\n                        <a class=\"team\" href=\"\/futbol-colombiano\/equipos\/independiente-santa-fe\">\n                            \n    \n\n                        <\/a>\n                        <a class=\"team\" href=\"\/futbol-colombiano\/equipos\/deportivo-cali\">\n                            \n    \n\n                        <\/a>\n                <\/slide>\n                <slide class=\"slide\">\n                        <a class=\"team\" href=\"\/futbol-colombiano\/equipos\/independiente-medellin\">\n                            \n    \n\n                        <\/a>\n                        <a class=\"team\" href=\"\/futbol-colombiano\/equipos\/millonarios\">\n                            \n    \n\n                        <\/a>\n                <\/slide>\n                <slide class=\"slide\">\n                        <a class=\"team\" href=\"\/futbol-colombiano\/equipos\/inter-bogota\">\n                            \n    \n\n                        <\/a>\n                        <a class=\"team\" href=\"\/futbol-colombiano\/equipos\/atletico-bucaramanga\">\n                            \n    \n\n                        <\/a>\n                <\/slide>\n                <slide class=\"slide\">\n                        <a class=\"team\" href=\"\/futbol-colombiano\/equipos\/aguilas-doradas\">\n                            \n    \n\n                        <\/a>\n                        <a class=\"team\" href=\"\/futbol-colombiano\/equipos\/llaneros\">\n                            \n    \n\n                        <\/a>\n                <\/slide>\n                <slide class=\"slide\">\n                        <a class=\"team\" href=\"\/futbol-colombiano\/equipos\/fortaleza\">\n                            \n    \n\n                        <\/a>\n                        <a class=\"team\" href=\"\/futbol-colombiano\/equipos\/cucuta-deportivo\">\n                            \n    \n\n                        <\/a>\n                <\/slide>\n                <slide class=\"slide\">\n                        <a class=\"team\" href=\"\/futbol-colombiano\/equipos\/alianza\">\n                            \n    \n\n                        <\/a>\n                        <a class=\"team\" href=\"\/futbol-colombiano\/equipos\/jaguares-de-cordoba\">\n                            \n    \n\n                        <\/a>\n                <\/slide>\n                <slide class=\"slide\">\n                        <a class=\"team\" href=\"\/futbol-colombiano\/equipos\/boyaca-chico\">\n                            \n    \n\n                        <\/a>\n                        <a class=\"team\" href=\"\/futbol-colombiano\/equipos\/deportivo-pereira\">\n                            \n    \n\n                        <\/a>\n                <\/slide>\n            <template>\n                <navigation><\/navigation>\n            <\/template>\n        <\/carousel>\n    <\/section>\n\n        \n    <\/div>\n    \n<div class=\"sc\">\n    \n<\/div>","body_rewritten":"<h2 class=\"text-2xl font-bold mt-6 mb-3\">Victoria clave en el cl\u00e1sico<\/h2><p class=\"mb-4 leading-relaxed\">La victoria en el cl\u00e1sico no solo se celebr\u00f3 en la tribuna\u2026 <strong>tambi\u00e9n movi\u00f3 fichas importantes<\/strong> en una de las luchas m\u00e1s apretadas del campeonato para <strong>Deportivo Cali<\/strong>. El 'azucarero' sum\u00f3 tres puntos de oro ante <strong>Am\u00e9rica de Cali<\/strong> y <strong>logr\u00f3 tomar un respiro en la tabla del descenso<\/strong>, en una pelea que sigue al rojo vivo.<\/p><h2 class=\"text-2xl font-bold mt-6 mb-3\">As\u00ed qued\u00f3 la tabla del descenso<\/h2><ul class=\"list-disc pl-5 mb-4 space-y-1\"><li><strong>20.<\/strong> Jaguares de C\u00f3rdoba: 0.833 puntos promedio (15 puntos\/18 juegos).<\/li><li><strong>19.<\/strong> Boyac\u00e1 Chic\u00f3: 0.873 puntos promedio (83 puntos\/94 juegos).<\/li><li><strong>18.<\/strong> C\u00facuta Deportivo: 0.888 p.p. (15\/16).<\/li><li><strong>17.<\/strong> Internacional de Bogot\u00e1: 1.094 p.p. (104\/94).<\/li><li><strong>16.<\/strong> Alianza Valledupar: 1.115 p.p. (106\/95).<\/li><li><strong>15. Deportivo Cali: 1.115 p.p. (106\/94).<\/strong><\/li><li><strong>14.<\/strong> Llaneros: 1.157 p.p. (66\/56).<\/li><li><strong>13.<\/strong> Deportivo Pereira: 1.200 p.p. (114\/94).<\/li><\/ul><p class=\"mb-4 leading-relaxed\">Con este triunfo, <strong>Deportivo Cali escal\u00f3 posiciones y mejor\u00f3 parcialmente su promedio<\/strong>, alej\u00e1ndose por varias casillas de la zona m\u00e1s comprometida. Por debajo, equipos como <strong>Jaguares, Boyac\u00e1 Chic\u00f3 y C\u00facuta Deportivo siguen en zona cr\u00edtica<\/strong>, obligados a sumar en las pr\u00f3ximas fechas si quieren evitar complicaciones mayores.<\/p><h2 class=\"text-2xl font-bold mt-6 mb-3\">La pelea est\u00e1 lejos de definirse<\/h2><p class=\"mb-4 leading-relaxed\">Aunque la victoria en el cl\u00e1sico representa un impulso clave, <strong>la pelea por no descender est\u00e1 lejos de definirse<\/strong>. La diferencia entre varios equipos sigue siendo m\u00ednima, lo que deja un panorama abierto para las jornadas finales. Cada punto cuenta, y lo que hoy parece tranquilidad, ma\u00f1ana puede cambiar con una sola derrota.<\/p><img src=\"data:image\/svg+xml,%3Csvg%20xmlns='http:\/\/www.w3.org\/2000\/svg'%20viewBox='0%200%201920%201080'%3E%3C\/svg%3E\" style=\"max-width:100%; height:auto; margin:20px 0; display:block;\" loading=\"lazy\" alt=\"\"><blockquote class=\"border-l-4 border-gray-300 pl-4 italic my-4\">M\u00e1s all\u00e1 del festejo ante su cl\u00e1sico rival, Deportivo Cali sabe que a\u00fan no hay margen para relajarse. <strong>El calendario y los enfrentamientos directos ser\u00e1n determinantes<\/strong> en una tabla donde el margen de error es cada vez menor.<\/blockquote>","status":"published","author":null,"image_url":"https:\/\/colombiahoy.s3.us-east-2.amazonaws.com\/articles\/3628\/image-af0aa46f3ca4677058f8e65f533d049f7693acfd09eec3ebcb9d5d1d57a01335.webp","canonical_url":"https:\/\/www.winsports.co\/futbol-colombiano\/noticias\/asi-quedo-la-tabla-del-descenso-tras-triunfo-de-cali-sobre-america-426090","published_at":"2026-04-26 14:26","created_at":"2026-04-26 19:25","last_error":null,"topics":[{"id":1,"name":"Deportes","slug":"deportes"},{"id":2,"name":"Cali","slug":"cali"}],"source":"N\/A"},{"id":3631,"title":"Jugador de Am\u00e9rica lanz\u00f3 indirecta antes del cl\u00e1sico vallecaucano","slug":"jugador-de-america-lanzo-indirecta-antes-del-clasico-vallecaucano","title_original":"Jugador de Am\u00e9rica lanz\u00f3 indirecta antes del cl\u00e1sico vallecaucano","title_rewritten":"Jugador de Am\u00e9rica lanz\u00f3 indirecta antes del cl\u00e1sico vallecaucano","excerpt":"El futbolista Jos\u00e9 Cavad\u00eda, del Am\u00e9rica de Cali, encendi\u00f3 la previa del cl\u00e1sico vallecaucano al afirmar que 'grande hay uno solo', un mensaje directo para Deportivo Cali que aument\u00f3 la tensi\u00f3n antes del partido del s\u00e1bado 25 de abril.","body":"<h2 class=\"text-2xl font-bold mt-6 mb-3\">La indirecta que encendi\u00f3 la previa<\/h2><p class=\"mb-4 leading-relaxed\">El cl\u00e1sico entre <strong>Am\u00e9rica de Cali<\/strong> y <strong>Deportivo Cali<\/strong> ya comenz\u00f3 a jugarse fuera de la cancha. En la previa del compromiso, <strong>Jos\u00e9 Cavad\u00eda<\/strong>, jugador del conjunto \u2018escarlata\u2019, dej\u00f3 una frase que r\u00e1pidamente se volvi\u00f3 tendencia entre hinchas y medios.<\/p><blockquote class=\"border-l-4 border-gray-300 pl-4 italic my-4\">El futbolista fue directo al referirse a la grandeza en la ciudad, asegurando que <strong>'grande hay uno solo'<\/strong>, un mensaje que no pas\u00f3 desapercibido y que le mete a\u00fan m\u00e1s picante a uno de los duelos m\u00e1s tradicionales del f\u00fatbol colombiano.<\/blockquote><h2 class=\"text-2xl font-bold mt-6 mb-3\">Un cl\u00e1sico que se vive desde antes<\/h2><p class=\"mb-4 leading-relaxed\">Este tipo de declaraciones no hacen m\u00e1s que aumentar la tensi\u00f3n en un partido que hist\u00f3ricamente se juega <strong>con intensidad dentro y fuera del campo<\/strong>. El cl\u00e1sico vallecaucano representa mucho m\u00e1s que tres puntos: <strong>es orgullo, historia y rivalidad pura<\/strong>.<\/p><ul class=\"list-disc pl-5 mb-4 space-y-1\"><li>El partido se disputar\u00e1 este s\u00e1bado 25 de abril a las 6:20 p.m.<\/li><li>Corresponde a la fecha de la Liga BetPlay<\/li><li>Ambos equipos buscan imponer condiciones en la ciudad<\/li><\/ul><img src=\"data:image\/svg+xml,%3Csvg%20xmlns='http:\/\/www.w3.org\/2000\/svg'%20viewBox='0%200%201320%201890'%3E%3C\/svg%3E\" style=\"max-width:100%; height:auto; margin:20px 0; display:block;\" loading=\"lazy\" alt=\"\">","body_original":"<div class=\"fc\">\n        <div class=\"post-content\">\n    <a class=\"btn-whatssap\" href=\"https:\/\/whatsapp.com\/channel\/0029Va4HxmL4tRroa0ibiR0D\" target=\"_blank\" rel=\"nofollow\">\n        <svg class=\"icon-whatsapp\" width=\"1024\" height=\"1024\" viewbox=\"0 0 1024 1024\" preserveaspectratio=\"xMinYMin\" aria-hidden=\"true\" focusable=\"false\"><use href=\"\/ui\/v1\/icons.svg#icon-whatsapp\"><\/use><\/svg> Quiero unirme al canal de WhatsApp de Win Sports\n    <\/a>\n                <p>\n                    Si quieres disfrutar de la emoci\u00f3n del deporte, suscr\u00edbete a Win Play. Accede a partidos en vivo,\n                    contenido exclusivo y variedad de deportes, todo desde cualquier dispositivo.<br>\n                    <em><strong><a href=\"https:\/\/winplay.co\/plans\" target=\"_blank\" rel=\"nofollow\"> \u00bfQuieres ver los partidos del f\u00fatbol colombiano desde cualquier lugar? Suscr\u00edbete aqu\u00ed a Win Play <\/a><\/strong><\/em>\n\n                <\/p>\n            \n<p>El cl\u00e1sico entre <a href=\"\/futbol-colombiano\/equipos\/america-de-cali\" target=\"_blank\"><strong>Am\u00e9rica de Cali<\/strong><\/a> y<a href=\"\/futbol-colombiano\/equipos\/deportivo-cali\" target=\"_blank\"><strong> Deportivo Cali<\/strong><\/a> ya comenz\u00f3 a jugarse fuera de la cancha.<\/p><p>En la previa del compromiso, <strong>Jos\u00e9 Cavad\u00eda<\/strong>, jugador del conjunto \u2018escarlata\u2019, dej\u00f3 una frase que r\u00e1pidamente se volvi\u00f3 tendencia entre hinchas y medios.<\/p><p>El futbolista fue directo al referirse a la grandeza en la ciudad, asegurando que<strong> \u201cgrande hay uno solo\u201d<\/strong>, un mensaje que no pas\u00f3 desapercibido y que le mete a\u00fan m\u00e1s picante a uno de los duelos m\u00e1s tradicionales del f\u00fatbol colombiano.<\/p><figure class=\"alignnone\"><img loading=\"lazy\" alt=\"\" width=\"1320\" height=\"1890\" data-src=\"https:\/\/files.winsports.co\/cms\/2026\/04\/23193323\/HGkkIeuXgAAoHhl.jpg\" src=\"data:image\/svg+xml,%3Csvg%20xmlns='http:\/\/www.w3.org\/2000\/svg'%20viewBox='0%200%201320%201890'%3E%3C\/svg%3E\" class=\"lazyload\"><\/figure><h2>Am\u00e9rica vs. Cali: un cl\u00e1sico que se vive desde antes<\/h2><p>Este tipo de declaraciones no hacen m\u00e1s que aumentar la tensi\u00f3n en un partido que hist\u00f3ricamente se juega <strong>con intensidad dentro y fuera del campo.<\/strong><\/p><p>El cl\u00e1sico vallecaucano representa mucho m\u00e1s que tres puntos:<strong> es orgullo, historia y rivalidad pura.<\/strong><\/p><p>Con el ambiente ya caliente, todo queda servido para un <strong>nuevo cap\u00edtulo entre dos equipos<\/strong> que no solo buscan ganar, sino tambi\u00e9n imponer condiciones en la ciudad.<\/p><h4>Fecha y hora del cl\u00e1sico entre Am\u00e9rica y Deportivo Cali<\/h4><p>El cl\u00e1sico vallecaucano entre <strong>Am\u00e9rica de Cali y Deportivo Cali<\/strong> se disputar\u00e1 este s\u00e1bado 25 de abril, a partir de las 6:20 p.m., por la Liga BetPlay.<\/p>            \n            \n\n\n                <a class=\"btn-googlenews\" href=\"https:\/\/news.google.com\/publications\/CAAqBwgKMKeMyQsw56fgAw?hl=es-419&amp;gl=CO&amp;ceid=CO%3Aes-419\" target=\"_blank\" rel=\"nofollow\">\n         S\u00edguenos en Google News\n    <\/a>\n\n        <\/div>\n        \n    \n\n\n        \n        \n    \n\n        \n        \n    \n\n        \n        \n    <section class=\"colombian-teams\">\n        <div class=\"win-title\">\n            <h2 class=\"title\">Lo mejor de tu equipo<\/h2>\n            <hr>\n        <\/div>\n        <carousel class=\"list\" :autoplay=\"3000\" :items-to-show=\"7\" :transition=\"1500\" :items-to-scroll=\"7\" :touch-drag=\"false\" snap-align=\"center-even\" :wrap-around=\"true\">\n                <slide class=\"slide\">\n                        <a class=\"team\" href=\"\/futbol-colombiano\/equipos\/internacional-palmira\">\n                            \n    \n\n                        <\/a>\n                        <a class=\"team\" href=\"\/futbol-colombiano\/equipos\/union-magdalena\">\n                            \n    \n\n                        <\/a>\n                <\/slide>\n                <slide class=\"slide\">\n                        <a class=\"team\" href=\"\/futbol-colombiano\/equipos\/deportes-quindio\">\n                            \n    \n\n                        <\/a>\n                        <a class=\"team\" href=\"\/futbol-colombiano\/equipos\/envigado\">\n                            \n    \n\n                        <\/a>\n                <\/slide>\n                <slide class=\"slide\">\n                        <a class=\"team\" href=\"\/futbol-colombiano\/equipos\/real-cartagena\">\n                            \n    \n\n                        <\/a>\n                        <a class=\"team\" href=\"\/futbol-colombiano\/equipos\/bogota\">\n                            \n    \n\n                        <\/a>\n                <\/slide>\n                <slide class=\"slide\">\n                        <a class=\"team\" href=\"\/futbol-colombiano\/equipos\/barranquilla\">\n                            \n    \n\n                        <\/a>\n                        <a class=\"team\" href=\"\/futbol-colombiano\/equipos\/tigres\">\n                            \n    \n\n                        <\/a>\n                <\/slide>\n                <slide class=\"slide\">\n                        <a class=\"team\" href=\"\/futbol-colombiano\/equipos\/independiente-yumbo\">\n                            \n    \n\n                        <\/a>\n                        <a class=\"team\" href=\"\/futbol-colombiano\/equipos\/orsomarso\">\n                            \n    \n\n                        <\/a>\n                <\/slide>\n                <slide class=\"slide\">\n                        <a class=\"team\" href=\"\/futbol-colombiano\/equipos\/patriotas-boyaca\">\n                            \n    \n\n                        <\/a>\n                        <a class=\"team\" href=\"\/futbol-colombiano\/equipos\/boca-juniors-de-cali\">\n                            \n    \n\n                        <\/a>\n                <\/slide>\n                <slide class=\"slide\">\n                        <a class=\"team\" href=\"\/futbol-colombiano\/equipos\/real-cundinamarca\">\n                            \n    \n\n                        <\/a>\n                        <a class=\"team\" href=\"\/futbol-colombiano\/equipos\/leones\">\n                            \n    \n\n                        <\/a>\n                <\/slide>\n                <slide class=\"slide\">\n                        <a class=\"team\" href=\"\/futbol-colombiano\/equipos\/atletico\">\n                            \n    \n\n                        <\/a>\n                        <a class=\"team\" href=\"\/futbol-colombiano\/equipos\/real-santander\">\n                            \n    \n\n                        <\/a>\n                <\/slide>\n                <slide class=\"slide\">\n                        <a class=\"team\" href=\"\/futbol-colombiano\/equipos\/atletico-nacional\">\n                            \n    \n\n                        <\/a>\n                        <a class=\"team\" href=\"\/futbol-colombiano\/equipos\/deportivo-pasto\">\n                            \n    \n\n                        <\/a>\n                <\/slide>\n                <slide class=\"slide\">\n                        <a class=\"team\" href=\"\/futbol-colombiano\/equipos\/junior\">\n                            \n    \n\n                        <\/a>\n                        <a class=\"team\" href=\"\/futbol-colombiano\/equipos\/deportes-tolima\">\n                            \n    \n\n                        <\/a>\n                <\/slide>\n                <slide class=\"slide\">\n                        <a class=\"team\" href=\"\/futbol-colombiano\/equipos\/america-de-cali\">\n                            \n    \n\n                        <\/a>\n                        <a class=\"team\" href=\"\/futbol-colombiano\/equipos\/once-caldas\">\n                            \n    \n\n                        <\/a>\n                <\/slide>\n                <slide class=\"slide\">\n                        <a class=\"team\" href=\"\/futbol-colombiano\/equipos\/independiente-santa-fe\">\n                            \n    \n\n                        <\/a>\n                        <a class=\"team\" href=\"\/futbol-colombiano\/equipos\/deportivo-cali\">\n                            \n    \n\n                        <\/a>\n                <\/slide>\n                <slide class=\"slide\">\n                        <a class=\"team\" href=\"\/futbol-colombiano\/equipos\/independiente-medellin\">\n                            \n    \n\n                        <\/a>\n                        <a class=\"team\" href=\"\/futbol-colombiano\/equipos\/millonarios\">\n                            \n    \n\n                        <\/a>\n                <\/slide>\n                <slide class=\"slide\">\n                        <a class=\"team\" href=\"\/futbol-colombiano\/equipos\/inter-bogota\">\n                            \n    \n\n                        <\/a>\n                        <a class=\"team\" href=\"\/futbol-colombiano\/equipos\/atletico-bucaramanga\">\n                            \n    \n\n                        <\/a>\n                <\/slide>\n                <slide class=\"slide\">\n                        <a class=\"team\" href=\"\/futbol-colombiano\/equipos\/aguilas-doradas\">\n                            \n    \n\n                        <\/a>\n                        <a class=\"team\" href=\"\/futbol-colombiano\/equipos\/llaneros\">\n                            \n    \n\n                        <\/a>\n                <\/slide>\n                <slide class=\"slide\">\n                        <a class=\"team\" href=\"\/futbol-colombiano\/equipos\/fortaleza\">\n                            \n    \n\n                        <\/a>\n                        <a class=\"team\" href=\"\/futbol-colombiano\/equipos\/cucuta-deportivo\">\n                            \n    \n\n                        <\/a>\n                <\/slide>\n                <slide class=\"slide\">\n                        <a class=\"team\" href=\"\/futbol-colombiano\/equipos\/alianza\">\n                            \n    \n\n                        <\/a>\n                        <a class=\"team\" href=\"\/futbol-colombiano\/equipos\/jaguares-de-cordoba\">\n                            \n    \n\n                        <\/a>\n                <\/slide>\n                <slide class=\"slide\">\n                        <a class=\"team\" href=\"\/futbol-colombiano\/equipos\/boyaca-chico\">\n                            \n    \n\n                        <\/a>\n                        <a class=\"team\" href=\"\/futbol-colombiano\/equipos\/deportivo-pereira\">\n                            \n    \n\n                        <\/a>\n                <\/slide>\n            <template>\n                <navigation><\/navigation>\n            <\/template>\n        <\/carousel>\n    <\/section>\n\n        \n    <\/div>\n    \n<div class=\"sc\">\n    \n<\/div>","body_rewritten":"<h2 class=\"text-2xl font-bold mt-6 mb-3\">La indirecta que encendi\u00f3 la previa<\/h2><p class=\"mb-4 leading-relaxed\">El cl\u00e1sico entre <strong>Am\u00e9rica de Cali<\/strong> y <strong>Deportivo Cali<\/strong> ya comenz\u00f3 a jugarse fuera de la cancha. En la previa del compromiso, <strong>Jos\u00e9 Cavad\u00eda<\/strong>, jugador del conjunto \u2018escarlata\u2019, dej\u00f3 una frase que r\u00e1pidamente se volvi\u00f3 tendencia entre hinchas y medios.<\/p><blockquote class=\"border-l-4 border-gray-300 pl-4 italic my-4\">El futbolista fue directo al referirse a la grandeza en la ciudad, asegurando que <strong>'grande hay uno solo'<\/strong>, un mensaje que no pas\u00f3 desapercibido y que le mete a\u00fan m\u00e1s picante a uno de los duelos m\u00e1s tradicionales del f\u00fatbol colombiano.<\/blockquote><h2 class=\"text-2xl font-bold mt-6 mb-3\">Un cl\u00e1sico que se vive desde antes<\/h2><p class=\"mb-4 leading-relaxed\">Este tipo de declaraciones no hacen m\u00e1s que aumentar la tensi\u00f3n en un partido que hist\u00f3ricamente se juega <strong>con intensidad dentro y fuera del campo<\/strong>. El cl\u00e1sico vallecaucano representa mucho m\u00e1s que tres puntos: <strong>es orgullo, historia y rivalidad pura<\/strong>.<\/p><ul class=\"list-disc pl-5 mb-4 space-y-1\"><li>El partido se disputar\u00e1 este s\u00e1bado 25 de abril a las 6:20 p.m.<\/li><li>Corresponde a la fecha de la Liga BetPlay<\/li><li>Ambos equipos buscan imponer condiciones en la ciudad<\/li><\/ul><img src=\"data:image\/svg+xml,%3Csvg%20xmlns='http:\/\/www.w3.org\/2000\/svg'%20viewBox='0%200%201320%201890'%3E%3C\/svg%3E\" style=\"max-width:100%; height:auto; margin:20px 0; display:block;\" loading=\"lazy\" alt=\"\">","status":"published","author":null,"image_url":"https:\/\/colombiahoy.s3.us-east-2.amazonaws.com\/articles\/3631\/image-386f34d7d180aa7880f9eba3146f6229b339bd9e62a4e30fa0ab353295a5d1f4.webp","canonical_url":"https:\/\/www.winsports.co\/futbol-colombiano\/noticias\/jugador-de-america-lanzo-indirecta-antes-del-clasico-vallecaucano-425486","published_at":"2026-04-26 14:26","created_at":"2026-04-26 19:25","last_error":null,"topics":[{"id":1,"name":"Deportes","slug":"deportes"},{"id":2,"name":"Cali","slug":"cali"}],"source":"N\/A"},{"id":3623,"title":"Deportivo Cali revel\u00f3 su lista de convocados para enfrentar a Am\u00e9rica en el cl\u00e1sico vallecaucano","slug":"deportivo-cali-revelo-su-lista-de-convocados-para-enfrentar-a-america-en-el-clasico-vallecaucano","title_original":"Cali revel\u00f3 convocados para enfrentar a Am\u00e9rica en el cl\u00e1sico","title_rewritten":"Deportivo Cali revel\u00f3 su lista de convocados para enfrentar a Am\u00e9rica en el cl\u00e1sico vallecaucano","excerpt":"Deportivo Cali dio a conocer los jugadores convocados para el cl\u00e1sico ante Am\u00e9rica de Cali por la fecha 18 de la Liga BetPlay 2026-I. Con novedades como Orozco, Cu\u00e9llar, Reynoso y Montoya, el equipo busca seguir con vida en la pelea por los playoffs.","body":"<h2 class='text-2xl font-bold mt-6 mb-3'>Novedades en la convocatoria del Cali<\/h2><p class='mb-4 leading-relaxed'>El <strong>Deportivo Cali<\/strong> revel\u00f3 su lista de convocados para el cl\u00e1sico vallecaucano ante <strong>Am\u00e9rica<\/strong>, correspondiente a la fecha 18 de la <strong>Liga BetPlay 2026-I<\/strong>. Entre las novedades aparecen <strong>Orozco, Cu\u00e9llar, Reynoso y Montoya<\/strong>, quienes se suman al equipo para este compromiso clave.<\/p><p class='mb-4 leading-relaxed'>Por otro lado, no estar\u00e1n disponibles <strong>Colorado, Quintero, Aponz\u00e1 y Arango<\/strong>, jugadores que salen de la convocatoria para el cl\u00e1sico. El partido representa una oportunidad crucial para que el Cali mantenga <strong>opciones reales<\/strong> de meterse a los playoffs.<\/p><blockquote class='border-l-4 border-gray-300 pl-4 italic my-4'>Para Cali, adem\u00e1s del orgullo del cl\u00e1sico, est\u00e1 en juego la posibilidad de mantener <strong>opciones reales<\/strong> de meterse a los playoffs.<\/blockquote><ul class='list-disc pl-5 mb-4 space-y-1'><li><strong>Orozco, Cu\u00e9llar, Reynoso y Montoya<\/strong> son las novedades en la convocatoria del Cali.<\/li><li><strong>Colorado, Quintero, Aponz\u00e1 y Arango<\/strong> salen de la lista para el cl\u00e1sico.<\/li><li>Am\u00e9rica busca <strong>afirmarse en zona de clasificaci\u00f3n<\/strong> con una victoria.<\/li><\/ul>","body_original":"<div class=\"fc\">\n        <div class=\"post-content\">\n    <a class=\"btn-whatssap\" href=\"https:\/\/whatsapp.com\/channel\/0029Va4HxmL4tRroa0ibiR0D\" target=\"_blank\" rel=\"nofollow\">\n        <svg class=\"icon-whatsapp\" width=\"1024\" height=\"1024\" viewbox=\"0 0 1024 1024\" preserveaspectratio=\"xMinYMin\" aria-hidden=\"true\" focusable=\"false\"><use href=\"\/ui\/v1\/icons.svg#icon-whatsapp\"><\/use><\/svg> Quiero unirme al canal de WhatsApp de Win Sports\n    <\/a>\n                <p>\n                    Si quieres disfrutar de la emoci\u00f3n del deporte, suscr\u00edbete a Win Play. Accede a partidos en vivo,\n                    contenido exclusivo y variedad de deportes, todo desde cualquier dispositivo.<br>\n                    <em><strong><a href=\"https:\/\/winplay.co\/plans\" target=\"_blank\" rel=\"nofollow\"> \u00bfQuieres ver los partidos del f\u00fatbol colombiano desde cualquier lugar? Suscr\u00edbete aqu\u00ed a Win Play <\/a><\/strong><\/em>\n\n                <\/p>\n            \n<p><a href=\"\/futbol-colombiano\/equipos\/deportivo-cali\" target=\"_blank\"><strong>Deportivo Cali<\/strong><\/a> dio a conocer su lista de convocados para enfrentar a <a href=\"\/futbol-colombiano\/equipos\/america-de-cali\" target=\"_blank\"><strong>Am\u00e9rica<\/strong><\/a> en el cl\u00e1sico vallecaucano, por la fecha 18 de la <strong><a href=\"\/futbol-colombiano\/liga-dimayor\" target=\"_blank\">Liga BetPlay 2026-I<\/a>.<\/strong><\/p><p>El duelo llega con realidades distintas en <a href=\"\/futbol-colombiano\/liga-dimayor\/posiciones\" target=\"_blank\"><strong>la tabla<\/strong><\/a>. Am\u00e9rica aparece dentro del grupo de los ocho y quiere sumar para luchar por un segundo luhar, mientras que Cali necesita ganar <strong>para seguir con vida en esa pelea<\/strong> y no perder terreno en la recta final.<\/p><h2>Novedades en la convocatoria del Cali<\/h2><p><a href=\"\/futbol-colombiano\/liga-dimayor\/posiciones\" target=\"_blank\"><em><strong>\ud83d\udc49\u26bd Revisa aqu\u00ed la tabla de posiciones del FPC<\/strong><\/em><\/a><\/p><p>Entre las novedades del equipo \u2018azucarero\u2019 aparecen<strong> Orozco, Cu\u00e9llar, Reynoso y Montoya<\/strong>, quienes hacen parte del listado para este compromiso.<\/p><span data-width=\"550\" data-dnt=\"true\" class=\"tw lazyload\" data-tweet-id=\"2047821196717113420\"><\/span><p><\/p><p>\u00a0<\/p><p>Por otro lado, no aparecen<strong> Colorado, Quintero, Aponz\u00e1 y Arango<\/strong>, jugadores que salen de la convocatoria para el cl\u00e1sico.<\/p><p>Para Am\u00e9rica, el partido representa una oportunidad clave para <strong>afirmarse en zona de clasificaci\u00f3n.<\/strong><\/p><p>Para Cali, adem\u00e1s del orgullo del cl\u00e1sico, est\u00e1 en juego la posibilidad de mantener <strong>opciones reales<\/strong> de meterse a los playoffs.<\/p>            \n            \n\n\n                <a class=\"btn-googlenews\" href=\"https:\/\/news.google.com\/publications\/CAAqBwgKMKeMyQsw56fgAw?hl=es-419&amp;gl=CO&amp;ceid=CO%3Aes-419\" target=\"_blank\" rel=\"nofollow\">\n         S\u00edguenos en Google News\n    <\/a>\n\n        <\/div>\n        \n    \n\n\n        \n        \n    \n\n        \n        \n    \n\n        \n        \n    <section class=\"colombian-teams\">\n        <div class=\"win-title\">\n            <h2 class=\"title\">Lo mejor de tu equipo<\/h2>\n            <hr>\n        <\/div>\n        <carousel class=\"list\" :autoplay=\"3000\" :items-to-show=\"7\" :transition=\"1500\" :items-to-scroll=\"7\" :touch-drag=\"false\" snap-align=\"center-even\" :wrap-around=\"true\">\n                <slide class=\"slide\">\n                        <a class=\"team\" href=\"\/futbol-colombiano\/equipos\/internacional-palmira\">\n                            \n    \n\n                        <\/a>\n                        <a class=\"team\" href=\"\/futbol-colombiano\/equipos\/union-magdalena\">\n                            \n    \n\n                        <\/a>\n                <\/slide>\n                <slide class=\"slide\">\n                        <a class=\"team\" href=\"\/futbol-colombiano\/equipos\/deportes-quindio\">\n                            \n    \n\n                        <\/a>\n                        <a class=\"team\" href=\"\/futbol-colombiano\/equipos\/envigado\">\n                            \n    \n\n                        <\/a>\n                <\/slide>\n                <slide class=\"slide\">\n                        <a class=\"team\" href=\"\/futbol-colombiano\/equipos\/real-cartagena\">\n                            \n    \n\n                        <\/a>\n                        <a class=\"team\" href=\"\/futbol-colombiano\/equipos\/bogota\">\n                            \n    \n\n                        <\/a>\n                <\/slide>\n                <slide class=\"slide\">\n                        <a class=\"team\" href=\"\/futbol-colombiano\/equipos\/barranquilla\">\n                            \n    \n\n                        <\/a>\n                        <a class=\"team\" href=\"\/futbol-colombiano\/equipos\/tigres\">\n                            \n    \n\n                        <\/a>\n                <\/slide>\n                <slide class=\"slide\">\n                        <a class=\"team\" href=\"\/futbol-colombiano\/equipos\/independiente-yumbo\">\n                            \n    \n\n                        <\/a>\n                        <a class=\"team\" href=\"\/futbol-colombiano\/equipos\/orsomarso\">\n                            \n    \n\n                        <\/a>\n                <\/slide>\n                <slide class=\"slide\">\n                        <a class=\"team\" href=\"\/futbol-colombiano\/equipos\/patriotas-boyaca\">\n                            \n    \n\n                        <\/a>\n                        <a class=\"team\" href=\"\/futbol-colombiano\/equipos\/boca-juniors-de-cali\">\n                            \n    \n\n                        <\/a>\n                <\/slide>\n                <slide class=\"slide\">\n                        <a class=\"team\" href=\"\/futbol-colombiano\/equipos\/real-cundinamarca\">\n                            \n    \n\n                        <\/a>\n                        <a class=\"team\" href=\"\/futbol-colombiano\/equipos\/leones\">\n                            \n    \n\n                        <\/a>\n                <\/slide>\n                <slide class=\"slide\">\n                        <a class=\"team\" href=\"\/futbol-colombiano\/equipos\/atletico\">\n                            \n    \n\n                        <\/a>\n                        <a class=\"team\" href=\"\/futbol-colombiano\/equipos\/real-santander\">\n                            \n    \n\n                        <\/a>\n                <\/slide>\n                <slide class=\"slide\">\n                        <a class=\"team\" href=\"\/futbol-colombiano\/equipos\/atletico-nacional\">\n                            \n    \n\n                        <\/a>\n                        <a class=\"team\" href=\"\/futbol-colombiano\/equipos\/deportivo-pasto\">\n                            \n    \n\n                        <\/a>\n                <\/slide>\n                <slide class=\"slide\">\n                        <a class=\"team\" href=\"\/futbol-colombiano\/equipos\/junior\">\n                            \n    \n\n                        <\/a>\n                        <a class=\"team\" href=\"\/futbol-colombiano\/equipos\/deportes-tolima\">\n                            \n    \n\n                        <\/a>\n                <\/slide>\n                <slide class=\"slide\">\n                        <a class=\"team\" href=\"\/futbol-colombiano\/equipos\/america-de-cali\">\n                            \n    \n\n                        <\/a>\n                        <a class=\"team\" href=\"\/futbol-colombiano\/equipos\/once-caldas\">\n                            \n    \n\n                        <\/a>\n                <\/slide>\n                <slide class=\"slide\">\n                        <a class=\"team\" href=\"\/futbol-colombiano\/equipos\/independiente-santa-fe\">\n                            \n    \n\n                        <\/a>\n                        <a class=\"team\" href=\"\/futbol-colombiano\/equipos\/deportivo-cali\">\n                            \n    \n\n                        <\/a>\n                <\/slide>\n                <slide class=\"slide\">\n                        <a class=\"team\" href=\"\/futbol-colombiano\/equipos\/independiente-medellin\">\n                            \n    \n\n                        <\/a>\n                        <a class=\"team\" href=\"\/futbol-colombiano\/equipos\/millonarios\">\n                            \n    \n\n                        <\/a>\n                <\/slide>\n                <slide class=\"slide\">\n                        <a class=\"team\" href=\"\/futbol-colombiano\/equipos\/inter-bogota\">\n                            \n    \n\n                        <\/a>\n                        <a class=\"team\" href=\"\/futbol-colombiano\/equipos\/atletico-bucaramanga\">\n                            \n    \n\n                        <\/a>\n                <\/slide>\n                <slide class=\"slide\">\n                        <a class=\"team\" href=\"\/futbol-colombiano\/equipos\/aguilas-doradas\">\n                            \n    \n\n                        <\/a>\n                        <a class=\"team\" href=\"\/futbol-colombiano\/equipos\/llaneros\">\n                            \n    \n\n                        <\/a>\n                <\/slide>\n                <slide class=\"slide\">\n                        <a class=\"team\" href=\"\/futbol-colombiano\/equipos\/fortaleza\">\n                            \n    \n\n                        <\/a>\n                        <a class=\"team\" href=\"\/futbol-colombiano\/equipos\/cucuta-deportivo\">\n                            \n    \n\n                        <\/a>\n                <\/slide>\n                <slide class=\"slide\">\n                        <a class=\"team\" href=\"\/futbol-colombiano\/equipos\/alianza\">\n                            \n    \n\n                        <\/a>\n                        <a class=\"team\" href=\"\/futbol-colombiano\/equipos\/jaguares-de-cordoba\">\n                            \n    \n\n                        <\/a>\n                <\/slide>\n                <slide class=\"slide\">\n                        <a class=\"team\" href=\"\/futbol-colombiano\/equipos\/boyaca-chico\">\n                            \n    \n\n                        <\/a>\n                        <a class=\"team\" href=\"\/futbol-colombiano\/equipos\/deportivo-pereira\">\n                            \n    \n\n                        <\/a>\n                <\/slide>\n            <template>\n                <navigation><\/navigation>\n            <\/template>\n        <\/carousel>\n    <\/section>\n\n        \n    <\/div>\n    \n<div class=\"sc\">\n    \n<\/div>","body_rewritten":"<h2 class='text-2xl font-bold mt-6 mb-3'>Novedades en la convocatoria del Cali<\/h2><p class='mb-4 leading-relaxed'>El <strong>Deportivo Cali<\/strong> revel\u00f3 su lista de convocados para el cl\u00e1sico vallecaucano ante <strong>Am\u00e9rica<\/strong>, correspondiente a la fecha 18 de la <strong>Liga BetPlay 2026-I<\/strong>. Entre las novedades aparecen <strong>Orozco, Cu\u00e9llar, Reynoso y Montoya<\/strong>, quienes se suman al equipo para este compromiso clave.<\/p><p class='mb-4 leading-relaxed'>Por otro lado, no estar\u00e1n disponibles <strong>Colorado, Quintero, Aponz\u00e1 y Arango<\/strong>, jugadores que salen de la convocatoria para el cl\u00e1sico. El partido representa una oportunidad crucial para que el Cali mantenga <strong>opciones reales<\/strong> de meterse a los playoffs.<\/p><blockquote class='border-l-4 border-gray-300 pl-4 italic my-4'>Para Cali, adem\u00e1s del orgullo del cl\u00e1sico, est\u00e1 en juego la posibilidad de mantener <strong>opciones reales<\/strong> de meterse a los playoffs.<\/blockquote><ul class='list-disc pl-5 mb-4 space-y-1'><li><strong>Orozco, Cu\u00e9llar, Reynoso y Montoya<\/strong> son las novedades en la convocatoria del Cali.<\/li><li><strong>Colorado, Quintero, Aponz\u00e1 y Arango<\/strong> salen de la lista para el cl\u00e1sico.<\/li><li>Am\u00e9rica busca <strong>afirmarse en zona de clasificaci\u00f3n<\/strong> con una victoria.<\/li><\/ul>","status":"published","author":null,"image_url":"https:\/\/colombiahoy.s3.us-east-2.amazonaws.com\/articles\/3623\/image-e6d537ce0612201b0033cd9664a20069fe2a2eaa408538be54d7a9b7e6c97123.webp","canonical_url":"https:\/\/www.winsports.co\/futbol-colombiano\/noticias\/cali-revelo-convocados-para-enfrentar-a-america-en-el-clasico-425787","published_at":"2026-04-26 14:26","created_at":"2026-04-26 19:23","last_error":null,"topics":[{"id":1,"name":"Deportes","slug":"deportes"},{"id":2,"name":"Cali","slug":"cali"}],"source":"N\/A"},{"id":3617,"title":"Cali vs. Am\u00e9rica: el monumental recibimiento de la hinchada que emocion\u00f3 a todos","slug":"cali-vs-america-el-monumental-recibimiento-de-la-hinchada-que-emociono-a-todos","title_original":"Cali vs. Am\u00e9rica: mira el monumental recibimiento de la hinchada","title_rewritten":"Cali vs. Am\u00e9rica: el monumental recibimiento de la hinchada que emocion\u00f3 a todos","excerpt":"La hinchada de Deportivo Cali ofreci\u00f3 un recibimiento imponente a su equipo antes del cl\u00e1sico contra Am\u00e9rica de Cali, con bengalas, banderas gigantes y un ambiente de final que puso la piel de gallina.","body":"<h2 class=\"text-2xl font-bold mt-6 mb-3\">Un recibimiento que marc\u00f3 el tono del cl\u00e1sico<\/h2><p class=\"mb-4 leading-relaxed\">El cl\u00e1sico vallecaucano empez\u00f3 a jugarse mucho antes del pitazo inicial, y desde la tribuna se palpita como una final el cruce entre <strong>Deportivo Cali<\/strong> y <strong>Am\u00e9rica de Cali<\/strong>. Con el estadio vestido de 'verdiblanco', la hinchada de Deportivo Cali <strong>protagoniz\u00f3 un recibimiento imponente que marc\u00f3 el tono<\/strong> de una noche especial.<\/p><blockquote class=\"border-l-4 border-gray-300 pl-4 italic my-4\">El cl\u00e1sico no solo se juega en la cancha, tambi\u00e9n se gana desde la energ\u00eda de la gente.<\/blockquote><p class=\"mb-4 leading-relaxed\"><strong>Bengalas, banderas gigantes y un canto ensordecedor<\/strong> acompa\u00f1aron la salida del equipo, en una postal que confirma que este duelo se vive diferente. Apenas los jugadores pisaron el campo, el estadio explot\u00f3. La fiesta en las gradas fue total: papel picado, humo y <strong>un marco visual que puso la piel de gallina<\/strong>.<\/p><h2 class=\"text-2xl font-bold mt-6 mb-3\">La conexi\u00f3n entre tribuna y equipo fue evidente<\/h2><p class=\"mb-4 leading-relaxed\">En un partido cargado de historia y tensi\u00f3n, el apoyo de la hinchada puede ser determinante. Deportivo Cali, consciente de lo que se juega, <strong>encontr\u00f3 en su gente ese impulso extra para enfrentar a su m\u00e1ximo rival<\/strong>. La conexi\u00f3n entre tribuna y equipo se hizo evidente desde el arranque, en un ambiente que presiona, empuja y emociona el cl\u00e1sico vallecaucano.<\/p><img src=\"data:image\/svg+xml,%3Csvg%20xmlns='http:\/\/www.w3.org\/2000\/svg'%20viewBox='0%200%201920%201080'%3E%3C\/svg%3E\" style=\"max-width:100%; height:auto; margin:20px 0; display:block;\" loading=\"lazy\" alt=\"\">","body_original":"<div class=\"fc\">\n        <div class=\"post-content\">\n    <a class=\"btn-whatssap\" href=\"https:\/\/whatsapp.com\/channel\/0029Va4HxmL4tRroa0ibiR0D\" target=\"_blank\" rel=\"nofollow\">\n        <svg class=\"icon-whatsapp\" width=\"1024\" height=\"1024\" viewbox=\"0 0 1024 1024\" preserveaspectratio=\"xMinYMin\" aria-hidden=\"true\" focusable=\"false\"><use href=\"\/ui\/v1\/icons.svg#icon-whatsapp\"><\/use><\/svg> Quiero unirme al canal de WhatsApp de Win Sports\n    <\/a>\n                <p>\n                    Si quieres disfrutar de la emoci\u00f3n del deporte, suscr\u00edbete a Win Play. Accede a partidos en vivo,\n                    contenido exclusivo y variedad de deportes, todo desde cualquier dispositivo.<br>\n                    <em><strong><a href=\"https:\/\/winplay.co\/plans\" target=\"_blank\" rel=\"nofollow\"> \u00bfQuieres ver los partidos del f\u00fatbol colombiano desde cualquier lugar? Suscr\u00edbete aqu\u00ed a Win Play <\/a><\/strong><\/em>\n\n                <\/p>\n            \n<p>El cl\u00e1sico vallecaucano empez\u00f3 a jugarse mucho antes del pitazo inicial\u2026 y <strong>desde la tribuna se palpita como una final el cruce<\/strong> entre <a href=\"\/futbol-colombiano\/equipos\/deportivo-cali\" target=\"_blank\"><strong>Deportivo Cali<\/strong><\/a> y <a href=\"\/futbol-colombiano\/equipos\/america-de-cali\" target=\"_blank\"><strong>Am\u00e9rica de Cali<\/strong><\/a>.<\/p><p>Con el estadio vestido de 'verdiblanco', la hinchada de Deportivo Cali <strong>protagoniz\u00f3 un recibimiento imponente que marc\u00f3 el tono<\/strong> de una noche especial.<\/p><p><strong>Bengalas, banderas gigantes y un canto ensordecedor<\/strong> acompa\u00f1aron la salida del equipo, en una postal que confirma que este duelo se vive diferente.<\/p><p><a href=\"\/?p=425908\" target=\"_blank\"><em><strong>\ud83d\udd25\ud83d\ude31 Mira aqu\u00ed el golazo de Jordy Monroy con el que Pereira derrot\u00f3 a Atl\u00e9tico Nacional<\/strong><\/em><\/a><\/p><p>Apenas los jugadores pisaron el campo, el estadio explot\u00f3. La fiesta en las gradas fue total: papel picado, humo y <strong>un marco visual que puso la piel de gallina.<\/strong><\/p><figure class=\"alignnone\"><img loading=\"lazy\" alt=\"Cali vs. Am\u00e9rica: mira el monumental recibimiento de la hinchada - VizzorImage\" width=\"1920\" height=\"1080\" data-src=\"https:\/\/files.winsports.co\/cms\/2026\/04\/25181716\/Cali-vs.-America_-mira-el-monumental-recibimiento-de-la-hinchada-VizzorImage.jpg\" src=\"data:image\/svg+xml,%3Csvg%20xmlns='http:\/\/www.w3.org\/2000\/svg'%20viewBox='0%200%201920%201080'%3E%3C\/svg%3E\" class=\"lazyload\"><figcaption><strong>Cali vs. Am\u00e9rica: mira el monumental recibimiento de la hinchada<\/strong> - VizzorImage<\/figcaption><\/figure><p>El mensaje fue claro desde el primer minuto: <strong>el cl\u00e1sico no solo se juega en la cancha<\/strong>, tambi\u00e9n se gana desde la energ\u00eda de la gente.<\/p><p><a href=\"\/?p=425963\" target=\"_blank\"><em><strong>\ud83d\udfe2\u274c \u00a1ATENCI\u00d3N! Rengifo se podr\u00eda perder la ida de cuartos de final de Liga con Atl\u00e9tico Nacional por esta expulsi\u00f3n<\/strong><\/em><\/a><\/p><p>En un partido cargado de historia y tensi\u00f3n, el apoyo de la hinchada puede ser determinante. Deportivo Cali, consciente de lo que se juega, <strong>encontr\u00f3 en su gente ese impulso extra para enfrentar a su m\u00e1ximo rival<\/strong>.<\/p><p><strong>La conexi\u00f3n entre tribuna y equipo se hizo evidente<\/strong> desde el arranque, en un ambiente que presiona, empuja y emociona el cl\u00e1sico vallecaucano.<\/p><h2>Repasa el minuto a minuto y los goles del Cali vs. Am\u00e9rica, <a href=\"\/?p=425977\" target=\"_blank\"><strong>AQU\u00cd<\/strong><\/a><\/h2>            \n            \n\n\n                <a class=\"btn-googlenews\" href=\"https:\/\/news.google.com\/publications\/CAAqBwgKMKeMyQsw56fgAw?hl=es-419&amp;gl=CO&amp;ceid=CO%3Aes-419\" target=\"_blank\" rel=\"nofollow\">\n         S\u00edguenos en Google News\n    <\/a>\n\n        <\/div>\n        \n    \n\n\n        \n        \n    \n\n        \n        \n    \n\n        \n        \n    <section class=\"colombian-teams\">\n        <div class=\"win-title\">\n            <h2 class=\"title\">Lo mejor de tu equipo<\/h2>\n            <hr>\n        <\/div>\n        <carousel class=\"list\" :autoplay=\"3000\" :items-to-show=\"7\" :transition=\"1500\" :items-to-scroll=\"7\" :touch-drag=\"false\" snap-align=\"center-even\" :wrap-around=\"true\">\n                <slide class=\"slide\">\n                        <a class=\"team\" href=\"\/futbol-colombiano\/equipos\/internacional-palmira\">\n                            \n    \n\n                        <\/a>\n                        <a class=\"team\" href=\"\/futbol-colombiano\/equipos\/union-magdalena\">\n                            \n    \n\n                        <\/a>\n                <\/slide>\n                <slide class=\"slide\">\n                        <a class=\"team\" href=\"\/futbol-colombiano\/equipos\/deportes-quindio\">\n                            \n    \n\n                        <\/a>\n                        <a class=\"team\" href=\"\/futbol-colombiano\/equipos\/envigado\">\n                            \n    \n\n                        <\/a>\n                <\/slide>\n                <slide class=\"slide\">\n                        <a class=\"team\" href=\"\/futbol-colombiano\/equipos\/real-cartagena\">\n                            \n    \n\n                        <\/a>\n                        <a class=\"team\" href=\"\/futbol-colombiano\/equipos\/bogota\">\n                            \n    \n\n                        <\/a>\n                <\/slide>\n                <slide class=\"slide\">\n                        <a class=\"team\" href=\"\/futbol-colombiano\/equipos\/barranquilla\">\n                            \n    \n\n                        <\/a>\n                        <a class=\"team\" href=\"\/futbol-colombiano\/equipos\/tigres\">\n                            \n    \n\n                        <\/a>\n                <\/slide>\n                <slide class=\"slide\">\n                        <a class=\"team\" href=\"\/futbol-colombiano\/equipos\/independiente-yumbo\">\n                            \n    \n\n                        <\/a>\n                        <a class=\"team\" href=\"\/futbol-colombiano\/equipos\/orsomarso\">\n                            \n    \n\n                        <\/a>\n                <\/slide>\n                <slide class=\"slide\">\n                        <a class=\"team\" href=\"\/futbol-colombiano\/equipos\/patriotas-boyaca\">\n                            \n    \n\n                        <\/a>\n                        <a class=\"team\" href=\"\/futbol-colombiano\/equipos\/boca-juniors-de-cali\">\n                            \n    \n\n                        <\/a>\n                <\/slide>\n                <slide class=\"slide\">\n                        <a class=\"team\" href=\"\/futbol-colombiano\/equipos\/real-cundinamarca\">\n                            \n    \n\n                        <\/a>\n                        <a class=\"team\" href=\"\/futbol-colombiano\/equipos\/leones\">\n                            \n    \n\n                        <\/a>\n                <\/slide>\n                <slide class=\"slide\">\n                        <a class=\"team\" href=\"\/futbol-colombiano\/equipos\/atletico\">\n                            \n    \n\n                        <\/a>\n                        <a class=\"team\" href=\"\/futbol-colombiano\/equipos\/real-santander\">\n                            \n    \n\n                        <\/a>\n                <\/slide>\n                <slide class=\"slide\">\n                        <a class=\"team\" href=\"\/futbol-colombiano\/equipos\/atletico-nacional\">\n                            \n    \n\n                        <\/a>\n                        <a class=\"team\" href=\"\/futbol-colombiano\/equipos\/deportivo-pasto\">\n                            \n    \n\n                        <\/a>\n                <\/slide>\n                <slide class=\"slide\">\n                        <a class=\"team\" href=\"\/futbol-colombiano\/equipos\/junior\">\n                            \n    \n\n                        <\/a>\n                        <a class=\"team\" href=\"\/futbol-colombiano\/equipos\/deportes-tolima\">\n                            \n    \n\n                        <\/a>\n                <\/slide>\n                <slide class=\"slide\">\n                        <a class=\"team\" href=\"\/futbol-colombiano\/equipos\/america-de-cali\">\n                            \n    \n\n                        <\/a>\n                        <a class=\"team\" href=\"\/futbol-colombiano\/equipos\/once-caldas\">\n                            \n    \n\n                        <\/a>\n                <\/slide>\n                <slide class=\"slide\">\n                        <a class=\"team\" href=\"\/futbol-colombiano\/equipos\/independiente-santa-fe\">\n                            \n    \n\n                        <\/a>\n                        <a class=\"team\" href=\"\/futbol-colombiano\/equipos\/deportivo-cali\">\n                            \n    \n\n                        <\/a>\n                <\/slide>\n                <slide class=\"slide\">\n                        <a class=\"team\" href=\"\/futbol-colombiano\/equipos\/independiente-medellin\">\n                            \n    \n\n                        <\/a>\n                        <a class=\"team\" href=\"\/futbol-colombiano\/equipos\/millonarios\">\n                            \n    \n\n                        <\/a>\n                <\/slide>\n                <slide class=\"slide\">\n                        <a class=\"team\" href=\"\/futbol-colombiano\/equipos\/inter-bogota\">\n                            \n    \n\n                        <\/a>\n                        <a class=\"team\" href=\"\/futbol-colombiano\/equipos\/atletico-bucaramanga\">\n                            \n    \n\n                        <\/a>\n                <\/slide>\n                <slide class=\"slide\">\n                        <a class=\"team\" href=\"\/futbol-colombiano\/equipos\/aguilas-doradas\">\n                            \n    \n\n                        <\/a>\n                        <a class=\"team\" href=\"\/futbol-colombiano\/equipos\/llaneros\">\n                            \n    \n\n                        <\/a>\n                <\/slide>\n                <slide class=\"slide\">\n                        <a class=\"team\" href=\"\/futbol-colombiano\/equipos\/fortaleza\">\n                            \n    \n\n                        <\/a>\n                        <a class=\"team\" href=\"\/futbol-colombiano\/equipos\/cucuta-deportivo\">\n                            \n    \n\n                        <\/a>\n                <\/slide>\n                <slide class=\"slide\">\n                        <a class=\"team\" href=\"\/futbol-colombiano\/equipos\/alianza\">\n                            \n    \n\n                        <\/a>\n                        <a class=\"team\" href=\"\/futbol-colombiano\/equipos\/jaguares-de-cordoba\">\n                            \n    \n\n                        <\/a>\n                <\/slide>\n                <slide class=\"slide\">\n                        <a class=\"team\" href=\"\/futbol-colombiano\/equipos\/boyaca-chico\">\n                            \n    \n\n                        <\/a>\n                        <a class=\"team\" href=\"\/futbol-colombiano\/equipos\/deportivo-pereira\">\n                            \n    \n\n                        <\/a>\n                <\/slide>\n            <template>\n                <navigation><\/navigation>\n            <\/template>\n        <\/carousel>\n    <\/section>\n\n        \n    <\/div>\n    \n<div class=\"sc\">\n    \n<\/div>","body_rewritten":"<h2 class=\"text-2xl font-bold mt-6 mb-3\">Un recibimiento que marc\u00f3 el tono del cl\u00e1sico<\/h2><p class=\"mb-4 leading-relaxed\">El cl\u00e1sico vallecaucano empez\u00f3 a jugarse mucho antes del pitazo inicial, y desde la tribuna se palpita como una final el cruce entre <strong>Deportivo Cali<\/strong> y <strong>Am\u00e9rica de Cali<\/strong>. Con el estadio vestido de 'verdiblanco', la hinchada de Deportivo Cali <strong>protagoniz\u00f3 un recibimiento imponente que marc\u00f3 el tono<\/strong> de una noche especial.<\/p><blockquote class=\"border-l-4 border-gray-300 pl-4 italic my-4\">El cl\u00e1sico no solo se juega en la cancha, tambi\u00e9n se gana desde la energ\u00eda de la gente.<\/blockquote><p class=\"mb-4 leading-relaxed\"><strong>Bengalas, banderas gigantes y un canto ensordecedor<\/strong> acompa\u00f1aron la salida del equipo, en una postal que confirma que este duelo se vive diferente. Apenas los jugadores pisaron el campo, el estadio explot\u00f3. La fiesta en las gradas fue total: papel picado, humo y <strong>un marco visual que puso la piel de gallina<\/strong>.<\/p><h2 class=\"text-2xl font-bold mt-6 mb-3\">La conexi\u00f3n entre tribuna y equipo fue evidente<\/h2><p class=\"mb-4 leading-relaxed\">En un partido cargado de historia y tensi\u00f3n, el apoyo de la hinchada puede ser determinante. Deportivo Cali, consciente de lo que se juega, <strong>encontr\u00f3 en su gente ese impulso extra para enfrentar a su m\u00e1ximo rival<\/strong>. La conexi\u00f3n entre tribuna y equipo se hizo evidente desde el arranque, en un ambiente que presiona, empuja y emociona el cl\u00e1sico vallecaucano.<\/p><img src=\"data:image\/svg+xml,%3Csvg%20xmlns='http:\/\/www.w3.org\/2000\/svg'%20viewBox='0%200%201920%201080'%3E%3C\/svg%3E\" style=\"max-width:100%; height:auto; margin:20px 0; display:block;\" loading=\"lazy\" alt=\"\">","status":"published","author":null,"image_url":"https:\/\/colombiahoy.s3.us-east-2.amazonaws.com\/articles\/3617\/image-89565993c171e8271fbe3f4050b32bae9318f562dfeb59fc74b3c7676056f793.webp","canonical_url":"https:\/\/www.winsports.co\/futbol-colombiano\/noticias\/cali-vs-america-mira-el-monumental-recibimiento-de-la-hinchada-426008","published_at":"2026-04-26 14:26","created_at":"2026-04-26 19:23","last_error":null,"topics":[{"id":1,"name":"Deportes","slug":"deportes"},{"id":2,"name":"Cali","slug":"cali"}],"source":"N\/A"},{"id":3615,"title":"Pedro gallese le neg\u00f3 el gol a yeison guzm\u00e1n en el cl\u00e1sico vallecaucano","slug":"pedro-gallese-le-nego-el-gol-a-yeison-guzman-en-el-clasico-vallecaucano","title_original":"Pedro Gallese le neg\u00f3 el gol a Yeison Guzm\u00e1n en Cali vs. Am\u00e9rica","title_rewritten":"Pedro gallese le neg\u00f3 el gol a yeison guzm\u00e1n en el cl\u00e1sico vallecaucano","excerpt":"Pedro Gallese fue figura en el cl\u00e1sico vallecaucano al atajar un disparo de Yeison Guzm\u00e1n, asegurando el empate sin goles entre Deportivo Cali y Am\u00e9rica.","body":"<h2 class=\"text-2xl font-bold mt-6 mb-3\">Un duelo intenso con pocas ocasiones claras<\/h2><p class=\"mb-4 leading-relaxed\">El cl\u00e1sico vallecaucano depar\u00f3 un duelo intenso con <strong>pocas ocasiones claras de gol<\/strong>, en donde Am\u00e9rica de Cali mostr\u00f3 insistencia ofensiva <strong>sin la precisi\u00f3n necesaria<\/strong> para batir a un f\u00e9rreo Deportivo Cali.<\/p><p class=\"mb-4 leading-relaxed\">Durante la mayor parte del encuentro, la escuadra 'escarlata' <strong>rond\u00f3 el \u00e1rea rival sin generar verdadero peligro<\/strong>, una situaci\u00f3n que aument\u00f3 la ansiedad en sus jugadores.<\/p><p class=\"mb-4 leading-relaxed\">Sin embargo, cerca del final, una p\u00e9rdida fatal en la salida del equipo 'azucarero' le permiti\u00f3 a Yeison Guzm\u00e1n probar su punter\u00eda, aunque <strong>la potencia no fue suficiente para superar al portero peruano<\/strong>, Pedro Gallese.<\/p><img src=\"data:image\/svg+xml,%3Csvg%20xmlns='http:\/\/www.w3.org\/2000\/svg'%20viewBox='0%200%201920%201080'%3E%3C\/svg%3E\" style=\"max-width:100%; height:auto; margin:20px 0; display:block;\" loading=\"lazy\" alt=\"\"><blockquote class=\"border-l-4 border-gray-300 pl-4 italic my-4\">Su intento de remate de derecha no tom\u00f3 el \u00e1ngulo esperado y, a pesar de la potencia, no represent\u00f3 un peligro m\u00e1ximo para Pedro Gallese, que mostr\u00f3 su calidad con una atajada segura y calmada.<\/blockquote><h2 class=\"text-2xl font-bold mt-6 mb-3\">Empate sin goles deja m\u00e1s preguntas que respuestas<\/h2><p class=\"mb-4 leading-relaxed\">El empate sin goles reflejaba <strong>una contienda trabada y sin claridad<\/strong>, que dej\u00f3 m\u00e1s preguntas que respuestas sobre el rumbo de ambos equipos en el semestre.<\/p>","body_original":"<div class=\"fc\">\n        <div class=\"post-content\">\n    <a class=\"btn-whatssap\" href=\"https:\/\/whatsapp.com\/channel\/0029Va4HxmL4tRroa0ibiR0D\" target=\"_blank\" rel=\"nofollow\">\n        <svg class=\"icon-whatsapp\" width=\"1024\" height=\"1024\" viewbox=\"0 0 1024 1024\" preserveaspectratio=\"xMinYMin\" aria-hidden=\"true\" focusable=\"false\"><use href=\"\/ui\/v1\/icons.svg#icon-whatsapp\"><\/use><\/svg> Quiero unirme al canal de WhatsApp de Win Sports\n    <\/a>\n                <p>\n                    Si quieres disfrutar de la emoci\u00f3n del deporte, suscr\u00edbete a Win Play. Accede a partidos en vivo,\n                    contenido exclusivo y variedad de deportes, todo desde cualquier dispositivo.<br>\n                    <em><strong><a href=\"https:\/\/winplay.co\/plans\" target=\"_blank\" rel=\"nofollow\"> \u00bfQuieres ver los partidos del f\u00fatbol colombiano desde cualquier lugar? Suscr\u00edbete aqu\u00ed a Win Play <\/a><\/strong><\/em>\n\n                <\/p>\n            \n<p>El cl\u00e1sico vallecaucano <strong>depar\u00f3 un duelo intenso con pocas ocasiones claras de gol<\/strong>, en donde <a href=\"\/futbol-colombiano\/equipos\/america-de-cali\" target=\"_blank\"><strong>Am\u00e9rica de Cali<\/strong><\/a> mostr\u00f3 insistencia ofensiva <strong>sin la precisi\u00f3n necesaria<\/strong> para batir a un f\u00e9rreo <a href=\"\/futbol-colombiano\/equipos\/deportivo-cali\" target=\"_blank\"><strong>Deportivo Cali<\/strong><\/a>.<\/p><p><a href=\"\/?p=426008\" target=\"_blank\"><em><strong>\ud83c\udfdf\ufe0f\ud83d\udd25 \u00a1HAY CL\u00c1SICO! As\u00ed fue el monumental recibimiento de la hinchada de Deportivo Cali ante Am\u00e9rica<\/strong><\/em><\/a><\/p><p>Durante la mayor parte del encuentro, la escuadra 'escarlata' <strong>rond\u00f3 el \u00e1rea rival sin generar verdadero peligro<\/strong>, una situaci\u00f3n que aument\u00f3 la ansiedad en sus jugadores.<\/p><p>Sin embargo, cerca del final, una p\u00e9rdida fatal en la salida del equipo 'azucarero' le permiti\u00f3 a Yeison Guzm\u00e1n probar su punter\u00eda, aunque <strong>la potencia no fue suficiente para superar al portero peruano<\/strong>, Pedro Gallese.<\/p><p><a href=\"\/?p=425963\" target=\"_blank\"><em><strong>\ud83d\ude31\ud83d\udfe2 \u00a1ATENCI\u00d3N! Rengifo se podr\u00eda perder la ida de cuartos de final con Nacional por esta expulsi\u00f3n<\/strong><\/em><\/a><\/p><p>El empate sin goles reflejaba <strong>una contienda trabada y sin claridad<\/strong>, que dej\u00f3 m\u00e1s preguntas que respuestas sobre el rumbo de ambos equipos en el semestre.<\/p><figure class=\"alignnone\"><img loading=\"lazy\" alt=\"Pedro Gallese le neg\u00f3 el gol a Yeison Guzm\u00e1n en Cali vs. Am\u00e9rica - VizzorImage\" width=\"1920\" height=\"1080\" data-src=\"https:\/\/files.winsports.co\/cms\/2026\/04\/25200721\/Pedro-Gallese-le-nego-el-gol-a-Yeison-Guzman-en-Cali-vs.-America-VizzorImage.jpg\" src=\"data:image\/svg+xml,%3Csvg%20xmlns='http:\/\/www.w3.org\/2000\/svg'%20viewBox='0%200%201920%201080'%3E%3C\/svg%3E\" class=\"lazyload\"><figcaption><strong>Pedro Gallese le neg\u00f3 el gol a Yeison Guzm\u00e1n en Cali vs. Am\u00e9rica<\/strong> - VizzorImage<\/figcaption><\/figure><p>A minutos del pitazo final, la ansiedad empez\u00f3 a recaer sobre los hombres de Deportivo Cali, quienes cedieron <strong>una mala salida que fue interceptada por Yeison Guzm\u00e1n.<\/strong><\/p><p><strong>Su intento de remate de derecha no tom\u00f3 el \u00e1ngulo esperado<\/strong> y, a pesar de la potencia, no represent\u00f3 un peligro m\u00e1ximo para Pedro Gallese, que mostr\u00f3 su calidad con una atajada segura y calmada.<\/p><h2>Repasa el minuto a minuto y goles del Deportivo Cali vs. Am\u00e9rica, <a href=\"\/?p=425977\" target=\"_blank\"><strong>AQU\u00cd<\/strong><\/a><\/h2>            \n            \n\n\n                <a class=\"btn-googlenews\" href=\"https:\/\/news.google.com\/publications\/CAAqBwgKMKeMyQsw56fgAw?hl=es-419&amp;gl=CO&amp;ceid=CO%3Aes-419\" target=\"_blank\" rel=\"nofollow\">\n         S\u00edguenos en Google News\n    <\/a>\n\n        <\/div>\n        \n    \n\n\n        \n        \n    \n\n        \n        \n    \n\n        \n        \n    <section class=\"colombian-teams\">\n        <div class=\"win-title\">\n            <h2 class=\"title\">Lo mejor de tu equipo<\/h2>\n            <hr>\n        <\/div>\n        <carousel class=\"list\" :autoplay=\"3000\" :items-to-show=\"7\" :transition=\"1500\" :items-to-scroll=\"7\" :touch-drag=\"false\" snap-align=\"center-even\" :wrap-around=\"true\">\n                <slide class=\"slide\">\n                        <a class=\"team\" href=\"\/futbol-colombiano\/equipos\/internacional-palmira\">\n                            \n    \n\n                        <\/a>\n                        <a class=\"team\" href=\"\/futbol-colombiano\/equipos\/union-magdalena\">\n                            \n    \n\n                        <\/a>\n                <\/slide>\n                <slide class=\"slide\">\n                        <a class=\"team\" href=\"\/futbol-colombiano\/equipos\/deportes-quindio\">\n                            \n    \n\n                        <\/a>\n                        <a class=\"team\" href=\"\/futbol-colombiano\/equipos\/envigado\">\n                            \n    \n\n                        <\/a>\n                <\/slide>\n                <slide class=\"slide\">\n                        <a class=\"team\" href=\"\/futbol-colombiano\/equipos\/real-cartagena\">\n                            \n    \n\n                        <\/a>\n                        <a class=\"team\" href=\"\/futbol-colombiano\/equipos\/bogota\">\n                            \n    \n\n                        <\/a>\n                <\/slide>\n                <slide class=\"slide\">\n                        <a class=\"team\" href=\"\/futbol-colombiano\/equipos\/barranquilla\">\n                            \n    \n\n                        <\/a>\n                        <a class=\"team\" href=\"\/futbol-colombiano\/equipos\/tigres\">\n                            \n    \n\n                        <\/a>\n                <\/slide>\n                <slide class=\"slide\">\n                        <a class=\"team\" href=\"\/futbol-colombiano\/equipos\/independiente-yumbo\">\n                            \n    \n\n                        <\/a>\n                        <a class=\"team\" href=\"\/futbol-colombiano\/equipos\/orsomarso\">\n                            \n    \n\n                        <\/a>\n                <\/slide>\n                <slide class=\"slide\">\n                        <a class=\"team\" href=\"\/futbol-colombiano\/equipos\/patriotas-boyaca\">\n                            \n    \n\n                        <\/a>\n                        <a class=\"team\" href=\"\/futbol-colombiano\/equipos\/boca-juniors-de-cali\">\n                            \n    \n\n                        <\/a>\n                <\/slide>\n                <slide class=\"slide\">\n                        <a class=\"team\" href=\"\/futbol-colombiano\/equipos\/real-cundinamarca\">\n                            \n    \n\n                        <\/a>\n                        <a class=\"team\" href=\"\/futbol-colombiano\/equipos\/leones\">\n                            \n    \n\n                        <\/a>\n                <\/slide>\n                <slide class=\"slide\">\n                        <a class=\"team\" href=\"\/futbol-colombiano\/equipos\/atletico\">\n                            \n    \n\n                        <\/a>\n                        <a class=\"team\" href=\"\/futbol-colombiano\/equipos\/real-santander\">\n                            \n    \n\n                        <\/a>\n                <\/slide>\n                <slide class=\"slide\">\n                        <a class=\"team\" href=\"\/futbol-colombiano\/equipos\/atletico-nacional\">\n                            \n    \n\n                        <\/a>\n                        <a class=\"team\" href=\"\/futbol-colombiano\/equipos\/deportivo-pasto\">\n                            \n    \n\n                        <\/a>\n                <\/slide>\n                <slide class=\"slide\">\n                        <a class=\"team\" href=\"\/futbol-colombiano\/equipos\/junior\">\n                            \n    \n\n                        <\/a>\n                        <a class=\"team\" href=\"\/futbol-colombiano\/equipos\/deportes-tolima\">\n                            \n    \n\n                        <\/a>\n                <\/slide>\n                <slide class=\"slide\">\n                        <a class=\"team\" href=\"\/futbol-colombiano\/equipos\/america-de-cali\">\n                            \n    \n\n                        <\/a>\n                        <a class=\"team\" href=\"\/futbol-colombiano\/equipos\/once-caldas\">\n                            \n    \n\n                        <\/a>\n                <\/slide>\n                <slide class=\"slide\">\n                        <a class=\"team\" href=\"\/futbol-colombiano\/equipos\/independiente-santa-fe\">\n                            \n    \n\n                        <\/a>\n                        <a class=\"team\" href=\"\/futbol-colombiano\/equipos\/deportivo-cali\">\n                            \n    \n\n                        <\/a>\n                <\/slide>\n                <slide class=\"slide\">\n                        <a class=\"team\" href=\"\/futbol-colombiano\/equipos\/independiente-medellin\">\n                            \n    \n\n                        <\/a>\n                        <a class=\"team\" href=\"\/futbol-colombiano\/equipos\/millonarios\">\n                            \n    \n\n                        <\/a>\n                <\/slide>\n                <slide class=\"slide\">\n                        <a class=\"team\" href=\"\/futbol-colombiano\/equipos\/inter-bogota\">\n                            \n    \n\n                        <\/a>\n                        <a class=\"team\" href=\"\/futbol-colombiano\/equipos\/atletico-bucaramanga\">\n                            \n    \n\n                        <\/a>\n                <\/slide>\n                <slide class=\"slide\">\n                        <a class=\"team\" href=\"\/futbol-colombiano\/equipos\/aguilas-doradas\">\n                            \n    \n\n                        <\/a>\n                        <a class=\"team\" href=\"\/futbol-colombiano\/equipos\/llaneros\">\n                            \n    \n\n                        <\/a>\n                <\/slide>\n                <slide class=\"slide\">\n                        <a class=\"team\" href=\"\/futbol-colombiano\/equipos\/fortaleza\">\n                            \n    \n\n                        <\/a>\n                        <a class=\"team\" href=\"\/futbol-colombiano\/equipos\/cucuta-deportivo\">\n                            \n    \n\n                        <\/a>\n                <\/slide>\n                <slide class=\"slide\">\n                        <a class=\"team\" href=\"\/futbol-colombiano\/equipos\/alianza\">\n                            \n    \n\n                        <\/a>\n                        <a class=\"team\" href=\"\/futbol-colombiano\/equipos\/jaguares-de-cordoba\">\n                            \n    \n\n                        <\/a>\n                <\/slide>\n                <slide class=\"slide\">\n                        <a class=\"team\" href=\"\/futbol-colombiano\/equipos\/boyaca-chico\">\n                            \n    \n\n                        <\/a>\n                        <a class=\"team\" href=\"\/futbol-colombiano\/equipos\/deportivo-pereira\">\n                            \n    \n\n                        <\/a>\n                <\/slide>\n            <template>\n                <navigation><\/navigation>\n            <\/template>\n        <\/carousel>\n    <\/section>\n\n        \n    <\/div>\n    \n<div class=\"sc\">\n    \n<\/div>","body_rewritten":"<h2 class=\"text-2xl font-bold mt-6 mb-3\">Un duelo intenso con pocas ocasiones claras<\/h2><p class=\"mb-4 leading-relaxed\">El cl\u00e1sico vallecaucano depar\u00f3 un duelo intenso con <strong>pocas ocasiones claras de gol<\/strong>, en donde Am\u00e9rica de Cali mostr\u00f3 insistencia ofensiva <strong>sin la precisi\u00f3n necesaria<\/strong> para batir a un f\u00e9rreo Deportivo Cali.<\/p><p class=\"mb-4 leading-relaxed\">Durante la mayor parte del encuentro, la escuadra 'escarlata' <strong>rond\u00f3 el \u00e1rea rival sin generar verdadero peligro<\/strong>, una situaci\u00f3n que aument\u00f3 la ansiedad en sus jugadores.<\/p><p class=\"mb-4 leading-relaxed\">Sin embargo, cerca del final, una p\u00e9rdida fatal en la salida del equipo 'azucarero' le permiti\u00f3 a Yeison Guzm\u00e1n probar su punter\u00eda, aunque <strong>la potencia no fue suficiente para superar al portero peruano<\/strong>, Pedro Gallese.<\/p><img src=\"data:image\/svg+xml,%3Csvg%20xmlns='http:\/\/www.w3.org\/2000\/svg'%20viewBox='0%200%201920%201080'%3E%3C\/svg%3E\" style=\"max-width:100%; height:auto; margin:20px 0; display:block;\" loading=\"lazy\" alt=\"\"><blockquote class=\"border-l-4 border-gray-300 pl-4 italic my-4\">Su intento de remate de derecha no tom\u00f3 el \u00e1ngulo esperado y, a pesar de la potencia, no represent\u00f3 un peligro m\u00e1ximo para Pedro Gallese, que mostr\u00f3 su calidad con una atajada segura y calmada.<\/blockquote><h2 class=\"text-2xl font-bold mt-6 mb-3\">Empate sin goles deja m\u00e1s preguntas que respuestas<\/h2><p class=\"mb-4 leading-relaxed\">El empate sin goles reflejaba <strong>una contienda trabada y sin claridad<\/strong>, que dej\u00f3 m\u00e1s preguntas que respuestas sobre el rumbo de ambos equipos en el semestre.<\/p>","status":"published","author":null,"image_url":"https:\/\/colombiahoy.s3.us-east-2.amazonaws.com\/articles\/3615\/image-06cdcf913708ed74702ab123664a76b2342c638b2963f3af8c321280240f55b4.webp","canonical_url":"https:\/\/www.winsports.co\/futbol-colombiano\/noticias\/pedro-gallese-le-nego-el-gol-a-yeison-guzman-en-cali-vs-america-426057","published_at":"2026-04-26 14:26","created_at":"2026-04-26 19:22","last_error":null,"topics":[{"id":1,"name":"Deportes","slug":"deportes"},{"id":2,"name":"Cali","slug":"cali"}],"source":"N\/A"},{"id":3616,"title":"Gol anulado a Am\u00e9rica de Cali en el cl\u00e1sico vallecaucano genera gran controversia","slug":"gol-anulado-a-america-de-cali-en-el-clasico-vallecaucano-genera-gran-controversia","title_original":"Mira la jugada de gol anulada a Am\u00e9rica de Cali vs. Deportivo Cali","title_rewritten":"Gol anulado a Am\u00e9rica de Cali en el cl\u00e1sico vallecaucano genera gran controversia","excerpt":"El cl\u00e1sico vallecaucano entre Deportivo Cali y Am\u00e9rica de Cali vivi\u00f3 un momento controversial cuando el gol de Jan Fran Lucum\u00ed fue anulado tras revisi\u00f3n del VAR por una falta previa.","body":"<h2 class=\"text-2xl font-bold mt-6 mb-3\">La jugada que marc\u00f3 el cl\u00e1sico vallecaucano<\/h2><p class=\"mb-4 leading-relaxed\">El cl\u00e1sico vallecaucano entre <strong>Deportivo Cali<\/strong> y <strong>Am\u00e9rica de Cali<\/strong> vivi\u00f3 un cap\u00edtulo controversial que marc\u00f3 el ritmo del encuentro tras una jugada de gol anulada a los 'diablos rojos'. Cuando parec\u00eda que el marcador comenzaba a moverse, la acci\u00f3n del gol de <strong>Jan Fran Lucum\u00ed<\/strong> se convirti\u00f3 en el centro de atenci\u00f3n, no por la tremenda definici\u00f3n del delantero sino por una falta previa que gener\u00f3 debate.<\/p><h2 class=\"text-2xl font-bold mt-6 mb-3\">La intervenci\u00f3n del VAR y la decisi\u00f3n arbitral<\/h2><p class=\"mb-4 leading-relaxed\">La tecnolog\u00eda y la consulta entre <strong>el \u00e1rbitro central Luis Delgado y el juez Ricardo Garc\u00eda desde la cabina del VAR<\/strong> fueron protagonistas esenciales para revisar la jugada que gener\u00f3 amplio debate. La revisi\u00f3n mostr\u00f3 una disputa f\u00edsica donde el delantero de Am\u00e9rica <strong>apoy\u00f3 su codo sobre el cuello<\/strong> del juvenil mediocampista 'azucarero' Mat\u00edas Orozco; <strong>hecho determinante para la anulaci\u00f3n del gol.<\/strong><\/p><blockquote class=\"border-l-4 border-gray-300 pl-4 italic my-4\">La postura del \u00e1rbitro central Luis Delgado fue clara: <strong>la infracci\u00f3n de Jan Lucum\u00ed fue determinante<\/strong> y no se valid\u00f3 el gol, manteniendo el resultado en empate.<\/blockquote><h2 class=\"text-2xl font-bold mt-6 mb-3\">Reacciones y consecuencias del pol\u00e9mico fallo<\/h2><p class=\"mb-4 leading-relaxed\">Desde el banquillo 'escarlata', la decisi\u00f3n no fue bien recibida. Los asistentes y cuerpo t\u00e9cnico <strong>protestaron con la convicci\u00f3n de que tambi\u00e9n hab\u00eda falta sobre su jugador<\/strong>, intentando equilibrar la balanza de faltas en aquella acci\u00f3n. Esta intervenci\u00f3n t\u00e9cnica termin\u00f3 anulando el tanto, <strong>manteniendo la igualdad en el marcador y dejando abiertas las preguntas<\/strong> sobre el criterio arbitral en uno de los partidos m\u00e1s intensos del <strong>f\u00fatbol colombiano<\/strong>.<\/p><img src=\"data:image\/svg+xml,%3Csvg%20xmlns='http:\/\/www.w3.org\/2000\/svg'%20viewBox='0%200%201920%201080'%3E%3C\/svg%3E\" style=\"max-width:100%; height:auto; margin:20px 0; display:block;\" loading=\"lazy\" alt=\"\">","body_original":"<div class=\"fc\">\n        <div class=\"post-content\">\n    <a class=\"btn-whatssap\" href=\"https:\/\/whatsapp.com\/channel\/0029Va4HxmL4tRroa0ibiR0D\" target=\"_blank\" rel=\"nofollow\">\n        <svg class=\"icon-whatsapp\" width=\"1024\" height=\"1024\" viewbox=\"0 0 1024 1024\" preserveaspectratio=\"xMinYMin\" aria-hidden=\"true\" focusable=\"false\"><use href=\"\/ui\/v1\/icons.svg#icon-whatsapp\"><\/use><\/svg> Quiero unirme al canal de WhatsApp de Win Sports\n    <\/a>\n                <p>\n                    Si quieres disfrutar de la emoci\u00f3n del deporte, suscr\u00edbete a Win Play. Accede a partidos en vivo,\n                    contenido exclusivo y variedad de deportes, todo desde cualquier dispositivo.<br>\n                    <em><strong><a href=\"https:\/\/winplay.co\/plans\" target=\"_blank\" rel=\"nofollow\"> \u00bfQuieres ver los partidos del f\u00fatbol colombiano desde cualquier lugar? Suscr\u00edbete aqu\u00ed a Win Play <\/a><\/strong><\/em>\n\n                <\/p>\n            \n<p>El cl\u00e1sico vallecaucano entre <a href=\"\/futbol-colombiano\/equipos\/deportivo-cali\" target=\"_blank\"><strong>Deportivo Cali<\/strong><\/a> y <a href=\"\/futbol-colombiano\/equipos\/america-de-cali\" target=\"_blank\"><strong>Am\u00e9rica de Cali<\/strong><\/a> <strong>vivi\u00f3 un cap\u00edtulo controversial que marc\u00f3 el ritmo<\/strong> del encuentro tras una jugada de gol anulada a los 'diablos rojos'.<\/p><p><a href=\"\/?p=425885\" target=\"_blank\"><em><strong>\ud83d\udfe2\ud83c\udd9a\ud83d\udd34 \u00a1IMPERDIBLE! Conoce d\u00f3nde ver en vivo el partido Cali vs. Am\u00e9rica <\/strong><\/em><\/a><\/p><p>Cuando parec\u00eda que el marcador comenzaba a moverse, la <strong>acci\u00f3n del gol de Jan Fran Lucum\u00ed se convirti\u00f3 en el centro de atenci\u00f3n<\/strong>, no por la tremenda definici\u00f3n del delantero sino por una falta previa que gener\u00f3 debate.<\/p><p>La tecnolog\u00eda y la consulta entre <strong>el \u00e1rbitro central Luis Delgado y el juez Ricardo Garc\u00eda desde la cabina del VAR<\/strong> fueron protagonistas esenciales para revisar la jugada que gener\u00f3 amplio debate.<\/p><p><a href=\"\/?p=425963\" target=\"_blank\"><em><strong>\ud83d\ude31\ud83d\udfe2 \u00a1ATENCI\u00d3N! Rengifo se podr\u00eda perder la ida de cuartos de final con Nacional por esta expulsi\u00f3n<\/strong><\/em><\/a><\/p><p>Esta intervenci\u00f3n t\u00e9cnica termin\u00f3 anulando el tanto, <strong>manteniendo la igualdad en el marcador y dejando abiertas las preguntas<\/strong> sobre el criterio arbitral en uno de los partidos m\u00e1s intensos del <a href=\"\/futbol-colombiano\/noticias\" target=\"_blank\"><strong>f\u00fatbol colombiano<\/strong><\/a>.<\/p><figure class=\"alignnone\"><img loading=\"lazy\" alt=\"Mira la jugada de gol anulada a Am\u00e9rica de Cali vs. Deportivo Cali - VizzorImage\" width=\"1920\" height=\"1080\" data-src=\"https:\/\/files.winsports.co\/cms\/2026\/04\/25190832\/Mira-la-jugada-de-gol-anulada-a-America-de-Cali-vs.-Deportivo-Cali-VizzorImage.jpg\" src=\"data:image\/svg+xml,%3Csvg%20xmlns='http:\/\/www.w3.org\/2000\/svg'%20viewBox='0%200%201920%201080'%3E%3C\/svg%3E\" class=\"lazyload\"><figcaption><strong>Mira la jugada de gol anulada a Am\u00e9rica de Cali vs. Deportivo Cali<\/strong> - VizzorImage<\/figcaption><\/figure><p>Alrededor de los 30 minutos de juego, Lucum\u00ed encontr\u00f3 espacio para rematar y anotar un tanto <strong>que gener\u00f3 alegr\u00eda en las filas 'escarlatas'.<\/strong><\/p><p>Sin embargo, la acci\u00f3n no qued\u00f3 ah\u00ed. El \u00e1rbitro Ricardo Garc\u00eda, desde la cabina, intercept\u00f3 el juego para llamar a Luis Delgado, <strong>el juez central en el campo, y someter la jugada a varias repeticiones y an\u00e1lisis<\/strong> desde diferentes \u00e1ngulos.<\/p><p>La revisi\u00f3n mostr\u00f3 una disputa f\u00edsica donde el delantero de Am\u00e9rica <strong>apoy\u00f3 su codo sobre el cuello<\/strong> del juvenil mediocampista 'azucarero' Mat\u00edas Orozco; <strong>hecho determinante para la anulaci\u00f3n del gol.<\/strong><\/p><p><a href=\"\/?p=425908\" target=\"_blank\"><em><strong>\ud83d\udd25\ud83e\udd2f Mira aqu\u00ed el golazo de Jordy Monroy con el que Pereira derrot\u00f3 a Atl\u00e9tico Nacional<\/strong><\/em><\/a><\/p><p>Desde el banquillo 'escarlata', la decisi\u00f3n no fue bien recibida. Los asistentes y cuerpo t\u00e9cnico <strong>protestaron con la convicci\u00f3n de que tambi\u00e9n hab\u00eda falta sobre su jugador<\/strong>, intentando equilibrar la balanza de faltas en aquella acci\u00f3n.<\/p><p>La postura del \u00e1rbitro central Luis Delgado fue clara: <strong>la infracci\u00f3n de Jan Lucum\u00ed fue determinante<\/strong> y no se valid\u00f3 el gol, manteniendo el resultado en empate.<\/p><h2>Repasa el minuto a minuto y goles del Deportivo Cali vs. Am\u00e9rica, <a href=\"\/?p=425977\" target=\"_blank\"><strong>AQU\u00cd<\/strong><\/a><\/h2>            \n            \n\n\n                <a class=\"btn-googlenews\" href=\"https:\/\/news.google.com\/publications\/CAAqBwgKMKeMyQsw56fgAw?hl=es-419&amp;gl=CO&amp;ceid=CO%3Aes-419\" target=\"_blank\" rel=\"nofollow\">\n         S\u00edguenos en Google News\n    <\/a>\n\n        <\/div>\n        \n    \n\n\n        \n        \n    \n\n        \n        \n    \n\n        \n        \n    <section class=\"colombian-teams\">\n        <div class=\"win-title\">\n            <h2 class=\"title\">Lo mejor de tu equipo<\/h2>\n            <hr>\n        <\/div>\n        <carousel class=\"list\" :autoplay=\"3000\" :items-to-show=\"7\" :transition=\"1500\" :items-to-scroll=\"7\" :touch-drag=\"false\" snap-align=\"center-even\" :wrap-around=\"true\">\n                <slide class=\"slide\">\n                        <a class=\"team\" href=\"\/futbol-colombiano\/equipos\/internacional-palmira\">\n                            \n    \n\n                        <\/a>\n                        <a class=\"team\" href=\"\/futbol-colombiano\/equipos\/union-magdalena\">\n                            \n    \n\n                        <\/a>\n                <\/slide>\n                <slide class=\"slide\">\n                        <a class=\"team\" href=\"\/futbol-colombiano\/equipos\/deportes-quindio\">\n                            \n    \n\n                        <\/a>\n                        <a class=\"team\" href=\"\/futbol-colombiano\/equipos\/envigado\">\n                            \n    \n\n                        <\/a>\n                <\/slide>\n                <slide class=\"slide\">\n                        <a class=\"team\" href=\"\/futbol-colombiano\/equipos\/real-cartagena\">\n                            \n    \n\n                        <\/a>\n                        <a class=\"team\" href=\"\/futbol-colombiano\/equipos\/bogota\">\n                            \n    \n\n                        <\/a>\n                <\/slide>\n                <slide class=\"slide\">\n                        <a class=\"team\" href=\"\/futbol-colombiano\/equipos\/barranquilla\">\n                            \n    \n\n                        <\/a>\n                        <a class=\"team\" href=\"\/futbol-colombiano\/equipos\/tigres\">\n                            \n    \n\n                        <\/a>\n                <\/slide>\n                <slide class=\"slide\">\n                        <a class=\"team\" href=\"\/futbol-colombiano\/equipos\/independiente-yumbo\">\n                            \n    \n\n                        <\/a>\n                        <a class=\"team\" href=\"\/futbol-colombiano\/equipos\/orsomarso\">\n                            \n    \n\n                        <\/a>\n                <\/slide>\n                <slide class=\"slide\">\n                        <a class=\"team\" href=\"\/futbol-colombiano\/equipos\/patriotas-boyaca\">\n                            \n    \n\n                        <\/a>\n                        <a class=\"team\" href=\"\/futbol-colombiano\/equipos\/boca-juniors-de-cali\">\n                            \n    \n\n                        <\/a>\n                <\/slide>\n                <slide class=\"slide\">\n                        <a class=\"team\" href=\"\/futbol-colombiano\/equipos\/real-cundinamarca\">\n                            \n    \n\n                        <\/a>\n                        <a class=\"team\" href=\"\/futbol-colombiano\/equipos\/leones\">\n                            \n    \n\n                        <\/a>\n                <\/slide>\n                <slide class=\"slide\">\n                        <a class=\"team\" href=\"\/futbol-colombiano\/equipos\/atletico\">\n                            \n    \n\n                        <\/a>\n                        <a class=\"team\" href=\"\/futbol-colombiano\/equipos\/real-santander\">\n                            \n    \n\n                        <\/a>\n                <\/slide>\n                <slide class=\"slide\">\n                        <a class=\"team\" href=\"\/futbol-colombiano\/equipos\/atletico-nacional\">\n                            \n    \n\n                        <\/a>\n                        <a class=\"team\" href=\"\/futbol-colombiano\/equipos\/deportivo-pasto\">\n                            \n    \n\n                        <\/a>\n                <\/slide>\n                <slide class=\"slide\">\n                        <a class=\"team\" href=\"\/futbol-colombiano\/equipos\/junior\">\n                            \n    \n\n                        <\/a>\n                        <a class=\"team\" href=\"\/futbol-colombiano\/equipos\/deportes-tolima\">\n                            \n    \n\n                        <\/a>\n                <\/slide>\n                <slide class=\"slide\">\n                        <a class=\"team\" href=\"\/futbol-colombiano\/equipos\/america-de-cali\">\n                            \n    \n\n                        <\/a>\n                        <a class=\"team\" href=\"\/futbol-colombiano\/equipos\/once-caldas\">\n                            \n    \n\n                        <\/a>\n                <\/slide>\n                <slide class=\"slide\">\n                        <a class=\"team\" href=\"\/futbol-colombiano\/equipos\/independiente-santa-fe\">\n                            \n    \n\n                        <\/a>\n                        <a class=\"team\" href=\"\/futbol-colombiano\/equipos\/deportivo-cali\">\n                            \n    \n\n                        <\/a>\n                <\/slide>\n                <slide class=\"slide\">\n                        <a class=\"team\" href=\"\/futbol-colombiano\/equipos\/independiente-medellin\">\n                            \n    \n\n                        <\/a>\n                        <a class=\"team\" href=\"\/futbol-colombiano\/equipos\/millonarios\">\n                            \n    \n\n                        <\/a>\n                <\/slide>\n                <slide class=\"slide\">\n                        <a class=\"team\" href=\"\/futbol-colombiano\/equipos\/inter-bogota\">\n                            \n    \n\n                        <\/a>\n                        <a class=\"team\" href=\"\/futbol-colombiano\/equipos\/atletico-bucaramanga\">\n                            \n    \n\n                        <\/a>\n                <\/slide>\n                <slide class=\"slide\">\n                        <a class=\"team\" href=\"\/futbol-colombiano\/equipos\/aguilas-doradas\">\n                            \n    \n\n                        <\/a>\n                        <a class=\"team\" href=\"\/futbol-colombiano\/equipos\/llaneros\">\n                            \n    \n\n                        <\/a>\n                <\/slide>\n                <slide class=\"slide\">\n                        <a class=\"team\" href=\"\/futbol-colombiano\/equipos\/fortaleza\">\n                            \n    \n\n                        <\/a>\n                        <a class=\"team\" href=\"\/futbol-colombiano\/equipos\/cucuta-deportivo\">\n                            \n    \n\n                        <\/a>\n                <\/slide>\n                <slide class=\"slide\">\n                        <a class=\"team\" href=\"\/futbol-colombiano\/equipos\/alianza\">\n                            \n    \n\n                        <\/a>\n                        <a class=\"team\" href=\"\/futbol-colombiano\/equipos\/jaguares-de-cordoba\">\n                            \n    \n\n                        <\/a>\n                <\/slide>\n                <slide class=\"slide\">\n                        <a class=\"team\" href=\"\/futbol-colombiano\/equipos\/boyaca-chico\">\n                            \n    \n\n                        <\/a>\n                        <a class=\"team\" href=\"\/futbol-colombiano\/equipos\/deportivo-pereira\">\n                            \n    \n\n                        <\/a>\n                <\/slide>\n            <template>\n                <navigation><\/navigation>\n            <\/template>\n        <\/carousel>\n    <\/section>\n\n        \n    <\/div>\n    \n<div class=\"sc\">\n    \n<\/div>","body_rewritten":"<h2 class=\"text-2xl font-bold mt-6 mb-3\">La jugada que marc\u00f3 el cl\u00e1sico vallecaucano<\/h2><p class=\"mb-4 leading-relaxed\">El cl\u00e1sico vallecaucano entre <strong>Deportivo Cali<\/strong> y <strong>Am\u00e9rica de Cali<\/strong> vivi\u00f3 un cap\u00edtulo controversial que marc\u00f3 el ritmo del encuentro tras una jugada de gol anulada a los 'diablos rojos'. Cuando parec\u00eda que el marcador comenzaba a moverse, la acci\u00f3n del gol de <strong>Jan Fran Lucum\u00ed<\/strong> se convirti\u00f3 en el centro de atenci\u00f3n, no por la tremenda definici\u00f3n del delantero sino por una falta previa que gener\u00f3 debate.<\/p><h2 class=\"text-2xl font-bold mt-6 mb-3\">La intervenci\u00f3n del VAR y la decisi\u00f3n arbitral<\/h2><p class=\"mb-4 leading-relaxed\">La tecnolog\u00eda y la consulta entre <strong>el \u00e1rbitro central Luis Delgado y el juez Ricardo Garc\u00eda desde la cabina del VAR<\/strong> fueron protagonistas esenciales para revisar la jugada que gener\u00f3 amplio debate. La revisi\u00f3n mostr\u00f3 una disputa f\u00edsica donde el delantero de Am\u00e9rica <strong>apoy\u00f3 su codo sobre el cuello<\/strong> del juvenil mediocampista 'azucarero' Mat\u00edas Orozco; <strong>hecho determinante para la anulaci\u00f3n del gol.<\/strong><\/p><blockquote class=\"border-l-4 border-gray-300 pl-4 italic my-4\">La postura del \u00e1rbitro central Luis Delgado fue clara: <strong>la infracci\u00f3n de Jan Lucum\u00ed fue determinante<\/strong> y no se valid\u00f3 el gol, manteniendo el resultado en empate.<\/blockquote><h2 class=\"text-2xl font-bold mt-6 mb-3\">Reacciones y consecuencias del pol\u00e9mico fallo<\/h2><p class=\"mb-4 leading-relaxed\">Desde el banquillo 'escarlata', la decisi\u00f3n no fue bien recibida. Los asistentes y cuerpo t\u00e9cnico <strong>protestaron con la convicci\u00f3n de que tambi\u00e9n hab\u00eda falta sobre su jugador<\/strong>, intentando equilibrar la balanza de faltas en aquella acci\u00f3n. Esta intervenci\u00f3n t\u00e9cnica termin\u00f3 anulando el tanto, <strong>manteniendo la igualdad en el marcador y dejando abiertas las preguntas<\/strong> sobre el criterio arbitral en uno de los partidos m\u00e1s intensos del <strong>f\u00fatbol colombiano<\/strong>.<\/p><img src=\"data:image\/svg+xml,%3Csvg%20xmlns='http:\/\/www.w3.org\/2000\/svg'%20viewBox='0%200%201920%201080'%3E%3C\/svg%3E\" style=\"max-width:100%; height:auto; margin:20px 0; display:block;\" loading=\"lazy\" alt=\"\">","status":"published","author":null,"image_url":"https:\/\/colombiahoy.s3.us-east-2.amazonaws.com\/articles\/3616\/image-68a2cc5fdf0e19535ddc63c11c13d807443af276eaea68574cfd7a26ca61edfb.webp","canonical_url":"https:\/\/www.winsports.co\/futbol-colombiano\/noticias\/mira-la-jugada-de-gol-anulada-a-america-de-cali-vs-deportivo-cali-426029","published_at":"2026-04-26 14:26","created_at":"2026-04-26 19:22","last_error":null,"topics":[{"id":1,"name":"Deportes","slug":"deportes"},{"id":2,"name":"Cali","slug":"cali"}],"source":"N\/A"},{"id":3634,"title":"Deportivo Cali tendr\u00eda listo un nuevo refuerzo en defensa con joven promesa","slug":"deportivo-cali-tendria-listo-un-nuevo-refuerzo-en-defensa-con-joven-promesa","title_original":"Deportivo Cali tendr\u00eda listo un nuevo refuerzo en defensa","title_rewritten":"Deportivo Cali tendr\u00eda listo un nuevo refuerzo en defensa con joven promesa","excerpt":"Deportivo Cali convoc\u00f3 al defensor Santiago Vallecilla, de 17 a\u00f1os, para reforzar su defensa. El joven viene de ser campe\u00f3n del Sudamericano Sub-17 con Colombia y tiene contrato hasta 2028.","body":"<h2 class='text-2xl font-bold mt-6 mb-3'>Deportivo Cali apuesta por la juventud en defensa<\/h2><p class='mb-4 leading-relaxed'>El <strong>Deportivo Cali<\/strong> ya tendr\u00eda definido un nuevo movimiento pensando en fortalecer su plantel profesional. Seg\u00fan revel\u00f3 el periodista de <strong>Win Sports<\/strong>, Mariano Olsen, el club convoc\u00f3 al defensor <strong>Santiago Vallecilla<\/strong>, de 17 a\u00f1os, para sumarse al equipo principal desde el pr\u00f3ximo lunes 27 de abril de 2026.<\/p><p class='mb-4 leading-relaxed'>La noticia genera expectativa en el entorno del cuadro &#039;azucarero&#039;, pues se trata de un futbolista que viene de vivir un momento importante en su proceso formativo, luego de <strong>hacer parte de la selecci\u00f3n Colombia Sub-17<\/strong> que se consagr\u00f3 campeona del Sudamericano.<\/p><blockquote class='border-l-4 border-gray-300 pl-4 italic my-4'>El defensor central es una de las piezas j\u00f3venes que <strong>ha venido construyendo su camino<\/strong> en la cantera del conjunto vallecaucano.<\/blockquote><h2 class='text-2xl font-bold mt-6 mb-3'>Santiago Vallecilla, una apuesta de Deportivo Cali<\/h2><p class='mb-4 leading-relaxed'>Su presencia en procesos recientes de la selecci\u00f3n Colombia Sub-17 y el t\u00edtulo continental <strong>conseguido con la &#039;tricolor&#039;<\/strong> ratifican que es uno de los nombres con proyecci\u00f3n dentro de la instituci\u00f3n. De acuerdo con la informaci\u00f3n entregada por Mariano Olsen, el jugador se integrar\u00e1 al plantel profesional <strong>a partir del pr\u00f3ximo lunes<\/strong>.<\/p><ul class='list-disc pl-5 mb-4 space-y-1'><li>Santiago Vallecilla tiene contrato con Deportivo Cali <strong>hasta noviembre de 2028<\/strong>.<\/li><li>El defensor central es una de las piezas j\u00f3venes que ha venido construyendo su camino en la cantera.<\/li><li>La expectativa pasa por conocer el papel que podr\u00e1 empezar a tener Vallecilla en la estructura del equipo profesional.<\/li><\/ul>","body_original":"<div class=\"fc\">\n        <div class=\"post-content\">\n    <a class=\"btn-whatssap\" href=\"https:\/\/whatsapp.com\/channel\/0029Va4HxmL4tRroa0ibiR0D\" target=\"_blank\" rel=\"nofollow\">\n        <svg class=\"icon-whatsapp\" width=\"1024\" height=\"1024\" viewbox=\"0 0 1024 1024\" preserveaspectratio=\"xMinYMin\" aria-hidden=\"true\" focusable=\"false\"><use href=\"\/ui\/v1\/icons.svg#icon-whatsapp\"><\/use><\/svg> Quiero unirme al canal de WhatsApp de Win Sports\n    <\/a>\n                <p>\n                    Si quieres disfrutar de la emoci\u00f3n del deporte, suscr\u00edbete a Win Play. Accede a partidos en vivo,\n                    contenido exclusivo y variedad de deportes, todo desde cualquier dispositivo.<br>\n                    <em><strong><a href=\"https:\/\/winplay.co\/plans\" target=\"_blank\" rel=\"nofollow\"> \u00bfQuieres ver los partidos del f\u00fatbol colombiano desde cualquier lugar? Suscr\u00edbete aqu\u00ed a Win Play <\/a><\/strong><\/em>\n\n                <\/p>\n            \n<p><a href=\"\/futbol-colombiano\/equipos\/deportivo-cali\" target=\"_blank\"><strong>Deportivo Cali<\/strong><\/a> ya tendr\u00eda definido un nuevo movimiento pensando en fortalecer su plantel profesional.<\/p><p>Seg\u00fan revel\u00f3 el periodista de<a href=\"\/\" target=\"_blank\"><strong> Win Sports<\/strong><\/a>, <strong>Mariano Olsen<\/strong>, el club convoc\u00f3 al defensor Santiago Vallecilla, de 17 a\u00f1os, para sumarse al equipo principal desde el pr\u00f3ximo lunes 27 de abril de 2026.<\/p><p>La noticia genera expectativa en el entorno del cuadro 'azucarero', pues se trata de un futbolista que viene de vivir un momento importante en su proceso formativo, luego de <strong>hacer parte de la selecci\u00f3n Colombia Sub-17<\/strong> que se consagr\u00f3 campeona del Sudamericano.<\/p><p><a href=\"\/futbol-colombiano\/liga-dimayor\/posiciones\" target=\"_blank\"><em><strong>\ud83d\udfe9\ud83d\udcca \u00a1Cali se juega la vida! Mira aqu\u00ed c\u00f3mo va en la tabla de posiciones <\/strong><\/em><\/a><\/p><h2>Santiago Vallecilla, una apuesta de Deportivo Cali<\/h2><p>El defensor central es una de las piezas j\u00f3venes que <strong>ha venido construyendo su camino<\/strong> en la cantera del conjunto vallecaucano.<\/p><span data-width=\"550\" data-dnt=\"true\" class=\"tw lazyload\" data-tweet-id=\"2047400073038893472\"><\/span><p><\/p><p>\u00a0<\/p><p>Su presencia en procesos recientes de la selecci\u00f3n Colombia Sub-17 y el t\u00edtulo continental <strong>conseguido con la 'tricolor'<\/strong> ratifican que es uno de los nombres con proyecci\u00f3n dentro de la instituci\u00f3n.<\/p><p>De acuerdo con la informaci\u00f3n entregada por Mariano Olsen, el jugador se integrar\u00e1 al plantel profesional <strong>a partir del pr\u00f3ximo lunes.<\/strong><\/p><p>Adem\u00e1s, el zaguero tendr\u00eda contrato con Deportivo Cali <strong>hasta noviembre de 2028<\/strong>, una se\u00f1al de la confianza que existir\u00eda en su proyecci\u00f3n.<\/p><span data-width=\"550\" data-dnt=\"true\" class=\"tw lazyload\" data-tweet-id=\"2044951295220470214\"><\/span><p><\/p><p>\u00a0<\/p><p>Con ese panorama, ahora la expectativa pasa por conocer el papel que podr\u00e1 empezar a tener Vallecilla en la estructura del equipo profesional, en una zona del campo donde Deportivo Cali <strong>buscar\u00eda nuevas alternativas<\/strong> para reforzar su defensa.<\/p>            \n            \n\n\n                <a class=\"btn-googlenews\" href=\"https:\/\/news.google.com\/publications\/CAAqBwgKMKeMyQsw56fgAw?hl=es-419&amp;gl=CO&amp;ceid=CO%3Aes-419\" target=\"_blank\" rel=\"nofollow\">\n         S\u00edguenos en Google News\n    <\/a>\n\n        <\/div>\n        \n    \n\n\n        \n        \n    \n\n        \n        \n    \n\n        \n        \n    <section class=\"colombian-teams\">\n        <div class=\"win-title\">\n            <h2 class=\"title\">Lo mejor de tu equipo<\/h2>\n            <hr>\n        <\/div>\n        <carousel class=\"list\" :autoplay=\"3000\" :items-to-show=\"7\" :transition=\"1500\" :items-to-scroll=\"7\" :touch-drag=\"false\" snap-align=\"center-even\" :wrap-around=\"true\">\n                <slide class=\"slide\">\n                        <a class=\"team\" href=\"\/futbol-colombiano\/equipos\/internacional-palmira\">\n                            \n    \n\n                        <\/a>\n                        <a class=\"team\" href=\"\/futbol-colombiano\/equipos\/union-magdalena\">\n                            \n    \n\n                        <\/a>\n                <\/slide>\n                <slide class=\"slide\">\n                        <a class=\"team\" href=\"\/futbol-colombiano\/equipos\/deportes-quindio\">\n                            \n    \n\n                        <\/a>\n                        <a class=\"team\" href=\"\/futbol-colombiano\/equipos\/envigado\">\n                            \n    \n\n                        <\/a>\n                <\/slide>\n                <slide class=\"slide\">\n                        <a class=\"team\" href=\"\/futbol-colombiano\/equipos\/real-cartagena\">\n                            \n    \n\n                        <\/a>\n                        <a class=\"team\" href=\"\/futbol-colombiano\/equipos\/bogota\">\n                            \n    \n\n                        <\/a>\n                <\/slide>\n                <slide class=\"slide\">\n                        <a class=\"team\" href=\"\/futbol-colombiano\/equipos\/barranquilla\">\n                            \n    \n\n                        <\/a>\n                        <a class=\"team\" href=\"\/futbol-colombiano\/equipos\/tigres\">\n                            \n    \n\n                        <\/a>\n                <\/slide>\n                <slide class=\"slide\">\n                        <a class=\"team\" href=\"\/futbol-colombiano\/equipos\/independiente-yumbo\">\n                            \n    \n\n                        <\/a>\n                        <a class=\"team\" href=\"\/futbol-colombiano\/equipos\/orsomarso\">\n                            \n    \n\n                        <\/a>\n                <\/slide>\n                <slide class=\"slide\">\n                        <a class=\"team\" href=\"\/futbol-colombiano\/equipos\/patriotas-boyaca\">\n                            \n    \n\n                        <\/a>\n                        <a class=\"team\" href=\"\/futbol-colombiano\/equipos\/boca-juniors-de-cali\">\n                            \n    \n\n                        <\/a>\n                <\/slide>\n                <slide class=\"slide\">\n                        <a class=\"team\" href=\"\/futbol-colombiano\/equipos\/real-cundinamarca\">\n                            \n    \n\n                        <\/a>\n                        <a class=\"team\" href=\"\/futbol-colombiano\/equipos\/leones\">\n                            \n    \n\n                        <\/a>\n                <\/slide>\n                <slide class=\"slide\">\n                        <a class=\"team\" href=\"\/futbol-colombiano\/equipos\/atletico\">\n                            \n    \n\n                        <\/a>\n                        <a class=\"team\" href=\"\/futbol-colombiano\/equipos\/real-santander\">\n                            \n    \n\n                        <\/a>\n                <\/slide>\n                <slide class=\"slide\">\n                        <a class=\"team\" href=\"\/futbol-colombiano\/equipos\/atletico-nacional\">\n                            \n    \n\n                        <\/a>\n                        <a class=\"team\" href=\"\/futbol-colombiano\/equipos\/deportivo-pasto\">\n                            \n    \n\n                        <\/a>\n                <\/slide>\n                <slide class=\"slide\">\n                        <a class=\"team\" href=\"\/futbol-colombiano\/equipos\/junior\">\n                            \n    \n\n                        <\/a>\n                        <a class=\"team\" href=\"\/futbol-colombiano\/equipos\/deportes-tolima\">\n                            \n    \n\n                        <\/a>\n                <\/slide>\n                <slide class=\"slide\">\n                        <a class=\"team\" href=\"\/futbol-colombiano\/equipos\/america-de-cali\">\n                            \n    \n\n                        <\/a>\n                        <a class=\"team\" href=\"\/futbol-colombiano\/equipos\/once-caldas\">\n                            \n    \n\n                        <\/a>\n                <\/slide>\n                <slide class=\"slide\">\n                        <a class=\"team\" href=\"\/futbol-colombiano\/equipos\/independiente-santa-fe\">\n                            \n    \n\n                        <\/a>\n                        <a class=\"team\" href=\"\/futbol-colombiano\/equipos\/deportivo-cali\">\n                            \n    \n\n                        <\/a>\n                <\/slide>\n                <slide class=\"slide\">\n                        <a class=\"team\" href=\"\/futbol-colombiano\/equipos\/independiente-medellin\">\n                            \n    \n\n                        <\/a>\n                        <a class=\"team\" href=\"\/futbol-colombiano\/equipos\/millonarios\">\n                            \n    \n\n                        <\/a>\n                <\/slide>\n                <slide class=\"slide\">\n                        <a class=\"team\" href=\"\/futbol-colombiano\/equipos\/inter-bogota\">\n                            \n    \n\n                        <\/a>\n                        <a class=\"team\" href=\"\/futbol-colombiano\/equipos\/atletico-bucaramanga\">\n                            \n    \n\n                        <\/a>\n                <\/slide>\n                <slide class=\"slide\">\n                        <a class=\"team\" href=\"\/futbol-colombiano\/equipos\/aguilas-doradas\">\n                            \n    \n\n                        <\/a>\n                        <a class=\"team\" href=\"\/futbol-colombiano\/equipos\/llaneros\">\n                            \n    \n\n                        <\/a>\n                <\/slide>\n                <slide class=\"slide\">\n                        <a class=\"team\" href=\"\/futbol-colombiano\/equipos\/fortaleza\">\n                            \n    \n\n                        <\/a>\n                        <a class=\"team\" href=\"\/futbol-colombiano\/equipos\/cucuta-deportivo\">\n                            \n    \n\n                        <\/a>\n                <\/slide>\n                <slide class=\"slide\">\n                        <a class=\"team\" href=\"\/futbol-colombiano\/equipos\/alianza\">\n                            \n    \n\n                        <\/a>\n                        <a class=\"team\" href=\"\/futbol-colombiano\/equipos\/jaguares-de-cordoba\">\n                            \n    \n\n                        <\/a>\n                <\/slide>\n                <slide class=\"slide\">\n                        <a class=\"team\" href=\"\/futbol-colombiano\/equipos\/boyaca-chico\">\n                            \n    \n\n                        <\/a>\n                        <a class=\"team\" href=\"\/futbol-colombiano\/equipos\/deportivo-pereira\">\n                            \n    \n\n                        <\/a>\n                <\/slide>\n            <template>\n                <navigation><\/navigation>\n            <\/template>\n        <\/carousel>\n    <\/section>\n\n        \n    <\/div>\n    \n<div class=\"sc\">\n    \n<\/div>","body_rewritten":"<h2 class='text-2xl font-bold mt-6 mb-3'>Deportivo Cali apuesta por la juventud en defensa<\/h2><p class='mb-4 leading-relaxed'>El <strong>Deportivo Cali<\/strong> ya tendr\u00eda definido un nuevo movimiento pensando en fortalecer su plantel profesional. Seg\u00fan revel\u00f3 el periodista de <strong>Win Sports<\/strong>, Mariano Olsen, el club convoc\u00f3 al defensor <strong>Santiago Vallecilla<\/strong>, de 17 a\u00f1os, para sumarse al equipo principal desde el pr\u00f3ximo lunes 27 de abril de 2026.<\/p><p class='mb-4 leading-relaxed'>La noticia genera expectativa en el entorno del cuadro &#039;azucarero&#039;, pues se trata de un futbolista que viene de vivir un momento importante en su proceso formativo, luego de <strong>hacer parte de la selecci\u00f3n Colombia Sub-17<\/strong> que se consagr\u00f3 campeona del Sudamericano.<\/p><blockquote class='border-l-4 border-gray-300 pl-4 italic my-4'>El defensor central es una de las piezas j\u00f3venes que <strong>ha venido construyendo su camino<\/strong> en la cantera del conjunto vallecaucano.<\/blockquote><h2 class='text-2xl font-bold mt-6 mb-3'>Santiago Vallecilla, una apuesta de Deportivo Cali<\/h2><p class='mb-4 leading-relaxed'>Su presencia en procesos recientes de la selecci\u00f3n Colombia Sub-17 y el t\u00edtulo continental <strong>conseguido con la &#039;tricolor&#039;<\/strong> ratifican que es uno de los nombres con proyecci\u00f3n dentro de la instituci\u00f3n. De acuerdo con la informaci\u00f3n entregada por Mariano Olsen, el jugador se integrar\u00e1 al plantel profesional <strong>a partir del pr\u00f3ximo lunes<\/strong>.<\/p><ul class='list-disc pl-5 mb-4 space-y-1'><li>Santiago Vallecilla tiene contrato con Deportivo Cali <strong>hasta noviembre de 2028<\/strong>.<\/li><li>El defensor central es una de las piezas j\u00f3venes que ha venido construyendo su camino en la cantera.<\/li><li>La expectativa pasa por conocer el papel que podr\u00e1 empezar a tener Vallecilla en la estructura del equipo profesional.<\/li><\/ul>","status":"published","author":null,"image_url":"https:\/\/colombiahoy.s3.us-east-2.amazonaws.com\/articles\/3634\/image-172434339eed35c88f79ef6946216ebccf399ee987138e43a5305d5b7e426588.webp","canonical_url":"https:\/\/www.winsports.co\/futbol-colombiano\/noticias\/deportivo-cali-tendria-listo-un-nuevo-refuerzo-en-defensa-425388","published_at":"2026-04-26 14:26","created_at":"2026-04-26 19:26","last_error":null,"topics":[{"id":1,"name":"Deportes","slug":"deportes"},{"id":2,"name":"Cali","slug":"cali"}],"source":"N\/A"},{"id":3618,"title":"Am\u00e9rica de Cali sue\u00f1a en grande y quiere el regreso de Duv\u00e1n Zapata","slug":"america-de-cali-suena-en-grande-y-quiere-el-regreso-de-duvan-zapata","title_original":"Am\u00e9rica de Cali sue\u00f1a en grande y quiere un gran regreso desde la Serie A","title_rewritten":"Am\u00e9rica de Cali sue\u00f1a en grande y quiere el regreso de Duv\u00e1n Zapata","excerpt":"Am\u00e9rica de Cali busca el regreso de Duv\u00e1n Zapata, delantero formado en el club que milita en la Serie A. La presidenta Marcela G\u00f3mez confirm\u00f3 el inter\u00e9s, pero el alto costo econ\u00f3mico y el contrato vigente hasta 2027 son obst\u00e1culos.","body":"<h2 class='text-2xl font-bold mt-6 mb-3'>Am\u00e9rica de Cali busca el regreso de un hijo pr\u00f3digo<\/h2><p class='mb-4 leading-relaxed'>La ilusi\u00f3n crece en <strong>Am\u00e9rica de Cali<\/strong> con la posibilidad de traer de vuelta a <strong>Duv\u00e1n Zapata<\/strong>, uno de sus hijos pr\u00f3digos que brilla en la <strong>Serie A<\/strong>. A pesar del sue\u00f1o, factores clave como el costo econ\u00f3mico y el futuro del atacante en Europa marcan el camino a seguir.<\/p><h2 class='text-2xl font-bold mt-6 mb-3'>Marcela G\u00f3mez confirma el inter\u00e9s en el delantero<\/h2><p class='mb-4 leading-relaxed'>Marcela G\u00f3mez, presidenta de Am\u00e9rica de Cali, confirm\u00f3 que la intenci\u00f3n de traer a Zapata viene de tiempo atr\u00e1s y no es espont\u00e1nea. El delantero, <strong>formado en el club vallecaucano<\/strong>, mantiene un v\u00ednculo emocional muy fuerte con la instituci\u00f3n, lo que alimenta la esperanza de un retorno una vez finalizado su ciclo europeo.<\/p><blockquote class='border-l-4 border-gray-300 pl-4 italic my-4'>El presente de Zapata en <strong>Torino de Italia<\/strong> es estable, con contrato vigente hasta mediados de 2027. Sin embargo, rumores sobre una posible salida anticipada abren la puerta a nuevas posibilidades.<\/blockquote><h2 class='text-2xl font-bold mt-6 mb-3'>Los desaf\u00edos econ\u00f3micos para concretar el regreso<\/h2><p class='mb-4 leading-relaxed'>El salario de Zapata es considerablemente alto para el mercado colombiano, de modo que cualquier operaci\u00f3n deber\u00e1 ser cuidadosamente estructurada. M\u00e1s all\u00e1 del deseo, la negociaci\u00f3n depender\u00e1 de que Zapata acepte ajustar sus pretensiones salariales. <strong>Am\u00e9rica de Cali<\/strong> deber\u00e1 dise\u00f1ar una oferta atractiva que contemple la realidad financiera y el valor del jugador.<\/p><ul class='list-disc pl-5 mb-4 space-y-1'><li><strong>Duv\u00e1n Zapata<\/strong> tiene contrato con Torino hasta 2027.<\/li><li>El alto costo salarial es el principal obst\u00e1culo para el regreso.<\/li><li>La presidenta Marcela G\u00f3mez confirm\u00f3 el inter\u00e9s del club.<\/li><\/ul>","body_original":"<div class=\"fc\">\n        <div class=\"post-content\">\n    <a class=\"btn-whatssap\" href=\"https:\/\/whatsapp.com\/channel\/0029Va4HxmL4tRroa0ibiR0D\" target=\"_blank\" rel=\"nofollow\">\n        <svg class=\"icon-whatsapp\" width=\"1024\" height=\"1024\" viewbox=\"0 0 1024 1024\" preserveaspectratio=\"xMinYMin\" aria-hidden=\"true\" focusable=\"false\"><use href=\"\/ui\/v1\/icons.svg#icon-whatsapp\"><\/use><\/svg> Quiero unirme al canal de WhatsApp de Win Sports\n    <\/a>\n                <p>\n                    Si quieres disfrutar de la emoci\u00f3n del deporte, suscr\u00edbete a Win Play. Accede a partidos en vivo,\n                    contenido exclusivo y variedad de deportes, todo desde cualquier dispositivo.<br>\n                    <em><strong><a href=\"https:\/\/winplay.co\/plans\" target=\"_blank\" rel=\"nofollow\"> \u00bfQuieres ver los partidos del f\u00fatbol colombiano desde cualquier lugar? Suscr\u00edbete aqu\u00ed a Win Play <\/a><\/strong><\/em>\n\n                <\/p>\n            \n<p>La ilusi\u00f3n cresce en <a href=\"\/futbol-colombiano\/equipos\/america-de-cali\" target=\"_blank\">Am\u00e9rica de Cali<\/a> con la posibilidad de traer de <strong>vuelta a Duv\u00e1n Zapata, uno de sus hijos pr\u00f3digos que brilla en la Serie A. <\/strong><\/p><p><a href=\"\/?p=425868\" target=\"_blank\">\ud83d\udc40 Mira c\u00f3mo Daniel Mu\u00f1oz anot\u00f3 ante Liverpool y desat\u00f3 fuerte reclamo<\/a><\/p><p>A pesar del sue\u00f1o, factores clave como el costo <strong>econ\u00f3mico y el futuro del atacante en Europa marcan el camino a seguir.<\/strong><\/p><h2><strong>Am\u00e9rica de Cali buscar\u00eda un gran regreso<\/strong><\/h2><p>Marcela G\u00f3mez, presidenta de Am\u00e9rica de Cali<strong>, confirm\u00f3 que la intenci\u00f3n de traer a Zapata viene de tiempo atr\u00e1s y no es espont\u00e1nea<\/strong>.<\/p><p>El delantero, <strong>formado en el club vallecaucano, mantiene un v\u00ednculo emocional<\/strong> muy fuerte con la instituci\u00f3n, lo que alimenta la esperanza de un retorno alguna vez finalizado su ciclo europeo.<\/p><p><strong>El presente de Zapata en Torino de Italia es estable,<\/strong> con contrato vigente hasta mediados de 2027.<\/p><p><a href=\"\/?p=425855\" target=\"_blank\">\ud83d\ude31 Conoce la sanci\u00f3n a dos jugadores de Am\u00e9rica por parte de Dimayor<\/a><\/p><p>Sin embargo, rumores <strong>sobre una posible salida anticipada abren la puerta a nuevas posibilidades<\/strong>.<\/p><p>Am\u00e9rica de Cali observa de cerca <strong>este cap\u00edtulo mientras se define el futuro del goleador en Europa.<\/strong><\/p><p>El salario de Zapata es considerablemente alto para el mercado colombiano, <strong>de modo que cualquier operaci\u00f3n deber\u00e1 ser cuidadosamente estructurada.<\/strong><\/p><p>M\u00e1s all\u00e1 del deseo,<strong> la negociaci\u00f3n depender\u00e1 de que Zapata<\/strong> acepte ajustar sus pretensiones salariales.<\/p><p><strong>Am\u00e9rica de Cali deber\u00e1 dise\u00f1ar una oferta atractiva que contemple<\/strong> la realidad financiera y el valor del jugador.<\/p>            \n            \n\n\n                <a class=\"btn-googlenews\" href=\"https:\/\/news.google.com\/publications\/CAAqBwgKMKeMyQsw56fgAw?hl=es-419&amp;gl=CO&amp;ceid=CO%3Aes-419\" target=\"_blank\" rel=\"nofollow\">\n         S\u00edguenos en Google News\n    <\/a>\n\n        <\/div>\n        \n    \n\n\n        \n        \n    \n\n        \n        \n    \n\n        \n        \n    <section class=\"colombian-teams\">\n        <div class=\"win-title\">\n            <h2 class=\"title\">Lo mejor de tu equipo<\/h2>\n            <hr>\n        <\/div>\n        <carousel class=\"list\" :autoplay=\"3000\" :items-to-show=\"7\" :transition=\"1500\" :items-to-scroll=\"7\" :touch-drag=\"false\" snap-align=\"center-even\" :wrap-around=\"true\">\n                <slide class=\"slide\">\n                        <a class=\"team\" href=\"\/futbol-colombiano\/equipos\/internacional-palmira\">\n                            \n    \n\n                        <\/a>\n                        <a class=\"team\" href=\"\/futbol-colombiano\/equipos\/union-magdalena\">\n                            \n    \n\n                        <\/a>\n                <\/slide>\n                <slide class=\"slide\">\n                        <a class=\"team\" href=\"\/futbol-colombiano\/equipos\/deportes-quindio\">\n                            \n    \n\n                        <\/a>\n                        <a class=\"team\" href=\"\/futbol-colombiano\/equipos\/envigado\">\n                            \n    \n\n                        <\/a>\n                <\/slide>\n                <slide class=\"slide\">\n                        <a class=\"team\" href=\"\/futbol-colombiano\/equipos\/real-cartagena\">\n                            \n    \n\n                        <\/a>\n                        <a class=\"team\" href=\"\/futbol-colombiano\/equipos\/bogota\">\n                            \n    \n\n                        <\/a>\n                <\/slide>\n                <slide class=\"slide\">\n                        <a class=\"team\" href=\"\/futbol-colombiano\/equipos\/barranquilla\">\n                            \n    \n\n                        <\/a>\n                        <a class=\"team\" href=\"\/futbol-colombiano\/equipos\/tigres\">\n                            \n    \n\n                        <\/a>\n                <\/slide>\n                <slide class=\"slide\">\n                        <a class=\"team\" href=\"\/futbol-colombiano\/equipos\/independiente-yumbo\">\n                            \n    \n\n                        <\/a>\n                        <a class=\"team\" href=\"\/futbol-colombiano\/equipos\/orsomarso\">\n                            \n    \n\n                        <\/a>\n                <\/slide>\n                <slide class=\"slide\">\n                        <a class=\"team\" href=\"\/futbol-colombiano\/equipos\/patriotas-boyaca\">\n                            \n    \n\n                        <\/a>\n                        <a class=\"team\" href=\"\/futbol-colombiano\/equipos\/boca-juniors-de-cali\">\n                            \n    \n\n                        <\/a>\n                <\/slide>\n                <slide class=\"slide\">\n                        <a class=\"team\" href=\"\/futbol-colombiano\/equipos\/real-cundinamarca\">\n                            \n    \n\n                        <\/a>\n                        <a class=\"team\" href=\"\/futbol-colombiano\/equipos\/leones\">\n                            \n    \n\n                        <\/a>\n                <\/slide>\n                <slide class=\"slide\">\n                        <a class=\"team\" href=\"\/futbol-colombiano\/equipos\/atletico\">\n                            \n    \n\n                        <\/a>\n                        <a class=\"team\" href=\"\/futbol-colombiano\/equipos\/real-santander\">\n                            \n    \n\n                        <\/a>\n                <\/slide>\n                <slide class=\"slide\">\n                        <a class=\"team\" href=\"\/futbol-colombiano\/equipos\/atletico-nacional\">\n                            \n    \n\n                        <\/a>\n                        <a class=\"team\" href=\"\/futbol-colombiano\/equipos\/deportivo-pasto\">\n                            \n    \n\n                        <\/a>\n                <\/slide>\n                <slide class=\"slide\">\n                        <a class=\"team\" href=\"\/futbol-colombiano\/equipos\/junior\">\n                            \n    \n\n                        <\/a>\n                        <a class=\"team\" href=\"\/futbol-colombiano\/equipos\/deportes-tolima\">\n                            \n    \n\n                        <\/a>\n                <\/slide>\n                <slide class=\"slide\">\n                        <a class=\"team\" href=\"\/futbol-colombiano\/equipos\/america-de-cali\">\n                            \n    \n\n                        <\/a>\n                        <a class=\"team\" href=\"\/futbol-colombiano\/equipos\/once-caldas\">\n                            \n    \n\n                        <\/a>\n                <\/slide>\n                <slide class=\"slide\">\n                        <a class=\"team\" href=\"\/futbol-colombiano\/equipos\/independiente-santa-fe\">\n                            \n    \n\n                        <\/a>\n                        <a class=\"team\" href=\"\/futbol-colombiano\/equipos\/deportivo-cali\">\n                            \n    \n\n                        <\/a>\n                <\/slide>\n                <slide class=\"slide\">\n                        <a class=\"team\" href=\"\/futbol-colombiano\/equipos\/independiente-medellin\">\n                            \n    \n\n                        <\/a>\n                        <a class=\"team\" href=\"\/futbol-colombiano\/equipos\/millonarios\">\n                            \n    \n\n                        <\/a>\n                <\/slide>\n                <slide class=\"slide\">\n                        <a class=\"team\" href=\"\/futbol-colombiano\/equipos\/inter-bogota\">\n                            \n    \n\n                        <\/a>\n                        <a class=\"team\" href=\"\/futbol-colombiano\/equipos\/atletico-bucaramanga\">\n                            \n    \n\n                        <\/a>\n                <\/slide>\n                <slide class=\"slide\">\n                        <a class=\"team\" href=\"\/futbol-colombiano\/equipos\/aguilas-doradas\">\n                            \n    \n\n                        <\/a>\n                        <a class=\"team\" href=\"\/futbol-colombiano\/equipos\/llaneros\">\n                            \n    \n\n                        <\/a>\n                <\/slide>\n                <slide class=\"slide\">\n                        <a class=\"team\" href=\"\/futbol-colombiano\/equipos\/fortaleza\">\n                            \n    \n\n                        <\/a>\n                        <a class=\"team\" href=\"\/futbol-colombiano\/equipos\/cucuta-deportivo\">\n                            \n    \n\n                        <\/a>\n                <\/slide>\n                <slide class=\"slide\">\n                        <a class=\"team\" href=\"\/futbol-colombiano\/equipos\/alianza\">\n                            \n    \n\n                        <\/a>\n                        <a class=\"team\" href=\"\/futbol-colombiano\/equipos\/jaguares-de-cordoba\">\n                            \n    \n\n                        <\/a>\n                <\/slide>\n                <slide class=\"slide\">\n                        <a class=\"team\" href=\"\/futbol-colombiano\/equipos\/boyaca-chico\">\n                            \n    \n\n                        <\/a>\n                        <a class=\"team\" href=\"\/futbol-colombiano\/equipos\/deportivo-pereira\">\n                            \n    \n\n                        <\/a>\n                <\/slide>\n            <template>\n                <navigation><\/navigation>\n            <\/template>\n        <\/carousel>\n    <\/section>\n\n        \n    <\/div>\n    \n<div class=\"sc\">\n    \n<\/div>","body_rewritten":"<h2 class='text-2xl font-bold mt-6 mb-3'>Am\u00e9rica de Cali busca el regreso de un hijo pr\u00f3digo<\/h2><p class='mb-4 leading-relaxed'>La ilusi\u00f3n crece en <strong>Am\u00e9rica de Cali<\/strong> con la posibilidad de traer de vuelta a <strong>Duv\u00e1n Zapata<\/strong>, uno de sus hijos pr\u00f3digos que brilla en la <strong>Serie A<\/strong>. A pesar del sue\u00f1o, factores clave como el costo econ\u00f3mico y el futuro del atacante en Europa marcan el camino a seguir.<\/p><h2 class='text-2xl font-bold mt-6 mb-3'>Marcela G\u00f3mez confirma el inter\u00e9s en el delantero<\/h2><p class='mb-4 leading-relaxed'>Marcela G\u00f3mez, presidenta de Am\u00e9rica de Cali, confirm\u00f3 que la intenci\u00f3n de traer a Zapata viene de tiempo atr\u00e1s y no es espont\u00e1nea. El delantero, <strong>formado en el club vallecaucano<\/strong>, mantiene un v\u00ednculo emocional muy fuerte con la instituci\u00f3n, lo que alimenta la esperanza de un retorno una vez finalizado su ciclo europeo.<\/p><blockquote class='border-l-4 border-gray-300 pl-4 italic my-4'>El presente de Zapata en <strong>Torino de Italia<\/strong> es estable, con contrato vigente hasta mediados de 2027. Sin embargo, rumores sobre una posible salida anticipada abren la puerta a nuevas posibilidades.<\/blockquote><h2 class='text-2xl font-bold mt-6 mb-3'>Los desaf\u00edos econ\u00f3micos para concretar el regreso<\/h2><p class='mb-4 leading-relaxed'>El salario de Zapata es considerablemente alto para el mercado colombiano, de modo que cualquier operaci\u00f3n deber\u00e1 ser cuidadosamente estructurada. M\u00e1s all\u00e1 del deseo, la negociaci\u00f3n depender\u00e1 de que Zapata acepte ajustar sus pretensiones salariales. <strong>Am\u00e9rica de Cali<\/strong> deber\u00e1 dise\u00f1ar una oferta atractiva que contemple la realidad financiera y el valor del jugador.<\/p><ul class='list-disc pl-5 mb-4 space-y-1'><li><strong>Duv\u00e1n Zapata<\/strong> tiene contrato con Torino hasta 2027.<\/li><li>El alto costo salarial es el principal obst\u00e1culo para el regreso.<\/li><li>La presidenta Marcela G\u00f3mez confirm\u00f3 el inter\u00e9s del club.<\/li><\/ul>","status":"published","author":null,"image_url":"https:\/\/colombiahoy.s3.us-east-2.amazonaws.com\/articles\/3618\/image-a86204b123fcc38dc50a6dbec7de7f8a36272594baae03d71a38dd90e580bda4.webp","canonical_url":"https:\/\/www.winsports.co\/futbol-colombiano\/noticias\/america-de-cali-suena-en-grande-y-quiere-un-gran-regreso-desde-la-serie-a-425906","published_at":"2026-04-26 14:24","created_at":"2026-04-26 19:23","last_error":null,"topics":[{"id":1,"name":"Deportes","slug":"deportes"},{"id":2,"name":"Cali","slug":"cali"}],"source":"N\/A"},{"id":3619,"title":"Cali vs Am\u00e9rica: d\u00f3nde ver en vivo y posible marcador del cl\u00e1sico vallecaucano","slug":"cali-vs-america-donde-ver-en-vivo-y-posible-marcador-del-clasico-vallecaucano","title_original":"Cali vs. Am\u00e9rica: d\u00f3nde ver en vivo y posible marcador","title_rewritten":"Cali vs Am\u00e9rica: d\u00f3nde ver en vivo y posible marcador del cl\u00e1sico vallecaucano","excerpt":"Descubre d\u00f3nde ver en vivo el cl\u00e1sico vallecaucano entre Deportivo Cali y Am\u00e9rica de Cali por la fecha 18 de la Liga BetPlay Dimayor 2026-1, con horario, canal y posible marcador.","body":"<h2 class='text-2xl font-bold mt-6 mb-3'>Un cl\u00e1sico con realidades opuestas<\/h2><p class='mb-4 leading-relaxed'>El <strong>Deportivo Cali<\/strong> llega con la necesidad de sumar puntos para mejorar su panorama en la tabla, mientras que el <strong>Am\u00e9rica de Cali<\/strong>, ya clasificado, busca mantenerse en la parte alta y llegar con fuerza a los playoffs. Ambos equipos tienen la misma obligaci\u00f3n de competir en un partido donde el orgullo y el cierre del todos contra todos juegan un papel clave.<\/p><h2 class='text-2xl font-bold mt-6 mb-3'>Hora y d\u00f3nde ver el partido en vivo<\/h2><p class='mb-4 leading-relaxed'>El cl\u00e1sico entre Deportivo Cali y Am\u00e9rica de Cali se podr\u00e1 disfrutar a trav\u00e9s del canal <strong>Win+ F\u00fatbol<\/strong> y la plataforma de streaming <strong>Win Play<\/strong>. No te pierdas este emocionante encuentro de la fecha 18 de la Liga BetPlay Dimayor 2026-1.<\/p><blockquote class='border-l-4 border-gray-300 pl-4 italic my-4'>El cl\u00e1sico vallecaucano es siempre un partido especial, donde la historia y la pasi\u00f3n se viven en cada jugada.<\/blockquote><ul class='list-disc pl-5 mb-4 space-y-1'><li><strong>Deportivo Cali<\/strong> necesita hacerse fuerte en casa para sumar puntos importantes.<\/li><li><strong>Am\u00e9rica de Cali<\/strong> llega con tranquilidad tras asegurar su clasificaci\u00f3n.<\/li><li>Posible marcador: <strong>Deportivo Cali 1-1 Am\u00e9rica de Cali<\/strong>.<\/li><\/ul>","body_original":"<div class=\"fc\">\n        <div class=\"post-content\">\n    <a class=\"btn-whatssap\" href=\"https:\/\/whatsapp.com\/channel\/0029Va4HxmL4tRroa0ibiR0D\" target=\"_blank\" rel=\"nofollow\">\n        <svg class=\"icon-whatsapp\" width=\"1024\" height=\"1024\" viewbox=\"0 0 1024 1024\" preserveaspectratio=\"xMinYMin\" aria-hidden=\"true\" focusable=\"false\"><use href=\"\/ui\/v1\/icons.svg#icon-whatsapp\"><\/use><\/svg> Quiero unirme al canal de WhatsApp de Win Sports\n    <\/a>\n                <p>\n                    Si quieres disfrutar de la emoci\u00f3n del deporte, suscr\u00edbete a Win Play. Accede a partidos en vivo,\n                    contenido exclusivo y variedad de deportes, todo desde cualquier dispositivo.<br>\n                    <em><strong><a href=\"https:\/\/winplay.co\/plans\" target=\"_blank\" rel=\"nofollow\"> \u00bfQuieres ver los partidos del f\u00fatbol colombiano desde cualquier lugar? Suscr\u00edbete aqu\u00ed a Win Play <\/a><\/strong><\/em>\n\n                <\/p>\n            \n<p><strong>La fecha 18<\/strong> de la Liga BetPlay Dimayor 2026-1 tendr\u00e1 uno de sus partidos m\u00e1s esperados con una nueva edici\u00f3n del cl\u00e1sico vallecaucano entre <a href=\"\/futbol-colombiano\/equipos\/deportivo-cali\" target=\"_blank\"><strong>Deportivo Cali<\/strong><\/a> y <a href=\"\/futbol-colombiano\/equipos\/america-de-cali\" target=\"_blank\"><strong>Am\u00e9rica de Cali<\/strong><\/a>.<\/p><p><a href=\"\/futbol-colombiano\/liga-dimayor\/posiciones\" target=\"_blank\"><em><strong>\ud83d\udcca \u00a1Se viene el cl\u00e1sico vallecaucano! Mira aqu\u00ed c\u00f3mo va la tabla de posiciones<\/strong><\/em><\/a><\/p><p>'verdiblancos' y 'escarlatas' llegan a este duelo con realidades diferentes, pero <strong>con la misma obligaci\u00f3n<\/strong> de competir en un partido donde <a href=\"\/futbol-colombiano\/liga-dimayor\/posiciones\" target=\"_blank\"><strong>la tabla<\/strong><\/a>, el orgullo y el cierre del todos contra todos juegan un papel clave.<\/p><p>El local <strong>necesita hacerse fuerte en casa<\/strong> para sumar puntos importantes, mientras que Am\u00e9rica, ya clasificado, buscar\u00e1 seguir escalando posiciones y llegar con fuerza a los playoffs.<\/p><p><a href=\"\/?p=425868\" target=\"_blank\"><em><strong>\ud83d\udd25\u00a1Pol\u00e9mico! Mira el gol de Daniel Mu\u00f1oz con Crystal Palace ante Liverpool<\/strong><\/em><\/a><\/p><h2>Hora y por d\u00f3nde ver el Cali vs. Am\u00e9rica<\/h2><p>El cl\u00e1sico entre Deportivo Cali y Am\u00e9rica de Cali se podr\u00e1 disfrutar a trav\u00e9s del canal <strong>Win+ F\u00fatbol<\/strong> y la plataforma de streaming<strong> Win Play<\/strong>.<\/p><p>Arrancando el encuentro, Deportivo Cali afronta el cl\u00e1sico con la necesidad de sumar y <strong>mejorar su panorama en la tabla<\/strong>.<\/p><p>Am\u00e9rica, por su parte, llega con m\u00e1s tranquilidad tras asegurar su clasificaci\u00f3n, pero con el objetivo <strong>de mantenerse en la parte alta<\/strong> y cerrar de buena manera la fase del todos contra todos.<\/p><h3>Posible marcador<\/h3><p>Deportivo Cali <strong>1-1<\/strong> Am\u00e9rica de Cali.<\/p>            \n            \n\n\n                <a class=\"btn-googlenews\" href=\"https:\/\/news.google.com\/publications\/CAAqBwgKMKeMyQsw56fgAw?hl=es-419&amp;gl=CO&amp;ceid=CO%3Aes-419\" target=\"_blank\" rel=\"nofollow\">\n         S\u00edguenos en Google News\n    <\/a>\n\n        <\/div>\n        \n    \n\n\n        \n        \n    \n\n        \n        \n    \n\n        \n        \n    <section class=\"colombian-teams\">\n        <div class=\"win-title\">\n            <h2 class=\"title\">Lo mejor de tu equipo<\/h2>\n            <hr>\n        <\/div>\n        <carousel class=\"list\" :autoplay=\"3000\" :items-to-show=\"7\" :transition=\"1500\" :items-to-scroll=\"7\" :touch-drag=\"false\" snap-align=\"center-even\" :wrap-around=\"true\">\n                <slide class=\"slide\">\n                        <a class=\"team\" href=\"\/futbol-colombiano\/equipos\/internacional-palmira\">\n                            \n    \n\n                        <\/a>\n                        <a class=\"team\" href=\"\/futbol-colombiano\/equipos\/union-magdalena\">\n                            \n    \n\n                        <\/a>\n                <\/slide>\n                <slide class=\"slide\">\n                        <a class=\"team\" href=\"\/futbol-colombiano\/equipos\/deportes-quindio\">\n                            \n    \n\n                        <\/a>\n                        <a class=\"team\" href=\"\/futbol-colombiano\/equipos\/envigado\">\n                            \n    \n\n                        <\/a>\n                <\/slide>\n                <slide class=\"slide\">\n                        <a class=\"team\" href=\"\/futbol-colombiano\/equipos\/real-cartagena\">\n                            \n    \n\n                        <\/a>\n                        <a class=\"team\" href=\"\/futbol-colombiano\/equipos\/bogota\">\n                            \n    \n\n                        <\/a>\n                <\/slide>\n                <slide class=\"slide\">\n                        <a class=\"team\" href=\"\/futbol-colombiano\/equipos\/barranquilla\">\n                            \n    \n\n                        <\/a>\n                        <a class=\"team\" href=\"\/futbol-colombiano\/equipos\/tigres\">\n                            \n    \n\n                        <\/a>\n                <\/slide>\n                <slide class=\"slide\">\n                        <a class=\"team\" href=\"\/futbol-colombiano\/equipos\/independiente-yumbo\">\n                            \n    \n\n                        <\/a>\n                        <a class=\"team\" href=\"\/futbol-colombiano\/equipos\/orsomarso\">\n                            \n    \n\n                        <\/a>\n                <\/slide>\n                <slide class=\"slide\">\n                        <a class=\"team\" href=\"\/futbol-colombiano\/equipos\/patriotas-boyaca\">\n                            \n    \n\n                        <\/a>\n                        <a class=\"team\" href=\"\/futbol-colombiano\/equipos\/boca-juniors-de-cali\">\n                            \n    \n\n                        <\/a>\n                <\/slide>\n                <slide class=\"slide\">\n                        <a class=\"team\" href=\"\/futbol-colombiano\/equipos\/real-cundinamarca\">\n                            \n    \n\n                        <\/a>\n                        <a class=\"team\" href=\"\/futbol-colombiano\/equipos\/leones\">\n                            \n    \n\n                        <\/a>\n                <\/slide>\n                <slide class=\"slide\">\n                        <a class=\"team\" href=\"\/futbol-colombiano\/equipos\/atletico\">\n                            \n    \n\n                        <\/a>\n                        <a class=\"team\" href=\"\/futbol-colombiano\/equipos\/real-santander\">\n                            \n    \n\n                        <\/a>\n                <\/slide>\n                <slide class=\"slide\">\n                        <a class=\"team\" href=\"\/futbol-colombiano\/equipos\/atletico-nacional\">\n                            \n    \n\n                        <\/a>\n                        <a class=\"team\" href=\"\/futbol-colombiano\/equipos\/deportivo-pasto\">\n                            \n    \n\n                        <\/a>\n                <\/slide>\n                <slide class=\"slide\">\n                        <a class=\"team\" href=\"\/futbol-colombiano\/equipos\/junior\">\n                            \n    \n\n                        <\/a>\n                        <a class=\"team\" href=\"\/futbol-colombiano\/equipos\/deportes-tolima\">\n                            \n    \n\n                        <\/a>\n                <\/slide>\n                <slide class=\"slide\">\n                        <a class=\"team\" href=\"\/futbol-colombiano\/equipos\/america-de-cali\">\n                            \n    \n\n                        <\/a>\n                        <a class=\"team\" href=\"\/futbol-colombiano\/equipos\/once-caldas\">\n                            \n    \n\n                        <\/a>\n                <\/slide>\n                <slide class=\"slide\">\n                        <a class=\"team\" href=\"\/futbol-colombiano\/equipos\/independiente-santa-fe\">\n                            \n    \n\n                        <\/a>\n                        <a class=\"team\" href=\"\/futbol-colombiano\/equipos\/deportivo-cali\">\n                            \n    \n\n                        <\/a>\n                <\/slide>\n                <slide class=\"slide\">\n                        <a class=\"team\" href=\"\/futbol-colombiano\/equipos\/independiente-medellin\">\n                            \n    \n\n                        <\/a>\n                        <a class=\"team\" href=\"\/futbol-colombiano\/equipos\/millonarios\">\n                            \n    \n\n                        <\/a>\n                <\/slide>\n                <slide class=\"slide\">\n                        <a class=\"team\" href=\"\/futbol-colombiano\/equipos\/inter-bogota\">\n                            \n    \n\n                        <\/a>\n                        <a class=\"team\" href=\"\/futbol-colombiano\/equipos\/atletico-bucaramanga\">\n                            \n    \n\n                        <\/a>\n                <\/slide>\n                <slide class=\"slide\">\n                        <a class=\"team\" href=\"\/futbol-colombiano\/equipos\/aguilas-doradas\">\n                            \n    \n\n                        <\/a>\n                        <a class=\"team\" href=\"\/futbol-colombiano\/equipos\/llaneros\">\n                            \n    \n\n                        <\/a>\n                <\/slide>\n                <slide class=\"slide\">\n                        <a class=\"team\" href=\"\/futbol-colombiano\/equipos\/fortaleza\">\n                            \n    \n\n                        <\/a>\n                        <a class=\"team\" href=\"\/futbol-colombiano\/equipos\/cucuta-deportivo\">\n                            \n    \n\n                        <\/a>\n                <\/slide>\n                <slide class=\"slide\">\n                        <a class=\"team\" href=\"\/futbol-colombiano\/equipos\/alianza\">\n                            \n    \n\n                        <\/a>\n                        <a class=\"team\" href=\"\/futbol-colombiano\/equipos\/jaguares-de-cordoba\">\n                            \n    \n\n                        <\/a>\n                <\/slide>\n                <slide class=\"slide\">\n                        <a class=\"team\" href=\"\/futbol-colombiano\/equipos\/boyaca-chico\">\n                            \n    \n\n                        <\/a>\n                        <a class=\"team\" href=\"\/futbol-colombiano\/equipos\/deportivo-pereira\">\n                            \n    \n\n                        <\/a>\n                <\/slide>\n            <template>\n                <navigation><\/navigation>\n            <\/template>\n        <\/carousel>\n    <\/section>\n\n        \n    <\/div>\n    \n<div class=\"sc\">\n    \n<\/div>","body_rewritten":"<h2 class='text-2xl font-bold mt-6 mb-3'>Un cl\u00e1sico con realidades opuestas<\/h2><p class='mb-4 leading-relaxed'>El <strong>Deportivo Cali<\/strong> llega con la necesidad de sumar puntos para mejorar su panorama en la tabla, mientras que el <strong>Am\u00e9rica de Cali<\/strong>, ya clasificado, busca mantenerse en la parte alta y llegar con fuerza a los playoffs. Ambos equipos tienen la misma obligaci\u00f3n de competir en un partido donde el orgullo y el cierre del todos contra todos juegan un papel clave.<\/p><h2 class='text-2xl font-bold mt-6 mb-3'>Hora y d\u00f3nde ver el partido en vivo<\/h2><p class='mb-4 leading-relaxed'>El cl\u00e1sico entre Deportivo Cali y Am\u00e9rica de Cali se podr\u00e1 disfrutar a trav\u00e9s del canal <strong>Win+ F\u00fatbol<\/strong> y la plataforma de streaming <strong>Win Play<\/strong>. No te pierdas este emocionante encuentro de la fecha 18 de la Liga BetPlay Dimayor 2026-1.<\/p><blockquote class='border-l-4 border-gray-300 pl-4 italic my-4'>El cl\u00e1sico vallecaucano es siempre un partido especial, donde la historia y la pasi\u00f3n se viven en cada jugada.<\/blockquote><ul class='list-disc pl-5 mb-4 space-y-1'><li><strong>Deportivo Cali<\/strong> necesita hacerse fuerte en casa para sumar puntos importantes.<\/li><li><strong>Am\u00e9rica de Cali<\/strong> llega con tranquilidad tras asegurar su clasificaci\u00f3n.<\/li><li>Posible marcador: <strong>Deportivo Cali 1-1 Am\u00e9rica de Cali<\/strong>.<\/li><\/ul>","status":"published","author":null,"image_url":"https:\/\/colombiahoy.s3.us-east-2.amazonaws.com\/articles\/3619\/image-461b2a3b435953dbadb319f90a56dff2a260a5fd889eed32350edf6f1b09625a.webp","canonical_url":"https:\/\/www.winsports.co\/futbol-colombiano\/noticias\/cali-vs-america-donde-ver-en-vivo-y-posible-marcador-425885","published_at":"2026-04-26 14:24","created_at":"2026-04-26 19:23","last_error":null,"topics":[{"id":1,"name":"Deportes","slug":"deportes"},{"id":2,"name":"Cali","slug":"cali"}],"source":"N\/A"},{"id":3620,"title":"Dimayor sanciona a dos jugadores de Am\u00e9rica de Cali antes del cl\u00e1sico","slug":"dimayor-sanciona-a-dos-jugadores-de-america-de-cali-antes-del-clasico","title_original":"Dimayor sancion\u00f3 a dos jugadores de Am\u00e9rica previo al cl\u00e1sico","title_rewritten":"Dimayor sanciona a dos jugadores de Am\u00e9rica de Cali antes del cl\u00e1sico","excerpt":"La Dimayor confirm\u00f3 las sanciones para Daniel Valencia y Jos\u00e9 Cavad\u00eda, dos jugadores de Am\u00e9rica de Cali que se perder\u00e1n el cl\u00e1sico ante Deportivo Cali por sus expulsiones frente a Fortaleza.","body":"<h2 class='text-2xl font-bold mt-6 mb-3'>Am\u00e9rica de Cali sufre bajas clave para el cl\u00e1sico<\/h2><p class='mb-4 leading-relaxed'>El equipo &#039;escarlata&#039; recibi\u00f3 una noticia que toca directamente su <strong>n\u00f3mina<\/strong> para el compromiso ante Deportivo Cali. Tras las expulsiones sufridas en el partido frente a Fortaleza, la Dimayor confirm\u00f3 las sanciones para <strong>Daniel Valencia y Jos\u00e9 Cavad\u00eda<\/strong>, dos jugadores que no podr\u00e1n estar disponibles para el duelo ante el conjunto &#039;azucarero&#039;.<\/p><h2 class='text-2xl font-bold mt-6 mb-3'>Detalles de las sanciones<\/h2><p class='mb-4 leading-relaxed'>Daniel Valencia recibi\u00f3 una fecha de sanci\u00f3n, por lo que se perder\u00e1 <strong>\u00fanicamente<\/strong> el cl\u00e1sico ante Deportivo Cali. Por su parte, Jos\u00e9 Cavad\u00eda fue sancionado con dos fechas, raz\u00f3n por la que no estar\u00e1 en el cl\u00e1sico vallecaucano y tampoco podr\u00e1 jugar el siguiente compromiso de Am\u00e9rica <strong>frente a Deportivo Pereira<\/strong> en el Pascual Guerrero.<\/p><blockquote class='border-l-4 border-gray-300 pl-4 italic my-4'>De esta manera, Am\u00e9rica <strong>deber\u00e1 ajustar su n\u00f3mina<\/strong> para un partido de alta exigencia, en el que no solo estar\u00e1 en juego el orgullo regional, sino tambi\u00e9n puntos importantes en la pelea por mantenerse en la parte alta de la tabla.<\/blockquote><ul class='list-disc pl-5 mb-4 space-y-1'><li>Daniel Valencia: una fecha de sanci\u00f3n, se pierde el cl\u00e1sico.<\/li><li>Jos\u00e9 Cavad\u00eda: dos fechas de sanci\u00f3n, se pierde el cl\u00e1sico y el partido ante Deportivo Pereira.<\/li><\/ul>","body_original":"<div class=\"fc\">\n        <div class=\"post-content\">\n    <a class=\"btn-whatssap\" href=\"https:\/\/whatsapp.com\/channel\/0029Va4HxmL4tRroa0ibiR0D\" target=\"_blank\" rel=\"nofollow\">\n        <svg class=\"icon-whatsapp\" width=\"1024\" height=\"1024\" viewbox=\"0 0 1024 1024\" preserveaspectratio=\"xMinYMin\" aria-hidden=\"true\" focusable=\"false\"><use href=\"\/ui\/v1\/icons.svg#icon-whatsapp\"><\/use><\/svg> Quiero unirme al canal de WhatsApp de Win Sports\n    <\/a>\n                <p>\n                    Si quieres disfrutar de la emoci\u00f3n del deporte, suscr\u00edbete a Win Play. Accede a partidos en vivo,\n                    contenido exclusivo y variedad de deportes, todo desde cualquier dispositivo.<br>\n                    <em><strong><a href=\"https:\/\/winplay.co\/plans\" target=\"_blank\" rel=\"nofollow\"> \u00bfQuieres ver los partidos del f\u00fatbol colombiano desde cualquier lugar? Suscr\u00edbete aqu\u00ed a Win Play <\/a><\/strong><\/em>\n\n                <\/p>\n            \n<p><a href=\"\/futbol-colombiano\/equipos\/america-de-cali\" target=\"_blank\"><strong>Am\u00e9rica de Cali<\/strong><\/a> ya piensa en el cl\u00e1sico vallecaucano ante <a href=\"\/futbol-colombiano\/equipos\/deportivo-cali\" target=\"_blank\"><strong>Deportivo Cali<\/strong><\/a>, un partido clave en la recta final de la <strong>Liga BetPlay 2026-I<\/strong>.<\/p><p>Sin embargo, el equipo 'escarlata' recibi\u00f3 una noticia que toca directamente <strong>su n\u00f3mina<\/strong> para este compromiso.<\/p><p>Tras las expulsiones sufridas en el partido frente a Fortaleza, la Dimayor confirm\u00f3 las sanciones para <strong>Daniel Valencia y Jos\u00e9 Cavad\u00eda<\/strong>, dos jugadores que no podr\u00e1n estar disponibles para el duelo ante el conjunto 'azucarero'.<\/p><p><a href=\"\/futbol-colombiano\/liga-dimayor\/posiciones\" target=\"_blank\"><em><strong>\ud83d\udcca \u00a1Todo puede cambiar! Mira aqu\u00ed c\u00f3mo va la tabla de posiciones del FPC<\/strong><\/em><\/a><\/p><h2>Las sanciones para Am\u00e9rica<\/h2><p>Daniel Valencia recibi\u00f3 una fecha de sanci\u00f3n, por lo que se perder\u00e1 <strong>\u00fanicamente<\/strong> el cl\u00e1sico ante Deportivo Cali.<\/p><span data-width=\"550\" data-dnt=\"true\" class=\"tw lazyload\" data-tweet-id=\"2047849351544815925\"><\/span><p><\/p><p>\u00a0<\/p><p>Por su parte, Jos\u00e9 Cavad\u00eda fue sancionado con dos fechas, raz\u00f3n por la que no estar\u00e1 en el cl\u00e1sico vallecaucano y tampoco podr\u00e1 jugar el siguiente compromiso de Am\u00e9rica <strong>frente a Deportivo Pereira<\/strong> en el Pascual Guerrero.<\/p><p>De esta manera, Am\u00e9rica <strong>deber\u00e1 ajustar su n\u00f3mina<\/strong> para un partido de alta exigencia, en el que no solo estar\u00e1 en juego el orgullo regional, sino tambi\u00e9n puntos importantes en la pelea por mantenerse en la parte alta de la tabla.<\/p>            \n            \n\n\n                <a class=\"btn-googlenews\" href=\"https:\/\/news.google.com\/publications\/CAAqBwgKMKeMyQsw56fgAw?hl=es-419&amp;gl=CO&amp;ceid=CO%3Aes-419\" target=\"_blank\" rel=\"nofollow\">\n         S\u00edguenos en Google News\n    <\/a>\n\n        <\/div>\n        \n    \n\n\n        \n        \n    \n\n        \n        \n    \n\n        \n        \n    <section class=\"colombian-teams\">\n        <div class=\"win-title\">\n            <h2 class=\"title\">Lo mejor de tu equipo<\/h2>\n            <hr>\n        <\/div>\n        <carousel class=\"list\" :autoplay=\"3000\" :items-to-show=\"7\" :transition=\"1500\" :items-to-scroll=\"7\" :touch-drag=\"false\" snap-align=\"center-even\" :wrap-around=\"true\">\n                <slide class=\"slide\">\n                        <a class=\"team\" href=\"\/futbol-colombiano\/equipos\/internacional-palmira\">\n                            \n    \n\n                        <\/a>\n                        <a class=\"team\" href=\"\/futbol-colombiano\/equipos\/union-magdalena\">\n                            \n    \n\n                        <\/a>\n                <\/slide>\n                <slide class=\"slide\">\n                        <a class=\"team\" href=\"\/futbol-colombiano\/equipos\/deportes-quindio\">\n                            \n    \n\n                        <\/a>\n                        <a class=\"team\" href=\"\/futbol-colombiano\/equipos\/envigado\">\n                            \n    \n\n                        <\/a>\n                <\/slide>\n                <slide class=\"slide\">\n                        <a class=\"team\" href=\"\/futbol-colombiano\/equipos\/real-cartagena\">\n                            \n    \n\n                        <\/a>\n                        <a class=\"team\" href=\"\/futbol-colombiano\/equipos\/bogota\">\n                            \n    \n\n                        <\/a>\n                <\/slide>\n                <slide class=\"slide\">\n                        <a class=\"team\" href=\"\/futbol-colombiano\/equipos\/barranquilla\">\n                            \n    \n\n                        <\/a>\n                        <a class=\"team\" href=\"\/futbol-colombiano\/equipos\/tigres\">\n                            \n    \n\n                        <\/a>\n                <\/slide>\n                <slide class=\"slide\">\n                        <a class=\"team\" href=\"\/futbol-colombiano\/equipos\/independiente-yumbo\">\n                            \n    \n\n                        <\/a>\n                        <a class=\"team\" href=\"\/futbol-colombiano\/equipos\/orsomarso\">\n                            \n    \n\n                        <\/a>\n                <\/slide>\n                <slide class=\"slide\">\n                        <a class=\"team\" href=\"\/futbol-colombiano\/equipos\/patriotas-boyaca\">\n                            \n    \n\n                        <\/a>\n                        <a class=\"team\" href=\"\/futbol-colombiano\/equipos\/boca-juniors-de-cali\">\n                            \n    \n\n                        <\/a>\n                <\/slide>\n                <slide class=\"slide\">\n                        <a class=\"team\" href=\"\/futbol-colombiano\/equipos\/real-cundinamarca\">\n                            \n    \n\n                        <\/a>\n                        <a class=\"team\" href=\"\/futbol-colombiano\/equipos\/leones\">\n                            \n    \n\n                        <\/a>\n                <\/slide>\n                <slide class=\"slide\">\n                        <a class=\"team\" href=\"\/futbol-colombiano\/equipos\/atletico\">\n                            \n    \n\n                        <\/a>\n                        <a class=\"team\" href=\"\/futbol-colombiano\/equipos\/real-santander\">\n                            \n    \n\n                        <\/a>\n                <\/slide>\n                <slide class=\"slide\">\n                        <a class=\"team\" href=\"\/futbol-colombiano\/equipos\/atletico-nacional\">\n                            \n    \n\n                        <\/a>\n                        <a class=\"team\" href=\"\/futbol-colombiano\/equipos\/deportivo-pasto\">\n                            \n    \n\n                        <\/a>\n                <\/slide>\n                <slide class=\"slide\">\n                        <a class=\"team\" href=\"\/futbol-colombiano\/equipos\/junior\">\n                            \n    \n\n                        <\/a>\n                        <a class=\"team\" href=\"\/futbol-colombiano\/equipos\/deportes-tolima\">\n                            \n    \n\n                        <\/a>\n                <\/slide>\n                <slide class=\"slide\">\n                        <a class=\"team\" href=\"\/futbol-colombiano\/equipos\/america-de-cali\">\n                            \n    \n\n                        <\/a>\n                        <a class=\"team\" href=\"\/futbol-colombiano\/equipos\/once-caldas\">\n                            \n    \n\n                        <\/a>\n                <\/slide>\n                <slide class=\"slide\">\n                        <a class=\"team\" href=\"\/futbol-colombiano\/equipos\/independiente-santa-fe\">\n                            \n    \n\n                        <\/a>\n                        <a class=\"team\" href=\"\/futbol-colombiano\/equipos\/deportivo-cali\">\n                            \n    \n\n                        <\/a>\n                <\/slide>\n                <slide class=\"slide\">\n                        <a class=\"team\" href=\"\/futbol-colombiano\/equipos\/independiente-medellin\">\n                            \n    \n\n                        <\/a>\n                        <a class=\"team\" href=\"\/futbol-colombiano\/equipos\/millonarios\">\n                            \n    \n\n                        <\/a>\n                <\/slide>\n                <slide class=\"slide\">\n                        <a class=\"team\" href=\"\/futbol-colombiano\/equipos\/inter-bogota\">\n                            \n    \n\n                        <\/a>\n                        <a class=\"team\" href=\"\/futbol-colombiano\/equipos\/atletico-bucaramanga\">\n                            \n    \n\n                        <\/a>\n                <\/slide>\n                <slide class=\"slide\">\n                        <a class=\"team\" href=\"\/futbol-colombiano\/equipos\/aguilas-doradas\">\n                            \n    \n\n                        <\/a>\n                        <a class=\"team\" href=\"\/futbol-colombiano\/equipos\/llaneros\">\n                            \n    \n\n                        <\/a>\n                <\/slide>\n                <slide class=\"slide\">\n                        <a class=\"team\" href=\"\/futbol-colombiano\/equipos\/fortaleza\">\n                            \n    \n\n                        <\/a>\n                        <a class=\"team\" href=\"\/futbol-colombiano\/equipos\/cucuta-deportivo\">\n                            \n    \n\n                        <\/a>\n                <\/slide>\n                <slide class=\"slide\">\n                        <a class=\"team\" href=\"\/futbol-colombiano\/equipos\/alianza\">\n                            \n    \n\n                        <\/a>\n                        <a class=\"team\" href=\"\/futbol-colombiano\/equipos\/jaguares-de-cordoba\">\n                            \n    \n\n                        <\/a>\n                <\/slide>\n                <slide class=\"slide\">\n                        <a class=\"team\" href=\"\/futbol-colombiano\/equipos\/boyaca-chico\">\n                            \n    \n\n                        <\/a>\n                        <a class=\"team\" href=\"\/futbol-colombiano\/equipos\/deportivo-pereira\">\n                            \n    \n\n                        <\/a>\n                <\/slide>\n            <template>\n                <navigation><\/navigation>\n            <\/template>\n        <\/carousel>\n    <\/section>\n\n        \n    <\/div>\n    \n<div class=\"sc\">\n    \n<\/div>","body_rewritten":"<h2 class='text-2xl font-bold mt-6 mb-3'>Am\u00e9rica de Cali sufre bajas clave para el cl\u00e1sico<\/h2><p class='mb-4 leading-relaxed'>El equipo &#039;escarlata&#039; recibi\u00f3 una noticia que toca directamente su <strong>n\u00f3mina<\/strong> para el compromiso ante Deportivo Cali. Tras las expulsiones sufridas en el partido frente a Fortaleza, la Dimayor confirm\u00f3 las sanciones para <strong>Daniel Valencia y Jos\u00e9 Cavad\u00eda<\/strong>, dos jugadores que no podr\u00e1n estar disponibles para el duelo ante el conjunto &#039;azucarero&#039;.<\/p><h2 class='text-2xl font-bold mt-6 mb-3'>Detalles de las sanciones<\/h2><p class='mb-4 leading-relaxed'>Daniel Valencia recibi\u00f3 una fecha de sanci\u00f3n, por lo que se perder\u00e1 <strong>\u00fanicamente<\/strong> el cl\u00e1sico ante Deportivo Cali. Por su parte, Jos\u00e9 Cavad\u00eda fue sancionado con dos fechas, raz\u00f3n por la que no estar\u00e1 en el cl\u00e1sico vallecaucano y tampoco podr\u00e1 jugar el siguiente compromiso de Am\u00e9rica <strong>frente a Deportivo Pereira<\/strong> en el Pascual Guerrero.<\/p><blockquote class='border-l-4 border-gray-300 pl-4 italic my-4'>De esta manera, Am\u00e9rica <strong>deber\u00e1 ajustar su n\u00f3mina<\/strong> para un partido de alta exigencia, en el que no solo estar\u00e1 en juego el orgullo regional, sino tambi\u00e9n puntos importantes en la pelea por mantenerse en la parte alta de la tabla.<\/blockquote><ul class='list-disc pl-5 mb-4 space-y-1'><li>Daniel Valencia: una fecha de sanci\u00f3n, se pierde el cl\u00e1sico.<\/li><li>Jos\u00e9 Cavad\u00eda: dos fechas de sanci\u00f3n, se pierde el cl\u00e1sico y el partido ante Deportivo Pereira.<\/li><\/ul>","status":"published","author":null,"image_url":"https:\/\/colombiahoy.s3.us-east-2.amazonaws.com\/articles\/3620\/image-c37f574ef817c336ee5c58b109025e155843a01f8879cedea82cc113fbeb27a4.webp","canonical_url":"https:\/\/www.winsports.co\/futbol-colombiano\/noticias\/dimayor-sanciono-a-dos-jugadores-de-america-previo-al-clasico-425855","published_at":"2026-04-26 14:24","created_at":"2026-04-26 19:23","last_error":null,"topics":[{"id":1,"name":"Deportes","slug":"deportes"},{"id":2,"name":"Cali","slug":"cali"}],"source":"N\/A"},{"id":3621,"title":"Am\u00e9rica de Cali recibe una buena noticia con el regreso de Darwin Machis","slug":"america-de-cali-recibe-una-buena-noticia-con-el-regreso-de-darwin-machis","title_original":"Am\u00e9rica de Cali tendr\u00eda una buena noticia en su plantilla","title_rewritten":"Am\u00e9rica de Cali recibe una buena noticia con el regreso de Darwin Machis","excerpt":"Darwin Machis regresa a los entrenamientos del Am\u00e9rica de Cali despu\u00e9s de una lesi\u00f3n muscular. El venezolano es pieza clave para el equipo en la Liga BetPlay.","body":"<h2 class='text-2xl font-bold mt-6 mb-3'>Am\u00e9rica de Cali respira con el regreso de Darwin Machis<\/h2><p class='mb-4 leading-relaxed'>El <strong>Am\u00e9rica de Cali<\/strong> vivi\u00f3 una jornada de incertidumbre tras la ausencia de <strong>Darwin Machis<\/strong>, quien sufri\u00f3 una molestia muscular en los isquiotibiales que lo dej\u00f3 fuera del crucial viaje a Bogot\u00e1 ante Fortaleza. Sin embargo, este s\u00e1bado la buena noticia lleg\u00f3 y el extremo venezolano volvi\u00f3 a trabajar con el plantel, mostrando avances que podr\u00edan asegurar su presencia en los pr\u00f3ximos compromisos del club.<\/p><h2 class='text-2xl font-bold mt-6 mb-3'>La importancia de Machis en el esquema escarlata<\/h2><p class='mb-4 leading-relaxed'>El extremo venezolano es una <strong>pieza clave en el esquema &#039;escarlata&#039;<\/strong>, y su ausencia encendi\u00f3 las alarmas en el cuerpo t\u00e9cnico y la afici\u00f3n. Su liderazgo y experiencia brindan confianza a un equipo que busca consolidarse en la Liga BetPlay. Seg\u00fan informaci\u00f3n del periodista Max Martinez, <strong>Machis volver\u00eda a entrenamientos con el &#039;escarlata&#039;<\/strong>, aunque su recuperaci\u00f3n ser\u00e1 monitoreada con cuidado para evitar reca\u00eddas.<\/p><blockquote class='border-l-4 border-gray-300 pl-4 italic my-4'>La importancia de Machis trasciende lo t\u00e1ctico; su liderazgo y experiencia brindan confianza a un equipo que busca consolidarse en la Liga BetPlay.<\/blockquote><ul class='list-disc pl-5 mb-4 space-y-1'><li>Machis sufri\u00f3 una molestia muscular en los isquiotibiales<\/li><li>Fue baja para el partido ante Fortaleza en Bogot\u00e1<\/li><li>Regres\u00f3 a entrenamientos este s\u00e1bado con el plantel<\/li><li>Su recuperaci\u00f3n ser\u00e1 monitoreada para evitar reca\u00eddas<\/li><\/ul>","body_original":"<div class=\"fc\">\n        <div class=\"post-content\">\n    <a class=\"btn-whatssap\" href=\"https:\/\/whatsapp.com\/channel\/0029Va4HxmL4tRroa0ibiR0D\" target=\"_blank\" rel=\"nofollow\">\n        <svg class=\"icon-whatsapp\" width=\"1024\" height=\"1024\" viewbox=\"0 0 1024 1024\" preserveaspectratio=\"xMinYMin\" aria-hidden=\"true\" focusable=\"false\"><use href=\"\/ui\/v1\/icons.svg#icon-whatsapp\"><\/use><\/svg> Quiero unirme al canal de WhatsApp de Win Sports\n    <\/a>\n                <p>\n                    Si quieres disfrutar de la emoci\u00f3n del deporte, suscr\u00edbete a Win Play. Accede a partidos en vivo,\n                    contenido exclusivo y variedad de deportes, todo desde cualquier dispositivo.<br>\n                    <em><strong><a href=\"https:\/\/winplay.co\/plans\" target=\"_blank\" rel=\"nofollow\"> \u00bfQuieres ver los partidos del f\u00fatbol colombiano desde cualquier lugar? Suscr\u00edbete aqu\u00ed a Win Play <\/a><\/strong><\/em>\n\n                <\/p>\n            \n<p><strong><a href=\"\/futbol-colombiano\/equipos\/america-de-cali\" target=\"_blank\">Am\u00e9rica de Cali<\/a> vivi\u00f3 una jornada de incertidumbre<\/strong> tras la ausencia de Darwin Machis que sufrir\u00eda una molestia muscular en los isquiotibiales.<\/p><p><a href=\"\/?p=425812\" target=\"_blank\">\u26bd Mira lo que dijo Marcela G\u00f3mez sobre el caso de Quintero con Am\u00e9rica<\/a><\/p><p>Este ser\u00eda el motivo por el cual fue <strong>baja para el crucial viaje a Bogot\u00e1 ante Fortaleza. <\/strong><\/p><h2><strong>Am\u00e9rica tendr\u00eda una gran novedad en su plantilla<\/strong><\/h2><p>El extremo venezolano, <strong>pieza clave en el esquema 'escarlata',<\/strong> encendi\u00f3 las alarmas en cuerpo t\u00e9cnico y aficionados.<\/p><p>Sin embargo, <strong>este s\u00e1bado la buena noticia lleg\u00f3 y Machis volvi\u00f3 a trabajar<\/strong> con el plantel, mostrando avances que podr\u00edan asegurar su presencia en los pr\u00f3ximos compromisos del club.<\/p><p><a href=\"\/?p=425755\" target=\"_blank\">\ud83d\ude31 As\u00ed qued\u00f3 la tabla de posiciones tras el empate de Junior<\/a><\/p><p>Seg\u00fan informaci\u00f3n del periodista Max Martinez, <strong>Machis volver\u00eda a entrenamientos con el 'escarlata'.<\/strong><\/p><span data-width=\"550\" data-dnt=\"true\" class=\"tw lazyload\" data-tweet-id=\"2047853765085069672\"><\/span><p><\/p><p>Su recuperaci\u00f3n, sin embargo, ser\u00e1 monitoreada con <strong>cuidado para evitar reca\u00eddas que podr\u00edan afectar su continuidad en el torneo.<\/strong><\/p><p><strong>La importancia de Machis trasciende lo t\u00e1ctico<\/strong>; su liderazgo y experiencia brindan confianza a un equipo que busca consolidarse en la Liga BetPlay Sudamericano.<\/p>            \n            \n\n\n                <a class=\"btn-googlenews\" href=\"https:\/\/news.google.com\/publications\/CAAqBwgKMKeMyQsw56fgAw?hl=es-419&amp;gl=CO&amp;ceid=CO%3Aes-419\" target=\"_blank\" rel=\"nofollow\">\n         S\u00edguenos en Google News\n    <\/a>\n\n        <\/div>\n        \n    \n\n\n        \n        \n    \n\n        \n        \n    \n\n        \n        \n    <section class=\"colombian-teams\">\n        <div class=\"win-title\">\n            <h2 class=\"title\">Lo mejor de tu equipo<\/h2>\n            <hr>\n        <\/div>\n        <carousel class=\"list\" :autoplay=\"3000\" :items-to-show=\"7\" :transition=\"1500\" :items-to-scroll=\"7\" :touch-drag=\"false\" snap-align=\"center-even\" :wrap-around=\"true\">\n                <slide class=\"slide\">\n                        <a class=\"team\" href=\"\/futbol-colombiano\/equipos\/internacional-palmira\">\n                            \n    \n\n                        <\/a>\n                        <a class=\"team\" href=\"\/futbol-colombiano\/equipos\/union-magdalena\">\n                            \n    \n\n                        <\/a>\n                <\/slide>\n                <slide class=\"slide\">\n                        <a class=\"team\" href=\"\/futbol-colombiano\/equipos\/deportes-quindio\">\n                            \n    \n\n                        <\/a>\n                        <a class=\"team\" href=\"\/futbol-colombiano\/equipos\/envigado\">\n                            \n    \n\n                        <\/a>\n                <\/slide>\n                <slide class=\"slide\">\n                        <a class=\"team\" href=\"\/futbol-colombiano\/equipos\/real-cartagena\">\n                            \n    \n\n                        <\/a>\n                        <a class=\"team\" href=\"\/futbol-colombiano\/equipos\/bogota\">\n                            \n    \n\n                        <\/a>\n                <\/slide>\n                <slide class=\"slide\">\n                        <a class=\"team\" href=\"\/futbol-colombiano\/equipos\/barranquilla\">\n                            \n    \n\n                        <\/a>\n                        <a class=\"team\" href=\"\/futbol-colombiano\/equipos\/tigres\">\n                            \n    \n\n                        <\/a>\n                <\/slide>\n                <slide class=\"slide\">\n                        <a class=\"team\" href=\"\/futbol-colombiano\/equipos\/independiente-yumbo\">\n                            \n    \n\n                        <\/a>\n                        <a class=\"team\" href=\"\/futbol-colombiano\/equipos\/orsomarso\">\n                            \n    \n\n                        <\/a>\n                <\/slide>\n                <slide class=\"slide\">\n                        <a class=\"team\" href=\"\/futbol-colombiano\/equipos\/patriotas-boyaca\">\n                            \n    \n\n                        <\/a>\n                        <a class=\"team\" href=\"\/futbol-colombiano\/equipos\/boca-juniors-de-cali\">\n                            \n    \n\n                        <\/a>\n                <\/slide>\n                <slide class=\"slide\">\n                        <a class=\"team\" href=\"\/futbol-colombiano\/equipos\/real-cundinamarca\">\n                            \n    \n\n                        <\/a>\n                        <a class=\"team\" href=\"\/futbol-colombiano\/equipos\/leones\">\n                            \n    \n\n                        <\/a>\n                <\/slide>\n                <slide class=\"slide\">\n                        <a class=\"team\" href=\"\/futbol-colombiano\/equipos\/atletico\">\n                            \n    \n\n                        <\/a>\n                        <a class=\"team\" href=\"\/futbol-colombiano\/equipos\/real-santander\">\n                            \n    \n\n                        <\/a>\n                <\/slide>\n                <slide class=\"slide\">\n                        <a class=\"team\" href=\"\/futbol-colombiano\/equipos\/atletico-nacional\">\n                            \n    \n\n                        <\/a>\n                        <a class=\"team\" href=\"\/futbol-colombiano\/equipos\/deportivo-pasto\">\n                            \n    \n\n                        <\/a>\n                <\/slide>\n                <slide class=\"slide\">\n                        <a class=\"team\" href=\"\/futbol-colombiano\/equipos\/junior\">\n                            \n    \n\n                        <\/a>\n                        <a class=\"team\" href=\"\/futbol-colombiano\/equipos\/deportes-tolima\">\n                            \n    \n\n                        <\/a>\n                <\/slide>\n                <slide class=\"slide\">\n                        <a class=\"team\" href=\"\/futbol-colombiano\/equipos\/america-de-cali\">\n                            \n    \n\n                        <\/a>\n                        <a class=\"team\" href=\"\/futbol-colombiano\/equipos\/once-caldas\">\n                            \n    \n\n                        <\/a>\n                <\/slide>\n                <slide class=\"slide\">\n                        <a class=\"team\" href=\"\/futbol-colombiano\/equipos\/independiente-santa-fe\">\n                            \n    \n\n                        <\/a>\n                        <a class=\"team\" href=\"\/futbol-colombiano\/equipos\/deportivo-cali\">\n                            \n    \n\n                        <\/a>\n                <\/slide>\n                <slide class=\"slide\">\n                        <a class=\"team\" href=\"\/futbol-colombiano\/equipos\/independiente-medellin\">\n                            \n    \n\n                        <\/a>\n                        <a class=\"team\" href=\"\/futbol-colombiano\/equipos\/millonarios\">\n                            \n    \n\n                        <\/a>\n                <\/slide>\n                <slide class=\"slide\">\n                        <a class=\"team\" href=\"\/futbol-colombiano\/equipos\/inter-bogota\">\n                            \n    \n\n                        <\/a>\n                        <a class=\"team\" href=\"\/futbol-colombiano\/equipos\/atletico-bucaramanga\">\n                            \n    \n\n                        <\/a>\n                <\/slide>\n                <slide class=\"slide\">\n                        <a class=\"team\" href=\"\/futbol-colombiano\/equipos\/aguilas-doradas\">\n                            \n    \n\n                        <\/a>\n                        <a class=\"team\" href=\"\/futbol-colombiano\/equipos\/llaneros\">\n                            \n    \n\n                        <\/a>\n                <\/slide>\n                <slide class=\"slide\">\n                        <a class=\"team\" href=\"\/futbol-colombiano\/equipos\/fortaleza\">\n                            \n    \n\n                        <\/a>\n                        <a class=\"team\" href=\"\/futbol-colombiano\/equipos\/cucuta-deportivo\">\n                            \n    \n\n                        <\/a>\n                <\/slide>\n                <slide class=\"slide\">\n                        <a class=\"team\" href=\"\/futbol-colombiano\/equipos\/alianza\">\n                            \n    \n\n                        <\/a>\n                        <a class=\"team\" href=\"\/futbol-colombiano\/equipos\/jaguares-de-cordoba\">\n                            \n    \n\n                        <\/a>\n                <\/slide>\n                <slide class=\"slide\">\n                        <a class=\"team\" href=\"\/futbol-colombiano\/equipos\/boyaca-chico\">\n                            \n    \n\n                        <\/a>\n                        <a class=\"team\" href=\"\/futbol-colombiano\/equipos\/deportivo-pereira\">\n                            \n    \n\n                        <\/a>\n                <\/slide>\n            <template>\n                <navigation><\/navigation>\n            <\/template>\n        <\/carousel>\n    <\/section>\n\n        \n    <\/div>\n    \n<div class=\"sc\">\n    \n<\/div>","body_rewritten":"<h2 class='text-2xl font-bold mt-6 mb-3'>Am\u00e9rica de Cali respira con el regreso de Darwin Machis<\/h2><p class='mb-4 leading-relaxed'>El <strong>Am\u00e9rica de Cali<\/strong> vivi\u00f3 una jornada de incertidumbre tras la ausencia de <strong>Darwin Machis<\/strong>, quien sufri\u00f3 una molestia muscular en los isquiotibiales que lo dej\u00f3 fuera del crucial viaje a Bogot\u00e1 ante Fortaleza. Sin embargo, este s\u00e1bado la buena noticia lleg\u00f3 y el extremo venezolano volvi\u00f3 a trabajar con el plantel, mostrando avances que podr\u00edan asegurar su presencia en los pr\u00f3ximos compromisos del club.<\/p><h2 class='text-2xl font-bold mt-6 mb-3'>La importancia de Machis en el esquema escarlata<\/h2><p class='mb-4 leading-relaxed'>El extremo venezolano es una <strong>pieza clave en el esquema &#039;escarlata&#039;<\/strong>, y su ausencia encendi\u00f3 las alarmas en el cuerpo t\u00e9cnico y la afici\u00f3n. Su liderazgo y experiencia brindan confianza a un equipo que busca consolidarse en la Liga BetPlay. Seg\u00fan informaci\u00f3n del periodista Max Martinez, <strong>Machis volver\u00eda a entrenamientos con el &#039;escarlata&#039;<\/strong>, aunque su recuperaci\u00f3n ser\u00e1 monitoreada con cuidado para evitar reca\u00eddas.<\/p><blockquote class='border-l-4 border-gray-300 pl-4 italic my-4'>La importancia de Machis trasciende lo t\u00e1ctico; su liderazgo y experiencia brindan confianza a un equipo que busca consolidarse en la Liga BetPlay.<\/blockquote><ul class='list-disc pl-5 mb-4 space-y-1'><li>Machis sufri\u00f3 una molestia muscular en los isquiotibiales<\/li><li>Fue baja para el partido ante Fortaleza en Bogot\u00e1<\/li><li>Regres\u00f3 a entrenamientos este s\u00e1bado con el plantel<\/li><li>Su recuperaci\u00f3n ser\u00e1 monitoreada para evitar reca\u00eddas<\/li><\/ul>","status":"published","author":null,"image_url":"https:\/\/colombiahoy.s3.us-east-2.amazonaws.com\/articles\/3621\/image-192a0ad7c7ffdbf1d7b88d0b1e2ed12c8261fac9db256c652f2e91bde6df062f.webp","canonical_url":"https:\/\/www.winsports.co\/futbol-colombiano\/noticias\/america-de-cali-tendria-una-buena-noticia-en-su-plantilla-425828","published_at":"2026-04-26 14:24","created_at":"2026-04-26 19:23","last_error":null,"topics":[{"id":1,"name":"Deportes","slug":"deportes"},{"id":2,"name":"Cali","slug":"cali"}],"source":"N\/A"},{"id":3622,"title":"Marcela G\u00f3mez habl\u00f3 claro sobre el caso de Juan Fernando Quintero con Am\u00e9rica","slug":"marcela-gomez-hablo-claro-sobre-el-caso-de-juan-fernando-quintero-con-america","title_original":"Marcela G\u00f3mez habl\u00f3 claro sobre el caso de Quintero con Am\u00e9rica","title_rewritten":"Marcela G\u00f3mez habl\u00f3 claro sobre el caso de Juan Fernando Quintero con Am\u00e9rica","excerpt":"Marcela G\u00f3mez, presidenta del Am\u00e9rica de Cali, asegur\u00f3 que la inversi\u00f3n en Juan Fernando Quintero no fue un negocio porque el equipo no alcanz\u00f3 el t\u00edtulo ni clasific\u00f3 a torneos internacionales.","body":"<h2 class='text-2xl font-bold mt-6 mb-3'>La llegada de Juan Fernando Quintero gener\u00f3 gran expectativa en la afici\u00f3n<\/h2><p class='mb-4 leading-relaxed'>La llegada de <strong>Juan Fernando Quintero<\/strong> gener\u00f3 una enorme expectativa en la afici\u00f3n de <strong>Am\u00e9rica<\/strong>, que ve\u00eda en el volante creativo a una de las grandes figuras del f\u00fatbol colombiano. Sin embargo, m\u00e1s all\u00e1 de algunos momentos de calidad, <strong>el contexto termin\u00f3 jugando en contra<\/strong>.<\/p><h2 class='text-2xl font-bold mt-6 mb-3'>Am\u00e9rica hizo una inversi\u00f3n importante que no se sostuvo<\/h2><p class='mb-4 leading-relaxed'>Am\u00e9rica hizo una inversi\u00f3n importante por el jugador, con un salario alto dentro del plantel, lo que obligaba a que <strong>el proyecto deportivo tuviera resultados inmediatos para sostenerse<\/strong>. El equipo estuvo cerca de cumplir ese objetivo, pero <strong>no logr\u00f3 concretar el t\u00edtulo ni asegurar el impacto deportivo que permitiera respaldar la apuesta econ\u00f3mica<\/strong>.<\/p><blockquote class='border-l-4 border-gray-300 pl-4 italic my-4'>\u201c<strong>Lo de Juan Fernando no fue negocio<\/strong>. En la mayor\u00eda de los equipos nos va bien cuando salen campeones, nuestro objetivo era ser campeones\u201d, afirm\u00f3 Marcela G\u00f3mez.<\/blockquote><p class='mb-4 leading-relaxed'>La dirigente explic\u00f3 que el retorno de la inversi\u00f3n <strong>estaba directamente ligado al rendimiento deportivo del equipo<\/strong>. \u201c<strong>Est\u00e1bamos muy cerca de la final y as\u00ed retornar lo que invertimos en Quintero. Lo que realmente retorna es estar en torneos internacionales<\/strong>\u201d, se\u00f1al\u00f3.<\/p><h2 class='text-2xl font-bold mt-6 mb-3'>La decisi\u00f3n de no continuar con el jugador fue clara<\/h2><p class='mb-4 leading-relaxed'>Finalmente, <strong>G\u00f3mez fue contundente al explicar por qu\u00e9 el club tom\u00f3 la decisi\u00f3n<\/strong> de no continuar con el jugador. \u201c<strong>El no haber conseguido el t\u00edtulo hizo que la inversi\u00f3n no haya sido la adecuada. No hab\u00eda forma de sostener esa inversi\u00f3n y por eso tomamos juntos la decisi\u00f3n de que no pod\u00eda continuar<\/strong>\u201d, concluy\u00f3.<\/p>","body_original":"<div class=\"fc\">\n        <div class=\"post-content\">\n    <a class=\"btn-whatssap\" href=\"https:\/\/whatsapp.com\/channel\/0029Va4HxmL4tRroa0ibiR0D\" target=\"_blank\" rel=\"nofollow\">\n        <svg class=\"icon-whatsapp\" width=\"1024\" height=\"1024\" viewbox=\"0 0 1024 1024\" preserveaspectratio=\"xMinYMin\" aria-hidden=\"true\" focusable=\"false\"><use href=\"\/ui\/v1\/icons.svg#icon-whatsapp\"><\/use><\/svg> Quiero unirme al canal de WhatsApp de Win Sports\n    <\/a>\n                <p>\n                    Si quieres disfrutar de la emoci\u00f3n del deporte, suscr\u00edbete a Win Play. Accede a partidos en vivo,\n                    contenido exclusivo y variedad de deportes, todo desde cualquier dispositivo.<br>\n                    <em><strong><a href=\"https:\/\/winplay.co\/plans\" target=\"_blank\" rel=\"nofollow\"> \u00bfQuieres ver los partidos del f\u00fatbol colombiano desde cualquier lugar? Suscr\u00edbete aqu\u00ed a Win Play <\/a><\/strong><\/em>\n\n                <\/p>\n            \n<p>La llegada de <a href=\"\/etiquetas\/juanfer-quintero\" target=\"_blank\">Juan Fernando Quintero<\/a> gener\u00f3 una enorme expectativa en la afici\u00f3n de <a href=\"\/futbol-colombiano\/equipos\/america-de-cali\" target=\"_blank\">Am\u00e9rica<\/a>, que ve\u00eda en el volante<strong> creativo a una de las grandes figuras del f\u00fatbol colombiano.<\/strong><\/p><p><a href=\"\/?p=425776\" target=\"_blank\">\ud83d\ude31 Conoce el amistoso internacional que anunci\u00f3 Am\u00e9rica de Cali <\/a><\/p><p>Sin embargo, m\u00e1s all\u00e1 de algunos momentos de calidad, <strong>el contexto termin\u00f3 jugando en contra.<\/strong><\/p><p>Am\u00e9rica hizo una inversi\u00f3n importante por el jugador, con un salario alto dentro del plantel, lo que obligaba a que <strong>el proyecto deportivo tuviera resultados inmediatos para sostenerse.<\/strong><\/p><p>El equipo estuvo cerca de cumplir ese objetivo, pero <strong>no logr\u00f3 concretar el t\u00edtulo ni asegurar el impacto deportivo que permitiera respaldar la apuesta econ\u00f3mica.<\/strong><\/p><p>Esto, sumado a la necesidad de clasificar a torneos internacionales,<strong> termin\u00f3 condicionando la continuidad del mediocampista.<\/strong><\/p><h2><strong>Marcela G\u00f3mez habl\u00f3 claro sobre el casi de Juanfer Quintero<\/strong><\/h2><p>En medio de ese panorama, Marcela G\u00f3mez, presidenta de Am\u00e9rica de Cali,<strong> se refiri\u00f3 al caso en el programa P\u00f3ngale la Firma, donde dej\u00f3 clara la postura institucional.<\/strong><\/p><p><a href=\"\/?p=425700\" target=\"_blank\">\ud83d\udc40 Mira c\u00f3mo C\u00facuta y Junior igualaron en un disputado partido de la fecha 18<\/a><\/p><p>\u201c<strong>Lo de Juan Fernando no fue negocio. En la mayor\u00eda de los equipos nos va bien cuando salen campeones, nuestro objetivo era ser campeones<\/strong>\u201d, afirm\u00f3.<\/p><p>La dirigente explic\u00f3 que el retorno de la inversi\u00f3n <strong>estaba directamente ligado al rendimiento deportivo del equipo.<\/strong><\/p><p>\u201c<strong>Est\u00e1bamos muy cerca de la final y as\u00ed retornar lo que invertimos en Quintero. Lo que realmente retorna es estar en torneos internacionales<\/strong>\u201d, se\u00f1al\u00f3.<\/p><p>Finalmente,<strong> G\u00f3mez fue contundente al explicar por qu\u00e9 el club tom\u00f3 la decisi\u00f3n<\/strong> de no continuar con el jugador.<\/p><p>\u201c<strong>El no haber conseguido el t\u00edtulo hizo que la inversi\u00f3n no haya sido la adecuada. No hab\u00eda forma de sostener esa inversi\u00f3n y por eso tomamos juntos la decisi\u00f3n de que no pod\u00eda continuar<\/strong>\u201d, concluy\u00f3.<\/p><p>De esta manera, Am\u00e9rica deja claro que la salida de Juanfer Quintero respondi\u00f3 a una combinaci\u00f3n de factores deportivos y econ\u00f3micos, <strong>en una apuesta que no logr\u00f3 consolidarse como esperaba la instituci\u00f3n.<\/strong><\/p>            \n            \n\n\n                <a class=\"btn-googlenews\" href=\"https:\/\/news.google.com\/publications\/CAAqBwgKMKeMyQsw56fgAw?hl=es-419&amp;gl=CO&amp;ceid=CO%3Aes-419\" target=\"_blank\" rel=\"nofollow\">\n         S\u00edguenos en Google News\n    <\/a>\n\n        <\/div>\n        \n    \n\n\n        \n        \n    \n\n        \n        \n    \n\n        \n        \n    <section class=\"colombian-teams\">\n        <div class=\"win-title\">\n            <h2 class=\"title\">Lo mejor de tu equipo<\/h2>\n            <hr>\n        <\/div>\n        <carousel class=\"list\" :autoplay=\"3000\" :items-to-show=\"7\" :transition=\"1500\" :items-to-scroll=\"7\" :touch-drag=\"false\" snap-align=\"center-even\" :wrap-around=\"true\">\n                <slide class=\"slide\">\n                        <a class=\"team\" href=\"\/futbol-colombiano\/equipos\/internacional-palmira\">\n                            \n    \n\n                        <\/a>\n                        <a class=\"team\" href=\"\/futbol-colombiano\/equipos\/union-magdalena\">\n                            \n    \n\n                        <\/a>\n                <\/slide>\n                <slide class=\"slide\">\n                        <a class=\"team\" href=\"\/futbol-colombiano\/equipos\/deportes-quindio\">\n                            \n    \n\n                        <\/a>\n                        <a class=\"team\" href=\"\/futbol-colombiano\/equipos\/envigado\">\n                            \n    \n\n                        <\/a>\n                <\/slide>\n                <slide class=\"slide\">\n                        <a class=\"team\" href=\"\/futbol-colombiano\/equipos\/real-cartagena\">\n                            \n    \n\n                        <\/a>\n                        <a class=\"team\" href=\"\/futbol-colombiano\/equipos\/bogota\">\n                            \n    \n\n                        <\/a>\n                <\/slide>\n                <slide class=\"slide\">\n                        <a class=\"team\" href=\"\/futbol-colombiano\/equipos\/barranquilla\">\n                            \n    \n\n                        <\/a>\n                        <a class=\"team\" href=\"\/futbol-colombiano\/equipos\/tigres\">\n                            \n    \n\n                        <\/a>\n                <\/slide>\n                <slide class=\"slide\">\n                        <a class=\"team\" href=\"\/futbol-colombiano\/equipos\/independiente-yumbo\">\n                            \n    \n\n                        <\/a>\n                        <a class=\"team\" href=\"\/futbol-colombiano\/equipos\/orsomarso\">\n                            \n    \n\n                        <\/a>\n                <\/slide>\n                <slide class=\"slide\">\n                        <a class=\"team\" href=\"\/futbol-colombiano\/equipos\/patriotas-boyaca\">\n                            \n    \n\n                        <\/a>\n                        <a class=\"team\" href=\"\/futbol-colombiano\/equipos\/boca-juniors-de-cali\">\n                            \n    \n\n                        <\/a>\n                <\/slide>\n                <slide class=\"slide\">\n                        <a class=\"team\" href=\"\/futbol-colombiano\/equipos\/real-cundinamarca\">\n                            \n    \n\n                        <\/a>\n                        <a class=\"team\" href=\"\/futbol-colombiano\/equipos\/leones\">\n                            \n    \n\n                        <\/a>\n                <\/slide>\n                <slide class=\"slide\">\n                        <a class=\"team\" href=\"\/futbol-colombiano\/equipos\/atletico\">\n                            \n    \n\n                        <\/a>\n                        <a class=\"team\" href=\"\/futbol-colombiano\/equipos\/real-santander\">\n                            \n    \n\n                        <\/a>\n                <\/slide>\n                <slide class=\"slide\">\n                        <a class=\"team\" href=\"\/futbol-colombiano\/equipos\/atletico-nacional\">\n                            \n    \n\n                        <\/a>\n                        <a class=\"team\" href=\"\/futbol-colombiano\/equipos\/deportivo-pasto\">\n                            \n    \n\n                        <\/a>\n                <\/slide>\n                <slide class=\"slide\">\n                        <a class=\"team\" href=\"\/futbol-colombiano\/equipos\/junior\">\n                            \n    \n\n                        <\/a>\n                        <a class=\"team\" href=\"\/futbol-colombiano\/equipos\/deportes-tolima\">\n                            \n    \n\n                        <\/a>\n                <\/slide>\n                <slide class=\"slide\">\n                        <a class=\"team\" href=\"\/futbol-colombiano\/equipos\/america-de-cali\">\n                            \n    \n\n                        <\/a>\n                        <a class=\"team\" href=\"\/futbol-colombiano\/equipos\/once-caldas\">\n                            \n    \n\n                        <\/a>\n                <\/slide>\n                <slide class=\"slide\">\n                        <a class=\"team\" href=\"\/futbol-colombiano\/equipos\/independiente-santa-fe\">\n                            \n    \n\n                        <\/a>\n                        <a class=\"team\" href=\"\/futbol-colombiano\/equipos\/deportivo-cali\">\n                            \n    \n\n                        <\/a>\n                <\/slide>\n                <slide class=\"slide\">\n                        <a class=\"team\" href=\"\/futbol-colombiano\/equipos\/independiente-medellin\">\n                            \n    \n\n                        <\/a>\n                        <a class=\"team\" href=\"\/futbol-colombiano\/equipos\/millonarios\">\n                            \n    \n\n                        <\/a>\n                <\/slide>\n                <slide class=\"slide\">\n                        <a class=\"team\" href=\"\/futbol-colombiano\/equipos\/inter-bogota\">\n                            \n    \n\n                        <\/a>\n                        <a class=\"team\" href=\"\/futbol-colombiano\/equipos\/atletico-bucaramanga\">\n                            \n    \n\n                        <\/a>\n                <\/slide>\n                <slide class=\"slide\">\n                        <a class=\"team\" href=\"\/futbol-colombiano\/equipos\/aguilas-doradas\">\n                            \n    \n\n                        <\/a>\n                        <a class=\"team\" href=\"\/futbol-colombiano\/equipos\/llaneros\">\n                            \n    \n\n                        <\/a>\n                <\/slide>\n                <slide class=\"slide\">\n                        <a class=\"team\" href=\"\/futbol-colombiano\/equipos\/fortaleza\">\n                            \n    \n\n                        <\/a>\n                        <a class=\"team\" href=\"\/futbol-colombiano\/equipos\/cucuta-deportivo\">\n                            \n    \n\n                        <\/a>\n                <\/slide>\n                <slide class=\"slide\">\n                        <a class=\"team\" href=\"\/futbol-colombiano\/equipos\/alianza\">\n                            \n    \n\n                        <\/a>\n                        <a class=\"team\" href=\"\/futbol-colombiano\/equipos\/jaguares-de-cordoba\">\n                            \n    \n\n                        <\/a>\n                <\/slide>\n                <slide class=\"slide\">\n                        <a class=\"team\" href=\"\/futbol-colombiano\/equipos\/boyaca-chico\">\n                            \n    \n\n                        <\/a>\n                        <a class=\"team\" href=\"\/futbol-colombiano\/equipos\/deportivo-pereira\">\n                            \n    \n\n                        <\/a>\n                <\/slide>\n            <template>\n                <navigation><\/navigation>\n            <\/template>\n        <\/carousel>\n    <\/section>\n\n        \n    <\/div>\n    \n<div class=\"sc\">\n    \n<\/div>","body_rewritten":"<h2 class='text-2xl font-bold mt-6 mb-3'>La llegada de Juan Fernando Quintero gener\u00f3 gran expectativa en la afici\u00f3n<\/h2><p class='mb-4 leading-relaxed'>La llegada de <strong>Juan Fernando Quintero<\/strong> gener\u00f3 una enorme expectativa en la afici\u00f3n de <strong>Am\u00e9rica<\/strong>, que ve\u00eda en el volante creativo a una de las grandes figuras del f\u00fatbol colombiano. Sin embargo, m\u00e1s all\u00e1 de algunos momentos de calidad, <strong>el contexto termin\u00f3 jugando en contra<\/strong>.<\/p><h2 class='text-2xl font-bold mt-6 mb-3'>Am\u00e9rica hizo una inversi\u00f3n importante que no se sostuvo<\/h2><p class='mb-4 leading-relaxed'>Am\u00e9rica hizo una inversi\u00f3n importante por el jugador, con un salario alto dentro del plantel, lo que obligaba a que <strong>el proyecto deportivo tuviera resultados inmediatos para sostenerse<\/strong>. El equipo estuvo cerca de cumplir ese objetivo, pero <strong>no logr\u00f3 concretar el t\u00edtulo ni asegurar el impacto deportivo que permitiera respaldar la apuesta econ\u00f3mica<\/strong>.<\/p><blockquote class='border-l-4 border-gray-300 pl-4 italic my-4'>\u201c<strong>Lo de Juan Fernando no fue negocio<\/strong>. En la mayor\u00eda de los equipos nos va bien cuando salen campeones, nuestro objetivo era ser campeones\u201d, afirm\u00f3 Marcela G\u00f3mez.<\/blockquote><p class='mb-4 leading-relaxed'>La dirigente explic\u00f3 que el retorno de la inversi\u00f3n <strong>estaba directamente ligado al rendimiento deportivo del equipo<\/strong>. \u201c<strong>Est\u00e1bamos muy cerca de la final y as\u00ed retornar lo que invertimos en Quintero. Lo que realmente retorna es estar en torneos internacionales<\/strong>\u201d, se\u00f1al\u00f3.<\/p><h2 class='text-2xl font-bold mt-6 mb-3'>La decisi\u00f3n de no continuar con el jugador fue clara<\/h2><p class='mb-4 leading-relaxed'>Finalmente, <strong>G\u00f3mez fue contundente al explicar por qu\u00e9 el club tom\u00f3 la decisi\u00f3n<\/strong> de no continuar con el jugador. \u201c<strong>El no haber conseguido el t\u00edtulo hizo que la inversi\u00f3n no haya sido la adecuada. No hab\u00eda forma de sostener esa inversi\u00f3n y por eso tomamos juntos la decisi\u00f3n de que no pod\u00eda continuar<\/strong>\u201d, concluy\u00f3.<\/p>","status":"published","author":null,"image_url":"https:\/\/colombiahoy.s3.us-east-2.amazonaws.com\/articles\/3622\/image-ed5d56477bad446831eb2c47f2b92911bf0f0c081498279a25b40ee83ecf1d76.webp","canonical_url":"https:\/\/www.winsports.co\/futbol-colombiano\/noticias\/marcela-gomez-hablo-claro-sobre-el-caso-de-quintero-con-america-425812","published_at":"2026-04-26 14:24","created_at":"2026-04-26 19:23","last_error":null,"topics":[{"id":1,"name":"Deportes","slug":"deportes"},{"id":2,"name":"Cali","slug":"cali"}],"source":"N\/A"},{"id":3624,"title":"Am\u00e9rica de Cali confirma partido amistoso internacional ante Houston Dynamo en julio","slug":"america-de-cali-confirma-partido-amistoso-internacional-ante-houston-dynamo-en-julio","title_original":"Am\u00e9rica de Cali confirma un partido amistoso internacional","title_rewritten":"Am\u00e9rica de Cali confirma partido amistoso internacional ante Houston Dynamo en julio","excerpt":"Am\u00e9rica de Cali jugar\u00e1 un amistoso internacional contra el Houston Dynamo el 15 de julio en Texas, buscando fortalecer su competitividad y visibilidad en el exterior.","body":"<h2 class='text-2xl font-bold mt-6 mb-3'>Am\u00e9rica de Cali tendr\u00e1 un amistoso internacional<\/h2><p class='mb-4 leading-relaxed'>La expectativa crece en el f\u00fatbol colombiano tras la confirmaci\u00f3n del partido amistoso del <strong>Am\u00e9rica de Cali<\/strong> ante el <strong>Houston Dynamo<\/strong>, que tendr\u00e1 lugar el pr\u00f3ximo <strong>15 de julio<\/strong> en Houston, Texas. Este encuentro representa una oportunidad trascendental para que el equipo escarlata siga afianzando su competitividad y visibilidad internacional.<\/p><p class='mb-4 leading-relaxed'>Adem\u00e1s de aprovechar su gira en suelo estadounidense para medir fuerzas con uno de los clubes emergentes de la <strong>MLS<\/strong>, el partido permitir\u00e1 al cuerpo t\u00e9cnico evaluar t\u00e1cticas y rendimiento en condiciones diferentes a las habituales. El Dynamo, un club que ha mostrado evoluci\u00f3n y solidez en los \u00faltimos a\u00f1os, se convierte en un rival de buenas cualidades t\u00e9cnicas y t\u00e1cticas.<\/p><blockquote class='border-l-4 border-gray-300 pl-4 italic my-4'>Realizar este tipo de encuentros durante la pretemporada es clave para que <strong>Am\u00e9rica analice sus procesos y la adaptaci\u00f3n de nuevos jugadores<\/strong> en un ambiente competitivo pero menos presionado.<\/blockquote><ul class='list-disc pl-5 mb-4 space-y-1'><li>El partido se jugar\u00e1 el <strong>15 de julio<\/strong> en Houston, Texas.<\/li><li>Ser\u00e1 una oportunidad para medir fuerzas con un club de la <strong>MLS<\/strong>.<\/li><li>La gira permitir\u00e1 <strong>evaluar t\u00e1cticas y rendimiento<\/strong> en condiciones diferentes.<\/li><li>Tambi\u00e9n abre puertas comerciales y de patrocinio en el mercado internacional.<\/li><\/ul>","body_original":"<div class=\"fc\">\n        <div class=\"post-content\">\n    <a class=\"btn-whatssap\" href=\"https:\/\/whatsapp.com\/channel\/0029Va4HxmL4tRroa0ibiR0D\" target=\"_blank\" rel=\"nofollow\">\n        <svg class=\"icon-whatsapp\" width=\"1024\" height=\"1024\" viewbox=\"0 0 1024 1024\" preserveaspectratio=\"xMinYMin\" aria-hidden=\"true\" focusable=\"false\"><use href=\"\/ui\/v1\/icons.svg#icon-whatsapp\"><\/use><\/svg> Quiero unirme al canal de WhatsApp de Win Sports\n    <\/a>\n                <p>\n                    Si quieres disfrutar de la emoci\u00f3n del deporte, suscr\u00edbete a Win Play. Accede a partidos en vivo,\n                    contenido exclusivo y variedad de deportes, todo desde cualquier dispositivo.<br>\n                    <em><strong><a href=\"https:\/\/winplay.co\/plans\" target=\"_blank\" rel=\"nofollow\"> \u00bfQuieres ver los partidos del f\u00fatbol colombiano desde cualquier lugar? Suscr\u00edbete aqu\u00ed a Win Play <\/a><\/strong><\/em>\n\n                <\/p>\n            \n<p>La expectativa crece en el f\u00fatbol colombiano <strong>tras la confirmaci\u00f3n del partido amistoso del <a href=\"\/futbol-colombiano\/equipos\/america-de-cali\" target=\"_blank\">Am\u00e9rica de Cali<\/a> ante el Houston Dynamo<\/strong>, que tendr\u00e1 lugar el pr\u00f3ximo 15 de julio en Houston, Texas.<\/p><p><a href=\"\/?p=425700\" target=\"_blank\">\u26bd Mira c\u00f3mo C\u00facuta y Junior igualaron en un disputado partido de la fecha 18<\/a><\/p><p>Este encuentro representa una oportunidad trascendental p<strong>ara que Am\u00e9rica siga afianzando su competitividad y visibilidad internacional.<\/strong><\/p><p>Adem\u00e1s de aprovechar su gira en suelo estadounidense<strong> para medir fuerzas con uno de los clubes emergentes de la MLS.<\/strong><\/p><h2><strong>Am\u00e9rica de Cali tendr\u00e1 un amistoso internacional<\/strong><\/h2><p><strong>La confirmaci\u00f3n de este juego amistoso contra Houston Dynamo<\/strong> refleja la apuesta del Am\u00e9rica de Cali por expandir su alcance y competitividad fuera de Colombia.<\/p><p><a href=\"\/?p=425650\" target=\"_blank\">\ud83d\udc40 Conoce el equipo que tendr\u00eda en la mira a Alejandro Restrepo <\/a><\/p><p>Dynamo, un club que ha mostrado evoluci\u00f3n y solidez en los<strong> \u00faltimos a\u00f1os dentro de la Major League Soccer, se convierte en un rival de buenas cualidades t\u00e9cnicas<\/strong> y t\u00e1cticas, lo que asegurar\u00e1 un partido exigente para el equipo colombiano.<\/p><span data-width=\"550\" data-dnt=\"true\" class=\"tw lazyload\" data-tweet-id=\"2047322348513104378\"><\/span><p><\/p><p>Realizar este tipo de encuentros durante la pretemporada es clave<strong> para que Am\u00e9rica analice sus procesos y la adaptaci\u00f3n de nuevos jugadores<\/strong> en un ambiente competitivo pero menos presionado.<\/p><p>Adem\u00e1s, la gira permitir\u00e1 al cuerpo t\u00e9cnico <strong>evaluar t\u00e1cticas y rendimiento en condiciones diferentes a las habituales.<\/strong><\/p><p>M\u00e1s all\u00e1 del plano deportivo, <strong>la exposici\u00f3n en suelo estadounidense abre puertas comerciales y de patrocinio,<\/strong> vitales para el crecimiento econ\u00f3mico y deportivo del club en el mercado internacional del f\u00fatbol.<\/p>            \n            \n\n\n                <a class=\"btn-googlenews\" href=\"https:\/\/news.google.com\/publications\/CAAqBwgKMKeMyQsw56fgAw?hl=es-419&amp;gl=CO&amp;ceid=CO%3Aes-419\" target=\"_blank\" rel=\"nofollow\">\n         S\u00edguenos en Google News\n    <\/a>\n\n        <\/div>\n        \n    \n\n\n        \n        \n    \n\n        \n        \n    \n\n        \n        \n    <section class=\"colombian-teams\">\n        <div class=\"win-title\">\n            <h2 class=\"title\">Lo mejor de tu equipo<\/h2>\n            <hr>\n        <\/div>\n        <carousel class=\"list\" :autoplay=\"3000\" :items-to-show=\"7\" :transition=\"1500\" :items-to-scroll=\"7\" :touch-drag=\"false\" snap-align=\"center-even\" :wrap-around=\"true\">\n                <slide class=\"slide\">\n                        <a class=\"team\" href=\"\/futbol-colombiano\/equipos\/internacional-palmira\">\n                            \n    \n\n                        <\/a>\n                        <a class=\"team\" href=\"\/futbol-colombiano\/equipos\/union-magdalena\">\n                            \n    \n\n                        <\/a>\n                <\/slide>\n                <slide class=\"slide\">\n                        <a class=\"team\" href=\"\/futbol-colombiano\/equipos\/deportes-quindio\">\n                            \n    \n\n                        <\/a>\n                        <a class=\"team\" href=\"\/futbol-colombiano\/equipos\/envigado\">\n                            \n    \n\n                        <\/a>\n                <\/slide>\n                <slide class=\"slide\">\n                        <a class=\"team\" href=\"\/futbol-colombiano\/equipos\/real-cartagena\">\n                            \n    \n\n                        <\/a>\n                        <a class=\"team\" href=\"\/futbol-colombiano\/equipos\/bogota\">\n                            \n    \n\n                        <\/a>\n                <\/slide>\n                <slide class=\"slide\">\n                        <a class=\"team\" href=\"\/futbol-colombiano\/equipos\/barranquilla\">\n                            \n    \n\n                        <\/a>\n                        <a class=\"team\" href=\"\/futbol-colombiano\/equipos\/tigres\">\n                            \n    \n\n                        <\/a>\n                <\/slide>\n                <slide class=\"slide\">\n                        <a class=\"team\" href=\"\/futbol-colombiano\/equipos\/independiente-yumbo\">\n                            \n    \n\n                        <\/a>\n                        <a class=\"team\" href=\"\/futbol-colombiano\/equipos\/orsomarso\">\n                            \n    \n\n                        <\/a>\n                <\/slide>\n                <slide class=\"slide\">\n                        <a class=\"team\" href=\"\/futbol-colombiano\/equipos\/patriotas-boyaca\">\n                            \n    \n\n                        <\/a>\n                        <a class=\"team\" href=\"\/futbol-colombiano\/equipos\/boca-juniors-de-cali\">\n                            \n    \n\n                        <\/a>\n                <\/slide>\n                <slide class=\"slide\">\n                        <a class=\"team\" href=\"\/futbol-colombiano\/equipos\/real-cundinamarca\">\n                            \n    \n\n                        <\/a>\n                        <a class=\"team\" href=\"\/futbol-colombiano\/equipos\/leones\">\n                            \n    \n\n                        <\/a>\n                <\/slide>\n                <slide class=\"slide\">\n                        <a class=\"team\" href=\"\/futbol-colombiano\/equipos\/atletico\">\n                            \n    \n\n                        <\/a>\n                        <a class=\"team\" href=\"\/futbol-colombiano\/equipos\/real-santander\">\n                            \n    \n\n                        <\/a>\n                <\/slide>\n                <slide class=\"slide\">\n                        <a class=\"team\" href=\"\/futbol-colombiano\/equipos\/atletico-nacional\">\n                            \n    \n\n                        <\/a>\n                        <a class=\"team\" href=\"\/futbol-colombiano\/equipos\/deportivo-pasto\">\n                            \n    \n\n                        <\/a>\n                <\/slide>\n                <slide class=\"slide\">\n                        <a class=\"team\" href=\"\/futbol-colombiano\/equipos\/junior\">\n                            \n    \n\n                        <\/a>\n                        <a class=\"team\" href=\"\/futbol-colombiano\/equipos\/deportes-tolima\">\n                            \n    \n\n                        <\/a>\n                <\/slide>\n                <slide class=\"slide\">\n                        <a class=\"team\" href=\"\/futbol-colombiano\/equipos\/america-de-cali\">\n                            \n    \n\n                        <\/a>\n                        <a class=\"team\" href=\"\/futbol-colombiano\/equipos\/once-caldas\">\n                            \n    \n\n                        <\/a>\n                <\/slide>\n                <slide class=\"slide\">\n                        <a class=\"team\" href=\"\/futbol-colombiano\/equipos\/independiente-santa-fe\">\n                            \n    \n\n                        <\/a>\n                        <a class=\"team\" href=\"\/futbol-colombiano\/equipos\/deportivo-cali\">\n                            \n    \n\n                        <\/a>\n                <\/slide>\n                <slide class=\"slide\">\n                        <a class=\"team\" href=\"\/futbol-colombiano\/equipos\/independiente-medellin\">\n                            \n    \n\n                        <\/a>\n                        <a class=\"team\" href=\"\/futbol-colombiano\/equipos\/millonarios\">\n                            \n    \n\n                        <\/a>\n                <\/slide>\n                <slide class=\"slide\">\n                        <a class=\"team\" href=\"\/futbol-colombiano\/equipos\/inter-bogota\">\n                            \n    \n\n                        <\/a>\n                        <a class=\"team\" href=\"\/futbol-colombiano\/equipos\/atletico-bucaramanga\">\n                            \n    \n\n                        <\/a>\n                <\/slide>\n                <slide class=\"slide\">\n                        <a class=\"team\" href=\"\/futbol-colombiano\/equipos\/aguilas-doradas\">\n                            \n    \n\n                        <\/a>\n                        <a class=\"team\" href=\"\/futbol-colombiano\/equipos\/llaneros\">\n                            \n    \n\n                        <\/a>\n                <\/slide>\n                <slide class=\"slide\">\n                        <a class=\"team\" href=\"\/futbol-colombiano\/equipos\/fortaleza\">\n                            \n    \n\n                        <\/a>\n                        <a class=\"team\" href=\"\/futbol-colombiano\/equipos\/cucuta-deportivo\">\n                            \n    \n\n                        <\/a>\n                <\/slide>\n                <slide class=\"slide\">\n                        <a class=\"team\" href=\"\/futbol-colombiano\/equipos\/alianza\">\n                            \n    \n\n                        <\/a>\n                        <a class=\"team\" href=\"\/futbol-colombiano\/equipos\/jaguares-de-cordoba\">\n                            \n    \n\n                        <\/a>\n                <\/slide>\n                <slide class=\"slide\">\n                        <a class=\"team\" href=\"\/futbol-colombiano\/equipos\/boyaca-chico\">\n                            \n    \n\n                        <\/a>\n                        <a class=\"team\" href=\"\/futbol-colombiano\/equipos\/deportivo-pereira\">\n                            \n    \n\n                        <\/a>\n                <\/slide>\n            <template>\n                <navigation><\/navigation>\n            <\/template>\n        <\/carousel>\n    <\/section>\n\n        \n    <\/div>\n    \n<div class=\"sc\">\n    \n<\/div>","body_rewritten":"<h2 class='text-2xl font-bold mt-6 mb-3'>Am\u00e9rica de Cali tendr\u00e1 un amistoso internacional<\/h2><p class='mb-4 leading-relaxed'>La expectativa crece en el f\u00fatbol colombiano tras la confirmaci\u00f3n del partido amistoso del <strong>Am\u00e9rica de Cali<\/strong> ante el <strong>Houston Dynamo<\/strong>, que tendr\u00e1 lugar el pr\u00f3ximo <strong>15 de julio<\/strong> en Houston, Texas. Este encuentro representa una oportunidad trascendental para que el equipo escarlata siga afianzando su competitividad y visibilidad internacional.<\/p><p class='mb-4 leading-relaxed'>Adem\u00e1s de aprovechar su gira en suelo estadounidense para medir fuerzas con uno de los clubes emergentes de la <strong>MLS<\/strong>, el partido permitir\u00e1 al cuerpo t\u00e9cnico evaluar t\u00e1cticas y rendimiento en condiciones diferentes a las habituales. El Dynamo, un club que ha mostrado evoluci\u00f3n y solidez en los \u00faltimos a\u00f1os, se convierte en un rival de buenas cualidades t\u00e9cnicas y t\u00e1cticas.<\/p><blockquote class='border-l-4 border-gray-300 pl-4 italic my-4'>Realizar este tipo de encuentros durante la pretemporada es clave para que <strong>Am\u00e9rica analice sus procesos y la adaptaci\u00f3n de nuevos jugadores<\/strong> en un ambiente competitivo pero menos presionado.<\/blockquote><ul class='list-disc pl-5 mb-4 space-y-1'><li>El partido se jugar\u00e1 el <strong>15 de julio<\/strong> en Houston, Texas.<\/li><li>Ser\u00e1 una oportunidad para medir fuerzas con un club de la <strong>MLS<\/strong>.<\/li><li>La gira permitir\u00e1 <strong>evaluar t\u00e1cticas y rendimiento<\/strong> en condiciones diferentes.<\/li><li>Tambi\u00e9n abre puertas comerciales y de patrocinio en el mercado internacional.<\/li><\/ul>","status":"published","author":null,"image_url":"https:\/\/colombiahoy.s3.us-east-2.amazonaws.com\/articles\/3624\/image-309dbf950400240d5e4d686d538db1f3c0170e13c9254807b1efac82501aef0c.webp","canonical_url":"https:\/\/www.winsports.co\/futbol-internacional\/noticias\/america-de-cali-confirma-un-partido-amistoso-internacional-425776","published_at":"2026-04-26 14:24","created_at":"2026-04-26 19:23","last_error":null,"topics":[{"id":1,"name":"Deportes","slug":"deportes"},{"id":2,"name":"Cali","slug":"cali"}],"source":"N\/A"}],"links":{"first":"https:\/\/cali.colombiahoy.com.co?page=1","last":"https:\/\/cali.colombiahoy.com.co?page=186","prev":null,"next":"https:\/\/cali.colombiahoy.com.co?page=2"},"meta":{"current_page":1,"from":1,"last_page":186,"links":[{"url":null,"label":"&laquo; Previous","page":null,"active":false},{"url":"https:\/\/cali.colombiahoy.com.co?page=1","label":"1","page":1,"active":true},{"url":"https:\/\/cali.colombiahoy.com.co?page=2","label":"2","page":2,"active":false},{"url":"https:\/\/cali.colombiahoy.com.co?page=3","label":"3","page":3,"active":false},{"url":"https:\/\/cali.colombiahoy.com.co?page=4","label":"4","page":4,"active":false},{"url":"https:\/\/cali.colombiahoy.com.co?page=5","label":"5","page":5,"active":false},{"url":"https:\/\/cali.colombiahoy.com.co?page=6","label":"6","page":6,"active":false},{"url":"https:\/\/cali.colombiahoy.com.co?page=7","label":"7","page":7,"active":false},{"url":"https:\/\/cali.colombiahoy.com.co?page=8","label":"8","page":8,"active":false},{"url":"https:\/\/cali.colombiahoy.com.co?page=9","label":"9","page":9,"active":false},{"url":"https:\/\/cali.colombiahoy.com.co?page=10","label":"10","page":10,"active":false},{"url":null,"label":"...","active":false},{"url":"https:\/\/cali.colombiahoy.com.co?page=185","label":"185","page":185,"active":false},{"url":"https:\/\/cali.colombiahoy.com.co?page=186","label":"186","page":186,"active":false},{"url":"https:\/\/cali.colombiahoy.com.co?page=2","label":"Next &raquo;","page":2,"active":false}],"path":"https:\/\/cali.colombiahoy.com.co","per_page":15,"to":15,"total":2783}}}